{"id":10870,"date":"2021-07-16T14:00:48","date_gmt":"2021-07-16T12:00:48","guid":{"rendered":"https:\/\/www.naturparkmagazin.de\/stechlin\/?p=10870"},"modified":"2021-07-23T15:02:59","modified_gmt":"2021-07-23T13:02:59","slug":"6-kunstsalon-in-dannenwalde","status":"publish","type":"post","link":"https:\/\/www.naturparkmagazin.de\/stechlin\/6-kunstsalon-in-dannenwalde\/","title":{"rendered":"6. Kunstsalon in Dannenwalde &#8211; Halt auf freier Strecke"},"content":{"rendered":"<p>Das Kulturnetz Nord Brandenburg macht mit seinem Kunstsalon Stopp in Dannenwalde.<\/p>\n<div id=\"attachment_10877\" style=\"width: 310px\" class=\"wp-caption aligncenter\"><a href=\"https:\/\/www.naturparkmagazin.de\/stechlin\/wp-content\/uploads\/sites\/38\/kuno.jpg\"><img aria-describedby=\"caption-attachment-10877\" decoding=\"async\" loading=\"lazy\" class=\"size-thumbnail wp-image-10877\" src=\"https:\/\/www.naturparkmagazin.de\/stechlin\/wp-content\/uploads\/sites\/38\/kuno-300x180.jpg\" alt=\"\u00a9 KuNO Kulturnetz Nord Brandenburg e.V.\" width=\"300\" height=\"180\" srcset=\"https:\/\/www.naturparkmagazin.de\/stechlin\/wp-content\/uploads\/sites\/38\/kuno-300x180.jpg 300w, https:\/\/www.naturparkmagazin.de\/stechlin\/wp-content\/uploads\/sites\/38\/kuno.jpg 500w, https:\/\/www.naturparkmagazin.de\/stechlin\/wp-content\/uploads\/sites\/38\/kuno-200x120.jpg 200w\" sizes=\"(max-width: 300px) 100vw, 300px\" \/><\/a><p id=\"caption-attachment-10877\" class=\"wp-caption-text\">\u00a9 KuNO Kulturnetz Nord Brandenburg e.V.<\/p><\/div>\n<p>Dannenwalde \u00f6ffnet einen Raum im Wald.\nSchnelle Z\u00fcge d\u00fcrfen wieder halten in dem kleinen Ort. Die Bundesstra\u00dfe mit der Nummer 96 hat hier eine Ausbuchtung, auf der die eiligen Fahrzeuge ausrollen und parken k\u00f6nnen.<\/p>\n<div id=\"attachment_10879\" style=\"width: 310px\" class=\"wp-caption aligncenter\"><a href=\"https:\/\/www.naturparkmagazin.de\/stechlin\/wp-content\/uploads\/sites\/38\/bahnhof-dannenwalde.jpg\"><img aria-describedby=\"caption-attachment-10879\" decoding=\"async\" loading=\"lazy\" class=\"size-thumbnail wp-image-10879\" src=\"https:\/\/www.naturparkmagazin.de\/stechlin\/wp-content\/uploads\/sites\/38\/bahnhof-dannenwalde-300x180.jpg\" alt=\"im Bahnhof \u00a9 KuNO Kulturnetz Nord Brandenburg e.V.\" width=\"300\" height=\"180\" srcset=\"https:\/\/www.naturparkmagazin.de\/stechlin\/wp-content\/uploads\/sites\/38\/bahnhof-dannenwalde-300x180.jpg 300w, https:\/\/www.naturparkmagazin.de\/stechlin\/wp-content\/uploads\/sites\/38\/bahnhof-dannenwalde.jpg 500w, https:\/\/www.naturparkmagazin.de\/stechlin\/wp-content\/uploads\/sites\/38\/bahnhof-dannenwalde-200x120.jpg 200w\" sizes=\"(max-width: 300px) 100vw, 300px\" \/><\/a><p id=\"caption-attachment-10879\" class=\"wp-caption-text\">im Bahnhof \u00a9 KuNO Kulturnetz Nord Brandenburg e.V.<\/p><\/div>\n<p>Stra\u00dfe und denkmalgesch\u00fctzter Bahnhof sind verbunden mit einem Pfad, der barfu\u00df Schritt f\u00fcr Schritt zu erkunden ist. Mehrere Wanderwege und Radpisten kreuzen sich. Unter der Br\u00fccke gehen zwei Seen ineinander \u00fcber.<\/p>\n<div id=\"attachment_10878\" style=\"width: 310px\" class=\"wp-caption aligncenter\"><a href=\"https:\/\/www.naturparkmagazin.de\/stechlin\/wp-content\/uploads\/sites\/38\/schloss.jpg\"><img aria-describedby=\"caption-attachment-10878\" decoding=\"async\" loading=\"lazy\" class=\"size-thumbnail wp-image-10878\" src=\"https:\/\/www.naturparkmagazin.de\/stechlin\/wp-content\/uploads\/sites\/38\/schloss-300x180.jpg\" alt=\"am Schloss \u00a9 KuNO Kulturnetz Nord Brandenburg e.V.\" width=\"300\" height=\"180\" srcset=\"https:\/\/www.naturparkmagazin.de\/stechlin\/wp-content\/uploads\/sites\/38\/schloss-300x180.jpg 300w, https:\/\/www.naturparkmagazin.de\/stechlin\/wp-content\/uploads\/sites\/38\/schloss.jpg 500w, https:\/\/www.naturparkmagazin.de\/stechlin\/wp-content\/uploads\/sites\/38\/schloss-200x120.jpg 200w\" sizes=\"(max-width: 300px) 100vw, 300px\" \/><\/a><p id=\"caption-attachment-10878\" class=\"wp-caption-text\">am Schloss \u00a9 KuNO Kulturnetz Nord Brandenburg e.V.<\/p><\/div>\n<p>Ein Blickmagnet aus langsamer und schneller Fortbewegung ist das Schloss, das sein Inneres noch verschlossen h\u00e4lt, aber gern schon sein Gesicht zeigt.<\/p>\n<div id=\"attachment_10876\" style=\"width: 310px\" class=\"wp-caption aligncenter\"><a href=\"https:\/\/www.naturparkmagazin.de\/stechlin\/wp-content\/uploads\/sites\/38\/kirche.jpg\"><img aria-describedby=\"caption-attachment-10876\" decoding=\"async\" loading=\"lazy\" class=\"size-thumbnail wp-image-10876\" src=\"https:\/\/www.naturparkmagazin.de\/stechlin\/wp-content\/uploads\/sites\/38\/kirche-300x180.jpg\" alt=\"in der Kirche \u00a9 KuNO Kulturnetz Nord Brandenburg e.V.\" width=\"300\" height=\"180\" srcset=\"https:\/\/www.naturparkmagazin.de\/stechlin\/wp-content\/uploads\/sites\/38\/kirche-300x180.jpg 300w, https:\/\/www.naturparkmagazin.de\/stechlin\/wp-content\/uploads\/sites\/38\/kirche.jpg 500w, https:\/\/www.naturparkmagazin.de\/stechlin\/wp-content\/uploads\/sites\/38\/kirche-200x120.jpg 200w\" sizes=\"(max-width: 300px) 100vw, 300px\" \/><\/a><p id=\"caption-attachment-10876\" class=\"wp-caption-text\">in der Kirche \u00a9 KuNO Kulturnetz Nord Brandenburg e.V.<\/p><\/div>\n<p>Ein weit sichtbarer Anziehungspunkt ist die besondere Gestalt der Kirche am Weg, deren T\u00fcr (fast) immer weit offen steht.<\/p>\n<p>Zarte Pflanzen und hartes Gestein. Hohes Tempo und bedachtes Innehalten. Vorsichtige Potenz und tiefe Kontemplation. Zielstrebige Aktion und bewusste Zur\u00fcckhaltung.<\/p>\n<p>Alle Komponenten des Ortes sind Ankn\u00fcpfungspunkte f\u00fcr ein Netz von Kunstwerken, das wir im Sommer 2021 in Dannenwalde aufspannen.\nEine Verdichtung gewinnt es in der Stille des Kirchenraums, im vielversprechenden Vorgarten des Schlosses sowie in der historischen G\u00fcterhalle und auf den Rampen des Bahnhofs.\nDer 6. Kunstsalon wird also bewegend sein und wie immer auch verkn\u00fcpft mit musikalischer und literarischer Darbietung.<\/p>\n<p><a href=\"https:\/\/kulturnetz-kuno.de\/6-kunstsalon-2021\/\" target=\"_blank\">Hier geht\u00b4s zum Flyer des 6. Kunstsalons.<\/a><\/p>\n","protected":false},"excerpt":{"rendered":"<p>Das Kulturnetz Nord Brandenburg macht mit seinem Kunstsalon Stopp in Dannenwalde.\nDer 6. Kunstsalon wird bewegend sein und wie immer auch verkn\u00fcpft mit musikalischer und literarischer Darbietung.<\/p>\n","protected":false},"author":39,"featured_media":10875,"comment_status":"open","ping_status":"open","sticky":false,"template":"","format":"standard","meta":[],"categories":[11],"tags":[],"yoast_head":"<!-- This site is optimized with the Yoast SEO plugin v19.10 - https:\/\/yoast.com\/wordpress\/plugins\/seo\/ -->\n<title>6. Kunstsalon in Dannenwalde - Halt auf freier Strecke - Naturpark Stechlin-Ruppiner Land<\/title>\n<meta name=\"robots\" content=\"index, follow, max-snippet:-1, max-image-preview:large, max-video-preview:-1\" \/>\n<link rel=\"canonical\" href=\"https:\/\/www.naturparkmagazin.de\/stechlin\/6-kunstsalon-in-dannenwalde\/\" \/>\n<meta property=\"og:locale\" content=\"de_DE\" \/>\n<meta property=\"og:type\" content=\"article\" \/>\n<meta property=\"og:title\" content=\"6. Kunstsalon in Dannenwalde - Halt auf freier Strecke - Naturpark Stechlin-Ruppiner Land\" \/>\n<meta property=\"og:description\" content=\"Das Kulturnetz Nord Brandenburg macht mit seinem Kunstsalon Stopp in Dannenwalde. Der 6. Kunstsalon wird bewegend sein und wie immer auch verkn\u00fcpft mit musikalischer und literarischer Darbietung.\" \/>\n<meta property=\"og:url\" content=\"https:\/\/www.naturparkmagazin.de\/stechlin\/6-kunstsalon-in-dannenwalde\/\" \/>\n<meta property=\"og:site_name\" content=\"Naturpark Stechlin-Ruppiner Land\" \/>\n<meta property=\"article:published_time\" content=\"2021-07-16T12:00:48+00:00\" \/>\n<meta property=\"article:modified_time\" content=\"2021-07-23T13:02:59+00:00\" \/>\n<meta property=\"og:image\" content=\"https:\/\/www.naturparkmagazin.de\/stechlin\/wp-content\/uploads\/sites\/38\/auf.jpg\" \/>\n\t<meta property=\"og:image:width\" content=\"200\" \/>\n\t<meta property=\"og:image:height\" content=\"200\" \/>\n\t<meta property=\"og:image:type\" content=\"image\/jpeg\" \/>\n<meta name=\"author\" content=\"marioschrumpf\" \/>\n<meta name=\"twitter:label1\" content=\"Verfasst von\" \/>\n\t<meta name=\"twitter:data1\" content=\"marioschrumpf\" \/>\n\t<meta name=\"twitter:label2\" content=\"Gesch\u00e4tzte Lesezeit\" \/>\n\t<meta name=\"twitter:data2\" content=\"1\u00a0Minute\" \/>\n<script type=\"application\/ld+json\" class=\"yoast-schema-graph\">{\"@context\":\"https:\/\/schema.org\",\"@graph\":[{\"@type\":\"WebPage\",\"@id\":\"https:\/\/www.naturparkmagazin.de\/stechlin\/6-kunstsalon-in-dannenwalde\/\",\"url\":\"https:\/\/www.naturparkmagazin.de\/stechlin\/6-kunstsalon-in-dannenwalde\/\",\"name\":\"6. Kunstsalon in Dannenwalde - Halt auf freier Strecke - Naturpark Stechlin-Ruppiner Land\",\"isPartOf\":{\"@id\":\"https:\/\/www.naturparkmagazin.de\/stechlin\/#website\"},\"datePublished\":\"2021-07-16T12:00:48+00:00\",\"dateModified\":\"2021-07-23T13:02:59+00:00\",\"author\":{\"@id\":\"https:\/\/www.naturparkmagazin.de\/stechlin\/#\/schema\/person\/3f0d93203df21c806dd63c76d9bb28bc\"},\"breadcrumb\":{\"@id\":\"https:\/\/www.naturparkmagazin.de\/stechlin\/6-kunstsalon-in-dannenwalde\/#breadcrumb\"},\"inLanguage\":\"de\",\"potentialAction\":[{\"@type\":\"ReadAction\",\"target\":[\"https:\/\/www.naturparkmagazin.de\/stechlin\/6-kunstsalon-in-dannenwalde\/\"]}]},{\"@type\":\"BreadcrumbList\",\"@id\":\"https:\/\/www.naturparkmagazin.de\/stechlin\/6-kunstsalon-in-dannenwalde\/#breadcrumb\",\"itemListElement\":[{\"@type\":\"ListItem\",\"position\":1,\"name\":\"Home\",\"item\":\"https:\/\/www.naturparkmagazin.de\/stechlin\/\"},{\"@type\":\"ListItem\",\"position\":2,\"name\":\"6. Kunstsalon in Dannenwalde &#8211; Halt auf freier Strecke\"}]},{\"@type\":\"WebSite\",\"@id\":\"https:\/\/www.naturparkmagazin.de\/stechlin\/#website\",\"url\":\"https:\/\/www.naturparkmagazin.de\/stechlin\/\",\"name\":\"Naturpark Stechlin-Ruppiner Land\",\"description\":\"\",\"potentialAction\":[{\"@type\":\"SearchAction\",\"target\":{\"@type\":\"EntryPoint\",\"urlTemplate\":\"https:\/\/www.naturparkmagazin.de\/stechlin\/?s={search_term_string}\"},\"query-input\":\"required name=search_term_string\"}],\"inLanguage\":\"de\"},{\"@type\":\"Person\",\"@id\":\"https:\/\/www.naturparkmagazin.de\/stechlin\/#\/schema\/person\/3f0d93203df21c806dd63c76d9bb28bc\",\"name\":\"marioschrumpf\",\"url\":\"https:\/\/www.naturparkmagazin.de\/stechlin\/author\/marioschrumpf\/\"}]}<\/script>\n<!-- \/ Yoast SEO plugin. -->","yoast_head_json":{"title":"6. Kunstsalon in Dannenwalde - Halt auf freier Strecke - Naturpark Stechlin-Ruppiner Land","robots":{"index":"index","follow":"follow","max-snippet":"max-snippet:-1","max-image-preview":"max-image-preview:large","max-video-preview":"max-video-preview:-1"},"canonical":"https:\/\/www.naturparkmagazin.de\/stechlin\/6-kunstsalon-in-dannenwalde\/","og_locale":"de_DE","og_type":"article","og_title":"6. Kunstsalon in Dannenwalde - Halt auf freier Strecke - Naturpark Stechlin-Ruppiner Land","og_description":"Das Kulturnetz Nord Brandenburg macht mit seinem Kunstsalon Stopp in Dannenwalde. Der 6. Kunstsalon wird bewegend sein und wie immer auch verkn\u00fcpft mit musikalischer und literarischer Darbietung.","og_url":"https:\/\/www.naturparkmagazin.de\/stechlin\/6-kunstsalon-in-dannenwalde\/","og_site_name":"Naturpark Stechlin-Ruppiner Land","article_published_time":"2021-07-16T12:00:48+00:00","article_modified_time":"2021-07-23T13:02:59+00:00","og_image":[{"width":200,"height":200,"url":"https:\/\/www.naturparkmagazin.de\/stechlin\/wp-content\/uploads\/sites\/38\/auf.jpg","type":"image\/jpeg"}],"author":"marioschrumpf","twitter_misc":{"Verfasst von":"marioschrumpf","Gesch\u00e4tzte Lesezeit":"1\u00a0Minute"},"schema":{"@context":"https:\/\/schema.org","@graph":[{"@type":"WebPage","@id":"https:\/\/www.naturparkmagazin.de\/stechlin\/6-kunstsalon-in-dannenwalde\/","url":"https:\/\/www.naturparkmagazin.de\/stechlin\/6-kunstsalon-in-dannenwalde\/","name":"6. Kunstsalon in Dannenwalde - Halt auf freier Strecke - Naturpark Stechlin-Ruppiner Land","isPartOf":{"@id":"https:\/\/www.naturparkmagazin.de\/stechlin\/#website"},"datePublished":"2021-07-16T12:00:48+00:00","dateModified":"2021-07-23T13:02:59+00:00","author":{"@id":"https:\/\/www.naturparkmagazin.de\/stechlin\/#\/schema\/person\/3f0d93203df21c806dd63c76d9bb28bc"},"breadcrumb":{"@id":"https:\/\/www.naturparkmagazin.de\/stechlin\/6-kunstsalon-in-dannenwalde\/#breadcrumb"},"inLanguage":"de","potentialAction":[{"@type":"ReadAction","target":["https:\/\/www.naturparkmagazin.de\/stechlin\/6-kunstsalon-in-dannenwalde\/"]}]},{"@type":"BreadcrumbList","@id":"https:\/\/www.naturparkmagazin.de\/stechlin\/6-kunstsalon-in-dannenwalde\/#breadcrumb","itemListElement":[{"@type":"ListItem","position":1,"name":"Home","item":"https:\/\/www.naturparkmagazin.de\/stechlin\/"},{"@type":"ListItem","position":2,"name":"6. Kunstsalon in Dannenwalde &#8211; Halt auf freier Strecke"}]},{"@type":"WebSite","@id":"https:\/\/www.naturparkmagazin.de\/stechlin\/#website","url":"https:\/\/www.naturparkmagazin.de\/stechlin\/","name":"Naturpark Stechlin-Ruppiner Land","description":"","potentialAction":[{"@type":"SearchAction","target":{"@type":"EntryPoint","urlTemplate":"https:\/\/www.naturparkmagazin.de\/stechlin\/?s={search_term_string}"},"query-input":"required name=search_term_string"}],"inLanguage":"de"},{"@type":"Person","@id":"https:\/\/www.naturparkmagazin.de\/stechlin\/#\/schema\/person\/3f0d93203df21c806dd63c76d9bb28bc","name":"marioschrumpf","url":"https:\/\/www.naturparkmagazin.de\/stechlin\/author\/marioschrumpf\/"}]}},"_links":{"self":[{"href":"https:\/\/www.naturparkmagazin.de\/stechlin\/wp-json\/wp\/v2\/posts\/10870"}],"collection":[{"href":"https:\/\/www.naturparkmagazin.de\/stechlin\/wp-json\/wp\/v2\/posts"}],"about":[{"href":"https:\/\/www.naturparkmagazin.de\/stechlin\/wp-json\/wp\/v2\/types\/post"}],"author":[{"embeddable":true,"href":"https:\/\/www.naturparkmagazin.de\/stechlin\/wp-json\/wp\/v2\/users\/39"}],"replies":[{"embeddable":true,"href":"https:\/\/www.naturparkmagazin.de\/stechlin\/wp-json\/wp\/v2\/comments?post=10870"}],"version-history":[{"count":5,"href":"https:\/\/www.naturparkmagazin.de\/stechlin\/wp-json\/wp\/v2\/posts\/10870\/revisions"}],"predecessor-version":[{"id":10880,"href":"https:\/\/www.naturparkmagazin.de\/stechlin\/wp-json\/wp\/v2\/posts\/10870\/revisions\/10880"}],"wp:featuredmedia":[{"embeddable":true,"href":"https:\/\/www.naturparkmagazin.de\/stechlin\/wp-json\/wp\/v2\/media\/10875"}],"wp:attachment":[{"href":"https:\/\/www.naturparkmagazin.de\/stechlin\/wp-json\/wp\/v2\/media?parent=10870"}],"wp:term":[{"taxonomy":"category","embeddable":true,"href":"https:\/\/www.naturparkmagazin.de\/stechlin\/wp-json\/wp\/v2\/categories?post=10870"},{"taxonomy":"post_tag","embeddable":true,"href":"https:\/\/www.naturparkmagazin.de\/stechlin\/wp-json\/wp\/v2\/tags?post=10870"}],"curies":[{"name":"wp","href":"https:\/\/api.w.org\/{rel}","templated":true}]}}