{"id":109,"date":"2013-08-27T13:41:20","date_gmt":"2013-08-27T11:41:20","guid":{"rendered":"http:\/\/www.naturparkmagazin.de\/stechlin\/?p=109"},"modified":"2013-09-02T16:21:32","modified_gmt":"2013-09-02T14:21:32","slug":"naturpark-erfolgreich-evaluiert","status":"publish","type":"post","link":"https:\/\/www.naturparkmagazin.de\/stechlin\/naturpark-erfolgreich-evaluiert\/","title":{"rendered":"Naturpark erfolgreich evaluiert"},"content":{"rendered":"<p>Harald Sauer hat am 6.\/7. August den Naturpark &#8222;auf Herz und Nieren&#8220; gepr\u00fcft. Im Auftrag des Verbandes Deutscher Naturparke evaluierte der Naturpark-Scout Brandenburg&#8217;s j\u00fcngstes Gro\u00dfschutzgebiet. 2008 hatte sich der Naturpark Stechlin-Ruppiner Land erstmalig der Zertifizierung als Qualit\u00e4tsnaturpark gestellt. Nach 5 Jahren musste die Menzer Verwaltung diesen Titel verteidigen. Harald Sauer, selbst Leiter des Naturparks Rheinland, war mit den eingereichten Unterlagen und der Pr\u00fcfung vor Ort mehr als zufrieden. Besonders hat ihm die gute Vernetzung in der Region und das Engagement der Akteure gefallen. Im Rahmen des Deutschen Naturparktages Ende September im Naturpark Rothaargebirge wird Naturparkleiter Dr. Mario Schrumpf die Auszeichnung in Empfang nehmen d\u00fcrfen.<\/p>\n","protected":false},"excerpt":{"rendered":"<p>Harald Sauer hat am 6.\/7. August den Naturpark &#8222;auf Herz und Nieren&#8220; gepr\u00fcft. Im Auftrag des Verbandes Deutscher Naturparke evaluierte der Naturpark-Scout Brandenburg&#8217;s j\u00fcngstes Gro\u00dfschutzgebiet. 2008 hatte sich der Naturpark Stechlin-Ruppiner Land erstmalig der Zertifizierung als Qualit\u00e4tsnaturpark gestellt. Nach 5 Jahren musste die Menzer Verwaltung diesen Titel verteidigen. Harald Sauer, selbst Leiter des Naturparks Rheinland,<\/p>\n","protected":false},"author":39,"featured_media":111,"comment_status":"open","ping_status":"open","sticky":false,"template":"","format":"standard","meta":[],"categories":[7],"tags":[],"yoast_head":"<!-- This site is optimized with the Yoast SEO plugin v19.10 - https:\/\/yoast.com\/wordpress\/plugins\/seo\/ -->\n<title>Naturpark erfolgreich evaluiert - Naturpark Stechlin-Ruppiner Land<\/title>\n<meta name=\"robots\" content=\"index, follow, max-snippet:-1, max-image-preview:large, max-video-preview:-1\" \/>\n<link rel=\"canonical\" href=\"https:\/\/www.naturparkmagazin.de\/stechlin\/naturpark-erfolgreich-evaluiert\/\" \/>\n<meta property=\"og:locale\" content=\"de_DE\" \/>\n<meta property=\"og:type\" content=\"article\" \/>\n<meta property=\"og:title\" content=\"Naturpark erfolgreich evaluiert - Naturpark Stechlin-Ruppiner Land\" \/>\n<meta property=\"og:description\" content=\"Harald Sauer hat am 6.\/7. August den Naturpark &#8222;auf Herz und Nieren&#8220; gepr\u00fcft. Im Auftrag des Verbandes Deutscher Naturparke evaluierte der Naturpark-Scout Brandenburg&#8217;s j\u00fcngstes Gro\u00dfschutzgebiet. 2008 hatte sich der Naturpark Stechlin-Ruppiner Land erstmalig der Zertifizierung als Qualit\u00e4tsnaturpark gestellt. Nach 5 Jahren musste die Menzer Verwaltung diesen Titel verteidigen. Harald Sauer, selbst Leiter des Naturparks Rheinland,\" \/>\n<meta property=\"og:url\" content=\"https:\/\/www.naturparkmagazin.de\/stechlin\/naturpark-erfolgreich-evaluiert\/\" \/>\n<meta property=\"og:site_name\" content=\"Naturpark Stechlin-Ruppiner Land\" \/>\n<meta property=\"article:published_time\" content=\"2013-08-27T11:41:20+00:00\" \/>\n<meta property=\"article:modified_time\" content=\"2013-09-02T14:21:32+00:00\" \/>\n<meta property=\"og:image\" content=\"https:\/\/www.naturparkmagazin.de\/stechlin\/wp-content\/uploads\/sites\/38\/k-DSC_00021.jpg\" \/>\n\t<meta property=\"og:image:width\" content=\"1936\" \/>\n\t<meta property=\"og:image:height\" content=\"1296\" \/>\n\t<meta property=\"og:image:type\" content=\"image\/jpeg\" \/>\n<meta name=\"author\" content=\"marioschrumpf\" \/>\n<meta name=\"twitter:label1\" content=\"Verfasst von\" \/>\n\t<meta name=\"twitter:data1\" content=\"marioschrumpf\" \/>\n\t<meta name=\"twitter:label2\" content=\"Gesch\u00e4tzte Lesezeit\" \/>\n\t<meta name=\"twitter:data2\" content=\"1\u00a0Minute\" \/>\n<script type=\"application\/ld+json\" class=\"yoast-schema-graph\">{\"@context\":\"https:\/\/schema.org\",\"@graph\":[{\"@type\":\"WebPage\",\"@id\":\"https:\/\/www.naturparkmagazin.de\/stechlin\/naturpark-erfolgreich-evaluiert\/\",\"url\":\"https:\/\/www.naturparkmagazin.de\/stechlin\/naturpark-erfolgreich-evaluiert\/\",\"name\":\"Naturpark erfolgreich evaluiert - Naturpark Stechlin-Ruppiner Land\",\"isPartOf\":{\"@id\":\"https:\/\/www.naturparkmagazin.de\/stechlin\/#website\"},\"datePublished\":\"2013-08-27T11:41:20+00:00\",\"dateModified\":\"2013-09-02T14:21:32+00:00\",\"author\":{\"@id\":\"https:\/\/www.naturparkmagazin.de\/stechlin\/#\/schema\/person\/3f0d93203df21c806dd63c76d9bb28bc\"},\"breadcrumb\":{\"@id\":\"https:\/\/www.naturparkmagazin.de\/stechlin\/naturpark-erfolgreich-evaluiert\/#breadcrumb\"},\"inLanguage\":\"de\",\"potentialAction\":[{\"@type\":\"ReadAction\",\"target\":[\"https:\/\/www.naturparkmagazin.de\/stechlin\/naturpark-erfolgreich-evaluiert\/\"]}]},{\"@type\":\"BreadcrumbList\",\"@id\":\"https:\/\/www.naturparkmagazin.de\/stechlin\/naturpark-erfolgreich-evaluiert\/#breadcrumb\",\"itemListElement\":[{\"@type\":\"ListItem\",\"position\":1,\"name\":\"Home\",\"item\":\"https:\/\/www.naturparkmagazin.de\/stechlin\/\"},{\"@type\":\"ListItem\",\"position\":2,\"name\":\"Naturpark erfolgreich evaluiert\"}]},{\"@type\":\"WebSite\",\"@id\":\"https:\/\/www.naturparkmagazin.de\/stechlin\/#website\",\"url\":\"https:\/\/www.naturparkmagazin.de\/stechlin\/\",\"name\":\"Naturpark Stechlin-Ruppiner Land\",\"description\":\"\",\"potentialAction\":[{\"@type\":\"SearchAction\",\"target\":{\"@type\":\"EntryPoint\",\"urlTemplate\":\"https:\/\/www.naturparkmagazin.de\/stechlin\/?s={search_term_string}\"},\"query-input\":\"required name=search_term_string\"}],\"inLanguage\":\"de\"},{\"@type\":\"Person\",\"@id\":\"https:\/\/www.naturparkmagazin.de\/stechlin\/#\/schema\/person\/3f0d93203df21c806dd63c76d9bb28bc\",\"name\":\"marioschrumpf\",\"url\":\"https:\/\/www.naturparkmagazin.de\/stechlin\/author\/marioschrumpf\/\"}]}<\/script>\n<!-- \/ Yoast SEO plugin. -->","yoast_head_json":{"title":"Naturpark erfolgreich evaluiert - Naturpark Stechlin-Ruppiner Land","robots":{"index":"index","follow":"follow","max-snippet":"max-snippet:-1","max-image-preview":"max-image-preview:large","max-video-preview":"max-video-preview:-1"},"canonical":"https:\/\/www.naturparkmagazin.de\/stechlin\/naturpark-erfolgreich-evaluiert\/","og_locale":"de_DE","og_type":"article","og_title":"Naturpark erfolgreich evaluiert - Naturpark Stechlin-Ruppiner Land","og_description":"Harald Sauer hat am 6.\/7. August den Naturpark &#8222;auf Herz und Nieren&#8220; gepr\u00fcft. Im Auftrag des Verbandes Deutscher Naturparke evaluierte der Naturpark-Scout Brandenburg&#8217;s j\u00fcngstes Gro\u00dfschutzgebiet. 2008 hatte sich der Naturpark Stechlin-Ruppiner Land erstmalig der Zertifizierung als Qualit\u00e4tsnaturpark gestellt. Nach 5 Jahren musste die Menzer Verwaltung diesen Titel verteidigen. Harald Sauer, selbst Leiter des Naturparks Rheinland,","og_url":"https:\/\/www.naturparkmagazin.de\/stechlin\/naturpark-erfolgreich-evaluiert\/","og_site_name":"Naturpark Stechlin-Ruppiner Land","article_published_time":"2013-08-27T11:41:20+00:00","article_modified_time":"2013-09-02T14:21:32+00:00","og_image":[{"width":1936,"height":1296,"url":"https:\/\/www.naturparkmagazin.de\/stechlin\/wp-content\/uploads\/sites\/38\/k-DSC_00021.jpg","type":"image\/jpeg"}],"author":"marioschrumpf","twitter_misc":{"Verfasst von":"marioschrumpf","Gesch\u00e4tzte Lesezeit":"1\u00a0Minute"},"schema":{"@context":"https:\/\/schema.org","@graph":[{"@type":"WebPage","@id":"https:\/\/www.naturparkmagazin.de\/stechlin\/naturpark-erfolgreich-evaluiert\/","url":"https:\/\/www.naturparkmagazin.de\/stechlin\/naturpark-erfolgreich-evaluiert\/","name":"Naturpark erfolgreich evaluiert - Naturpark Stechlin-Ruppiner Land","isPartOf":{"@id":"https:\/\/www.naturparkmagazin.de\/stechlin\/#website"},"datePublished":"2013-08-27T11:41:20+00:00","dateModified":"2013-09-02T14:21:32+00:00","author":{"@id":"https:\/\/www.naturparkmagazin.de\/stechlin\/#\/schema\/person\/3f0d93203df21c806dd63c76d9bb28bc"},"breadcrumb":{"@id":"https:\/\/www.naturparkmagazin.de\/stechlin\/naturpark-erfolgreich-evaluiert\/#breadcrumb"},"inLanguage":"de","potentialAction":[{"@type":"ReadAction","target":["https:\/\/www.naturparkmagazin.de\/stechlin\/naturpark-erfolgreich-evaluiert\/"]}]},{"@type":"BreadcrumbList","@id":"https:\/\/www.naturparkmagazin.de\/stechlin\/naturpark-erfolgreich-evaluiert\/#breadcrumb","itemListElement":[{"@type":"ListItem","position":1,"name":"Home","item":"https:\/\/www.naturparkmagazin.de\/stechlin\/"},{"@type":"ListItem","position":2,"name":"Naturpark erfolgreich evaluiert"}]},{"@type":"WebSite","@id":"https:\/\/www.naturparkmagazin.de\/stechlin\/#website","url":"https:\/\/www.naturparkmagazin.de\/stechlin\/","name":"Naturpark Stechlin-Ruppiner Land","description":"","potentialAction":[{"@type":"SearchAction","target":{"@type":"EntryPoint","urlTemplate":"https:\/\/www.naturparkmagazin.de\/stechlin\/?s={search_term_string}"},"query-input":"required name=search_term_string"}],"inLanguage":"de"},{"@type":"Person","@id":"https:\/\/www.naturparkmagazin.de\/stechlin\/#\/schema\/person\/3f0d93203df21c806dd63c76d9bb28bc","name":"marioschrumpf","url":"https:\/\/www.naturparkmagazin.de\/stechlin\/author\/marioschrumpf\/"}]}},"_links":{"self":[{"href":"https:\/\/www.naturparkmagazin.de\/stechlin\/wp-json\/wp\/v2\/posts\/109"}],"collection":[{"href":"https:\/\/www.naturparkmagazin.de\/stechlin\/wp-json\/wp\/v2\/posts"}],"about":[{"href":"https:\/\/www.naturparkmagazin.de\/stechlin\/wp-json\/wp\/v2\/types\/post"}],"author":[{"embeddable":true,"href":"https:\/\/www.naturparkmagazin.de\/stechlin\/wp-json\/wp\/v2\/users\/39"}],"replies":[{"embeddable":true,"href":"https:\/\/www.naturparkmagazin.de\/stechlin\/wp-json\/wp\/v2\/comments?post=109"}],"version-history":[{"count":3,"href":"https:\/\/www.naturparkmagazin.de\/stechlin\/wp-json\/wp\/v2\/posts\/109\/revisions"}],"predecessor-version":[{"id":173,"href":"https:\/\/www.naturparkmagazin.de\/stechlin\/wp-json\/wp\/v2\/posts\/109\/revisions\/173"}],"wp:featuredmedia":[{"embeddable":true,"href":"https:\/\/www.naturparkmagazin.de\/stechlin\/wp-json\/wp\/v2\/media\/111"}],"wp:attachment":[{"href":"https:\/\/www.naturparkmagazin.de\/stechlin\/wp-json\/wp\/v2\/media?parent=109"}],"wp:term":[{"taxonomy":"category","embeddable":true,"href":"https:\/\/www.naturparkmagazin.de\/stechlin\/wp-json\/wp\/v2\/categories?post=109"},{"taxonomy":"post_tag","embeddable":true,"href":"https:\/\/www.naturparkmagazin.de\/stechlin\/wp-json\/wp\/v2\/tags?post=109"}],"curies":[{"name":"wp","href":"https:\/\/api.w.org\/{rel}","templated":true}]}}