{"id":10905,"date":"2021-08-13T14:33:14","date_gmt":"2021-08-13T12:33:14","guid":{"rendered":"https:\/\/www.naturparkmagazin.de\/stechlin\/?p=10905"},"modified":"2021-08-23T15:53:59","modified_gmt":"2021-08-23T13:53:59","slug":"agrar-und-umweltminister-axel-vogel-zu-gast-in-zempow","status":"publish","type":"post","link":"https:\/\/www.naturparkmagazin.de\/stechlin\/agrar-und-umweltminister-axel-vogel-zu-gast-in-zempow\/","title":{"rendered":"Agrar- und Umweltminister Axel Vogel zu Gast in Zempow"},"content":{"rendered":"<p>Brandenburgs Agrar- und Umweltminister <strong>Axel Vogel<\/strong> besuchte am 20. Juli die <strong>Bio-Ranch in Zempow<\/strong>. Betriebsleiter Dr. Wilhelm Sch\u00e4kel informierte ihn \u00fcber die extensive Rinderhaltung, den Anbau von Nutzhanf sowie \u00fcber Ma\u00dfnahmen f\u00fcr den Naturschutz in der Landwirtschaft. Die Bio-Ranch Zempow ist einer der gr\u00f6\u00dften Biobetriebe im Naturpark und langj\u00e4hriger Kooperationspartner.<\/p>\n<div id=\"attachment_10920\" style=\"width: 310px\" class=\"wp-caption aligncenter\"><a href=\"https:\/\/www.naturparkmagazin.de\/stechlin\/wp-content\/uploads\/sites\/38\/Nutzhanf.jpg\"><img aria-describedby=\"caption-attachment-10920\" decoding=\"async\" loading=\"lazy\" class=\"size-thumbnail wp-image-10920\" src=\"https:\/\/www.naturparkmagazin.de\/stechlin\/wp-content\/uploads\/sites\/38\/Nutzhanf-300x180.jpg\" alt=\"Betriebsleiter Dr. Wilhelm Sch\u00e4kel (rechts) erkl\u00e4rt Minister Vogel die Vorz\u00fcge des Nutzhanfanbaus auf schwachen B\u00f6den \u00a9 Archiv NP SRL\" width=\"300\" height=\"180\" srcset=\"https:\/\/www.naturparkmagazin.de\/stechlin\/wp-content\/uploads\/sites\/38\/Nutzhanf-300x180.jpg 300w, https:\/\/www.naturparkmagazin.de\/stechlin\/wp-content\/uploads\/sites\/38\/Nutzhanf.jpg 500w, https:\/\/www.naturparkmagazin.de\/stechlin\/wp-content\/uploads\/sites\/38\/Nutzhanf-200x120.jpg 200w\" sizes=\"(max-width: 300px) 100vw, 300px\" \/><\/a><p id=\"caption-attachment-10920\" class=\"wp-caption-text\">Betriebsleiter Dr. Wilhelm Sch\u00e4kel (rechts) erkl\u00e4rt Minister Vogel die Vorz\u00fcge des Nutzhanfanbaus auf schwachen B\u00f6den\u00a9 Archiv NP SRL<\/p><\/div>\n<p>Ortsvorsteher Uli Schnauder diskutierte mit Minister Vogel \u00fcber die \u00f6kologischen Folgen des geplanten Neubaus der Bundesstra\u00dfe B189N durch die Gemarkung Zempow. Schauder sprach sich f\u00fcr den Erhalt der unzerschnittenen,\u00a0\u00f6kologisch wertvollen Naturr\u00e4ume in seiner Gemeinde aus. Der Ort Zempow setzt auf naturnahen Tourismus und Naherholung. Durch den Neubau der Stra\u00dfe werden die Grundlagen der naturtouristischen Ausrichtung zerst\u00f6rt.<\/p>\n<div id=\"attachment_10918\" style=\"width: 310px\" class=\"wp-caption aligncenter\"><a href=\"https:\/\/www.naturparkmagazin.de\/stechlin\/wp-content\/uploads\/sites\/38\/diskussion1.jpg\"><img aria-describedby=\"caption-attachment-10918\" decoding=\"async\" loading=\"lazy\" class=\"size-thumbnail wp-image-10918\" src=\"https:\/\/www.naturparkmagazin.de\/stechlin\/wp-content\/uploads\/sites\/38\/diskussion1-300x180.jpg\" alt=\"Diskussion mit Ortsvorsteher Uli Schnauder \u00fcber die Auswirkungen des Neubaus der Bundesstra\u00dfe B189N auf die naturtouristische Entwicklung \u00a9 Archiv NP SRL\" width=\"300\" height=\"180\" srcset=\"https:\/\/www.naturparkmagazin.de\/stechlin\/wp-content\/uploads\/sites\/38\/diskussion1-300x180.jpg 300w, https:\/\/www.naturparkmagazin.de\/stechlin\/wp-content\/uploads\/sites\/38\/diskussion1.jpg 500w, https:\/\/www.naturparkmagazin.de\/stechlin\/wp-content\/uploads\/sites\/38\/diskussion1-200x120.jpg 200w\" sizes=\"(max-width: 300px) 100vw, 300px\" \/><\/a><p id=\"caption-attachment-10918\" class=\"wp-caption-text\">Diskussion mit Ortsvorsteher Uli Schnauder \u00fcber die Auswirkungen des Neubaus der Bundesstra\u00dfe B189N auf die naturtouristische Entwicklung\u00a9 Archiv NP SRL<\/p><\/div>\n","protected":false},"excerpt":{"rendered":"<p>Die Bio-Ranch Zempow ist einer der gr\u00f6\u00dften Biobetriebe im Naturpark und langj\u00e4hriger Kooperationspartner.<\/p>\n","protected":false},"author":39,"featured_media":10919,"comment_status":"open","ping_status":"open","sticky":false,"template":"","format":"standard","meta":[],"categories":[7],"tags":[],"yoast_head":"<!-- This site is optimized with the Yoast SEO plugin v19.10 - https:\/\/yoast.com\/wordpress\/plugins\/seo\/ -->\n<title>Agrar- und Umweltminister Axel Vogel zu Gast in Zempow - Naturpark Stechlin-Ruppiner Land<\/title>\n<meta name=\"robots\" content=\"index, follow, max-snippet:-1, max-image-preview:large, max-video-preview:-1\" \/>\n<link rel=\"canonical\" href=\"https:\/\/www.naturparkmagazin.de\/stechlin\/agrar-und-umweltminister-axel-vogel-zu-gast-in-zempow\/\" \/>\n<meta property=\"og:locale\" content=\"de_DE\" \/>\n<meta property=\"og:type\" content=\"article\" \/>\n<meta property=\"og:title\" content=\"Agrar- und Umweltminister Axel Vogel zu Gast in Zempow - Naturpark Stechlin-Ruppiner Land\" \/>\n<meta property=\"og:description\" content=\"Die Bio-Ranch Zempow ist einer der gr\u00f6\u00dften Biobetriebe im Naturpark und langj\u00e4hriger Kooperationspartner.\" \/>\n<meta property=\"og:url\" content=\"https:\/\/www.naturparkmagazin.de\/stechlin\/agrar-und-umweltminister-axel-vogel-zu-gast-in-zempow\/\" \/>\n<meta property=\"og:site_name\" content=\"Naturpark Stechlin-Ruppiner Land\" \/>\n<meta property=\"article:published_time\" content=\"2021-08-13T12:33:14+00:00\" \/>\n<meta property=\"article:modified_time\" content=\"2021-08-23T13:53:59+00:00\" \/>\n<meta property=\"og:image\" content=\"https:\/\/www.naturparkmagazin.de\/stechlin\/wp-content\/uploads\/sites\/38\/minister-vogel.jpg\" \/>\n\t<meta property=\"og:image:width\" content=\"200\" \/>\n\t<meta property=\"og:image:height\" content=\"200\" \/>\n\t<meta property=\"og:image:type\" content=\"image\/jpeg\" \/>\n<meta name=\"author\" content=\"marioschrumpf\" \/>\n<meta name=\"twitter:label1\" content=\"Verfasst von\" \/>\n\t<meta name=\"twitter:data1\" content=\"marioschrumpf\" \/>\n\t<meta name=\"twitter:label2\" content=\"Gesch\u00e4tzte Lesezeit\" \/>\n\t<meta name=\"twitter:data2\" content=\"1\u00a0Minute\" \/>\n<script type=\"application\/ld+json\" class=\"yoast-schema-graph\">{\"@context\":\"https:\/\/schema.org\",\"@graph\":[{\"@type\":\"WebPage\",\"@id\":\"https:\/\/www.naturparkmagazin.de\/stechlin\/agrar-und-umweltminister-axel-vogel-zu-gast-in-zempow\/\",\"url\":\"https:\/\/www.naturparkmagazin.de\/stechlin\/agrar-und-umweltminister-axel-vogel-zu-gast-in-zempow\/\",\"name\":\"Agrar- und Umweltminister Axel Vogel zu Gast in Zempow - Naturpark Stechlin-Ruppiner Land\",\"isPartOf\":{\"@id\":\"https:\/\/www.naturparkmagazin.de\/stechlin\/#website\"},\"datePublished\":\"2021-08-13T12:33:14+00:00\",\"dateModified\":\"2021-08-23T13:53:59+00:00\",\"author\":{\"@id\":\"https:\/\/www.naturparkmagazin.de\/stechlin\/#\/schema\/person\/3f0d93203df21c806dd63c76d9bb28bc\"},\"breadcrumb\":{\"@id\":\"https:\/\/www.naturparkmagazin.de\/stechlin\/agrar-und-umweltminister-axel-vogel-zu-gast-in-zempow\/#breadcrumb\"},\"inLanguage\":\"de\",\"potentialAction\":[{\"@type\":\"ReadAction\",\"target\":[\"https:\/\/www.naturparkmagazin.de\/stechlin\/agrar-und-umweltminister-axel-vogel-zu-gast-in-zempow\/\"]}]},{\"@type\":\"BreadcrumbList\",\"@id\":\"https:\/\/www.naturparkmagazin.de\/stechlin\/agrar-und-umweltminister-axel-vogel-zu-gast-in-zempow\/#breadcrumb\",\"itemListElement\":[{\"@type\":\"ListItem\",\"position\":1,\"name\":\"Home\",\"item\":\"https:\/\/www.naturparkmagazin.de\/stechlin\/\"},{\"@type\":\"ListItem\",\"position\":2,\"name\":\"Agrar- und Umweltminister Axel Vogel zu Gast in Zempow\"}]},{\"@type\":\"WebSite\",\"@id\":\"https:\/\/www.naturparkmagazin.de\/stechlin\/#website\",\"url\":\"https:\/\/www.naturparkmagazin.de\/stechlin\/\",\"name\":\"Naturpark Stechlin-Ruppiner Land\",\"description\":\"\",\"potentialAction\":[{\"@type\":\"SearchAction\",\"target\":{\"@type\":\"EntryPoint\",\"urlTemplate\":\"https:\/\/www.naturparkmagazin.de\/stechlin\/?s={search_term_string}\"},\"query-input\":\"required name=search_term_string\"}],\"inLanguage\":\"de\"},{\"@type\":\"Person\",\"@id\":\"https:\/\/www.naturparkmagazin.de\/stechlin\/#\/schema\/person\/3f0d93203df21c806dd63c76d9bb28bc\",\"name\":\"marioschrumpf\",\"url\":\"https:\/\/www.naturparkmagazin.de\/stechlin\/author\/marioschrumpf\/\"}]}<\/script>\n<!-- \/ Yoast SEO plugin. -->","yoast_head_json":{"title":"Agrar- und Umweltminister Axel Vogel zu Gast in Zempow - Naturpark Stechlin-Ruppiner Land","robots":{"index":"index","follow":"follow","max-snippet":"max-snippet:-1","max-image-preview":"max-image-preview:large","max-video-preview":"max-video-preview:-1"},"canonical":"https:\/\/www.naturparkmagazin.de\/stechlin\/agrar-und-umweltminister-axel-vogel-zu-gast-in-zempow\/","og_locale":"de_DE","og_type":"article","og_title":"Agrar- und Umweltminister Axel Vogel zu Gast in Zempow - Naturpark Stechlin-Ruppiner Land","og_description":"Die Bio-Ranch Zempow ist einer der gr\u00f6\u00dften Biobetriebe im Naturpark und langj\u00e4hriger Kooperationspartner.","og_url":"https:\/\/www.naturparkmagazin.de\/stechlin\/agrar-und-umweltminister-axel-vogel-zu-gast-in-zempow\/","og_site_name":"Naturpark Stechlin-Ruppiner Land","article_published_time":"2021-08-13T12:33:14+00:00","article_modified_time":"2021-08-23T13:53:59+00:00","og_image":[{"width":200,"height":200,"url":"https:\/\/www.naturparkmagazin.de\/stechlin\/wp-content\/uploads\/sites\/38\/minister-vogel.jpg","type":"image\/jpeg"}],"author":"marioschrumpf","twitter_misc":{"Verfasst von":"marioschrumpf","Gesch\u00e4tzte Lesezeit":"1\u00a0Minute"},"schema":{"@context":"https:\/\/schema.org","@graph":[{"@type":"WebPage","@id":"https:\/\/www.naturparkmagazin.de\/stechlin\/agrar-und-umweltminister-axel-vogel-zu-gast-in-zempow\/","url":"https:\/\/www.naturparkmagazin.de\/stechlin\/agrar-und-umweltminister-axel-vogel-zu-gast-in-zempow\/","name":"Agrar- und Umweltminister Axel Vogel zu Gast in Zempow - Naturpark Stechlin-Ruppiner Land","isPartOf":{"@id":"https:\/\/www.naturparkmagazin.de\/stechlin\/#website"},"datePublished":"2021-08-13T12:33:14+00:00","dateModified":"2021-08-23T13:53:59+00:00","author":{"@id":"https:\/\/www.naturparkmagazin.de\/stechlin\/#\/schema\/person\/3f0d93203df21c806dd63c76d9bb28bc"},"breadcrumb":{"@id":"https:\/\/www.naturparkmagazin.de\/stechlin\/agrar-und-umweltminister-axel-vogel-zu-gast-in-zempow\/#breadcrumb"},"inLanguage":"de","potentialAction":[{"@type":"ReadAction","target":["https:\/\/www.naturparkmagazin.de\/stechlin\/agrar-und-umweltminister-axel-vogel-zu-gast-in-zempow\/"]}]},{"@type":"BreadcrumbList","@id":"https:\/\/www.naturparkmagazin.de\/stechlin\/agrar-und-umweltminister-axel-vogel-zu-gast-in-zempow\/#breadcrumb","itemListElement":[{"@type":"ListItem","position":1,"name":"Home","item":"https:\/\/www.naturparkmagazin.de\/stechlin\/"},{"@type":"ListItem","position":2,"name":"Agrar- und Umweltminister Axel Vogel zu Gast in Zempow"}]},{"@type":"WebSite","@id":"https:\/\/www.naturparkmagazin.de\/stechlin\/#website","url":"https:\/\/www.naturparkmagazin.de\/stechlin\/","name":"Naturpark Stechlin-Ruppiner Land","description":"","potentialAction":[{"@type":"SearchAction","target":{"@type":"EntryPoint","urlTemplate":"https:\/\/www.naturparkmagazin.de\/stechlin\/?s={search_term_string}"},"query-input":"required name=search_term_string"}],"inLanguage":"de"},{"@type":"Person","@id":"https:\/\/www.naturparkmagazin.de\/stechlin\/#\/schema\/person\/3f0d93203df21c806dd63c76d9bb28bc","name":"marioschrumpf","url":"https:\/\/www.naturparkmagazin.de\/stechlin\/author\/marioschrumpf\/"}]}},"_links":{"self":[{"href":"https:\/\/www.naturparkmagazin.de\/stechlin\/wp-json\/wp\/v2\/posts\/10905"}],"collection":[{"href":"https:\/\/www.naturparkmagazin.de\/stechlin\/wp-json\/wp\/v2\/posts"}],"about":[{"href":"https:\/\/www.naturparkmagazin.de\/stechlin\/wp-json\/wp\/v2\/types\/post"}],"author":[{"embeddable":true,"href":"https:\/\/www.naturparkmagazin.de\/stechlin\/wp-json\/wp\/v2\/users\/39"}],"replies":[{"embeddable":true,"href":"https:\/\/www.naturparkmagazin.de\/stechlin\/wp-json\/wp\/v2\/comments?post=10905"}],"version-history":[{"count":4,"href":"https:\/\/www.naturparkmagazin.de\/stechlin\/wp-json\/wp\/v2\/posts\/10905\/revisions"}],"predecessor-version":[{"id":10938,"href":"https:\/\/www.naturparkmagazin.de\/stechlin\/wp-json\/wp\/v2\/posts\/10905\/revisions\/10938"}],"wp:featuredmedia":[{"embeddable":true,"href":"https:\/\/www.naturparkmagazin.de\/stechlin\/wp-json\/wp\/v2\/media\/10919"}],"wp:attachment":[{"href":"https:\/\/www.naturparkmagazin.de\/stechlin\/wp-json\/wp\/v2\/media?parent=10905"}],"wp:term":[{"taxonomy":"category","embeddable":true,"href":"https:\/\/www.naturparkmagazin.de\/stechlin\/wp-json\/wp\/v2\/categories?post=10905"},{"taxonomy":"post_tag","embeddable":true,"href":"https:\/\/www.naturparkmagazin.de\/stechlin\/wp-json\/wp\/v2\/tags?post=10905"}],"curies":[{"name":"wp","href":"https:\/\/api.w.org\/{rel}","templated":true}]}}