{"id":10911,"date":"2021-08-13T14:55:35","date_gmt":"2021-08-13T12:55:35","guid":{"rendered":"https:\/\/www.naturparkmagazin.de\/stechlin\/?p=10911"},"modified":"2021-08-23T16:25:50","modified_gmt":"2021-08-23T14:25:50","slug":"in-sewekow-wird-ein-fast-vergessener-schatz-gehoben","status":"publish","type":"post","link":"https:\/\/www.naturparkmagazin.de\/stechlin\/in-sewekow-wird-ein-fast-vergessener-schatz-gehoben\/","title":{"rendered":"In Sewekow wird ein fast vergessener Schatz gehoben"},"content":{"rendered":"<p>Rund um Sewekow sind sie noch zu finden, hochbetagte Apfelhochst\u00e4mme alter Sorten. So z.B. entlang des Fischkarrerweges, einer historischen Wegeverbindung im beschaulichen Ortsteil der Stadt Wittstock\/Dosse. Um diesen schlummernden Schatz zu heben, hat der Ortsbeirat die Naturparkverwaltung um Hilfe gebeten. L\u00e4ngst ist bis in die \u00e4u\u00dferste Ecke des Naturparks bekannt geworden, dass sich die Natursch\u00fctzer in Menz in ihrem Genressourcenprojekt Streuobst um alte Obstb\u00e4ume k\u00fcmmern.<\/p>\n<div id=\"attachment_10453\" style=\"width: 310px\" class=\"wp-caption aligncenter\"><a href=\"https:\/\/www.naturparkmagazin.de\/stechlin\/wp-content\/uploads\/sites\/38\/P9010856.jpg\"><img aria-describedby=\"caption-attachment-10453\" decoding=\"async\" loading=\"lazy\" class=\"size-thumbnail wp-image-10453\" src=\"https:\/\/www.naturparkmagazin.de\/stechlin\/wp-content\/uploads\/sites\/38\/P9010856-300x180.jpg\" alt=\"\u00a9Dr. Mario Schrumpf\" width=\"300\" height=\"180\" srcset=\"https:\/\/www.naturparkmagazin.de\/stechlin\/wp-content\/uploads\/sites\/38\/P9010856-300x180.jpg 300w, https:\/\/www.naturparkmagazin.de\/stechlin\/wp-content\/uploads\/sites\/38\/P9010856.jpg 500w, https:\/\/www.naturparkmagazin.de\/stechlin\/wp-content\/uploads\/sites\/38\/P9010856-200x120.jpg 200w\" sizes=\"(max-width: 300px) 100vw, 300px\" \/><\/a><p id=\"caption-attachment-10453\" class=\"wp-caption-text\">\u00a9Dr. Mario Schrumpf<\/p><\/div>\n<p>Schnell war ein Ortstermin vereinbart, um die B\u00e4ume vor Ort gemeinsam anzuschauen. Vor Ort war man sich einig, dass dieser einmalige Schatz erhalten und weiterentwickelt werden soll. Als erste Ma\u00dfnahme hat die Naturparkverwaltung den Streuobstexperten Marc Marquardt mit der Erstellung eines Konzeptes beauftragt. Der Spezialist soll die B\u00e4ume kartieren, die Sorten bestimmen und einzelbaumweise Sanierungsma\u00dfnahmen festlegen. Auf der Grundlage dieses Konzeptes soll dann die Pflege der B\u00e4ume in Angriff genommen werden. Dar\u00fcber hinaus soll festgelegt werden, wo Nachpflanzungen erfolgen k\u00f6nnen.<\/p>\n<div id=\"attachment_10455\" style=\"width: 310px\" class=\"wp-caption aligncenter\"><a href=\"https:\/\/www.naturparkmagazin.de\/stechlin\/wp-content\/uploads\/sites\/38\/P8260681.jpg\"><img aria-describedby=\"caption-attachment-10455\" decoding=\"async\" loading=\"lazy\" class=\"size-thumbnail wp-image-10455\" src=\"https:\/\/www.naturparkmagazin.de\/stechlin\/wp-content\/uploads\/sites\/38\/P8260681-300x180.jpg\" alt=\"\u00a9Dr. Mario Schrumpf\" width=\"300\" height=\"180\" srcset=\"https:\/\/www.naturparkmagazin.de\/stechlin\/wp-content\/uploads\/sites\/38\/P8260681-300x180.jpg 300w, https:\/\/www.naturparkmagazin.de\/stechlin\/wp-content\/uploads\/sites\/38\/P8260681.jpg 500w, https:\/\/www.naturparkmagazin.de\/stechlin\/wp-content\/uploads\/sites\/38\/P8260681-200x120.jpg 200w\" sizes=\"(max-width: 300px) 100vw, 300px\" \/><\/a><p id=\"caption-attachment-10455\" class=\"wp-caption-text\">Streuobstbest\u00e4nde sind Lebensraum f\u00fcr eine vielf\u00e4ltige Insektenwelt. \u00a9Dr. Mario Schrumpf<\/p><\/div>\n<p>Der Ortsbeirat hat zwischenzeitlich seine Hausaufgaben gemacht und per Beschluss seine Unterst\u00fctzung f\u00fcr das Vorgehen dokumentiert, stehen doch die Wege mit dem Streuobst alle im Eigentum der Gemeinde.<\/p>\n<div id=\"attachment_10033\" style=\"width: 210px\" class=\"wp-caption aligncenter\"><a href=\"https:\/\/www.naturparkmagazin.de\/stechlin\/wp-content\/uploads\/sites\/38\/aufmacher4.jpg\"><img aria-describedby=\"caption-attachment-10033\" decoding=\"async\" loading=\"lazy\" class=\"wp-image-10033 size-full\" src=\"https:\/\/www.naturparkmagazin.de\/stechlin\/wp-content\/uploads\/sites\/38\/aufmacher4.jpg\" alt=\"Einheitsbuddeln in Katerbow\" width=\"200\" height=\"200\" srcset=\"https:\/\/www.naturparkmagazin.de\/stechlin\/wp-content\/uploads\/sites\/38\/aufmacher4.jpg 200w, https:\/\/www.naturparkmagazin.de\/stechlin\/wp-content\/uploads\/sites\/38\/aufmacher4-30x30.jpg 30w\" sizes=\"(max-width: 200px) 100vw, 200px\" \/><\/a><p id=\"caption-attachment-10033\" class=\"wp-caption-text\">Gemeinsam sollen rund um Sewekow zuk\u00fcnftig Obsthochst\u00e4mme alter Sorten gepflanzt werden. \u00a9Dr. Mario Schrumpf<\/p><\/div>\n<p>Neben dem Erhalt der Streuobstbest\u00e4nde als wertvoller Lebensraum sollen die B\u00e4ume auch naturtouristisch in Szene gesetzt werden, stehen sie doch an ausgeschilderten Wanderwegen. So soll u.a. auf einer Anh\u00f6he mit traumhaft sch\u00f6nem Blick in die Landschaft ein Naturerlebnispunkt mit Rastplatz und Infos zum Streuobst bzw. zur Historie des Ortes entstehen.<\/p>\n<p>F\u00fcr den kommenden Winter ist dar\u00fcberhinaus das Angebot eines Lehrganges zum Obstbaumschnitt mit einem Experten geplant.<\/p>\n","protected":false},"excerpt":{"rendered":"<p>Rund um Sewekow sind sie noch zu finden, hochbetagte Apfelhochst\u00e4mme alter Sorten. So z.B. entlang des Fischkarrerweges, einer historischen Wegeverbindung.<\/p>\n","protected":false},"author":39,"featured_media":10942,"comment_status":"open","ping_status":"open","sticky":false,"template":"","format":"standard","meta":[],"categories":[7],"tags":[],"yoast_head":"<!-- This site is optimized with the Yoast SEO plugin v19.10 - https:\/\/yoast.com\/wordpress\/plugins\/seo\/ -->\n<title>In Sewekow wird ein fast vergessener Schatz gehoben - Naturpark Stechlin-Ruppiner Land<\/title>\n<meta name=\"robots\" content=\"index, follow, max-snippet:-1, max-image-preview:large, max-video-preview:-1\" \/>\n<link rel=\"canonical\" href=\"https:\/\/www.naturparkmagazin.de\/stechlin\/in-sewekow-wird-ein-fast-vergessener-schatz-gehoben\/\" \/>\n<meta property=\"og:locale\" content=\"de_DE\" \/>\n<meta property=\"og:type\" content=\"article\" \/>\n<meta property=\"og:title\" content=\"In Sewekow wird ein fast vergessener Schatz gehoben - Naturpark Stechlin-Ruppiner Land\" \/>\n<meta property=\"og:description\" content=\"Rund um Sewekow sind sie noch zu finden, hochbetagte Apfelhochst\u00e4mme alter Sorten. So z.B. entlang des Fischkarrerweges, einer historischen Wegeverbindung.\" \/>\n<meta property=\"og:url\" content=\"https:\/\/www.naturparkmagazin.de\/stechlin\/in-sewekow-wird-ein-fast-vergessener-schatz-gehoben\/\" \/>\n<meta property=\"og:site_name\" content=\"Naturpark Stechlin-Ruppiner Land\" \/>\n<meta property=\"article:published_time\" content=\"2021-08-13T12:55:35+00:00\" \/>\n<meta property=\"article:modified_time\" content=\"2021-08-23T14:25:50+00:00\" \/>\n<meta property=\"og:image\" content=\"https:\/\/www.naturparkmagazin.de\/stechlin\/wp-content\/uploads\/sites\/38\/\u00e4pfel-sewekow.jpg\" \/>\n\t<meta property=\"og:image:width\" content=\"200\" \/>\n\t<meta property=\"og:image:height\" content=\"200\" \/>\n\t<meta property=\"og:image:type\" content=\"image\/jpeg\" \/>\n<meta name=\"author\" content=\"marioschrumpf\" \/>\n<meta name=\"twitter:label1\" content=\"Verfasst von\" \/>\n\t<meta name=\"twitter:data1\" content=\"marioschrumpf\" \/>\n\t<meta name=\"twitter:label2\" content=\"Gesch\u00e4tzte Lesezeit\" \/>\n\t<meta name=\"twitter:data2\" content=\"2\u00a0Minuten\" \/>\n<script type=\"application\/ld+json\" class=\"yoast-schema-graph\">{\"@context\":\"https:\/\/schema.org\",\"@graph\":[{\"@type\":\"WebPage\",\"@id\":\"https:\/\/www.naturparkmagazin.de\/stechlin\/in-sewekow-wird-ein-fast-vergessener-schatz-gehoben\/\",\"url\":\"https:\/\/www.naturparkmagazin.de\/stechlin\/in-sewekow-wird-ein-fast-vergessener-schatz-gehoben\/\",\"name\":\"In Sewekow wird ein fast vergessener Schatz gehoben - Naturpark Stechlin-Ruppiner Land\",\"isPartOf\":{\"@id\":\"https:\/\/www.naturparkmagazin.de\/stechlin\/#website\"},\"datePublished\":\"2021-08-13T12:55:35+00:00\",\"dateModified\":\"2021-08-23T14:25:50+00:00\",\"author\":{\"@id\":\"https:\/\/www.naturparkmagazin.de\/stechlin\/#\/schema\/person\/3f0d93203df21c806dd63c76d9bb28bc\"},\"breadcrumb\":{\"@id\":\"https:\/\/www.naturparkmagazin.de\/stechlin\/in-sewekow-wird-ein-fast-vergessener-schatz-gehoben\/#breadcrumb\"},\"inLanguage\":\"de\",\"potentialAction\":[{\"@type\":\"ReadAction\",\"target\":[\"https:\/\/www.naturparkmagazin.de\/stechlin\/in-sewekow-wird-ein-fast-vergessener-schatz-gehoben\/\"]}]},{\"@type\":\"BreadcrumbList\",\"@id\":\"https:\/\/www.naturparkmagazin.de\/stechlin\/in-sewekow-wird-ein-fast-vergessener-schatz-gehoben\/#breadcrumb\",\"itemListElement\":[{\"@type\":\"ListItem\",\"position\":1,\"name\":\"Home\",\"item\":\"https:\/\/www.naturparkmagazin.de\/stechlin\/\"},{\"@type\":\"ListItem\",\"position\":2,\"name\":\"In Sewekow wird ein fast vergessener Schatz gehoben\"}]},{\"@type\":\"WebSite\",\"@id\":\"https:\/\/www.naturparkmagazin.de\/stechlin\/#website\",\"url\":\"https:\/\/www.naturparkmagazin.de\/stechlin\/\",\"name\":\"Naturpark Stechlin-Ruppiner Land\",\"description\":\"\",\"potentialAction\":[{\"@type\":\"SearchAction\",\"target\":{\"@type\":\"EntryPoint\",\"urlTemplate\":\"https:\/\/www.naturparkmagazin.de\/stechlin\/?s={search_term_string}\"},\"query-input\":\"required name=search_term_string\"}],\"inLanguage\":\"de\"},{\"@type\":\"Person\",\"@id\":\"https:\/\/www.naturparkmagazin.de\/stechlin\/#\/schema\/person\/3f0d93203df21c806dd63c76d9bb28bc\",\"name\":\"marioschrumpf\",\"url\":\"https:\/\/www.naturparkmagazin.de\/stechlin\/author\/marioschrumpf\/\"}]}<\/script>\n<!-- \/ Yoast SEO plugin. -->","yoast_head_json":{"title":"In Sewekow wird ein fast vergessener Schatz gehoben - Naturpark Stechlin-Ruppiner Land","robots":{"index":"index","follow":"follow","max-snippet":"max-snippet:-1","max-image-preview":"max-image-preview:large","max-video-preview":"max-video-preview:-1"},"canonical":"https:\/\/www.naturparkmagazin.de\/stechlin\/in-sewekow-wird-ein-fast-vergessener-schatz-gehoben\/","og_locale":"de_DE","og_type":"article","og_title":"In Sewekow wird ein fast vergessener Schatz gehoben - Naturpark Stechlin-Ruppiner Land","og_description":"Rund um Sewekow sind sie noch zu finden, hochbetagte Apfelhochst\u00e4mme alter Sorten. So z.B. entlang des Fischkarrerweges, einer historischen Wegeverbindung.","og_url":"https:\/\/www.naturparkmagazin.de\/stechlin\/in-sewekow-wird-ein-fast-vergessener-schatz-gehoben\/","og_site_name":"Naturpark Stechlin-Ruppiner Land","article_published_time":"2021-08-13T12:55:35+00:00","article_modified_time":"2021-08-23T14:25:50+00:00","og_image":[{"width":200,"height":200,"url":"https:\/\/www.naturparkmagazin.de\/stechlin\/wp-content\/uploads\/sites\/38\/\u00e4pfel-sewekow.jpg","type":"image\/jpeg"}],"author":"marioschrumpf","twitter_misc":{"Verfasst von":"marioschrumpf","Gesch\u00e4tzte Lesezeit":"2\u00a0Minuten"},"schema":{"@context":"https:\/\/schema.org","@graph":[{"@type":"WebPage","@id":"https:\/\/www.naturparkmagazin.de\/stechlin\/in-sewekow-wird-ein-fast-vergessener-schatz-gehoben\/","url":"https:\/\/www.naturparkmagazin.de\/stechlin\/in-sewekow-wird-ein-fast-vergessener-schatz-gehoben\/","name":"In Sewekow wird ein fast vergessener Schatz gehoben - Naturpark Stechlin-Ruppiner Land","isPartOf":{"@id":"https:\/\/www.naturparkmagazin.de\/stechlin\/#website"},"datePublished":"2021-08-13T12:55:35+00:00","dateModified":"2021-08-23T14:25:50+00:00","author":{"@id":"https:\/\/www.naturparkmagazin.de\/stechlin\/#\/schema\/person\/3f0d93203df21c806dd63c76d9bb28bc"},"breadcrumb":{"@id":"https:\/\/www.naturparkmagazin.de\/stechlin\/in-sewekow-wird-ein-fast-vergessener-schatz-gehoben\/#breadcrumb"},"inLanguage":"de","potentialAction":[{"@type":"ReadAction","target":["https:\/\/www.naturparkmagazin.de\/stechlin\/in-sewekow-wird-ein-fast-vergessener-schatz-gehoben\/"]}]},{"@type":"BreadcrumbList","@id":"https:\/\/www.naturparkmagazin.de\/stechlin\/in-sewekow-wird-ein-fast-vergessener-schatz-gehoben\/#breadcrumb","itemListElement":[{"@type":"ListItem","position":1,"name":"Home","item":"https:\/\/www.naturparkmagazin.de\/stechlin\/"},{"@type":"ListItem","position":2,"name":"In Sewekow wird ein fast vergessener Schatz gehoben"}]},{"@type":"WebSite","@id":"https:\/\/www.naturparkmagazin.de\/stechlin\/#website","url":"https:\/\/www.naturparkmagazin.de\/stechlin\/","name":"Naturpark Stechlin-Ruppiner Land","description":"","potentialAction":[{"@type":"SearchAction","target":{"@type":"EntryPoint","urlTemplate":"https:\/\/www.naturparkmagazin.de\/stechlin\/?s={search_term_string}"},"query-input":"required name=search_term_string"}],"inLanguage":"de"},{"@type":"Person","@id":"https:\/\/www.naturparkmagazin.de\/stechlin\/#\/schema\/person\/3f0d93203df21c806dd63c76d9bb28bc","name":"marioschrumpf","url":"https:\/\/www.naturparkmagazin.de\/stechlin\/author\/marioschrumpf\/"}]}},"_links":{"self":[{"href":"https:\/\/www.naturparkmagazin.de\/stechlin\/wp-json\/wp\/v2\/posts\/10911"}],"collection":[{"href":"https:\/\/www.naturparkmagazin.de\/stechlin\/wp-json\/wp\/v2\/posts"}],"about":[{"href":"https:\/\/www.naturparkmagazin.de\/stechlin\/wp-json\/wp\/v2\/types\/post"}],"author":[{"embeddable":true,"href":"https:\/\/www.naturparkmagazin.de\/stechlin\/wp-json\/wp\/v2\/users\/39"}],"replies":[{"embeddable":true,"href":"https:\/\/www.naturparkmagazin.de\/stechlin\/wp-json\/wp\/v2\/comments?post=10911"}],"version-history":[{"count":3,"href":"https:\/\/www.naturparkmagazin.de\/stechlin\/wp-json\/wp\/v2\/posts\/10911\/revisions"}],"predecessor-version":[{"id":10914,"href":"https:\/\/www.naturparkmagazin.de\/stechlin\/wp-json\/wp\/v2\/posts\/10911\/revisions\/10914"}],"wp:featuredmedia":[{"embeddable":true,"href":"https:\/\/www.naturparkmagazin.de\/stechlin\/wp-json\/wp\/v2\/media\/10942"}],"wp:attachment":[{"href":"https:\/\/www.naturparkmagazin.de\/stechlin\/wp-json\/wp\/v2\/media?parent=10911"}],"wp:term":[{"taxonomy":"category","embeddable":true,"href":"https:\/\/www.naturparkmagazin.de\/stechlin\/wp-json\/wp\/v2\/categories?post=10911"},{"taxonomy":"post_tag","embeddable":true,"href":"https:\/\/www.naturparkmagazin.de\/stechlin\/wp-json\/wp\/v2\/tags?post=10911"}],"curies":[{"name":"wp","href":"https:\/\/api.w.org\/{rel}","templated":true}]}}