{"id":1093,"date":"2019-06-14T08:24:50","date_gmt":"2019-06-14T06:24:50","guid":{"rendered":"http:\/\/www.naturparkmagazin.de\/stechlin\/?p=1093"},"modified":"2019-06-18T06:38:35","modified_gmt":"2019-06-18T04:38:35","slug":"wir-gehen-dem-wasser-auf-den-grund","status":"publish","type":"post","link":"https:\/\/www.naturparkmagazin.de\/stechlin\/wir-gehen-dem-wasser-auf-den-grund\/","title":{"rendered":"Wir gehen dem Wasser auf den Grund"},"content":{"rendered":"<p><a href=\"https:\/\/www.naturparkmagazin.de\/stechlin\/wp-content\/uploads\/sites\/38\/k-DSC_0069.jpg\"><img decoding=\"async\" loading=\"lazy\" class=\" size-full wp-image-1094 aligncenter\" src=\"https:\/\/www.naturparkmagazin.de\/stechlin\/wp-content\/uploads\/sites\/38\/k-DSC_0069.jpg\" alt=\"NP SRL \/ Gudrun Quietzsch\" width=\"320\" height=\"240\" srcset=\"https:\/\/www.naturparkmagazin.de\/stechlin\/wp-content\/uploads\/sites\/38\/k-DSC_0069.jpg 320w, https:\/\/www.naturparkmagazin.de\/stechlin\/wp-content\/uploads\/sites\/38\/k-DSC_0069-300x225.jpg 300w, https:\/\/www.naturparkmagazin.de\/stechlin\/wp-content\/uploads\/sites\/38\/k-DSC_0069-180x135.jpg 180w, https:\/\/www.naturparkmagazin.de\/stechlin\/wp-content\/uploads\/sites\/38\/k-DSC_0069-95x71.jpg 95w, https:\/\/www.naturparkmagazin.de\/stechlin\/wp-content\/uploads\/sites\/38\/k-DSC_0069-200x150.jpg 200w\" sizes=\"(max-width: 320px) 100vw, 320px\" \/><\/a><\/p>\n<p>Das Wasser nicht nur zum Waschen und Trinken aus dem Wasserhahn kommt, m\u00f6chten wir verdeutlichen. Was lebt im Wasser und warum lebt es dort? Wer kann \u00fcbers Wasser laufen? Wir werden gemeinsam spielerisch und experimentell die Gew\u00e4sser rund um Menz erkunden. Bei sch\u00f6nem Wetter l\u00e4dt unser Roofensee im Anschluss zu einer Abk\u00fchlung ein. Badesachen nicht vergessen! (Baden auf eigene Gefahr!)<\/p>\n<p><strong>Treffpunkt:<\/strong> Mittwoch, 3. Juli, 13 Uhr im Besucherzentrum NaturParkHaus Stechlin in Menz<\/p>\n<p>Um Anmeldung bis zum 1. Juli (Tel.: 033082\/51210) wird gebeten!<\/p>\n<p><strong>N\u00e4chster Termin:<\/strong> 17.7.<\/p>\n","protected":false},"excerpt":{"rendered":"<p>Was lebt im Wasser und warum lebt es dort? Wer kann \u00fcbers Wasser laufen? Wir werden gemeinsam spielerisch und experimentell die Gew\u00e4sser rund um Menz erkunden.<\/p>\n","protected":false},"author":39,"featured_media":1094,"comment_status":"open","ping_status":"open","sticky":false,"template":"","format":"standard","meta":[],"categories":[11],"tags":[],"yoast_head":"<!-- This site is optimized with the Yoast SEO plugin v19.10 - https:\/\/yoast.com\/wordpress\/plugins\/seo\/ -->\n<title>Wir gehen dem Wasser auf den Grund - Naturpark Stechlin-Ruppiner Land<\/title>\n<meta name=\"robots\" content=\"index, follow, max-snippet:-1, max-image-preview:large, max-video-preview:-1\" \/>\n<link rel=\"canonical\" href=\"https:\/\/www.naturparkmagazin.de\/stechlin\/wir-gehen-dem-wasser-auf-den-grund\/\" \/>\n<meta property=\"og:locale\" content=\"de_DE\" \/>\n<meta property=\"og:type\" content=\"article\" \/>\n<meta property=\"og:title\" content=\"Wir gehen dem Wasser auf den Grund - Naturpark Stechlin-Ruppiner Land\" \/>\n<meta property=\"og:description\" content=\"Was lebt im Wasser und warum lebt es dort? Wer kann \u00fcbers Wasser laufen? Wir werden gemeinsam spielerisch und experimentell die Gew\u00e4sser rund um Menz erkunden.\" \/>\n<meta property=\"og:url\" content=\"https:\/\/www.naturparkmagazin.de\/stechlin\/wir-gehen-dem-wasser-auf-den-grund\/\" \/>\n<meta property=\"og:site_name\" content=\"Naturpark Stechlin-Ruppiner Land\" \/>\n<meta property=\"article:published_time\" content=\"2019-06-14T06:24:50+00:00\" \/>\n<meta property=\"article:modified_time\" content=\"2019-06-18T04:38:35+00:00\" \/>\n<meta property=\"og:image\" content=\"https:\/\/www.naturparkmagazin.de\/stechlin\/wp-content\/uploads\/sites\/38\/k-DSC_0069.jpg\" \/>\n\t<meta property=\"og:image:width\" content=\"320\" \/>\n\t<meta property=\"og:image:height\" content=\"240\" \/>\n\t<meta property=\"og:image:type\" content=\"image\/jpeg\" \/>\n<meta name=\"author\" content=\"marioschrumpf\" \/>\n<meta name=\"twitter:label1\" content=\"Verfasst von\" \/>\n\t<meta name=\"twitter:data1\" content=\"marioschrumpf\" \/>\n<script type=\"application\/ld+json\" class=\"yoast-schema-graph\">{\"@context\":\"https:\/\/schema.org\",\"@graph\":[{\"@type\":\"WebPage\",\"@id\":\"https:\/\/www.naturparkmagazin.de\/stechlin\/wir-gehen-dem-wasser-auf-den-grund\/\",\"url\":\"https:\/\/www.naturparkmagazin.de\/stechlin\/wir-gehen-dem-wasser-auf-den-grund\/\",\"name\":\"Wir gehen dem Wasser auf den Grund - Naturpark Stechlin-Ruppiner Land\",\"isPartOf\":{\"@id\":\"https:\/\/www.naturparkmagazin.de\/stechlin\/#website\"},\"datePublished\":\"2019-06-14T06:24:50+00:00\",\"dateModified\":\"2019-06-18T04:38:35+00:00\",\"author\":{\"@id\":\"https:\/\/www.naturparkmagazin.de\/stechlin\/#\/schema\/person\/3f0d93203df21c806dd63c76d9bb28bc\"},\"breadcrumb\":{\"@id\":\"https:\/\/www.naturparkmagazin.de\/stechlin\/wir-gehen-dem-wasser-auf-den-grund\/#breadcrumb\"},\"inLanguage\":\"de\",\"potentialAction\":[{\"@type\":\"ReadAction\",\"target\":[\"https:\/\/www.naturparkmagazin.de\/stechlin\/wir-gehen-dem-wasser-auf-den-grund\/\"]}]},{\"@type\":\"BreadcrumbList\",\"@id\":\"https:\/\/www.naturparkmagazin.de\/stechlin\/wir-gehen-dem-wasser-auf-den-grund\/#breadcrumb\",\"itemListElement\":[{\"@type\":\"ListItem\",\"position\":1,\"name\":\"Home\",\"item\":\"https:\/\/www.naturparkmagazin.de\/stechlin\/\"},{\"@type\":\"ListItem\",\"position\":2,\"name\":\"Wir gehen dem Wasser auf den Grund\"}]},{\"@type\":\"WebSite\",\"@id\":\"https:\/\/www.naturparkmagazin.de\/stechlin\/#website\",\"url\":\"https:\/\/www.naturparkmagazin.de\/stechlin\/\",\"name\":\"Naturpark Stechlin-Ruppiner Land\",\"description\":\"\",\"potentialAction\":[{\"@type\":\"SearchAction\",\"target\":{\"@type\":\"EntryPoint\",\"urlTemplate\":\"https:\/\/www.naturparkmagazin.de\/stechlin\/?s={search_term_string}\"},\"query-input\":\"required name=search_term_string\"}],\"inLanguage\":\"de\"},{\"@type\":\"Person\",\"@id\":\"https:\/\/www.naturparkmagazin.de\/stechlin\/#\/schema\/person\/3f0d93203df21c806dd63c76d9bb28bc\",\"name\":\"marioschrumpf\",\"url\":\"https:\/\/www.naturparkmagazin.de\/stechlin\/author\/marioschrumpf\/\"}]}<\/script>\n<!-- \/ Yoast SEO plugin. -->","yoast_head_json":{"title":"Wir gehen dem Wasser auf den Grund - Naturpark Stechlin-Ruppiner Land","robots":{"index":"index","follow":"follow","max-snippet":"max-snippet:-1","max-image-preview":"max-image-preview:large","max-video-preview":"max-video-preview:-1"},"canonical":"https:\/\/www.naturparkmagazin.de\/stechlin\/wir-gehen-dem-wasser-auf-den-grund\/","og_locale":"de_DE","og_type":"article","og_title":"Wir gehen dem Wasser auf den Grund - Naturpark Stechlin-Ruppiner Land","og_description":"Was lebt im Wasser und warum lebt es dort? Wer kann \u00fcbers Wasser laufen? Wir werden gemeinsam spielerisch und experimentell die Gew\u00e4sser rund um Menz erkunden.","og_url":"https:\/\/www.naturparkmagazin.de\/stechlin\/wir-gehen-dem-wasser-auf-den-grund\/","og_site_name":"Naturpark Stechlin-Ruppiner Land","article_published_time":"2019-06-14T06:24:50+00:00","article_modified_time":"2019-06-18T04:38:35+00:00","og_image":[{"width":320,"height":240,"url":"https:\/\/www.naturparkmagazin.de\/stechlin\/wp-content\/uploads\/sites\/38\/k-DSC_0069.jpg","type":"image\/jpeg"}],"author":"marioschrumpf","twitter_misc":{"Verfasst von":"marioschrumpf"},"schema":{"@context":"https:\/\/schema.org","@graph":[{"@type":"WebPage","@id":"https:\/\/www.naturparkmagazin.de\/stechlin\/wir-gehen-dem-wasser-auf-den-grund\/","url":"https:\/\/www.naturparkmagazin.de\/stechlin\/wir-gehen-dem-wasser-auf-den-grund\/","name":"Wir gehen dem Wasser auf den Grund - Naturpark Stechlin-Ruppiner Land","isPartOf":{"@id":"https:\/\/www.naturparkmagazin.de\/stechlin\/#website"},"datePublished":"2019-06-14T06:24:50+00:00","dateModified":"2019-06-18T04:38:35+00:00","author":{"@id":"https:\/\/www.naturparkmagazin.de\/stechlin\/#\/schema\/person\/3f0d93203df21c806dd63c76d9bb28bc"},"breadcrumb":{"@id":"https:\/\/www.naturparkmagazin.de\/stechlin\/wir-gehen-dem-wasser-auf-den-grund\/#breadcrumb"},"inLanguage":"de","potentialAction":[{"@type":"ReadAction","target":["https:\/\/www.naturparkmagazin.de\/stechlin\/wir-gehen-dem-wasser-auf-den-grund\/"]}]},{"@type":"BreadcrumbList","@id":"https:\/\/www.naturparkmagazin.de\/stechlin\/wir-gehen-dem-wasser-auf-den-grund\/#breadcrumb","itemListElement":[{"@type":"ListItem","position":1,"name":"Home","item":"https:\/\/www.naturparkmagazin.de\/stechlin\/"},{"@type":"ListItem","position":2,"name":"Wir gehen dem Wasser auf den Grund"}]},{"@type":"WebSite","@id":"https:\/\/www.naturparkmagazin.de\/stechlin\/#website","url":"https:\/\/www.naturparkmagazin.de\/stechlin\/","name":"Naturpark Stechlin-Ruppiner Land","description":"","potentialAction":[{"@type":"SearchAction","target":{"@type":"EntryPoint","urlTemplate":"https:\/\/www.naturparkmagazin.de\/stechlin\/?s={search_term_string}"},"query-input":"required name=search_term_string"}],"inLanguage":"de"},{"@type":"Person","@id":"https:\/\/www.naturparkmagazin.de\/stechlin\/#\/schema\/person\/3f0d93203df21c806dd63c76d9bb28bc","name":"marioschrumpf","url":"https:\/\/www.naturparkmagazin.de\/stechlin\/author\/marioschrumpf\/"}]}},"_links":{"self":[{"href":"https:\/\/www.naturparkmagazin.de\/stechlin\/wp-json\/wp\/v2\/posts\/1093"}],"collection":[{"href":"https:\/\/www.naturparkmagazin.de\/stechlin\/wp-json\/wp\/v2\/posts"}],"about":[{"href":"https:\/\/www.naturparkmagazin.de\/stechlin\/wp-json\/wp\/v2\/types\/post"}],"author":[{"embeddable":true,"href":"https:\/\/www.naturparkmagazin.de\/stechlin\/wp-json\/wp\/v2\/users\/39"}],"replies":[{"embeddable":true,"href":"https:\/\/www.naturparkmagazin.de\/stechlin\/wp-json\/wp\/v2\/comments?post=1093"}],"version-history":[{"count":5,"href":"https:\/\/www.naturparkmagazin.de\/stechlin\/wp-json\/wp\/v2\/posts\/1093\/revisions"}],"predecessor-version":[{"id":8527,"href":"https:\/\/www.naturparkmagazin.de\/stechlin\/wp-json\/wp\/v2\/posts\/1093\/revisions\/8527"}],"wp:featuredmedia":[{"embeddable":true,"href":"https:\/\/www.naturparkmagazin.de\/stechlin\/wp-json\/wp\/v2\/media\/1094"}],"wp:attachment":[{"href":"https:\/\/www.naturparkmagazin.de\/stechlin\/wp-json\/wp\/v2\/media?parent=1093"}],"wp:term":[{"taxonomy":"category","embeddable":true,"href":"https:\/\/www.naturparkmagazin.de\/stechlin\/wp-json\/wp\/v2\/categories?post=1093"},{"taxonomy":"post_tag","embeddable":true,"href":"https:\/\/www.naturparkmagazin.de\/stechlin\/wp-json\/wp\/v2\/tags?post=1093"}],"curies":[{"name":"wp","href":"https:\/\/api.w.org\/{rel}","templated":true}]}}