{"id":10941,"date":"2021-08-13T16:19:01","date_gmt":"2021-08-13T14:19:01","guid":{"rendered":"https:\/\/www.naturparkmagazin.de\/stechlin\/?p=10941"},"modified":"2025-04-25T08:44:16","modified_gmt":"2025-04-25T06:44:16","slug":"ranger-erlebnistour-der-wolf-ist-da-was-nun","status":"publish","type":"post","link":"https:\/\/www.naturparkmagazin.de\/stechlin\/ranger-erlebnistour-der-wolf-ist-da-was-nun\/","title":{"rendered":"Ranger-ErlebnisTour: Der Wolf ist da \u2013 was nun? (2021)"},"content":{"rendered":"<p><!--\nThis website is powered by TYPO3 - inspiring people to share!\nTYPO3 is a free open source Content Management Framework initially created by Kasper Skaarhoj and licensed under GNU\/GPL.\nTYPO3 is copyright 1998-2020 of Kasper Skaarhoj. Extensions are copyright of their respective owners.\nInformation and contribution at https:\/\/typo3.org\/\n--><!-- [if IE]&gt;\t&lt;![endif]-->Mitte des 19. Jahrhunderts galt der Wolf in Deutschland als ausgerottet. Nun ist er seit gut 10 Jahren, zur Freude der Einen und zum Leidwesen der Anderen, wieder heimisch in Brandenburg. Wie steht es um die Ausbreitung des Wolfes? Wie funktioniert das Monitoring? Welche Spuren hinterl\u00e4sst er? Aber auch: Welche Probleme bringt seine Ausbreitung mit sich? Wie reagieren Tierhalter auf seine Anwesenheit? Diesen Fragen wollen wir auf einer Radtour mit verschiedenen Stationen im Naturpark Stechlin-Ruppiner Land nachgehen. Wir treffen Schafhalter ebenso wie einen Wolfsbeauftragten.<\/p>\n<div id=\"attachment_10950\" style=\"width: 310px\" class=\"wp-caption aligncenter\"><a href=\"https:\/\/www.naturparkmagazin.de\/stechlin\/wp-content\/uploads\/sites\/38\/Wolf_robert-franck.jpg\"><img aria-describedby=\"caption-attachment-10950\" decoding=\"async\" loading=\"lazy\" class=\"size-thumbnail wp-image-10950\" src=\"https:\/\/www.naturparkmagazin.de\/stechlin\/wp-content\/uploads\/sites\/38\/Wolf_robert-franck-300x180.jpg\" alt=\"\u00a9 Robert Franck\" width=\"300\" height=\"180\" srcset=\"https:\/\/www.naturparkmagazin.de\/stechlin\/wp-content\/uploads\/sites\/38\/Wolf_robert-franck-300x180.jpg 300w, https:\/\/www.naturparkmagazin.de\/stechlin\/wp-content\/uploads\/sites\/38\/Wolf_robert-franck.jpg 500w, https:\/\/www.naturparkmagazin.de\/stechlin\/wp-content\/uploads\/sites\/38\/Wolf_robert-franck-200x120.jpg 200w\" sizes=\"(max-width: 300px) 100vw, 300px\" \/><\/a><p id=\"caption-attachment-10950\" class=\"wp-caption-text\">\u00a9 Robert Franck<\/p><\/div>\n<div id=\"attachment_8198\" style=\"width: 310px\" class=\"wp-caption aligncenter\"><a href=\"https:\/\/www.naturparkmagazin.de\/stechlin\/wp-content\/uploads\/sites\/38\/Wolf-Fbg_04.jpg\"><img aria-describedby=\"caption-attachment-8198\" decoding=\"async\" loading=\"lazy\" class=\"wp-image-8198 size-thumbnail\" src=\"https:\/\/www.naturparkmagazin.de\/stechlin\/wp-content\/uploads\/sites\/38\/Wolf-Fbg_04-300x180.jpg\" alt=\"Der Wolfbeauftragte Robert Franck hat das tote Tier geborgen.\" width=\"300\" height=\"180\" srcset=\"https:\/\/www.naturparkmagazin.de\/stechlin\/wp-content\/uploads\/sites\/38\/Wolf-Fbg_04-300x180.jpg 300w, https:\/\/www.naturparkmagazin.de\/stechlin\/wp-content\/uploads\/sites\/38\/Wolf-Fbg_04.jpg 500w, https:\/\/www.naturparkmagazin.de\/stechlin\/wp-content\/uploads\/sites\/38\/Wolf-Fbg_04-200x120.jpg 200w\" sizes=\"(max-width: 300px) 100vw, 300px\" \/><\/a><p id=\"caption-attachment-8198\" class=\"wp-caption-text\">Beim Wolfbeauftragten Robert Franck bekommen wir Informationen aus erster Hand. \u00a9Mario Schrumpf<\/p><\/div>\n<p>Start der Tour wird am Bahnhof in Rheinsberg sein, enden werden wir in Zippelsf\u00f6rde. Bitte bringen Sie ihr Fahrrad mit oder wenden Sie sich an uns, wir vermitteln gerne den Kontakt zu einem Verleih. Bitte denken Sie auch an Proviant f\u00fcr ein kleines Picknick. In Zippelsf\u00f6rde wird es die M\u00f6glichkeit eines kleinen Imbisses beim Fischer geben.<\/p>\n<p>Diese F\u00fchrung ist ein Angebot der \u201eRanger- und Erlebnistouren 2021&#8243;.<\/p>\n<p><strong>Preis<\/strong>: 10 \u20ac pro Person f\u00fcr Vortrag mit Exkursion im Wolfsgebiet<\/p>\n<p><strong>Veranstaltungsort<\/strong>:<\/p>\n<p>Rheinsberg<\/p>\n<p>Bahnhof Rheinsberg<\/p>\n<p>Berliner Stra\u00dfe 45<\/p>\n<p>16831 Rheinsberg<\/p>\n<p><strong>E-Mail<\/strong>: banzendorf(at)naturwacht(dot)de<\/p>\n<p><strong>Veranstalter<\/strong>:<\/p>\n<p>Naturwacht im Naturpark Stechlin-Ruppiner Land<\/p>\n<p>Karen Steinberg<\/p>\n<p>Banzendorfer Stra\u00dfe 53<\/p>\n<p>16835 Banzendorf<\/p>\n<p><strong>Telefon<\/strong>: +49 (0)175-7213053 oder +49 (0)33933-879521<\/p>\n<p><strong>Internet<\/strong>: http:\/\/www.naturwacht.de<\/p>\n","protected":false},"excerpt":{"rendered":"<p>Mitte des 19. Jahrhunderts galt der Wolf in Deutschland als ausgerottet. Nun ist er seit gut 10 Jahren, zur Freude der Einen und zum Leidwesen der Anderen, wieder heimisch in Brandenburg.<\/p>\n","protected":false},"author":39,"featured_media":10945,"comment_status":"open","ping_status":"open","sticky":false,"template":"","format":"standard","meta":[],"categories":[11],"tags":[],"yoast_head":"<!-- This site is optimized with the Yoast SEO plugin v19.10 - https:\/\/yoast.com\/wordpress\/plugins\/seo\/ -->\n<title>Ranger-ErlebnisTour: Der Wolf ist da \u2013 was nun? (2021) - Naturpark Stechlin-Ruppiner Land<\/title>\n<meta name=\"robots\" content=\"index, follow, max-snippet:-1, max-image-preview:large, max-video-preview:-1\" \/>\n<link rel=\"canonical\" href=\"https:\/\/www.naturparkmagazin.de\/stechlin\/ranger-erlebnistour-der-wolf-ist-da-was-nun\/\" \/>\n<meta property=\"og:locale\" content=\"de_DE\" \/>\n<meta property=\"og:type\" content=\"article\" \/>\n<meta property=\"og:title\" content=\"Ranger-ErlebnisTour: Der Wolf ist da \u2013 was nun? (2021) - Naturpark Stechlin-Ruppiner Land\" \/>\n<meta property=\"og:description\" content=\"Mitte des 19. Jahrhunderts galt der Wolf in Deutschland als ausgerottet. Nun ist er seit gut 10 Jahren, zur Freude der Einen und zum Leidwesen der Anderen, wieder heimisch in Brandenburg.\" \/>\n<meta property=\"og:url\" content=\"https:\/\/www.naturparkmagazin.de\/stechlin\/ranger-erlebnistour-der-wolf-ist-da-was-nun\/\" \/>\n<meta property=\"og:site_name\" content=\"Naturpark Stechlin-Ruppiner Land\" \/>\n<meta property=\"article:published_time\" content=\"2021-08-13T14:19:01+00:00\" \/>\n<meta property=\"article:modified_time\" content=\"2025-04-25T06:44:16+00:00\" \/>\n<meta property=\"og:image\" content=\"https:\/\/www.naturparkmagazin.de\/stechlin\/wp-content\/uploads\/sites\/38\/Eulenschild-Fahrrad_a.jpg\" \/>\n\t<meta property=\"og:image:width\" content=\"200\" \/>\n\t<meta property=\"og:image:height\" content=\"200\" \/>\n\t<meta property=\"og:image:type\" content=\"image\/jpeg\" \/>\n<meta name=\"author\" content=\"marioschrumpf\" \/>\n<meta name=\"twitter:label1\" content=\"Verfasst von\" \/>\n\t<meta name=\"twitter:data1\" content=\"marioschrumpf\" \/>\n\t<meta name=\"twitter:label2\" content=\"Gesch\u00e4tzte Lesezeit\" \/>\n\t<meta name=\"twitter:data2\" content=\"1\u00a0Minute\" \/>\n<script type=\"application\/ld+json\" class=\"yoast-schema-graph\">{\"@context\":\"https:\/\/schema.org\",\"@graph\":[{\"@type\":\"WebPage\",\"@id\":\"https:\/\/www.naturparkmagazin.de\/stechlin\/ranger-erlebnistour-der-wolf-ist-da-was-nun\/\",\"url\":\"https:\/\/www.naturparkmagazin.de\/stechlin\/ranger-erlebnistour-der-wolf-ist-da-was-nun\/\",\"name\":\"Ranger-ErlebnisTour: Der Wolf ist da \u2013 was nun? (2021) - Naturpark Stechlin-Ruppiner Land\",\"isPartOf\":{\"@id\":\"https:\/\/www.naturparkmagazin.de\/stechlin\/#website\"},\"datePublished\":\"2021-08-13T14:19:01+00:00\",\"dateModified\":\"2025-04-25T06:44:16+00:00\",\"author\":{\"@id\":\"https:\/\/www.naturparkmagazin.de\/stechlin\/#\/schema\/person\/3f0d93203df21c806dd63c76d9bb28bc\"},\"breadcrumb\":{\"@id\":\"https:\/\/www.naturparkmagazin.de\/stechlin\/ranger-erlebnistour-der-wolf-ist-da-was-nun\/#breadcrumb\"},\"inLanguage\":\"de\",\"potentialAction\":[{\"@type\":\"ReadAction\",\"target\":[\"https:\/\/www.naturparkmagazin.de\/stechlin\/ranger-erlebnistour-der-wolf-ist-da-was-nun\/\"]}]},{\"@type\":\"BreadcrumbList\",\"@id\":\"https:\/\/www.naturparkmagazin.de\/stechlin\/ranger-erlebnistour-der-wolf-ist-da-was-nun\/#breadcrumb\",\"itemListElement\":[{\"@type\":\"ListItem\",\"position\":1,\"name\":\"Home\",\"item\":\"https:\/\/www.naturparkmagazin.de\/stechlin\/\"},{\"@type\":\"ListItem\",\"position\":2,\"name\":\"Ranger-ErlebnisTour: Der Wolf ist da \u2013 was nun? (2021)\"}]},{\"@type\":\"WebSite\",\"@id\":\"https:\/\/www.naturparkmagazin.de\/stechlin\/#website\",\"url\":\"https:\/\/www.naturparkmagazin.de\/stechlin\/\",\"name\":\"Naturpark Stechlin-Ruppiner Land\",\"description\":\"\",\"potentialAction\":[{\"@type\":\"SearchAction\",\"target\":{\"@type\":\"EntryPoint\",\"urlTemplate\":\"https:\/\/www.naturparkmagazin.de\/stechlin\/?s={search_term_string}\"},\"query-input\":\"required name=search_term_string\"}],\"inLanguage\":\"de\"},{\"@type\":\"Person\",\"@id\":\"https:\/\/www.naturparkmagazin.de\/stechlin\/#\/schema\/person\/3f0d93203df21c806dd63c76d9bb28bc\",\"name\":\"marioschrumpf\",\"url\":\"https:\/\/www.naturparkmagazin.de\/stechlin\/author\/marioschrumpf\/\"}]}<\/script>\n<!-- \/ Yoast SEO plugin. -->","yoast_head_json":{"title":"Ranger-ErlebnisTour: Der Wolf ist da \u2013 was nun? (2021) - Naturpark Stechlin-Ruppiner Land","robots":{"index":"index","follow":"follow","max-snippet":"max-snippet:-1","max-image-preview":"max-image-preview:large","max-video-preview":"max-video-preview:-1"},"canonical":"https:\/\/www.naturparkmagazin.de\/stechlin\/ranger-erlebnistour-der-wolf-ist-da-was-nun\/","og_locale":"de_DE","og_type":"article","og_title":"Ranger-ErlebnisTour: Der Wolf ist da \u2013 was nun? (2021) - Naturpark Stechlin-Ruppiner Land","og_description":"Mitte des 19. Jahrhunderts galt der Wolf in Deutschland als ausgerottet. Nun ist er seit gut 10 Jahren, zur Freude der Einen und zum Leidwesen der Anderen, wieder heimisch in Brandenburg.","og_url":"https:\/\/www.naturparkmagazin.de\/stechlin\/ranger-erlebnistour-der-wolf-ist-da-was-nun\/","og_site_name":"Naturpark Stechlin-Ruppiner Land","article_published_time":"2021-08-13T14:19:01+00:00","article_modified_time":"2025-04-25T06:44:16+00:00","og_image":[{"width":200,"height":200,"url":"https:\/\/www.naturparkmagazin.de\/stechlin\/wp-content\/uploads\/sites\/38\/Eulenschild-Fahrrad_a.jpg","type":"image\/jpeg"}],"author":"marioschrumpf","twitter_misc":{"Verfasst von":"marioschrumpf","Gesch\u00e4tzte Lesezeit":"1\u00a0Minute"},"schema":{"@context":"https:\/\/schema.org","@graph":[{"@type":"WebPage","@id":"https:\/\/www.naturparkmagazin.de\/stechlin\/ranger-erlebnistour-der-wolf-ist-da-was-nun\/","url":"https:\/\/www.naturparkmagazin.de\/stechlin\/ranger-erlebnistour-der-wolf-ist-da-was-nun\/","name":"Ranger-ErlebnisTour: Der Wolf ist da \u2013 was nun? (2021) - Naturpark Stechlin-Ruppiner Land","isPartOf":{"@id":"https:\/\/www.naturparkmagazin.de\/stechlin\/#website"},"datePublished":"2021-08-13T14:19:01+00:00","dateModified":"2025-04-25T06:44:16+00:00","author":{"@id":"https:\/\/www.naturparkmagazin.de\/stechlin\/#\/schema\/person\/3f0d93203df21c806dd63c76d9bb28bc"},"breadcrumb":{"@id":"https:\/\/www.naturparkmagazin.de\/stechlin\/ranger-erlebnistour-der-wolf-ist-da-was-nun\/#breadcrumb"},"inLanguage":"de","potentialAction":[{"@type":"ReadAction","target":["https:\/\/www.naturparkmagazin.de\/stechlin\/ranger-erlebnistour-der-wolf-ist-da-was-nun\/"]}]},{"@type":"BreadcrumbList","@id":"https:\/\/www.naturparkmagazin.de\/stechlin\/ranger-erlebnistour-der-wolf-ist-da-was-nun\/#breadcrumb","itemListElement":[{"@type":"ListItem","position":1,"name":"Home","item":"https:\/\/www.naturparkmagazin.de\/stechlin\/"},{"@type":"ListItem","position":2,"name":"Ranger-ErlebnisTour: Der Wolf ist da \u2013 was nun? (2021)"}]},{"@type":"WebSite","@id":"https:\/\/www.naturparkmagazin.de\/stechlin\/#website","url":"https:\/\/www.naturparkmagazin.de\/stechlin\/","name":"Naturpark Stechlin-Ruppiner Land","description":"","potentialAction":[{"@type":"SearchAction","target":{"@type":"EntryPoint","urlTemplate":"https:\/\/www.naturparkmagazin.de\/stechlin\/?s={search_term_string}"},"query-input":"required name=search_term_string"}],"inLanguage":"de"},{"@type":"Person","@id":"https:\/\/www.naturparkmagazin.de\/stechlin\/#\/schema\/person\/3f0d93203df21c806dd63c76d9bb28bc","name":"marioschrumpf","url":"https:\/\/www.naturparkmagazin.de\/stechlin\/author\/marioschrumpf\/"}]}},"_links":{"self":[{"href":"https:\/\/www.naturparkmagazin.de\/stechlin\/wp-json\/wp\/v2\/posts\/10941"}],"collection":[{"href":"https:\/\/www.naturparkmagazin.de\/stechlin\/wp-json\/wp\/v2\/posts"}],"about":[{"href":"https:\/\/www.naturparkmagazin.de\/stechlin\/wp-json\/wp\/v2\/types\/post"}],"author":[{"embeddable":true,"href":"https:\/\/www.naturparkmagazin.de\/stechlin\/wp-json\/wp\/v2\/users\/39"}],"replies":[{"embeddable":true,"href":"https:\/\/www.naturparkmagazin.de\/stechlin\/wp-json\/wp\/v2\/comments?post=10941"}],"version-history":[{"count":20,"href":"https:\/\/www.naturparkmagazin.de\/stechlin\/wp-json\/wp\/v2\/posts\/10941\/revisions"}],"predecessor-version":[{"id":17163,"href":"https:\/\/www.naturparkmagazin.de\/stechlin\/wp-json\/wp\/v2\/posts\/10941\/revisions\/17163"}],"wp:featuredmedia":[{"embeddable":true,"href":"https:\/\/www.naturparkmagazin.de\/stechlin\/wp-json\/wp\/v2\/media\/10945"}],"wp:attachment":[{"href":"https:\/\/www.naturparkmagazin.de\/stechlin\/wp-json\/wp\/v2\/media?parent=10941"}],"wp:term":[{"taxonomy":"category","embeddable":true,"href":"https:\/\/www.naturparkmagazin.de\/stechlin\/wp-json\/wp\/v2\/categories?post=10941"},{"taxonomy":"post_tag","embeddable":true,"href":"https:\/\/www.naturparkmagazin.de\/stechlin\/wp-json\/wp\/v2\/tags?post=10941"}],"curies":[{"name":"wp","href":"https:\/\/api.w.org\/{rel}","templated":true}]}}