{"id":10955,"date":"2021-08-14T08:40:08","date_gmt":"2021-08-14T06:40:08","guid":{"rendered":"https:\/\/www.naturparkmagazin.de\/stechlin\/?p=10955"},"modified":"2021-08-24T09:07:49","modified_gmt":"2021-08-24T07:07:49","slug":"beim-temnitzer-heidelauf-durch-die-kyritz-ruppiner-heide","status":"publish","type":"post","link":"https:\/\/www.naturparkmagazin.de\/stechlin\/beim-temnitzer-heidelauf-durch-die-kyritz-ruppiner-heide\/","title":{"rendered":"Beim Temnitzer Heidelauf durch die Kyritz-Ruppiner Heide"},"content":{"rendered":"<p>Es ist wieder so weit\u00a0&#8211; am <strong>4.9.2021<\/strong> startet der <strong>2. Temnitzer-Heide-Lauf<\/strong> durch die Kyritz-Ruppiner Heide.<\/p>\n<div id=\"attachment_10962\" style=\"width: 310px\" class=\"wp-caption aligncenter\"><a href=\"https:\/\/www.naturparkmagazin.de\/stechlin\/wp-content\/uploads\/sites\/38\/l\u00e4ufer.jpg\"><img aria-describedby=\"caption-attachment-10962\" decoding=\"async\" loading=\"lazy\" class=\"size-thumbnail wp-image-10962\" src=\"https:\/\/www.naturparkmagazin.de\/stechlin\/wp-content\/uploads\/sites\/38\/l\u00e4ufer-300x180.jpg\" alt=\"Die L\u00e4ufer sind in der bl\u00fchenden Heide unterwegs. \u00a9 Olaf Wolff\" width=\"300\" height=\"180\" srcset=\"https:\/\/www.naturparkmagazin.de\/stechlin\/wp-content\/uploads\/sites\/38\/l\u00e4ufer-300x180.jpg 300w, https:\/\/www.naturparkmagazin.de\/stechlin\/wp-content\/uploads\/sites\/38\/l\u00e4ufer.jpg 500w, https:\/\/www.naturparkmagazin.de\/stechlin\/wp-content\/uploads\/sites\/38\/l\u00e4ufer-200x120.jpg 200w\" sizes=\"(max-width: 300px) 100vw, 300px\" \/><\/a><p id=\"caption-attachment-10962\" class=\"wp-caption-text\">Die L\u00e4ufer sind in der bl\u00fchenden Heide unterwegs.\u00a9 Olaf Wolff<\/p><\/div>\n<p>Die Vorbereitungen laufen dazu auf Hochtouren. Es wird wieder mehrere Formate f\u00fcr Kinder und ambitionierte L\u00e4ufer geben. In diesem Jahr erstmals mit der Halbmarathondistanz.<\/p>\n<p>Veranstalter sind die Spielvereinigung G\u00fchlen-Glienicke \/ R\u00e4gelin, der Fitness-TREFF-Natur e.V. und das Amt Temnitz.<\/p>\n<div id=\"attachment_10960\" style=\"width: 310px\" class=\"wp-caption aligncenter\"><a href=\"https:\/\/www.naturparkmagazin.de\/stechlin\/wp-content\/uploads\/sites\/38\/cheforganisator.jpg\"><img aria-describedby=\"caption-attachment-10960\" decoding=\"async\" loading=\"lazy\" class=\"size-thumbnail wp-image-10960\" src=\"https:\/\/www.naturparkmagazin.de\/stechlin\/wp-content\/uploads\/sites\/38\/cheforganisator-300x180.jpg\" alt=\"Cheforganisator Olaf Wolff \u00a9 Olaf Wolff\" width=\"300\" height=\"180\" srcset=\"https:\/\/www.naturparkmagazin.de\/stechlin\/wp-content\/uploads\/sites\/38\/cheforganisator-300x180.jpg 300w, https:\/\/www.naturparkmagazin.de\/stechlin\/wp-content\/uploads\/sites\/38\/cheforganisator.jpg 500w, https:\/\/www.naturparkmagazin.de\/stechlin\/wp-content\/uploads\/sites\/38\/cheforganisator-200x120.jpg 200w\" sizes=\"(max-width: 300px) 100vw, 300px\" \/><\/a><p id=\"caption-attachment-10960\" class=\"wp-caption-text\">Cheforganisator Olaf Wolff\u00a9 Olaf Wolff<\/p><\/div>\n<p>Das Gesamtkonzept folgt der Idee, die naturtouristischen Inwertsetzung der Kyritz-Ruppiner-Heide zu unterst\u00fctzen. Derzeit sind viele positive Entwicklungen erkennbar, unter anderem die Naturparkerweiterung.<\/p>\n<p>Start und Ziel ist der Sportplatz in R\u00e4gelin, dort kann man sich am 4.9.2021 noch bis 9 Uhr anmelden.<\/p>\n<div id=\"attachment_10963\" style=\"width: 310px\" class=\"wp-caption aligncenter\"><a href=\"https:\/\/www.naturparkmagazin.de\/stechlin\/wp-content\/uploads\/sites\/38\/siegerehrung.jpg\"><img aria-describedby=\"caption-attachment-10963\" decoding=\"async\" loading=\"lazy\" class=\"size-thumbnail wp-image-10963\" src=\"https:\/\/www.naturparkmagazin.de\/stechlin\/wp-content\/uploads\/sites\/38\/siegerehrung-300x180.jpg\" alt=\"Siegerehrung \u00a9 Olaf Wolff\" width=\"300\" height=\"180\" srcset=\"https:\/\/www.naturparkmagazin.de\/stechlin\/wp-content\/uploads\/sites\/38\/siegerehrung-300x180.jpg 300w, https:\/\/www.naturparkmagazin.de\/stechlin\/wp-content\/uploads\/sites\/38\/siegerehrung.jpg 500w, https:\/\/www.naturparkmagazin.de\/stechlin\/wp-content\/uploads\/sites\/38\/siegerehrung-200x120.jpg 200w\" sizes=\"(max-width: 300px) 100vw, 300px\" \/><\/a><p id=\"caption-attachment-10963\" class=\"wp-caption-text\">Siegerehrung\u00a9 Olaf Wolff<\/p><\/div>\n<p>Wer sich bereits vorher online anmelden m\u00f6chte, hat \u00fcber diese Website die M\u00f6glichkeit: <a href=\"https:\/\/www.chronobase.de\/events\/2-temnitzer-heide-lauf-2021\">https:\/\/www.chronobase.de\/events\/2-temnitzer-heide-lauf-2021<\/a><\/p>\n<p>&nbsp;<\/p>\n","protected":false},"excerpt":{"rendered":"<p>Es ist wieder so weit &#8211; am 4.9.2021 startet der 2. Temnitzer-Heide-Lauf durch die Kyritz-Ruppiner Heide.<\/p>\n","protected":false},"author":39,"featured_media":10961,"comment_status":"open","ping_status":"open","sticky":false,"template":"","format":"standard","meta":[],"categories":[11],"tags":[],"yoast_head":"<!-- This site is optimized with the Yoast SEO plugin v19.10 - https:\/\/yoast.com\/wordpress\/plugins\/seo\/ -->\n<title>Beim Temnitzer Heidelauf durch die Kyritz-Ruppiner Heide - Naturpark Stechlin-Ruppiner Land<\/title>\n<meta name=\"robots\" content=\"index, follow, max-snippet:-1, max-image-preview:large, max-video-preview:-1\" \/>\n<link rel=\"canonical\" href=\"https:\/\/www.naturparkmagazin.de\/stechlin\/beim-temnitzer-heidelauf-durch-die-kyritz-ruppiner-heide\/\" \/>\n<meta property=\"og:locale\" content=\"de_DE\" \/>\n<meta property=\"og:type\" content=\"article\" \/>\n<meta property=\"og:title\" content=\"Beim Temnitzer Heidelauf durch die Kyritz-Ruppiner Heide - Naturpark Stechlin-Ruppiner Land\" \/>\n<meta property=\"og:description\" content=\"Es ist wieder so weit - am 4.9.2021 startet der 2. Temnitzer-Heide-Lauf durch die Kyritz-Ruppiner Heide.\" \/>\n<meta property=\"og:url\" content=\"https:\/\/www.naturparkmagazin.de\/stechlin\/beim-temnitzer-heidelauf-durch-die-kyritz-ruppiner-heide\/\" \/>\n<meta property=\"og:site_name\" content=\"Naturpark Stechlin-Ruppiner Land\" \/>\n<meta property=\"article:published_time\" content=\"2021-08-14T06:40:08+00:00\" \/>\n<meta property=\"article:modified_time\" content=\"2021-08-24T07:07:49+00:00\" \/>\n<meta property=\"og:image\" content=\"https:\/\/www.naturparkmagazin.de\/stechlin\/wp-content\/uploads\/sites\/38\/heidelauf_a.jpg\" \/>\n\t<meta property=\"og:image:width\" content=\"200\" \/>\n\t<meta property=\"og:image:height\" content=\"200\" \/>\n\t<meta property=\"og:image:type\" content=\"image\/jpeg\" \/>\n<meta name=\"author\" content=\"marioschrumpf\" \/>\n<meta name=\"twitter:label1\" content=\"Verfasst von\" \/>\n\t<meta name=\"twitter:data1\" content=\"marioschrumpf\" \/>\n\t<meta name=\"twitter:label2\" content=\"Gesch\u00e4tzte Lesezeit\" \/>\n\t<meta name=\"twitter:data2\" content=\"1\u00a0Minute\" \/>\n<script type=\"application\/ld+json\" class=\"yoast-schema-graph\">{\"@context\":\"https:\/\/schema.org\",\"@graph\":[{\"@type\":\"WebPage\",\"@id\":\"https:\/\/www.naturparkmagazin.de\/stechlin\/beim-temnitzer-heidelauf-durch-die-kyritz-ruppiner-heide\/\",\"url\":\"https:\/\/www.naturparkmagazin.de\/stechlin\/beim-temnitzer-heidelauf-durch-die-kyritz-ruppiner-heide\/\",\"name\":\"Beim Temnitzer Heidelauf durch die Kyritz-Ruppiner Heide - Naturpark Stechlin-Ruppiner Land\",\"isPartOf\":{\"@id\":\"https:\/\/www.naturparkmagazin.de\/stechlin\/#website\"},\"datePublished\":\"2021-08-14T06:40:08+00:00\",\"dateModified\":\"2021-08-24T07:07:49+00:00\",\"author\":{\"@id\":\"https:\/\/www.naturparkmagazin.de\/stechlin\/#\/schema\/person\/3f0d93203df21c806dd63c76d9bb28bc\"},\"breadcrumb\":{\"@id\":\"https:\/\/www.naturparkmagazin.de\/stechlin\/beim-temnitzer-heidelauf-durch-die-kyritz-ruppiner-heide\/#breadcrumb\"},\"inLanguage\":\"de\",\"potentialAction\":[{\"@type\":\"ReadAction\",\"target\":[\"https:\/\/www.naturparkmagazin.de\/stechlin\/beim-temnitzer-heidelauf-durch-die-kyritz-ruppiner-heide\/\"]}]},{\"@type\":\"BreadcrumbList\",\"@id\":\"https:\/\/www.naturparkmagazin.de\/stechlin\/beim-temnitzer-heidelauf-durch-die-kyritz-ruppiner-heide\/#breadcrumb\",\"itemListElement\":[{\"@type\":\"ListItem\",\"position\":1,\"name\":\"Home\",\"item\":\"https:\/\/www.naturparkmagazin.de\/stechlin\/\"},{\"@type\":\"ListItem\",\"position\":2,\"name\":\"Beim Temnitzer Heidelauf durch die Kyritz-Ruppiner Heide\"}]},{\"@type\":\"WebSite\",\"@id\":\"https:\/\/www.naturparkmagazin.de\/stechlin\/#website\",\"url\":\"https:\/\/www.naturparkmagazin.de\/stechlin\/\",\"name\":\"Naturpark Stechlin-Ruppiner Land\",\"description\":\"\",\"potentialAction\":[{\"@type\":\"SearchAction\",\"target\":{\"@type\":\"EntryPoint\",\"urlTemplate\":\"https:\/\/www.naturparkmagazin.de\/stechlin\/?s={search_term_string}\"},\"query-input\":\"required name=search_term_string\"}],\"inLanguage\":\"de\"},{\"@type\":\"Person\",\"@id\":\"https:\/\/www.naturparkmagazin.de\/stechlin\/#\/schema\/person\/3f0d93203df21c806dd63c76d9bb28bc\",\"name\":\"marioschrumpf\",\"url\":\"https:\/\/www.naturparkmagazin.de\/stechlin\/author\/marioschrumpf\/\"}]}<\/script>\n<!-- \/ Yoast SEO plugin. -->","yoast_head_json":{"title":"Beim Temnitzer Heidelauf durch die Kyritz-Ruppiner Heide - Naturpark Stechlin-Ruppiner Land","robots":{"index":"index","follow":"follow","max-snippet":"max-snippet:-1","max-image-preview":"max-image-preview:large","max-video-preview":"max-video-preview:-1"},"canonical":"https:\/\/www.naturparkmagazin.de\/stechlin\/beim-temnitzer-heidelauf-durch-die-kyritz-ruppiner-heide\/","og_locale":"de_DE","og_type":"article","og_title":"Beim Temnitzer Heidelauf durch die Kyritz-Ruppiner Heide - Naturpark Stechlin-Ruppiner Land","og_description":"Es ist wieder so weit - am 4.9.2021 startet der 2. Temnitzer-Heide-Lauf durch die Kyritz-Ruppiner Heide.","og_url":"https:\/\/www.naturparkmagazin.de\/stechlin\/beim-temnitzer-heidelauf-durch-die-kyritz-ruppiner-heide\/","og_site_name":"Naturpark Stechlin-Ruppiner Land","article_published_time":"2021-08-14T06:40:08+00:00","article_modified_time":"2021-08-24T07:07:49+00:00","og_image":[{"width":200,"height":200,"url":"https:\/\/www.naturparkmagazin.de\/stechlin\/wp-content\/uploads\/sites\/38\/heidelauf_a.jpg","type":"image\/jpeg"}],"author":"marioschrumpf","twitter_misc":{"Verfasst von":"marioschrumpf","Gesch\u00e4tzte Lesezeit":"1\u00a0Minute"},"schema":{"@context":"https:\/\/schema.org","@graph":[{"@type":"WebPage","@id":"https:\/\/www.naturparkmagazin.de\/stechlin\/beim-temnitzer-heidelauf-durch-die-kyritz-ruppiner-heide\/","url":"https:\/\/www.naturparkmagazin.de\/stechlin\/beim-temnitzer-heidelauf-durch-die-kyritz-ruppiner-heide\/","name":"Beim Temnitzer Heidelauf durch die Kyritz-Ruppiner Heide - Naturpark Stechlin-Ruppiner Land","isPartOf":{"@id":"https:\/\/www.naturparkmagazin.de\/stechlin\/#website"},"datePublished":"2021-08-14T06:40:08+00:00","dateModified":"2021-08-24T07:07:49+00:00","author":{"@id":"https:\/\/www.naturparkmagazin.de\/stechlin\/#\/schema\/person\/3f0d93203df21c806dd63c76d9bb28bc"},"breadcrumb":{"@id":"https:\/\/www.naturparkmagazin.de\/stechlin\/beim-temnitzer-heidelauf-durch-die-kyritz-ruppiner-heide\/#breadcrumb"},"inLanguage":"de","potentialAction":[{"@type":"ReadAction","target":["https:\/\/www.naturparkmagazin.de\/stechlin\/beim-temnitzer-heidelauf-durch-die-kyritz-ruppiner-heide\/"]}]},{"@type":"BreadcrumbList","@id":"https:\/\/www.naturparkmagazin.de\/stechlin\/beim-temnitzer-heidelauf-durch-die-kyritz-ruppiner-heide\/#breadcrumb","itemListElement":[{"@type":"ListItem","position":1,"name":"Home","item":"https:\/\/www.naturparkmagazin.de\/stechlin\/"},{"@type":"ListItem","position":2,"name":"Beim Temnitzer Heidelauf durch die Kyritz-Ruppiner Heide"}]},{"@type":"WebSite","@id":"https:\/\/www.naturparkmagazin.de\/stechlin\/#website","url":"https:\/\/www.naturparkmagazin.de\/stechlin\/","name":"Naturpark Stechlin-Ruppiner Land","description":"","potentialAction":[{"@type":"SearchAction","target":{"@type":"EntryPoint","urlTemplate":"https:\/\/www.naturparkmagazin.de\/stechlin\/?s={search_term_string}"},"query-input":"required name=search_term_string"}],"inLanguage":"de"},{"@type":"Person","@id":"https:\/\/www.naturparkmagazin.de\/stechlin\/#\/schema\/person\/3f0d93203df21c806dd63c76d9bb28bc","name":"marioschrumpf","url":"https:\/\/www.naturparkmagazin.de\/stechlin\/author\/marioschrumpf\/"}]}},"_links":{"self":[{"href":"https:\/\/www.naturparkmagazin.de\/stechlin\/wp-json\/wp\/v2\/posts\/10955"}],"collection":[{"href":"https:\/\/www.naturparkmagazin.de\/stechlin\/wp-json\/wp\/v2\/posts"}],"about":[{"href":"https:\/\/www.naturparkmagazin.de\/stechlin\/wp-json\/wp\/v2\/types\/post"}],"author":[{"embeddable":true,"href":"https:\/\/www.naturparkmagazin.de\/stechlin\/wp-json\/wp\/v2\/users\/39"}],"replies":[{"embeddable":true,"href":"https:\/\/www.naturparkmagazin.de\/stechlin\/wp-json\/wp\/v2\/comments?post=10955"}],"version-history":[{"count":2,"href":"https:\/\/www.naturparkmagazin.de\/stechlin\/wp-json\/wp\/v2\/posts\/10955\/revisions"}],"predecessor-version":[{"id":10967,"href":"https:\/\/www.naturparkmagazin.de\/stechlin\/wp-json\/wp\/v2\/posts\/10955\/revisions\/10967"}],"wp:featuredmedia":[{"embeddable":true,"href":"https:\/\/www.naturparkmagazin.de\/stechlin\/wp-json\/wp\/v2\/media\/10961"}],"wp:attachment":[{"href":"https:\/\/www.naturparkmagazin.de\/stechlin\/wp-json\/wp\/v2\/media?parent=10955"}],"wp:term":[{"taxonomy":"category","embeddable":true,"href":"https:\/\/www.naturparkmagazin.de\/stechlin\/wp-json\/wp\/v2\/categories?post=10955"},{"taxonomy":"post_tag","embeddable":true,"href":"https:\/\/www.naturparkmagazin.de\/stechlin\/wp-json\/wp\/v2\/tags?post=10955"}],"curies":[{"name":"wp","href":"https:\/\/api.w.org\/{rel}","templated":true}]}}