{"id":10958,"date":"2021-08-14T09:01:30","date_gmt":"2021-08-14T07:01:30","guid":{"rendered":"https:\/\/www.naturparkmagazin.de\/stechlin\/?p=10958"},"modified":"2021-08-24T09:22:12","modified_gmt":"2021-08-24T07:22:12","slug":"den-krabbeltieren-auf-der-spur-ein-kunstprojekt-der-jugendkunstschule-neuruppin","status":"publish","type":"post","link":"https:\/\/www.naturparkmagazin.de\/stechlin\/den-krabbeltieren-auf-der-spur-ein-kunstprojekt-der-jugendkunstschule-neuruppin\/","title":{"rendered":"&#8222;Den Krabbeltieren auf der Spur&#8220; &#8211; ein Kunstprojekt der Jugendkunstschule Neuruppin"},"content":{"rendered":"<p>Noch geh\u00f6ren Insekten zu unserer Welt \u2013 sie best\u00e4uben Bl\u00fcten, dienen V\u00f6geln und anderen Tieren als Nahrung und lassen ihre bunten Fl\u00fcgel in der Sonne schimmern. Mit unserem Kunstprojekt in der Regionalwerkstatt Stechlin in Menz wollen wir mit Skulpturen, Grafiken, Bildern und Fotografien den Insekten in ihrer Welt begegnen und darauf aufmerksam machen, wie vielf\u00e4ltig und interessant, Farben, Formen und Strukturen dieser kleinen Gesch\u00f6pfe sind.<\/p>\n<div id=\"attachment_10969\" style=\"width: 310px\" class=\"wp-caption aligncenter\"><a href=\"https:\/\/www.naturparkmagazin.de\/stechlin\/wp-content\/uploads\/sites\/38\/insekt2.jpg\"><img aria-describedby=\"caption-attachment-10969\" decoding=\"async\" loading=\"lazy\" class=\"size-thumbnail wp-image-10969\" src=\"https:\/\/www.naturparkmagazin.de\/stechlin\/wp-content\/uploads\/sites\/38\/insekt2-300x500.jpg\" alt=\"Acrylbild \u00a9 Cornelia Felsch\" width=\"300\" height=\"500\" srcset=\"https:\/\/www.naturparkmagazin.de\/stechlin\/wp-content\/uploads\/sites\/38\/insekt2.jpg 300w, https:\/\/www.naturparkmagazin.de\/stechlin\/wp-content\/uploads\/sites\/38\/insekt2-200x333.jpg 200w\" sizes=\"(max-width: 300px) 100vw, 300px\" \/><\/a><p id=\"caption-attachment-10969\" class=\"wp-caption-text\">Acrylbild\u00a9 Cornelia Felsch<\/p><\/div>\n<p>Die Ausstellung \u201eDen Krabbeltieren auf der Spur\u201c, wurde von Sch\u00fclern der Neuruppiner Jugendkunstschule gestaltet.<\/p>\n<p>Zur <strong>Vernissage<\/strong> am Freitag, den <strong>10. September, 18 Uhr<\/strong> laden das Team des Naturparks Stechlin-Ruppiner Land und die Jugendkunstschule Neuruppin in die Regionalwerkstatt Stechlin in Menz am Friedensplatz 9 ein. Wir freuen uns auf Ihr Interesse und Ihren Besuch!<\/p>\n<div id=\"attachment_10970\" style=\"width: 310px\" class=\"wp-caption aligncenter\"><a href=\"https:\/\/www.naturparkmagazin.de\/stechlin\/wp-content\/uploads\/sites\/38\/insekt3.jpg\"><img aria-describedby=\"caption-attachment-10970\" decoding=\"async\" loading=\"lazy\" class=\"size-thumbnail wp-image-10970\" src=\"https:\/\/www.naturparkmagazin.de\/stechlin\/wp-content\/uploads\/sites\/38\/insekt3-300x500.jpg\" alt=\"Skulptur \u00a9 Cornelia Felsch\" width=\"300\" height=\"500\" srcset=\"https:\/\/www.naturparkmagazin.de\/stechlin\/wp-content\/uploads\/sites\/38\/insekt3.jpg 300w, https:\/\/www.naturparkmagazin.de\/stechlin\/wp-content\/uploads\/sites\/38\/insekt3-200x333.jpg 200w\" sizes=\"(max-width: 300px) 100vw, 300px\" \/><\/a><p id=\"caption-attachment-10970\" class=\"wp-caption-text\">Skulptur\u00a9 Cornelia Felsch<\/p><\/div>\n","protected":false},"excerpt":{"rendered":"<p>Noch geh\u00f6ren Insekten zu unserer Welt \u2013 sie best\u00e4uben Bl\u00fcten, dienen V\u00f6geln und anderen Tieren als Nahrung und lassen ihre bunten Fl\u00fcgel in der Sonne schimmern.<\/p>\n","protected":false},"author":39,"featured_media":10968,"comment_status":"open","ping_status":"open","sticky":false,"template":"","format":"standard","meta":[],"categories":[11],"tags":[],"yoast_head":"<!-- This site is optimized with the Yoast SEO plugin v19.10 - https:\/\/yoast.com\/wordpress\/plugins\/seo\/ -->\n<title>&quot;Den Krabbeltieren auf der Spur&quot; - ein Kunstprojekt der Jugendkunstschule Neuruppin - Naturpark Stechlin-Ruppiner Land<\/title>\n<meta name=\"robots\" content=\"index, follow, max-snippet:-1, max-image-preview:large, max-video-preview:-1\" \/>\n<link rel=\"canonical\" href=\"https:\/\/www.naturparkmagazin.de\/stechlin\/den-krabbeltieren-auf-der-spur-ein-kunstprojekt-der-jugendkunstschule-neuruppin\/\" \/>\n<meta property=\"og:locale\" content=\"de_DE\" \/>\n<meta property=\"og:type\" content=\"article\" \/>\n<meta property=\"og:title\" content=\"&quot;Den Krabbeltieren auf der Spur&quot; - ein Kunstprojekt der Jugendkunstschule Neuruppin - Naturpark Stechlin-Ruppiner Land\" \/>\n<meta property=\"og:description\" content=\"Noch geh\u00f6ren Insekten zu unserer Welt \u2013 sie best\u00e4uben Bl\u00fcten, dienen V\u00f6geln und anderen Tieren als Nahrung und lassen ihre bunten Fl\u00fcgel in der Sonne schimmern.\" \/>\n<meta property=\"og:url\" content=\"https:\/\/www.naturparkmagazin.de\/stechlin\/den-krabbeltieren-auf-der-spur-ein-kunstprojekt-der-jugendkunstschule-neuruppin\/\" \/>\n<meta property=\"og:site_name\" content=\"Naturpark Stechlin-Ruppiner Land\" \/>\n<meta property=\"article:published_time\" content=\"2021-08-14T07:01:30+00:00\" \/>\n<meta property=\"article:modified_time\" content=\"2021-08-24T07:22:12+00:00\" \/>\n<meta property=\"og:image\" content=\"https:\/\/www.naturparkmagazin.de\/stechlin\/wp-content\/uploads\/sites\/38\/insekt1_a.jpg\" \/>\n\t<meta property=\"og:image:width\" content=\"200\" \/>\n\t<meta property=\"og:image:height\" content=\"200\" \/>\n\t<meta property=\"og:image:type\" content=\"image\/jpeg\" \/>\n<meta name=\"author\" content=\"marioschrumpf\" \/>\n<meta name=\"twitter:label1\" content=\"Verfasst von\" \/>\n\t<meta name=\"twitter:data1\" content=\"marioschrumpf\" \/>\n\t<meta name=\"twitter:label2\" content=\"Gesch\u00e4tzte Lesezeit\" \/>\n\t<meta name=\"twitter:data2\" content=\"1\u00a0Minute\" \/>\n<script type=\"application\/ld+json\" class=\"yoast-schema-graph\">{\"@context\":\"https:\/\/schema.org\",\"@graph\":[{\"@type\":\"WebPage\",\"@id\":\"https:\/\/www.naturparkmagazin.de\/stechlin\/den-krabbeltieren-auf-der-spur-ein-kunstprojekt-der-jugendkunstschule-neuruppin\/\",\"url\":\"https:\/\/www.naturparkmagazin.de\/stechlin\/den-krabbeltieren-auf-der-spur-ein-kunstprojekt-der-jugendkunstschule-neuruppin\/\",\"name\":\"\\\"Den Krabbeltieren auf der Spur\\\" - ein Kunstprojekt der Jugendkunstschule Neuruppin - Naturpark Stechlin-Ruppiner Land\",\"isPartOf\":{\"@id\":\"https:\/\/www.naturparkmagazin.de\/stechlin\/#website\"},\"datePublished\":\"2021-08-14T07:01:30+00:00\",\"dateModified\":\"2021-08-24T07:22:12+00:00\",\"author\":{\"@id\":\"https:\/\/www.naturparkmagazin.de\/stechlin\/#\/schema\/person\/3f0d93203df21c806dd63c76d9bb28bc\"},\"breadcrumb\":{\"@id\":\"https:\/\/www.naturparkmagazin.de\/stechlin\/den-krabbeltieren-auf-der-spur-ein-kunstprojekt-der-jugendkunstschule-neuruppin\/#breadcrumb\"},\"inLanguage\":\"de\",\"potentialAction\":[{\"@type\":\"ReadAction\",\"target\":[\"https:\/\/www.naturparkmagazin.de\/stechlin\/den-krabbeltieren-auf-der-spur-ein-kunstprojekt-der-jugendkunstschule-neuruppin\/\"]}]},{\"@type\":\"BreadcrumbList\",\"@id\":\"https:\/\/www.naturparkmagazin.de\/stechlin\/den-krabbeltieren-auf-der-spur-ein-kunstprojekt-der-jugendkunstschule-neuruppin\/#breadcrumb\",\"itemListElement\":[{\"@type\":\"ListItem\",\"position\":1,\"name\":\"Home\",\"item\":\"https:\/\/www.naturparkmagazin.de\/stechlin\/\"},{\"@type\":\"ListItem\",\"position\":2,\"name\":\"&#8222;Den Krabbeltieren auf der Spur&#8220; &#8211; ein Kunstprojekt der Jugendkunstschule Neuruppin\"}]},{\"@type\":\"WebSite\",\"@id\":\"https:\/\/www.naturparkmagazin.de\/stechlin\/#website\",\"url\":\"https:\/\/www.naturparkmagazin.de\/stechlin\/\",\"name\":\"Naturpark Stechlin-Ruppiner Land\",\"description\":\"\",\"potentialAction\":[{\"@type\":\"SearchAction\",\"target\":{\"@type\":\"EntryPoint\",\"urlTemplate\":\"https:\/\/www.naturparkmagazin.de\/stechlin\/?s={search_term_string}\"},\"query-input\":\"required name=search_term_string\"}],\"inLanguage\":\"de\"},{\"@type\":\"Person\",\"@id\":\"https:\/\/www.naturparkmagazin.de\/stechlin\/#\/schema\/person\/3f0d93203df21c806dd63c76d9bb28bc\",\"name\":\"marioschrumpf\",\"url\":\"https:\/\/www.naturparkmagazin.de\/stechlin\/author\/marioschrumpf\/\"}]}<\/script>\n<!-- \/ Yoast SEO plugin. -->","yoast_head_json":{"title":"\"Den Krabbeltieren auf der Spur\" - ein Kunstprojekt der Jugendkunstschule Neuruppin - Naturpark Stechlin-Ruppiner Land","robots":{"index":"index","follow":"follow","max-snippet":"max-snippet:-1","max-image-preview":"max-image-preview:large","max-video-preview":"max-video-preview:-1"},"canonical":"https:\/\/www.naturparkmagazin.de\/stechlin\/den-krabbeltieren-auf-der-spur-ein-kunstprojekt-der-jugendkunstschule-neuruppin\/","og_locale":"de_DE","og_type":"article","og_title":"\"Den Krabbeltieren auf der Spur\" - ein Kunstprojekt der Jugendkunstschule Neuruppin - Naturpark Stechlin-Ruppiner Land","og_description":"Noch geh\u00f6ren Insekten zu unserer Welt \u2013 sie best\u00e4uben Bl\u00fcten, dienen V\u00f6geln und anderen Tieren als Nahrung und lassen ihre bunten Fl\u00fcgel in der Sonne schimmern.","og_url":"https:\/\/www.naturparkmagazin.de\/stechlin\/den-krabbeltieren-auf-der-spur-ein-kunstprojekt-der-jugendkunstschule-neuruppin\/","og_site_name":"Naturpark Stechlin-Ruppiner Land","article_published_time":"2021-08-14T07:01:30+00:00","article_modified_time":"2021-08-24T07:22:12+00:00","og_image":[{"width":200,"height":200,"url":"https:\/\/www.naturparkmagazin.de\/stechlin\/wp-content\/uploads\/sites\/38\/insekt1_a.jpg","type":"image\/jpeg"}],"author":"marioschrumpf","twitter_misc":{"Verfasst von":"marioschrumpf","Gesch\u00e4tzte Lesezeit":"1\u00a0Minute"},"schema":{"@context":"https:\/\/schema.org","@graph":[{"@type":"WebPage","@id":"https:\/\/www.naturparkmagazin.de\/stechlin\/den-krabbeltieren-auf-der-spur-ein-kunstprojekt-der-jugendkunstschule-neuruppin\/","url":"https:\/\/www.naturparkmagazin.de\/stechlin\/den-krabbeltieren-auf-der-spur-ein-kunstprojekt-der-jugendkunstschule-neuruppin\/","name":"\"Den Krabbeltieren auf der Spur\" - ein Kunstprojekt der Jugendkunstschule Neuruppin - Naturpark Stechlin-Ruppiner Land","isPartOf":{"@id":"https:\/\/www.naturparkmagazin.de\/stechlin\/#website"},"datePublished":"2021-08-14T07:01:30+00:00","dateModified":"2021-08-24T07:22:12+00:00","author":{"@id":"https:\/\/www.naturparkmagazin.de\/stechlin\/#\/schema\/person\/3f0d93203df21c806dd63c76d9bb28bc"},"breadcrumb":{"@id":"https:\/\/www.naturparkmagazin.de\/stechlin\/den-krabbeltieren-auf-der-spur-ein-kunstprojekt-der-jugendkunstschule-neuruppin\/#breadcrumb"},"inLanguage":"de","potentialAction":[{"@type":"ReadAction","target":["https:\/\/www.naturparkmagazin.de\/stechlin\/den-krabbeltieren-auf-der-spur-ein-kunstprojekt-der-jugendkunstschule-neuruppin\/"]}]},{"@type":"BreadcrumbList","@id":"https:\/\/www.naturparkmagazin.de\/stechlin\/den-krabbeltieren-auf-der-spur-ein-kunstprojekt-der-jugendkunstschule-neuruppin\/#breadcrumb","itemListElement":[{"@type":"ListItem","position":1,"name":"Home","item":"https:\/\/www.naturparkmagazin.de\/stechlin\/"},{"@type":"ListItem","position":2,"name":"&#8222;Den Krabbeltieren auf der Spur&#8220; &#8211; ein Kunstprojekt der Jugendkunstschule Neuruppin"}]},{"@type":"WebSite","@id":"https:\/\/www.naturparkmagazin.de\/stechlin\/#website","url":"https:\/\/www.naturparkmagazin.de\/stechlin\/","name":"Naturpark Stechlin-Ruppiner Land","description":"","potentialAction":[{"@type":"SearchAction","target":{"@type":"EntryPoint","urlTemplate":"https:\/\/www.naturparkmagazin.de\/stechlin\/?s={search_term_string}"},"query-input":"required name=search_term_string"}],"inLanguage":"de"},{"@type":"Person","@id":"https:\/\/www.naturparkmagazin.de\/stechlin\/#\/schema\/person\/3f0d93203df21c806dd63c76d9bb28bc","name":"marioschrumpf","url":"https:\/\/www.naturparkmagazin.de\/stechlin\/author\/marioschrumpf\/"}]}},"_links":{"self":[{"href":"https:\/\/www.naturparkmagazin.de\/stechlin\/wp-json\/wp\/v2\/posts\/10958"}],"collection":[{"href":"https:\/\/www.naturparkmagazin.de\/stechlin\/wp-json\/wp\/v2\/posts"}],"about":[{"href":"https:\/\/www.naturparkmagazin.de\/stechlin\/wp-json\/wp\/v2\/types\/post"}],"author":[{"embeddable":true,"href":"https:\/\/www.naturparkmagazin.de\/stechlin\/wp-json\/wp\/v2\/users\/39"}],"replies":[{"embeddable":true,"href":"https:\/\/www.naturparkmagazin.de\/stechlin\/wp-json\/wp\/v2\/comments?post=10958"}],"version-history":[{"count":3,"href":"https:\/\/www.naturparkmagazin.de\/stechlin\/wp-json\/wp\/v2\/posts\/10958\/revisions"}],"predecessor-version":[{"id":10965,"href":"https:\/\/www.naturparkmagazin.de\/stechlin\/wp-json\/wp\/v2\/posts\/10958\/revisions\/10965"}],"wp:featuredmedia":[{"embeddable":true,"href":"https:\/\/www.naturparkmagazin.de\/stechlin\/wp-json\/wp\/v2\/media\/10968"}],"wp:attachment":[{"href":"https:\/\/www.naturparkmagazin.de\/stechlin\/wp-json\/wp\/v2\/media?parent=10958"}],"wp:term":[{"taxonomy":"category","embeddable":true,"href":"https:\/\/www.naturparkmagazin.de\/stechlin\/wp-json\/wp\/v2\/categories?post=10958"},{"taxonomy":"post_tag","embeddable":true,"href":"https:\/\/www.naturparkmagazin.de\/stechlin\/wp-json\/wp\/v2\/tags?post=10958"}],"curies":[{"name":"wp","href":"https:\/\/api.w.org\/{rel}","templated":true}]}}