{"id":10998,"date":"2021-09-10T12:00:09","date_gmt":"2021-09-10T10:00:09","guid":{"rendered":"https:\/\/www.naturparkmagazin.de\/stechlin\/?p=10998"},"modified":"2021-09-20T17:16:01","modified_gmt":"2021-09-20T15:16:01","slug":"der-lpv-prignitz-ruppiner-land-lud-zum-3-feldtag-nach-binenwalde-ein-thema-boden","status":"publish","type":"post","link":"https:\/\/www.naturparkmagazin.de\/stechlin\/der-lpv-prignitz-ruppiner-land-lud-zum-3-feldtag-nach-binenwalde-ein-thema-boden\/","title":{"rendered":"3. Feldtag in Binenwalde zum Thema &#8222;Boden&#8220;"},"content":{"rendered":"<p>Die Vorteile der S\u00fc\u00dflupine f\u00fcr den Boden und ihre vielf\u00e4ltigen Verwendungsm\u00f6glichkeiten waren Thema beim 3. Feldtag, initiiert von Landschaftspflegeverband Prignitz-Ruppiner Land e.V. (LPV) und unterst\u00fctzt durch den Naturpark Stechlin-Ruppiner Land sowie die Rheinsberger Preu\u00dfenquelle.<\/p>\n<div id=\"attachment_11009\" style=\"width: 310px\" class=\"wp-caption aligncenter\"><a href=\"https:\/\/www.naturparkmagazin.de\/stechlin\/wp-content\/uploads\/sites\/38\/er\u00f6ffnung-feldtag.jpg\"><img aria-describedby=\"caption-attachment-11009\" decoding=\"async\" loading=\"lazy\" class=\"wp-image-11009 size-thumbnail\" src=\"https:\/\/www.naturparkmagazin.de\/stechlin\/wp-content\/uploads\/sites\/38\/er\u00f6ffnung-feldtag-300x180.jpg\" alt=\"Er\u00f6ffnung des 3. Feldtages durch Andreas Bergmann (Lanschaftspflegeverban Prignitz-Ruppiner Land e.V.), Frank Stieldorf (Rheinsberger Preussenquelle) und Dr. Mario Schrumpf (Naturpark Stechlin-Ruppiner Land) \u00a9 Foto: Heiko Strobel\" width=\"300\" height=\"180\" srcset=\"https:\/\/www.naturparkmagazin.de\/stechlin\/wp-content\/uploads\/sites\/38\/er\u00f6ffnung-feldtag-300x180.jpg 300w, https:\/\/www.naturparkmagazin.de\/stechlin\/wp-content\/uploads\/sites\/38\/er\u00f6ffnung-feldtag.jpg 500w, https:\/\/www.naturparkmagazin.de\/stechlin\/wp-content\/uploads\/sites\/38\/er\u00f6ffnung-feldtag-200x120.jpg 200w\" sizes=\"(max-width: 300px) 100vw, 300px\" \/><\/a><p id=\"caption-attachment-11009\" class=\"wp-caption-text\">Er\u00f6ffnung des 3. Feldtages durch Andreas Bergmann (Landschaftspflegeverband Prignitz-Ruppiner Land e.V.), Frank Stieldorf (Rheinsberger Preussenquelle) und Dr. Mario Schrumpf (Naturpark Stechlin-Ruppiner Land) \u00a9 Foto: Heiko Strobel<\/p><\/div>\n<p>Bevor es mit dem Kremserwagen mit 2 PS auf eine kleine Rundtour in die Umgebung ging, konnten die Teilnehmer verschiedene Lupinen-Produkte verkosten. K\u00f6rnerleguminosen, wozu die S\u00fc\u00dflupinen geh\u00f6ren, werden auch in Deutschland immer h\u00e4ufiger als gesundheitsf\u00f6rdernde Rohstoffe aber vor allem als regionale Alternativen f\u00fcr Sojaimporte zur Lebensmittelherstellung angebaut. Geb\u00e4ck, Joghurt, Kaffee, Lupinendrink, Schokolade und Aufstriche konnten beim Feldtag getestet werden.<\/p>\n<p>Au\u00dferdem ist die Lupine &#8222;<em>f\u00fcr die Fruchtfolge ein Gewinn<\/em>&#8222;, so Andreas Bergmann, Vorsitzender des LPV. Lupinen sind Stickstoffsammler und tragen durch ihr kr\u00e4ftiges, weit verzweigtes Wurzelsystem zur Strukturverbesserung des Bodens bei. N\u00e4hrstoffe und Wasser k\u00f6nnen sie durch ihre lange Pfahlwurzel auch aus tieferen Schichten nutzen. Au\u00dferdem sind sie in der Lage, schwer verf\u00fcgbaren Phosphor aufzuschlie\u00dfen und f\u00fcr Folgekulturen verf\u00fcgbar zu machen. Die Integration in die Fruchtfolge beeinflusst das gesamte Anbausystem positiv.<\/p>\n<div id=\"attachment_11011\" style=\"width: 310px\" class=\"wp-caption aligncenter\"><a href=\"https:\/\/www.naturparkmagazin.de\/stechlin\/wp-content\/uploads\/sites\/38\/vortrag-lupine.jpg\"><img aria-describedby=\"caption-attachment-11011\" decoding=\"async\" loading=\"lazy\" class=\"wp-image-11011 size-thumbnail\" src=\"https:\/\/www.naturparkmagazin.de\/stechlin\/wp-content\/uploads\/sites\/38\/vortrag-lupine-300x180.jpg\" alt=\"Vortrag zur S\u00fc\u00dflupine \u00a9 Foto: Dr. Mario Schrumpf\" width=\"300\" height=\"180\" srcset=\"https:\/\/www.naturparkmagazin.de\/stechlin\/wp-content\/uploads\/sites\/38\/vortrag-lupine-300x180.jpg 300w, https:\/\/www.naturparkmagazin.de\/stechlin\/wp-content\/uploads\/sites\/38\/vortrag-lupine.jpg 500w, https:\/\/www.naturparkmagazin.de\/stechlin\/wp-content\/uploads\/sites\/38\/vortrag-lupine-200x120.jpg 200w\" sizes=\"(max-width: 300px) 100vw, 300px\" \/><\/a><p id=\"caption-attachment-11011\" class=\"wp-caption-text\">Vortrag von Bettina Teiche (Landwirtin aus Blumenthal) zur S\u00fc\u00dflupine \u00a9 Foto: Dr. Mario Schrumpf<\/p><\/div>\n<p>Zum Schutz des Kalksees bei Binenwalde und der Lebensr\u00e4ume im angrenzenden Naturschutzgebiet (NSG) Ruppiner Schweiz werden seit l\u00e4ngerer Zeit von den Akteuren diverse Anstrengungen unternommen. So werden die an das NSG angrenzenden Ackerfl\u00e4chen \u00fcber ein Vertragsnaturschutz-Programm durch die Agrargenossenschaft Braunsberg extensiv bewirtschaftet.<\/p>\n<p>Die Rheinsberger Preussenquelle engagiert sich seit Jahren f\u00fcr die Umstellung von Betrieben auf den \u00f6kologischen Landbau. \u201e<em>Gutes Wasser kann es nur mit guten, gesunden und vitalen B\u00f6den geben<\/em>\u201c, sagt Gesch\u00e4ftsf\u00fchrer Frank Stieldorf. Der LPV setzt mit seinen Projekten, seinen Mitglieder-Betrieben und solchen Veranstaltungen weitere Impulse f\u00fcr die Landwirte aus der Region.<\/p>\n<p>Ein brandneues Ger\u00e4t zur Bodenanalyse, das von der Universit\u00e4t Potsdam entwickelt und zur Verf\u00fcgung gestellt wurde, stellte Jan Paki vom LPV vor. Per Einstich in den Boden k\u00f6nnen Landwirte damit bequem die aktuelle N\u00e4hrstoffversorgung, den ph-Wert, Bodenfeuchte und -temperatur ermitteln und mit Hilfe einer App den optimalen D\u00fcngebedarf f\u00fcr ihre Fl\u00e4chen planen.<\/p>\n<div id=\"attachment_11012\" style=\"width: 310px\" class=\"wp-caption aligncenter\"><a href=\"https:\/\/www.naturparkmagazin.de\/stechlin\/wp-content\/uploads\/sites\/38\/ger\u00e4t.jpg\"><img aria-describedby=\"caption-attachment-11012\" decoding=\"async\" loading=\"lazy\" class=\"size-thumbnail wp-image-11012\" src=\"https:\/\/www.naturparkmagazin.de\/stechlin\/wp-content\/uploads\/sites\/38\/ger\u00e4t-300x500.jpg\" alt=\"Vorf\u00fchrung des Bodenanalyseger\u00e4tes durch Jan Plaki vom LPV \u00a9 Foto: Dr. Mario Schrumpf\" width=\"300\" height=\"500\" srcset=\"https:\/\/www.naturparkmagazin.de\/stechlin\/wp-content\/uploads\/sites\/38\/ger\u00e4t.jpg 300w, https:\/\/www.naturparkmagazin.de\/stechlin\/wp-content\/uploads\/sites\/38\/ger\u00e4t-200x333.jpg 200w\" sizes=\"(max-width: 300px) 100vw, 300px\" \/><\/a><p id=\"caption-attachment-11012\" class=\"wp-caption-text\">Vorf\u00fchrung des Bodenanalyseger\u00e4tes durch Jan Plaki vom LPV\u00a9 Foto: Dr. Mario Schrumpf<\/p><\/div>\n<p>&nbsp;<\/p>\n","protected":false},"excerpt":{"rendered":"<p>Die Vorteile der S\u00fc\u00dflupine f\u00fcr den Boden und ihre vielf\u00e4ltigen Verwendungsm\u00f6glichkeiten waren Thema beim 3. Feldtag, initiiert von Landschaftspflegeverband Prignitz-Ruppiner Land e.V. <\/p>\n","protected":false},"author":39,"featured_media":11010,"comment_status":"open","ping_status":"open","sticky":false,"template":"","format":"standard","meta":[],"categories":[7],"tags":[],"yoast_head":"<!-- This site is optimized with the Yoast SEO plugin v19.10 - https:\/\/yoast.com\/wordpress\/plugins\/seo\/ -->\n<title>3. Feldtag in Binenwalde zum Thema &quot;Boden&quot; - Naturpark Stechlin-Ruppiner Land<\/title>\n<meta name=\"robots\" content=\"index, follow, max-snippet:-1, max-image-preview:large, max-video-preview:-1\" \/>\n<link rel=\"canonical\" href=\"https:\/\/www.naturparkmagazin.de\/stechlin\/der-lpv-prignitz-ruppiner-land-lud-zum-3-feldtag-nach-binenwalde-ein-thema-boden\/\" \/>\n<meta property=\"og:locale\" content=\"de_DE\" \/>\n<meta property=\"og:type\" content=\"article\" \/>\n<meta property=\"og:title\" content=\"3. Feldtag in Binenwalde zum Thema &quot;Boden&quot; - Naturpark Stechlin-Ruppiner Land\" \/>\n<meta property=\"og:description\" content=\"Die Vorteile der S\u00fc\u00dflupine f\u00fcr den Boden und ihre vielf\u00e4ltigen Verwendungsm\u00f6glichkeiten waren Thema beim 3. Feldtag, initiiert von Landschaftspflegeverband Prignitz-Ruppiner Land e.V.\" \/>\n<meta property=\"og:url\" content=\"https:\/\/www.naturparkmagazin.de\/stechlin\/der-lpv-prignitz-ruppiner-land-lud-zum-3-feldtag-nach-binenwalde-ein-thema-boden\/\" \/>\n<meta property=\"og:site_name\" content=\"Naturpark Stechlin-Ruppiner Land\" \/>\n<meta property=\"article:published_time\" content=\"2021-09-10T10:00:09+00:00\" \/>\n<meta property=\"article:modified_time\" content=\"2021-09-20T15:16:01+00:00\" \/>\n<meta property=\"og:image\" content=\"https:\/\/www.naturparkmagazin.de\/stechlin\/wp-content\/uploads\/sites\/38\/kremser_a.jpg\" \/>\n\t<meta property=\"og:image:width\" content=\"200\" \/>\n\t<meta property=\"og:image:height\" content=\"200\" \/>\n\t<meta property=\"og:image:type\" content=\"image\/jpeg\" \/>\n<meta name=\"author\" content=\"marioschrumpf\" \/>\n<meta name=\"twitter:label1\" content=\"Verfasst von\" \/>\n\t<meta name=\"twitter:data1\" content=\"marioschrumpf\" \/>\n\t<meta name=\"twitter:label2\" content=\"Gesch\u00e4tzte Lesezeit\" \/>\n\t<meta name=\"twitter:data2\" content=\"2\u00a0Minuten\" \/>\n<script type=\"application\/ld+json\" class=\"yoast-schema-graph\">{\"@context\":\"https:\/\/schema.org\",\"@graph\":[{\"@type\":\"WebPage\",\"@id\":\"https:\/\/www.naturparkmagazin.de\/stechlin\/der-lpv-prignitz-ruppiner-land-lud-zum-3-feldtag-nach-binenwalde-ein-thema-boden\/\",\"url\":\"https:\/\/www.naturparkmagazin.de\/stechlin\/der-lpv-prignitz-ruppiner-land-lud-zum-3-feldtag-nach-binenwalde-ein-thema-boden\/\",\"name\":\"3. Feldtag in Binenwalde zum Thema \\\"Boden\\\" - Naturpark Stechlin-Ruppiner Land\",\"isPartOf\":{\"@id\":\"https:\/\/www.naturparkmagazin.de\/stechlin\/#website\"},\"datePublished\":\"2021-09-10T10:00:09+00:00\",\"dateModified\":\"2021-09-20T15:16:01+00:00\",\"author\":{\"@id\":\"https:\/\/www.naturparkmagazin.de\/stechlin\/#\/schema\/person\/3f0d93203df21c806dd63c76d9bb28bc\"},\"breadcrumb\":{\"@id\":\"https:\/\/www.naturparkmagazin.de\/stechlin\/der-lpv-prignitz-ruppiner-land-lud-zum-3-feldtag-nach-binenwalde-ein-thema-boden\/#breadcrumb\"},\"inLanguage\":\"de\",\"potentialAction\":[{\"@type\":\"ReadAction\",\"target\":[\"https:\/\/www.naturparkmagazin.de\/stechlin\/der-lpv-prignitz-ruppiner-land-lud-zum-3-feldtag-nach-binenwalde-ein-thema-boden\/\"]}]},{\"@type\":\"BreadcrumbList\",\"@id\":\"https:\/\/www.naturparkmagazin.de\/stechlin\/der-lpv-prignitz-ruppiner-land-lud-zum-3-feldtag-nach-binenwalde-ein-thema-boden\/#breadcrumb\",\"itemListElement\":[{\"@type\":\"ListItem\",\"position\":1,\"name\":\"Home\",\"item\":\"https:\/\/www.naturparkmagazin.de\/stechlin\/\"},{\"@type\":\"ListItem\",\"position\":2,\"name\":\"3. Feldtag in Binenwalde zum Thema &#8222;Boden&#8220;\"}]},{\"@type\":\"WebSite\",\"@id\":\"https:\/\/www.naturparkmagazin.de\/stechlin\/#website\",\"url\":\"https:\/\/www.naturparkmagazin.de\/stechlin\/\",\"name\":\"Naturpark Stechlin-Ruppiner Land\",\"description\":\"\",\"potentialAction\":[{\"@type\":\"SearchAction\",\"target\":{\"@type\":\"EntryPoint\",\"urlTemplate\":\"https:\/\/www.naturparkmagazin.de\/stechlin\/?s={search_term_string}\"},\"query-input\":\"required name=search_term_string\"}],\"inLanguage\":\"de\"},{\"@type\":\"Person\",\"@id\":\"https:\/\/www.naturparkmagazin.de\/stechlin\/#\/schema\/person\/3f0d93203df21c806dd63c76d9bb28bc\",\"name\":\"marioschrumpf\",\"url\":\"https:\/\/www.naturparkmagazin.de\/stechlin\/author\/marioschrumpf\/\"}]}<\/script>\n<!-- \/ Yoast SEO plugin. -->","yoast_head_json":{"title":"3. Feldtag in Binenwalde zum Thema \"Boden\" - Naturpark Stechlin-Ruppiner Land","robots":{"index":"index","follow":"follow","max-snippet":"max-snippet:-1","max-image-preview":"max-image-preview:large","max-video-preview":"max-video-preview:-1"},"canonical":"https:\/\/www.naturparkmagazin.de\/stechlin\/der-lpv-prignitz-ruppiner-land-lud-zum-3-feldtag-nach-binenwalde-ein-thema-boden\/","og_locale":"de_DE","og_type":"article","og_title":"3. Feldtag in Binenwalde zum Thema \"Boden\" - Naturpark Stechlin-Ruppiner Land","og_description":"Die Vorteile der S\u00fc\u00dflupine f\u00fcr den Boden und ihre vielf\u00e4ltigen Verwendungsm\u00f6glichkeiten waren Thema beim 3. Feldtag, initiiert von Landschaftspflegeverband Prignitz-Ruppiner Land e.V.","og_url":"https:\/\/www.naturparkmagazin.de\/stechlin\/der-lpv-prignitz-ruppiner-land-lud-zum-3-feldtag-nach-binenwalde-ein-thema-boden\/","og_site_name":"Naturpark Stechlin-Ruppiner Land","article_published_time":"2021-09-10T10:00:09+00:00","article_modified_time":"2021-09-20T15:16:01+00:00","og_image":[{"width":200,"height":200,"url":"https:\/\/www.naturparkmagazin.de\/stechlin\/wp-content\/uploads\/sites\/38\/kremser_a.jpg","type":"image\/jpeg"}],"author":"marioschrumpf","twitter_misc":{"Verfasst von":"marioschrumpf","Gesch\u00e4tzte Lesezeit":"2\u00a0Minuten"},"schema":{"@context":"https:\/\/schema.org","@graph":[{"@type":"WebPage","@id":"https:\/\/www.naturparkmagazin.de\/stechlin\/der-lpv-prignitz-ruppiner-land-lud-zum-3-feldtag-nach-binenwalde-ein-thema-boden\/","url":"https:\/\/www.naturparkmagazin.de\/stechlin\/der-lpv-prignitz-ruppiner-land-lud-zum-3-feldtag-nach-binenwalde-ein-thema-boden\/","name":"3. Feldtag in Binenwalde zum Thema \"Boden\" - Naturpark Stechlin-Ruppiner Land","isPartOf":{"@id":"https:\/\/www.naturparkmagazin.de\/stechlin\/#website"},"datePublished":"2021-09-10T10:00:09+00:00","dateModified":"2021-09-20T15:16:01+00:00","author":{"@id":"https:\/\/www.naturparkmagazin.de\/stechlin\/#\/schema\/person\/3f0d93203df21c806dd63c76d9bb28bc"},"breadcrumb":{"@id":"https:\/\/www.naturparkmagazin.de\/stechlin\/der-lpv-prignitz-ruppiner-land-lud-zum-3-feldtag-nach-binenwalde-ein-thema-boden\/#breadcrumb"},"inLanguage":"de","potentialAction":[{"@type":"ReadAction","target":["https:\/\/www.naturparkmagazin.de\/stechlin\/der-lpv-prignitz-ruppiner-land-lud-zum-3-feldtag-nach-binenwalde-ein-thema-boden\/"]}]},{"@type":"BreadcrumbList","@id":"https:\/\/www.naturparkmagazin.de\/stechlin\/der-lpv-prignitz-ruppiner-land-lud-zum-3-feldtag-nach-binenwalde-ein-thema-boden\/#breadcrumb","itemListElement":[{"@type":"ListItem","position":1,"name":"Home","item":"https:\/\/www.naturparkmagazin.de\/stechlin\/"},{"@type":"ListItem","position":2,"name":"3. Feldtag in Binenwalde zum Thema &#8222;Boden&#8220;"}]},{"@type":"WebSite","@id":"https:\/\/www.naturparkmagazin.de\/stechlin\/#website","url":"https:\/\/www.naturparkmagazin.de\/stechlin\/","name":"Naturpark Stechlin-Ruppiner Land","description":"","potentialAction":[{"@type":"SearchAction","target":{"@type":"EntryPoint","urlTemplate":"https:\/\/www.naturparkmagazin.de\/stechlin\/?s={search_term_string}"},"query-input":"required name=search_term_string"}],"inLanguage":"de"},{"@type":"Person","@id":"https:\/\/www.naturparkmagazin.de\/stechlin\/#\/schema\/person\/3f0d93203df21c806dd63c76d9bb28bc","name":"marioschrumpf","url":"https:\/\/www.naturparkmagazin.de\/stechlin\/author\/marioschrumpf\/"}]}},"_links":{"self":[{"href":"https:\/\/www.naturparkmagazin.de\/stechlin\/wp-json\/wp\/v2\/posts\/10998"}],"collection":[{"href":"https:\/\/www.naturparkmagazin.de\/stechlin\/wp-json\/wp\/v2\/posts"}],"about":[{"href":"https:\/\/www.naturparkmagazin.de\/stechlin\/wp-json\/wp\/v2\/types\/post"}],"author":[{"embeddable":true,"href":"https:\/\/www.naturparkmagazin.de\/stechlin\/wp-json\/wp\/v2\/users\/39"}],"replies":[{"embeddable":true,"href":"https:\/\/www.naturparkmagazin.de\/stechlin\/wp-json\/wp\/v2\/comments?post=10998"}],"version-history":[{"count":16,"href":"https:\/\/www.naturparkmagazin.de\/stechlin\/wp-json\/wp\/v2\/posts\/10998\/revisions"}],"predecessor-version":[{"id":11047,"href":"https:\/\/www.naturparkmagazin.de\/stechlin\/wp-json\/wp\/v2\/posts\/10998\/revisions\/11047"}],"wp:featuredmedia":[{"embeddable":true,"href":"https:\/\/www.naturparkmagazin.de\/stechlin\/wp-json\/wp\/v2\/media\/11010"}],"wp:attachment":[{"href":"https:\/\/www.naturparkmagazin.de\/stechlin\/wp-json\/wp\/v2\/media?parent=10998"}],"wp:term":[{"taxonomy":"category","embeddable":true,"href":"https:\/\/www.naturparkmagazin.de\/stechlin\/wp-json\/wp\/v2\/categories?post=10998"},{"taxonomy":"post_tag","embeddable":true,"href":"https:\/\/www.naturparkmagazin.de\/stechlin\/wp-json\/wp\/v2\/tags?post=10998"}],"curies":[{"name":"wp","href":"https:\/\/api.w.org\/{rel}","templated":true}]}}