{"id":11017,"date":"2021-09-10T12:00:05","date_gmt":"2021-09-10T10:00:05","guid":{"rendered":"https:\/\/www.naturparkmagazin.de\/stechlin\/?p=11017"},"modified":"2021-09-20T15:53:13","modified_gmt":"2021-09-20T13:53:13","slug":"nachhall-startet-in-die-zweite-runde","status":"publish","type":"post","link":"https:\/\/www.naturparkmagazin.de\/stechlin\/nachhall-startet-in-die-zweite-runde\/","title":{"rendered":"Nachhall startet in die zweite Runde!"},"content":{"rendered":"<p>Noch bis zum Ende des Jahres haben engagierte Umweltsch\u00fctzer*innen, Projekte, Schulen, Kitas und Start ups aus Berlin und Brandenburg wieder die M\u00f6glichkeit, ihr nachhaltiges Engagement der \u00d6ffentlichkeit zu pr\u00e4sentieren und im kommenden Jahr pr\u00e4miert zu werden. Die Rheinsberger Preussenquelle lobt zum zweiten Mal den F\u00f6rderpreis f\u00fcr nachhaltiges Engagement aus.<\/p>\n<p>In der ersten Runde 2020 standen 40 inspirierende Projekte zur Auswahl, von denen sechs mit dem Nachhall-Award ausgezeichnet wurden.<\/p>\n<div id=\"attachment_11024\" style=\"width: 310px\" class=\"wp-caption aligncenter\"><a href=\"https:\/\/www.naturparkmagazin.de\/stechlin\/wp-content\/uploads\/sites\/38\/nachhall_2.jpg\"><img aria-describedby=\"caption-attachment-11024\" decoding=\"async\" loading=\"lazy\" class=\"size-thumbnail wp-image-11024\" src=\"https:\/\/www.naturparkmagazin.de\/stechlin\/wp-content\/uploads\/sites\/38\/nachhall_2-300x180.jpg\" alt=\"\u00a9 Foto: Rheinsberger Preussenquelle\" width=\"300\" height=\"180\" srcset=\"https:\/\/www.naturparkmagazin.de\/stechlin\/wp-content\/uploads\/sites\/38\/nachhall_2-300x180.jpg 300w, https:\/\/www.naturparkmagazin.de\/stechlin\/wp-content\/uploads\/sites\/38\/nachhall_2.jpg 500w, https:\/\/www.naturparkmagazin.de\/stechlin\/wp-content\/uploads\/sites\/38\/nachhall_2-200x120.jpg 200w\" sizes=\"(max-width: 300px) 100vw, 300px\" \/><\/a><p id=\"caption-attachment-11024\" class=\"wp-caption-text\">\u00a9 Foto: Rheinsberger Preussenquelle<\/p><\/div>\n<p><strong>Du hast Ideen f\u00fcr eine bessere Zukunft, bist Teil eines Projektes, Vereins, einer Initiative, eines Klein- oder Start-up-Unternehmens, das sich f\u00fcr Nachhaltigkeit, \u00d6kologie, Wasser- oder Bodenschutz einsetzt? Dann f\u00fcll das Bewerbungsformular hier aus und nimm am Nachhall 2022 teil.<\/strong><\/p>\n<p>Die Einreichungsphase l\u00e4uft noch bis Ende Dezember 2021. Ab Mitte Januar 2022 werden die ersten beiden Sieger-Projekte durch eine Publikumswahl ermittelt.<\/p>\n<div id=\"attachment_11023\" style=\"width: 310px\" class=\"wp-caption aligncenter\"><a href=\"https:\/\/www.naturparkmagazin.de\/stechlin\/wp-content\/uploads\/sites\/38\/nachhall_1-2021.jpg\"><img aria-describedby=\"caption-attachment-11023\" decoding=\"async\" loading=\"lazy\" class=\"size-thumbnail wp-image-11023\" src=\"https:\/\/www.naturparkmagazin.de\/stechlin\/wp-content\/uploads\/sites\/38\/nachhall_1-2021-300x180.jpg\" alt=\"\u00a9 Foto: Rheinsberger Preussenquelle\" width=\"300\" height=\"180\" srcset=\"https:\/\/www.naturparkmagazin.de\/stechlin\/wp-content\/uploads\/sites\/38\/nachhall_1-2021-300x180.jpg 300w, https:\/\/www.naturparkmagazin.de\/stechlin\/wp-content\/uploads\/sites\/38\/nachhall_1-2021.jpg 500w, https:\/\/www.naturparkmagazin.de\/stechlin\/wp-content\/uploads\/sites\/38\/nachhall_1-2021-200x120.jpg 200w\" sizes=\"(max-width: 300px) 100vw, 300px\" \/><\/a><p id=\"caption-attachment-11023\" class=\"wp-caption-text\">\u00a9 Foto: Rheinsberger Preussenquelle<\/p><\/div>\n<p>Alle Projekte, die sich um den Nachhall 2022 bewerben, werden \u00fcber den Blog der Rheinsberger Preussenquelle vorgestellt. Die Projekte nehmen damit automatisch am Voting f\u00fcr die beiden Publikumspreise teil. Ermittelt werden die beiden Gewinner \u00fcber ein offenes Voting, das zwischen dem 15.01. und 30.03.2022 stattfindet.<\/p>\n<p>Anschlie\u00dfend ermittelt die Jury im April 2022 die Gewinner f\u00fcr die weiteren drei Kategorien. Die Preisverleihung findet im Mai 2022 im Zuge des Nachhaltigkeitstages der Rheinsberger Preussenquelle in Rheinsberg statt. Dazu sind alle Gewinner*innen und nat\u00fcrlich auch alle Teilnehmer*innen herzlich eingeladen!<\/p>\n<p><a href=\"https:\/\/www.bleibt-natuerlich.de\/nachhall-2022\/\" target=\"_blank\">Hier geht\u00b4s zur Webseite!<\/a><\/p>\n","protected":false},"excerpt":{"rendered":"<p>Die Rheinsberger Preussenquelle lobt bereits zum zweiten Mal den F\u00f6rderpreis f\u00fcr nachhaltiges Umweltengagement aus.<\/p>\n","protected":false},"author":39,"featured_media":11022,"comment_status":"open","ping_status":"open","sticky":false,"template":"","format":"standard","meta":[],"categories":[7],"tags":[],"yoast_head":"<!-- This site is optimized with the Yoast SEO plugin v19.10 - https:\/\/yoast.com\/wordpress\/plugins\/seo\/ -->\n<title>Nachhall startet in die zweite Runde! - Naturpark Stechlin-Ruppiner Land<\/title>\n<meta name=\"robots\" content=\"index, follow, max-snippet:-1, max-image-preview:large, max-video-preview:-1\" \/>\n<link rel=\"canonical\" href=\"https:\/\/www.naturparkmagazin.de\/stechlin\/nachhall-startet-in-die-zweite-runde\/\" \/>\n<meta property=\"og:locale\" content=\"de_DE\" \/>\n<meta property=\"og:type\" content=\"article\" \/>\n<meta property=\"og:title\" content=\"Nachhall startet in die zweite Runde! - Naturpark Stechlin-Ruppiner Land\" \/>\n<meta property=\"og:description\" content=\"Die Rheinsberger Preussenquelle lobt bereits zum zweiten Mal den F\u00f6rderpreis f\u00fcr nachhaltiges Umweltengagement aus.\" \/>\n<meta property=\"og:url\" content=\"https:\/\/www.naturparkmagazin.de\/stechlin\/nachhall-startet-in-die-zweite-runde\/\" \/>\n<meta property=\"og:site_name\" content=\"Naturpark Stechlin-Ruppiner Land\" \/>\n<meta property=\"article:published_time\" content=\"2021-09-10T10:00:05+00:00\" \/>\n<meta property=\"article:modified_time\" content=\"2021-09-20T13:53:13+00:00\" \/>\n<meta property=\"og:image\" content=\"https:\/\/www.naturparkmagazin.de\/stechlin\/wp-content\/uploads\/sites\/38\/nachhall2022.jpg\" \/>\n\t<meta property=\"og:image:width\" content=\"240\" \/>\n\t<meta property=\"og:image:height\" content=\"320\" \/>\n\t<meta property=\"og:image:type\" content=\"image\/jpeg\" \/>\n<meta name=\"author\" content=\"marioschrumpf\" \/>\n<meta name=\"twitter:label1\" content=\"Verfasst von\" \/>\n\t<meta name=\"twitter:data1\" content=\"marioschrumpf\" \/>\n\t<meta name=\"twitter:label2\" content=\"Gesch\u00e4tzte Lesezeit\" \/>\n\t<meta name=\"twitter:data2\" content=\"1\u00a0Minute\" \/>\n<script type=\"application\/ld+json\" class=\"yoast-schema-graph\">{\"@context\":\"https:\/\/schema.org\",\"@graph\":[{\"@type\":\"WebPage\",\"@id\":\"https:\/\/www.naturparkmagazin.de\/stechlin\/nachhall-startet-in-die-zweite-runde\/\",\"url\":\"https:\/\/www.naturparkmagazin.de\/stechlin\/nachhall-startet-in-die-zweite-runde\/\",\"name\":\"Nachhall startet in die zweite Runde! - Naturpark Stechlin-Ruppiner Land\",\"isPartOf\":{\"@id\":\"https:\/\/www.naturparkmagazin.de\/stechlin\/#website\"},\"datePublished\":\"2021-09-10T10:00:05+00:00\",\"dateModified\":\"2021-09-20T13:53:13+00:00\",\"author\":{\"@id\":\"https:\/\/www.naturparkmagazin.de\/stechlin\/#\/schema\/person\/3f0d93203df21c806dd63c76d9bb28bc\"},\"breadcrumb\":{\"@id\":\"https:\/\/www.naturparkmagazin.de\/stechlin\/nachhall-startet-in-die-zweite-runde\/#breadcrumb\"},\"inLanguage\":\"de\",\"potentialAction\":[{\"@type\":\"ReadAction\",\"target\":[\"https:\/\/www.naturparkmagazin.de\/stechlin\/nachhall-startet-in-die-zweite-runde\/\"]}]},{\"@type\":\"BreadcrumbList\",\"@id\":\"https:\/\/www.naturparkmagazin.de\/stechlin\/nachhall-startet-in-die-zweite-runde\/#breadcrumb\",\"itemListElement\":[{\"@type\":\"ListItem\",\"position\":1,\"name\":\"Home\",\"item\":\"https:\/\/www.naturparkmagazin.de\/stechlin\/\"},{\"@type\":\"ListItem\",\"position\":2,\"name\":\"Nachhall startet in die zweite Runde!\"}]},{\"@type\":\"WebSite\",\"@id\":\"https:\/\/www.naturparkmagazin.de\/stechlin\/#website\",\"url\":\"https:\/\/www.naturparkmagazin.de\/stechlin\/\",\"name\":\"Naturpark Stechlin-Ruppiner Land\",\"description\":\"\",\"potentialAction\":[{\"@type\":\"SearchAction\",\"target\":{\"@type\":\"EntryPoint\",\"urlTemplate\":\"https:\/\/www.naturparkmagazin.de\/stechlin\/?s={search_term_string}\"},\"query-input\":\"required name=search_term_string\"}],\"inLanguage\":\"de\"},{\"@type\":\"Person\",\"@id\":\"https:\/\/www.naturparkmagazin.de\/stechlin\/#\/schema\/person\/3f0d93203df21c806dd63c76d9bb28bc\",\"name\":\"marioschrumpf\",\"url\":\"https:\/\/www.naturparkmagazin.de\/stechlin\/author\/marioschrumpf\/\"}]}<\/script>\n<!-- \/ Yoast SEO plugin. -->","yoast_head_json":{"title":"Nachhall startet in die zweite Runde! - Naturpark Stechlin-Ruppiner Land","robots":{"index":"index","follow":"follow","max-snippet":"max-snippet:-1","max-image-preview":"max-image-preview:large","max-video-preview":"max-video-preview:-1"},"canonical":"https:\/\/www.naturparkmagazin.de\/stechlin\/nachhall-startet-in-die-zweite-runde\/","og_locale":"de_DE","og_type":"article","og_title":"Nachhall startet in die zweite Runde! - Naturpark Stechlin-Ruppiner Land","og_description":"Die Rheinsberger Preussenquelle lobt bereits zum zweiten Mal den F\u00f6rderpreis f\u00fcr nachhaltiges Umweltengagement aus.","og_url":"https:\/\/www.naturparkmagazin.de\/stechlin\/nachhall-startet-in-die-zweite-runde\/","og_site_name":"Naturpark Stechlin-Ruppiner Land","article_published_time":"2021-09-10T10:00:05+00:00","article_modified_time":"2021-09-20T13:53:13+00:00","og_image":[{"width":240,"height":320,"url":"https:\/\/www.naturparkmagazin.de\/stechlin\/wp-content\/uploads\/sites\/38\/nachhall2022.jpg","type":"image\/jpeg"}],"author":"marioschrumpf","twitter_misc":{"Verfasst von":"marioschrumpf","Gesch\u00e4tzte Lesezeit":"1\u00a0Minute"},"schema":{"@context":"https:\/\/schema.org","@graph":[{"@type":"WebPage","@id":"https:\/\/www.naturparkmagazin.de\/stechlin\/nachhall-startet-in-die-zweite-runde\/","url":"https:\/\/www.naturparkmagazin.de\/stechlin\/nachhall-startet-in-die-zweite-runde\/","name":"Nachhall startet in die zweite Runde! - Naturpark Stechlin-Ruppiner Land","isPartOf":{"@id":"https:\/\/www.naturparkmagazin.de\/stechlin\/#website"},"datePublished":"2021-09-10T10:00:05+00:00","dateModified":"2021-09-20T13:53:13+00:00","author":{"@id":"https:\/\/www.naturparkmagazin.de\/stechlin\/#\/schema\/person\/3f0d93203df21c806dd63c76d9bb28bc"},"breadcrumb":{"@id":"https:\/\/www.naturparkmagazin.de\/stechlin\/nachhall-startet-in-die-zweite-runde\/#breadcrumb"},"inLanguage":"de","potentialAction":[{"@type":"ReadAction","target":["https:\/\/www.naturparkmagazin.de\/stechlin\/nachhall-startet-in-die-zweite-runde\/"]}]},{"@type":"BreadcrumbList","@id":"https:\/\/www.naturparkmagazin.de\/stechlin\/nachhall-startet-in-die-zweite-runde\/#breadcrumb","itemListElement":[{"@type":"ListItem","position":1,"name":"Home","item":"https:\/\/www.naturparkmagazin.de\/stechlin\/"},{"@type":"ListItem","position":2,"name":"Nachhall startet in die zweite Runde!"}]},{"@type":"WebSite","@id":"https:\/\/www.naturparkmagazin.de\/stechlin\/#website","url":"https:\/\/www.naturparkmagazin.de\/stechlin\/","name":"Naturpark Stechlin-Ruppiner Land","description":"","potentialAction":[{"@type":"SearchAction","target":{"@type":"EntryPoint","urlTemplate":"https:\/\/www.naturparkmagazin.de\/stechlin\/?s={search_term_string}"},"query-input":"required name=search_term_string"}],"inLanguage":"de"},{"@type":"Person","@id":"https:\/\/www.naturparkmagazin.de\/stechlin\/#\/schema\/person\/3f0d93203df21c806dd63c76d9bb28bc","name":"marioschrumpf","url":"https:\/\/www.naturparkmagazin.de\/stechlin\/author\/marioschrumpf\/"}]}},"_links":{"self":[{"href":"https:\/\/www.naturparkmagazin.de\/stechlin\/wp-json\/wp\/v2\/posts\/11017"}],"collection":[{"href":"https:\/\/www.naturparkmagazin.de\/stechlin\/wp-json\/wp\/v2\/posts"}],"about":[{"href":"https:\/\/www.naturparkmagazin.de\/stechlin\/wp-json\/wp\/v2\/types\/post"}],"author":[{"embeddable":true,"href":"https:\/\/www.naturparkmagazin.de\/stechlin\/wp-json\/wp\/v2\/users\/39"}],"replies":[{"embeddable":true,"href":"https:\/\/www.naturparkmagazin.de\/stechlin\/wp-json\/wp\/v2\/comments?post=11017"}],"version-history":[{"count":8,"href":"https:\/\/www.naturparkmagazin.de\/stechlin\/wp-json\/wp\/v2\/posts\/11017\/revisions"}],"predecessor-version":[{"id":11032,"href":"https:\/\/www.naturparkmagazin.de\/stechlin\/wp-json\/wp\/v2\/posts\/11017\/revisions\/11032"}],"wp:featuredmedia":[{"embeddable":true,"href":"https:\/\/www.naturparkmagazin.de\/stechlin\/wp-json\/wp\/v2\/media\/11022"}],"wp:attachment":[{"href":"https:\/\/www.naturparkmagazin.de\/stechlin\/wp-json\/wp\/v2\/media?parent=11017"}],"wp:term":[{"taxonomy":"category","embeddable":true,"href":"https:\/\/www.naturparkmagazin.de\/stechlin\/wp-json\/wp\/v2\/categories?post=11017"},{"taxonomy":"post_tag","embeddable":true,"href":"https:\/\/www.naturparkmagazin.de\/stechlin\/wp-json\/wp\/v2\/tags?post=11017"}],"curies":[{"name":"wp","href":"https:\/\/api.w.org\/{rel}","templated":true}]}}