{"id":1102,"date":"2014-06-18T08:50:19","date_gmt":"2014-06-18T06:50:19","guid":{"rendered":"http:\/\/www.naturparkmagazin.de\/stechlin\/?p=1102"},"modified":"2014-06-18T08:50:19","modified_gmt":"2014-06-18T06:50:19","slug":"mit-allen-sinnen-geniessen","status":"publish","type":"post","link":"https:\/\/www.naturparkmagazin.de\/stechlin\/mit-allen-sinnen-geniessen\/","title":{"rendered":"Mit allen Sinnen genie\u00dfen"},"content":{"rendered":"<div id=\"attachment_1104\" style=\"width: 330px\" class=\"wp-caption alignnone\"><a href=\"https:\/\/www.naturparkmagazin.de\/stechlin\/wp-content\/uploads\/sites\/38\/k-Rolly-2-im-Sinnesgarten.jpg\"><img aria-describedby=\"caption-attachment-1104\" decoding=\"async\" loading=\"lazy\" class=\"size-full wp-image-1104\" alt=\"Sinnesgarten am NaturParkHaus\" src=\"https:\/\/www.naturparkmagazin.de\/stechlin\/wp-content\/uploads\/sites\/38\/k-Rolly-2-im-Sinnesgarten.jpg\" width=\"320\" height=\"240\" srcset=\"https:\/\/www.naturparkmagazin.de\/stechlin\/wp-content\/uploads\/sites\/38\/k-Rolly-2-im-Sinnesgarten.jpg 320w, https:\/\/www.naturparkmagazin.de\/stechlin\/wp-content\/uploads\/sites\/38\/k-Rolly-2-im-Sinnesgarten-300x225.jpg 300w, https:\/\/www.naturparkmagazin.de\/stechlin\/wp-content\/uploads\/sites\/38\/k-Rolly-2-im-Sinnesgarten-180x135.jpg 180w, https:\/\/www.naturparkmagazin.de\/stechlin\/wp-content\/uploads\/sites\/38\/k-Rolly-2-im-Sinnesgarten-95x71.jpg 95w, https:\/\/www.naturparkmagazin.de\/stechlin\/wp-content\/uploads\/sites\/38\/k-Rolly-2-im-Sinnesgarten-200x150.jpg 200w\" sizes=\"(max-width: 320px) 100vw, 320px\" \/><\/a><p id=\"caption-attachment-1104\" class=\"wp-caption-text\">Sinnesgarten am NaturParkHaus<\/p><\/div>\n<p>Bei einer F\u00fchrung durch den Sinnesgarten des NaturParkHauses erfahren Sie am 16. Juli um 11 Uhr vieles \u00fcber die Verwendung von Kr\u00e4utern. Der Garten am Besucherzentrum des Naturparks in Menz steht z. Zt. in voller Bl\u00fcte. Nach der F\u00fchrung durch den Garten wollen wir gemeinsam mit frischen Kr\u00e4utern \u00d6l und Essigspezialit\u00e4ten zum Mitnehmen zubereiten.<\/p>\n<p>Kosten: Gartenf\u00fchrung 1 EURO plus Materialkosten f\u00fcr \u00d6l und Essig<\/p>\n","protected":false},"excerpt":{"rendered":"<p>Bei einer F\u00fchrung durch den Sinnesgarten des NaturParkHauses erfahren Sie am 16. Juli um 11 Uhr vieles \u00fcber die Verwendung von Kr\u00e4utern.<\/p>\n","protected":false},"author":39,"featured_media":1104,"comment_status":"open","ping_status":"open","sticky":false,"template":"","format":"standard","meta":[],"categories":[11],"tags":[],"yoast_head":"<!-- This site is optimized with the Yoast SEO plugin v19.10 - https:\/\/yoast.com\/wordpress\/plugins\/seo\/ -->\n<title>Mit allen Sinnen genie\u00dfen - Naturpark Stechlin-Ruppiner Land<\/title>\n<meta name=\"robots\" content=\"index, follow, max-snippet:-1, max-image-preview:large, max-video-preview:-1\" \/>\n<link rel=\"canonical\" href=\"https:\/\/www.naturparkmagazin.de\/stechlin\/mit-allen-sinnen-geniessen\/\" \/>\n<meta property=\"og:locale\" content=\"de_DE\" \/>\n<meta property=\"og:type\" content=\"article\" \/>\n<meta property=\"og:title\" content=\"Mit allen Sinnen genie\u00dfen - Naturpark Stechlin-Ruppiner Land\" \/>\n<meta property=\"og:description\" content=\"Bei einer F\u00fchrung durch den Sinnesgarten des NaturParkHauses erfahren Sie am 16. Juli um 11 Uhr vieles \u00fcber die Verwendung von Kr\u00e4utern.\" \/>\n<meta property=\"og:url\" content=\"https:\/\/www.naturparkmagazin.de\/stechlin\/mit-allen-sinnen-geniessen\/\" \/>\n<meta property=\"og:site_name\" content=\"Naturpark Stechlin-Ruppiner Land\" \/>\n<meta property=\"article:published_time\" content=\"2014-06-18T06:50:19+00:00\" \/>\n<meta property=\"og:image\" content=\"https:\/\/www.naturparkmagazin.de\/stechlin\/wp-content\/uploads\/sites\/38\/k-Rolly-2-im-Sinnesgarten.jpg\" \/>\n\t<meta property=\"og:image:width\" content=\"320\" \/>\n\t<meta property=\"og:image:height\" content=\"240\" \/>\n\t<meta property=\"og:image:type\" content=\"image\/jpeg\" \/>\n<meta name=\"author\" content=\"marioschrumpf\" \/>\n<meta name=\"twitter:label1\" content=\"Verfasst von\" \/>\n\t<meta name=\"twitter:data1\" content=\"marioschrumpf\" \/>\n<script type=\"application\/ld+json\" class=\"yoast-schema-graph\">{\"@context\":\"https:\/\/schema.org\",\"@graph\":[{\"@type\":\"WebPage\",\"@id\":\"https:\/\/www.naturparkmagazin.de\/stechlin\/mit-allen-sinnen-geniessen\/\",\"url\":\"https:\/\/www.naturparkmagazin.de\/stechlin\/mit-allen-sinnen-geniessen\/\",\"name\":\"Mit allen Sinnen genie\u00dfen - Naturpark Stechlin-Ruppiner Land\",\"isPartOf\":{\"@id\":\"https:\/\/www.naturparkmagazin.de\/stechlin\/#website\"},\"datePublished\":\"2014-06-18T06:50:19+00:00\",\"dateModified\":\"2014-06-18T06:50:19+00:00\",\"author\":{\"@id\":\"https:\/\/www.naturparkmagazin.de\/stechlin\/#\/schema\/person\/3f0d93203df21c806dd63c76d9bb28bc\"},\"breadcrumb\":{\"@id\":\"https:\/\/www.naturparkmagazin.de\/stechlin\/mit-allen-sinnen-geniessen\/#breadcrumb\"},\"inLanguage\":\"de\",\"potentialAction\":[{\"@type\":\"ReadAction\",\"target\":[\"https:\/\/www.naturparkmagazin.de\/stechlin\/mit-allen-sinnen-geniessen\/\"]}]},{\"@type\":\"BreadcrumbList\",\"@id\":\"https:\/\/www.naturparkmagazin.de\/stechlin\/mit-allen-sinnen-geniessen\/#breadcrumb\",\"itemListElement\":[{\"@type\":\"ListItem\",\"position\":1,\"name\":\"Home\",\"item\":\"https:\/\/www.naturparkmagazin.de\/stechlin\/\"},{\"@type\":\"ListItem\",\"position\":2,\"name\":\"Mit allen Sinnen genie\u00dfen\"}]},{\"@type\":\"WebSite\",\"@id\":\"https:\/\/www.naturparkmagazin.de\/stechlin\/#website\",\"url\":\"https:\/\/www.naturparkmagazin.de\/stechlin\/\",\"name\":\"Naturpark Stechlin-Ruppiner Land\",\"description\":\"\",\"potentialAction\":[{\"@type\":\"SearchAction\",\"target\":{\"@type\":\"EntryPoint\",\"urlTemplate\":\"https:\/\/www.naturparkmagazin.de\/stechlin\/?s={search_term_string}\"},\"query-input\":\"required name=search_term_string\"}],\"inLanguage\":\"de\"},{\"@type\":\"Person\",\"@id\":\"https:\/\/www.naturparkmagazin.de\/stechlin\/#\/schema\/person\/3f0d93203df21c806dd63c76d9bb28bc\",\"name\":\"marioschrumpf\",\"url\":\"https:\/\/www.naturparkmagazin.de\/stechlin\/author\/marioschrumpf\/\"}]}<\/script>\n<!-- \/ Yoast SEO plugin. -->","yoast_head_json":{"title":"Mit allen Sinnen genie\u00dfen - Naturpark Stechlin-Ruppiner Land","robots":{"index":"index","follow":"follow","max-snippet":"max-snippet:-1","max-image-preview":"max-image-preview:large","max-video-preview":"max-video-preview:-1"},"canonical":"https:\/\/www.naturparkmagazin.de\/stechlin\/mit-allen-sinnen-geniessen\/","og_locale":"de_DE","og_type":"article","og_title":"Mit allen Sinnen genie\u00dfen - Naturpark Stechlin-Ruppiner Land","og_description":"Bei einer F\u00fchrung durch den Sinnesgarten des NaturParkHauses erfahren Sie am 16. Juli um 11 Uhr vieles \u00fcber die Verwendung von Kr\u00e4utern.","og_url":"https:\/\/www.naturparkmagazin.de\/stechlin\/mit-allen-sinnen-geniessen\/","og_site_name":"Naturpark Stechlin-Ruppiner Land","article_published_time":"2014-06-18T06:50:19+00:00","og_image":[{"width":320,"height":240,"url":"https:\/\/www.naturparkmagazin.de\/stechlin\/wp-content\/uploads\/sites\/38\/k-Rolly-2-im-Sinnesgarten.jpg","type":"image\/jpeg"}],"author":"marioschrumpf","twitter_misc":{"Verfasst von":"marioschrumpf"},"schema":{"@context":"https:\/\/schema.org","@graph":[{"@type":"WebPage","@id":"https:\/\/www.naturparkmagazin.de\/stechlin\/mit-allen-sinnen-geniessen\/","url":"https:\/\/www.naturparkmagazin.de\/stechlin\/mit-allen-sinnen-geniessen\/","name":"Mit allen Sinnen genie\u00dfen - Naturpark Stechlin-Ruppiner Land","isPartOf":{"@id":"https:\/\/www.naturparkmagazin.de\/stechlin\/#website"},"datePublished":"2014-06-18T06:50:19+00:00","dateModified":"2014-06-18T06:50:19+00:00","author":{"@id":"https:\/\/www.naturparkmagazin.de\/stechlin\/#\/schema\/person\/3f0d93203df21c806dd63c76d9bb28bc"},"breadcrumb":{"@id":"https:\/\/www.naturparkmagazin.de\/stechlin\/mit-allen-sinnen-geniessen\/#breadcrumb"},"inLanguage":"de","potentialAction":[{"@type":"ReadAction","target":["https:\/\/www.naturparkmagazin.de\/stechlin\/mit-allen-sinnen-geniessen\/"]}]},{"@type":"BreadcrumbList","@id":"https:\/\/www.naturparkmagazin.de\/stechlin\/mit-allen-sinnen-geniessen\/#breadcrumb","itemListElement":[{"@type":"ListItem","position":1,"name":"Home","item":"https:\/\/www.naturparkmagazin.de\/stechlin\/"},{"@type":"ListItem","position":2,"name":"Mit allen Sinnen genie\u00dfen"}]},{"@type":"WebSite","@id":"https:\/\/www.naturparkmagazin.de\/stechlin\/#website","url":"https:\/\/www.naturparkmagazin.de\/stechlin\/","name":"Naturpark Stechlin-Ruppiner Land","description":"","potentialAction":[{"@type":"SearchAction","target":{"@type":"EntryPoint","urlTemplate":"https:\/\/www.naturparkmagazin.de\/stechlin\/?s={search_term_string}"},"query-input":"required name=search_term_string"}],"inLanguage":"de"},{"@type":"Person","@id":"https:\/\/www.naturparkmagazin.de\/stechlin\/#\/schema\/person\/3f0d93203df21c806dd63c76d9bb28bc","name":"marioschrumpf","url":"https:\/\/www.naturparkmagazin.de\/stechlin\/author\/marioschrumpf\/"}]}},"_links":{"self":[{"href":"https:\/\/www.naturparkmagazin.de\/stechlin\/wp-json\/wp\/v2\/posts\/1102"}],"collection":[{"href":"https:\/\/www.naturparkmagazin.de\/stechlin\/wp-json\/wp\/v2\/posts"}],"about":[{"href":"https:\/\/www.naturparkmagazin.de\/stechlin\/wp-json\/wp\/v2\/types\/post"}],"author":[{"embeddable":true,"href":"https:\/\/www.naturparkmagazin.de\/stechlin\/wp-json\/wp\/v2\/users\/39"}],"replies":[{"embeddable":true,"href":"https:\/\/www.naturparkmagazin.de\/stechlin\/wp-json\/wp\/v2\/comments?post=1102"}],"version-history":[{"count":1,"href":"https:\/\/www.naturparkmagazin.de\/stechlin\/wp-json\/wp\/v2\/posts\/1102\/revisions"}],"predecessor-version":[{"id":1105,"href":"https:\/\/www.naturparkmagazin.de\/stechlin\/wp-json\/wp\/v2\/posts\/1102\/revisions\/1105"}],"wp:featuredmedia":[{"embeddable":true,"href":"https:\/\/www.naturparkmagazin.de\/stechlin\/wp-json\/wp\/v2\/media\/1104"}],"wp:attachment":[{"href":"https:\/\/www.naturparkmagazin.de\/stechlin\/wp-json\/wp\/v2\/media?parent=1102"}],"wp:term":[{"taxonomy":"category","embeddable":true,"href":"https:\/\/www.naturparkmagazin.de\/stechlin\/wp-json\/wp\/v2\/categories?post=1102"},{"taxonomy":"post_tag","embeddable":true,"href":"https:\/\/www.naturparkmagazin.de\/stechlin\/wp-json\/wp\/v2\/tags?post=1102"}],"curies":[{"name":"wp","href":"https:\/\/api.w.org\/{rel}","templated":true}]}}