{"id":11033,"date":"2021-09-10T15:02:54","date_gmt":"2021-09-10T13:02:54","guid":{"rendered":"https:\/\/www.naturparkmagazin.de\/stechlin\/?p=11033"},"modified":"2021-09-22T09:32:30","modified_gmt":"2021-09-22T07:32:30","slug":"umweltminister-vogel-eroeffnet-erweiterungsbau-der-waldarbeitsschule-kunsterspring","status":"publish","type":"post","link":"https:\/\/www.naturparkmagazin.de\/stechlin\/umweltminister-vogel-eroeffnet-erweiterungsbau-der-waldarbeitsschule-kunsterspring\/","title":{"rendered":"Umweltminister Vogel er\u00f6ffnet Erweiterungsbau der Waldarbeitsschule Kunsterspring"},"content":{"rendered":"<p>Die Waldarbeitsschule Kunsterspring genie\u00dft nicht nur in Brandenburg, sondern bundesweit ein hohes Ansehen. Das vielf\u00e4ltige Ausbildungs- und Aufgabenprofil sowie die hohe Qualit\u00e4t f\u00fchren dazu, dass die Anzahl der Bewerber regelm\u00e4\u00dfig weit \u00fcber der Zahl der Ausbildungsstellen liegt.<\/p>\n<div id=\"attachment_11076\" style=\"width: 310px\" class=\"wp-caption aligncenter\"><a href=\"https:\/\/www.naturparkmagazin.de\/stechlin\/wp-content\/uploads\/sites\/38\/Holzbaukonzept-.jpg\"><img aria-describedby=\"caption-attachment-11076\" decoding=\"async\" loading=\"lazy\" class=\"size-thumbnail wp-image-11076\" src=\"https:\/\/www.naturparkmagazin.de\/stechlin\/wp-content\/uploads\/sites\/38\/Holzbaukonzept--300x180.jpg\" alt=\"Der Leiter der Waldarbeitsschule, Dr. Ralf Gruner (links) erl\u00e4utert das Holzbaukonzept des Erweiterungsbaus. \u00a9 Foto: Dr. Mario Schrumpf\" width=\"300\" height=\"180\" srcset=\"https:\/\/www.naturparkmagazin.de\/stechlin\/wp-content\/uploads\/sites\/38\/Holzbaukonzept--300x180.jpg 300w, https:\/\/www.naturparkmagazin.de\/stechlin\/wp-content\/uploads\/sites\/38\/Holzbaukonzept-.jpg 500w, https:\/\/www.naturparkmagazin.de\/stechlin\/wp-content\/uploads\/sites\/38\/Holzbaukonzept--200x120.jpg 200w\" sizes=\"(max-width: 300px) 100vw, 300px\" \/><\/a><p id=\"caption-attachment-11076\" class=\"wp-caption-text\">Der Leiter der Waldarbeitsschule, Dr. Ralf Gruner (links) erl\u00e4utert das Holzbaukonzept des Erweiterungsbaus.\u00a9 Foto: Dr. Mario Schrumpf<\/p><\/div>\n<p>Um den steigenden Anforderungen an die Lehre und praxisnahe Ausbildung gerecht zu werden, wurde die Waldarbeitsschule um das &#8222;Haus L\u00e4rche&#8220; erweitert. Daf\u00fcr wurde der Verpflegungstrakt in Holzbauweise aufgestockt. Neben hochwertigen \u00dcbernachtungspl\u00e4tzen entstanden ein mit modernster Videotechnik ausgestatteter Seminarraum und Simulatorenpl\u00e4tze f\u00fcr das Training des Harvestereinsatzes im Wald.<\/p>\n<div id=\"attachment_11078\" style=\"width: 310px\" class=\"wp-caption aligncenter\"><a href=\"https:\/\/www.naturparkmagazin.de\/stechlin\/wp-content\/uploads\/sites\/38\/neubauetage.jpg\"><img aria-describedby=\"caption-attachment-11078\" decoding=\"async\" loading=\"lazy\" class=\"size-thumbnail wp-image-11078\" src=\"https:\/\/www.naturparkmagazin.de\/stechlin\/wp-content\/uploads\/sites\/38\/neubauetage-300x180.jpg\" alt=\"Die komplette Neubauetage wurde in Holzbauweise errichtet. \u00a9 Foto: Dr. Mario Schrumpf\" width=\"300\" height=\"180\" srcset=\"https:\/\/www.naturparkmagazin.de\/stechlin\/wp-content\/uploads\/sites\/38\/neubauetage-300x180.jpg 300w, https:\/\/www.naturparkmagazin.de\/stechlin\/wp-content\/uploads\/sites\/38\/neubauetage.jpg 500w, https:\/\/www.naturparkmagazin.de\/stechlin\/wp-content\/uploads\/sites\/38\/neubauetage-200x120.jpg 200w\" sizes=\"(max-width: 300px) 100vw, 300px\" \/><\/a><p id=\"caption-attachment-11078\" class=\"wp-caption-text\">Die komplette Neubauetage wurde in Holzbauweise errichtet.\u00a9 Foto: Dr. Mario Schrumpf<\/p><\/div>\n<p>Die Mitarbeiter der Naturparkverwaltung und der Naturwacht unterst\u00fctzen die Ausbildung im Bereich Naturschutz durch Exkursionen in die Schutzgebiete des Naturparks und spezielle Unterrichtseinheit, wie etwa zum Thema Vertragsnaturschutz oder Schutzgebietsbetreuung. Regelm\u00e4\u00dfig sammeln die Auszubildenden praktische Erfahrungen im angewandten Naturschutz, wie etwa bei der Landschaftspflege der Liebeswiese, einer Orchideenwiese im NSG Kunsterspring, der Neubeschilderung des Wummsee-Rundwanderweges oder Pflegearbeiten am Biotoplehrpfad um den Wallberg in Menz.<\/p>\n<div id=\"attachment_11077\" style=\"width: 310px\" class=\"wp-caption aligncenter\"><a href=\"https:\/\/www.naturparkmagazin.de\/stechlin\/wp-content\/uploads\/sites\/38\/Kiefer-.jpg\"><img aria-describedby=\"caption-attachment-11077\" decoding=\"async\" loading=\"lazy\" class=\"size-thumbnail wp-image-11077\" src=\"https:\/\/www.naturparkmagazin.de\/stechlin\/wp-content\/uploads\/sites\/38\/Kiefer--300x500.jpg\" alt=\"Eine unbehandelte Kiefer aus der Ruppiner Schweiz verbindet das Erdgeschoss mit der 1. Etage. \u00a9 Foto: Dr. Mario Schrumpf\" width=\"300\" height=\"500\" srcset=\"https:\/\/www.naturparkmagazin.de\/stechlin\/wp-content\/uploads\/sites\/38\/Kiefer-.jpg 300w, https:\/\/www.naturparkmagazin.de\/stechlin\/wp-content\/uploads\/sites\/38\/Kiefer--200x333.jpg 200w\" sizes=\"(max-width: 300px) 100vw, 300px\" \/><\/a><p id=\"caption-attachment-11077\" class=\"wp-caption-text\">Eine unbehandelte Kiefer aus der Ruppiner Schweiz verbindet das Erdgeschoss mit der 1. Etage.\u00a9 Foto: Dr. Mario Schrumpf<\/p><\/div>\n<p>Die Waldarbeitsschule unterst\u00fctzt im Gegenzug die Internationalen Kunstsymposien im Naturpark und den Aufbau von Kunstwanderwegen-Wegen mit Holzskulturen im Rahmen der Bildung f\u00fcr nachhaltige Entwicklung.<\/p>\n<div id=\"attachment_11074\" style=\"width: 310px\" class=\"wp-caption aligncenter\"><a href=\"https:\/\/www.naturparkmagazin.de\/stechlin\/wp-content\/uploads\/sites\/38\/Einweihung-.jpg\"><img aria-describedby=\"caption-attachment-11074\" decoding=\"async\" loading=\"lazy\" class=\"size-thumbnail wp-image-11074\" src=\"https:\/\/www.naturparkmagazin.de\/stechlin\/wp-content\/uploads\/sites\/38\/Einweihung--300x180.jpg\" alt=\"Als Erinnerung an die Einweihung pflanzte Minister Vogel eine Rotbuche. \u00a9 Foto: Dr. Mario Schrumpf\" width=\"300\" height=\"180\" srcset=\"https:\/\/www.naturparkmagazin.de\/stechlin\/wp-content\/uploads\/sites\/38\/Einweihung--300x180.jpg 300w, https:\/\/www.naturparkmagazin.de\/stechlin\/wp-content\/uploads\/sites\/38\/Einweihung-.jpg 500w, https:\/\/www.naturparkmagazin.de\/stechlin\/wp-content\/uploads\/sites\/38\/Einweihung--200x120.jpg 200w\" sizes=\"(max-width: 300px) 100vw, 300px\" \/><\/a><p id=\"caption-attachment-11074\" class=\"wp-caption-text\">Als Erinnerung an die Einweihung pflanzte Minister Vogel eine Rotbuche.\u00a9 Foto: Dr. Mario Schrumpf<\/p><\/div>\n","protected":false},"excerpt":{"rendered":"<p>Die Waldarbeitsschule Kunsterspring genie\u00dft nicht nur in Brandenburg, sondern bundesweit ein hohes Ansehen.<\/p>\n","protected":false},"author":39,"featured_media":11075,"comment_status":"open","ping_status":"open","sticky":false,"template":"","format":"standard","meta":[],"categories":[7],"tags":[],"yoast_head":"<!-- This site is optimized with the Yoast SEO plugin v19.10 - https:\/\/yoast.com\/wordpress\/plugins\/seo\/ -->\n<title>Umweltminister Vogel er\u00f6ffnet Erweiterungsbau der Waldarbeitsschule Kunsterspring - Naturpark Stechlin-Ruppiner Land<\/title>\n<meta name=\"robots\" content=\"index, follow, max-snippet:-1, max-image-preview:large, max-video-preview:-1\" \/>\n<link rel=\"canonical\" href=\"https:\/\/www.naturparkmagazin.de\/stechlin\/umweltminister-vogel-eroeffnet-erweiterungsbau-der-waldarbeitsschule-kunsterspring\/\" \/>\n<meta property=\"og:locale\" content=\"de_DE\" \/>\n<meta property=\"og:type\" content=\"article\" \/>\n<meta property=\"og:title\" content=\"Umweltminister Vogel er\u00f6ffnet Erweiterungsbau der Waldarbeitsschule Kunsterspring - Naturpark Stechlin-Ruppiner Land\" \/>\n<meta property=\"og:description\" content=\"Die Waldarbeitsschule Kunsterspring genie\u00dft nicht nur in Brandenburg, sondern bundesweit ein hohes Ansehen.\" \/>\n<meta property=\"og:url\" content=\"https:\/\/www.naturparkmagazin.de\/stechlin\/umweltminister-vogel-eroeffnet-erweiterungsbau-der-waldarbeitsschule-kunsterspring\/\" \/>\n<meta property=\"og:site_name\" content=\"Naturpark Stechlin-Ruppiner Land\" \/>\n<meta property=\"article:published_time\" content=\"2021-09-10T13:02:54+00:00\" \/>\n<meta property=\"article:modified_time\" content=\"2021-09-22T07:32:30+00:00\" \/>\n<meta property=\"og:image\" content=\"https:\/\/www.naturparkmagazin.de\/stechlin\/wp-content\/uploads\/sites\/38\/haus-l\u00e4rche_a.jpg\" \/>\n\t<meta property=\"og:image:width\" content=\"200\" \/>\n\t<meta property=\"og:image:height\" content=\"200\" \/>\n\t<meta property=\"og:image:type\" content=\"image\/jpeg\" \/>\n<meta name=\"author\" content=\"marioschrumpf\" \/>\n<meta name=\"twitter:label1\" content=\"Verfasst von\" \/>\n\t<meta name=\"twitter:data1\" content=\"marioschrumpf\" \/>\n\t<meta name=\"twitter:label2\" content=\"Gesch\u00e4tzte Lesezeit\" \/>\n\t<meta name=\"twitter:data2\" content=\"1\u00a0Minute\" \/>\n<script type=\"application\/ld+json\" class=\"yoast-schema-graph\">{\"@context\":\"https:\/\/schema.org\",\"@graph\":[{\"@type\":\"WebPage\",\"@id\":\"https:\/\/www.naturparkmagazin.de\/stechlin\/umweltminister-vogel-eroeffnet-erweiterungsbau-der-waldarbeitsschule-kunsterspring\/\",\"url\":\"https:\/\/www.naturparkmagazin.de\/stechlin\/umweltminister-vogel-eroeffnet-erweiterungsbau-der-waldarbeitsschule-kunsterspring\/\",\"name\":\"Umweltminister Vogel er\u00f6ffnet Erweiterungsbau der Waldarbeitsschule Kunsterspring - Naturpark Stechlin-Ruppiner Land\",\"isPartOf\":{\"@id\":\"https:\/\/www.naturparkmagazin.de\/stechlin\/#website\"},\"datePublished\":\"2021-09-10T13:02:54+00:00\",\"dateModified\":\"2021-09-22T07:32:30+00:00\",\"author\":{\"@id\":\"https:\/\/www.naturparkmagazin.de\/stechlin\/#\/schema\/person\/3f0d93203df21c806dd63c76d9bb28bc\"},\"breadcrumb\":{\"@id\":\"https:\/\/www.naturparkmagazin.de\/stechlin\/umweltminister-vogel-eroeffnet-erweiterungsbau-der-waldarbeitsschule-kunsterspring\/#breadcrumb\"},\"inLanguage\":\"de\",\"potentialAction\":[{\"@type\":\"ReadAction\",\"target\":[\"https:\/\/www.naturparkmagazin.de\/stechlin\/umweltminister-vogel-eroeffnet-erweiterungsbau-der-waldarbeitsschule-kunsterspring\/\"]}]},{\"@type\":\"BreadcrumbList\",\"@id\":\"https:\/\/www.naturparkmagazin.de\/stechlin\/umweltminister-vogel-eroeffnet-erweiterungsbau-der-waldarbeitsschule-kunsterspring\/#breadcrumb\",\"itemListElement\":[{\"@type\":\"ListItem\",\"position\":1,\"name\":\"Home\",\"item\":\"https:\/\/www.naturparkmagazin.de\/stechlin\/\"},{\"@type\":\"ListItem\",\"position\":2,\"name\":\"Umweltminister Vogel er\u00f6ffnet Erweiterungsbau der Waldarbeitsschule Kunsterspring\"}]},{\"@type\":\"WebSite\",\"@id\":\"https:\/\/www.naturparkmagazin.de\/stechlin\/#website\",\"url\":\"https:\/\/www.naturparkmagazin.de\/stechlin\/\",\"name\":\"Naturpark Stechlin-Ruppiner Land\",\"description\":\"\",\"potentialAction\":[{\"@type\":\"SearchAction\",\"target\":{\"@type\":\"EntryPoint\",\"urlTemplate\":\"https:\/\/www.naturparkmagazin.de\/stechlin\/?s={search_term_string}\"},\"query-input\":\"required name=search_term_string\"}],\"inLanguage\":\"de\"},{\"@type\":\"Person\",\"@id\":\"https:\/\/www.naturparkmagazin.de\/stechlin\/#\/schema\/person\/3f0d93203df21c806dd63c76d9bb28bc\",\"name\":\"marioschrumpf\",\"url\":\"https:\/\/www.naturparkmagazin.de\/stechlin\/author\/marioschrumpf\/\"}]}<\/script>\n<!-- \/ Yoast SEO plugin. -->","yoast_head_json":{"title":"Umweltminister Vogel er\u00f6ffnet Erweiterungsbau der Waldarbeitsschule Kunsterspring - Naturpark Stechlin-Ruppiner Land","robots":{"index":"index","follow":"follow","max-snippet":"max-snippet:-1","max-image-preview":"max-image-preview:large","max-video-preview":"max-video-preview:-1"},"canonical":"https:\/\/www.naturparkmagazin.de\/stechlin\/umweltminister-vogel-eroeffnet-erweiterungsbau-der-waldarbeitsschule-kunsterspring\/","og_locale":"de_DE","og_type":"article","og_title":"Umweltminister Vogel er\u00f6ffnet Erweiterungsbau der Waldarbeitsschule Kunsterspring - Naturpark Stechlin-Ruppiner Land","og_description":"Die Waldarbeitsschule Kunsterspring genie\u00dft nicht nur in Brandenburg, sondern bundesweit ein hohes Ansehen.","og_url":"https:\/\/www.naturparkmagazin.de\/stechlin\/umweltminister-vogel-eroeffnet-erweiterungsbau-der-waldarbeitsschule-kunsterspring\/","og_site_name":"Naturpark Stechlin-Ruppiner Land","article_published_time":"2021-09-10T13:02:54+00:00","article_modified_time":"2021-09-22T07:32:30+00:00","og_image":[{"width":200,"height":200,"url":"https:\/\/www.naturparkmagazin.de\/stechlin\/wp-content\/uploads\/sites\/38\/haus-l\u00e4rche_a.jpg","type":"image\/jpeg"}],"author":"marioschrumpf","twitter_misc":{"Verfasst von":"marioschrumpf","Gesch\u00e4tzte Lesezeit":"1\u00a0Minute"},"schema":{"@context":"https:\/\/schema.org","@graph":[{"@type":"WebPage","@id":"https:\/\/www.naturparkmagazin.de\/stechlin\/umweltminister-vogel-eroeffnet-erweiterungsbau-der-waldarbeitsschule-kunsterspring\/","url":"https:\/\/www.naturparkmagazin.de\/stechlin\/umweltminister-vogel-eroeffnet-erweiterungsbau-der-waldarbeitsschule-kunsterspring\/","name":"Umweltminister Vogel er\u00f6ffnet Erweiterungsbau der Waldarbeitsschule Kunsterspring - Naturpark Stechlin-Ruppiner Land","isPartOf":{"@id":"https:\/\/www.naturparkmagazin.de\/stechlin\/#website"},"datePublished":"2021-09-10T13:02:54+00:00","dateModified":"2021-09-22T07:32:30+00:00","author":{"@id":"https:\/\/www.naturparkmagazin.de\/stechlin\/#\/schema\/person\/3f0d93203df21c806dd63c76d9bb28bc"},"breadcrumb":{"@id":"https:\/\/www.naturparkmagazin.de\/stechlin\/umweltminister-vogel-eroeffnet-erweiterungsbau-der-waldarbeitsschule-kunsterspring\/#breadcrumb"},"inLanguage":"de","potentialAction":[{"@type":"ReadAction","target":["https:\/\/www.naturparkmagazin.de\/stechlin\/umweltminister-vogel-eroeffnet-erweiterungsbau-der-waldarbeitsschule-kunsterspring\/"]}]},{"@type":"BreadcrumbList","@id":"https:\/\/www.naturparkmagazin.de\/stechlin\/umweltminister-vogel-eroeffnet-erweiterungsbau-der-waldarbeitsschule-kunsterspring\/#breadcrumb","itemListElement":[{"@type":"ListItem","position":1,"name":"Home","item":"https:\/\/www.naturparkmagazin.de\/stechlin\/"},{"@type":"ListItem","position":2,"name":"Umweltminister Vogel er\u00f6ffnet Erweiterungsbau der Waldarbeitsschule Kunsterspring"}]},{"@type":"WebSite","@id":"https:\/\/www.naturparkmagazin.de\/stechlin\/#website","url":"https:\/\/www.naturparkmagazin.de\/stechlin\/","name":"Naturpark Stechlin-Ruppiner Land","description":"","potentialAction":[{"@type":"SearchAction","target":{"@type":"EntryPoint","urlTemplate":"https:\/\/www.naturparkmagazin.de\/stechlin\/?s={search_term_string}"},"query-input":"required name=search_term_string"}],"inLanguage":"de"},{"@type":"Person","@id":"https:\/\/www.naturparkmagazin.de\/stechlin\/#\/schema\/person\/3f0d93203df21c806dd63c76d9bb28bc","name":"marioschrumpf","url":"https:\/\/www.naturparkmagazin.de\/stechlin\/author\/marioschrumpf\/"}]}},"_links":{"self":[{"href":"https:\/\/www.naturparkmagazin.de\/stechlin\/wp-json\/wp\/v2\/posts\/11033"}],"collection":[{"href":"https:\/\/www.naturparkmagazin.de\/stechlin\/wp-json\/wp\/v2\/posts"}],"about":[{"href":"https:\/\/www.naturparkmagazin.de\/stechlin\/wp-json\/wp\/v2\/types\/post"}],"author":[{"embeddable":true,"href":"https:\/\/www.naturparkmagazin.de\/stechlin\/wp-json\/wp\/v2\/users\/39"}],"replies":[{"embeddable":true,"href":"https:\/\/www.naturparkmagazin.de\/stechlin\/wp-json\/wp\/v2\/comments?post=11033"}],"version-history":[{"count":3,"href":"https:\/\/www.naturparkmagazin.de\/stechlin\/wp-json\/wp\/v2\/posts\/11033\/revisions"}],"predecessor-version":[{"id":11080,"href":"https:\/\/www.naturparkmagazin.de\/stechlin\/wp-json\/wp\/v2\/posts\/11033\/revisions\/11080"}],"wp:featuredmedia":[{"embeddable":true,"href":"https:\/\/www.naturparkmagazin.de\/stechlin\/wp-json\/wp\/v2\/media\/11075"}],"wp:attachment":[{"href":"https:\/\/www.naturparkmagazin.de\/stechlin\/wp-json\/wp\/v2\/media?parent=11033"}],"wp:term":[{"taxonomy":"category","embeddable":true,"href":"https:\/\/www.naturparkmagazin.de\/stechlin\/wp-json\/wp\/v2\/categories?post=11033"},{"taxonomy":"post_tag","embeddable":true,"href":"https:\/\/www.naturparkmagazin.de\/stechlin\/wp-json\/wp\/v2\/tags?post=11033"}],"curies":[{"name":"wp","href":"https:\/\/api.w.org\/{rel}","templated":true}]}}