{"id":11039,"date":"2021-09-10T15:20:00","date_gmt":"2021-09-10T13:20:00","guid":{"rendered":"https:\/\/www.naturparkmagazin.de\/stechlin\/?p=11039"},"modified":"2025-06-19T13:40:38","modified_gmt":"2025-06-19T11:40:38","slug":"insektenausstellung-der-jugendkunstschule-neuruppin-eroeffnet","status":"publish","type":"post","link":"https:\/\/www.naturparkmagazin.de\/stechlin\/insektenausstellung-der-jugendkunstschule-neuruppin-eroeffnet\/","title":{"rendered":"Insektenausstellung der Jugendkunstschule Neuruppin in Menz er\u00f6ffnet (2021)"},"content":{"rendered":"<p>25 Besucher*Innen folgten am 10. September der Einladung in die Regionalwerkstatt Stechlin zur Er\u00f6ffnung der Ausstellung &#8222;<em>Den Krabbeltieren auf der Spur<\/em>&#8222;.<\/p>\n<div id=\"attachment_11068\" style=\"width: 310px\" class=\"wp-caption aligncenter\"><a href=\"https:\/\/www.naturparkmagazin.de\/stechlin\/wp-content\/uploads\/sites\/38\/musikgruppe.jpg\"><img aria-describedby=\"caption-attachment-11068\" decoding=\"async\" loading=\"lazy\" class=\"size-thumbnail wp-image-11068\" src=\"https:\/\/www.naturparkmagazin.de\/stechlin\/wp-content\/uploads\/sites\/38\/musikgruppe-300x180.jpg\" alt=\"Die Musikgruppe der Kunstschule sorgte f\u00fcr die kulturelle Umrahmung. \u00a9 Foto: Dr. Mario Schrumpf\" width=\"300\" height=\"180\" srcset=\"https:\/\/www.naturparkmagazin.de\/stechlin\/wp-content\/uploads\/sites\/38\/musikgruppe-300x180.jpg 300w, https:\/\/www.naturparkmagazin.de\/stechlin\/wp-content\/uploads\/sites\/38\/musikgruppe.jpg 500w, https:\/\/www.naturparkmagazin.de\/stechlin\/wp-content\/uploads\/sites\/38\/musikgruppe-200x120.jpg 200w\" sizes=\"(max-width: 300px) 100vw, 300px\" \/><\/a><p id=\"caption-attachment-11068\" class=\"wp-caption-text\">Die Musikgruppe der Kunstschule sorgte f\u00fcr die kulturelle Umrahmung.\u00a9 Foto: Dr. Mario Schrumpf<\/p><\/div>\n<p>Die Ausstellung wurde von Sch\u00fclern der Neuruppiner Jugendkunstschule und Mitgliedern der Erwachsenenklasse Fotografie gestaltet. Cornelia Felsch (Malen und Gestalten) und Mathias Richter (Fotografie) kuratierten die Ausstellung.<\/p>\n<div id=\"attachment_11067\" style=\"width: 310px\" class=\"wp-caption aligncenter\"><a href=\"https:\/\/www.naturparkmagazin.de\/stechlin\/wp-content\/uploads\/sites\/38\/cornelia-felsch.jpg\"><img aria-describedby=\"caption-attachment-11067\" decoding=\"async\" loading=\"lazy\" class=\"size-thumbnail wp-image-11067\" src=\"https:\/\/www.naturparkmagazin.de\/stechlin\/wp-content\/uploads\/sites\/38\/cornelia-felsch-300x500.jpg\" alt=\"Cornelia Felsch, Dozentin f\u00fcr Malerei und Grafik, er\u00f6ffnet die Ausstellung \u00a9 Foto: Dr. Mario Schrumpf\" width=\"300\" height=\"500\" srcset=\"https:\/\/www.naturparkmagazin.de\/stechlin\/wp-content\/uploads\/sites\/38\/cornelia-felsch.jpg 300w, https:\/\/www.naturparkmagazin.de\/stechlin\/wp-content\/uploads\/sites\/38\/cornelia-felsch-200x333.jpg 200w\" sizes=\"(max-width: 300px) 100vw, 300px\" \/><\/a><p id=\"caption-attachment-11067\" class=\"wp-caption-text\">Cornelia Felsch, Dozentin f\u00fcr Malerei und Grafik, er\u00f6ffnet die Ausstellung\u00a9 Foto: Dr. Mario Schrumpf<\/p><\/div>\n<p>Die Arbeiten sind noch bis zum Ende des Jahres zu sehen. G\u00e4ste melden sich bitte im gegen\u00fcberliegenden NaturParkHaus Stechlin zu den \u00fcblichen \u00d6ffnungszeiten. Herzlich Willkommen!<\/p>\n<div id=\"attachment_11069\" style=\"width: 310px\" class=\"wp-caption aligncenter\"><a href=\"https:\/\/www.naturparkmagazin.de\/stechlin\/wp-content\/uploads\/sites\/38\/vergleiche.jpg\"><img aria-describedby=\"caption-attachment-11069\" decoding=\"async\" loading=\"lazy\" class=\"size-thumbnail wp-image-11069\" src=\"https:\/\/www.naturparkmagazin.de\/stechlin\/wp-content\/uploads\/sites\/38\/vergleiche-300x180.jpg\" alt=\"Interessante Vergleiche f\u00fchrten in Fotokollagen vor Augen, welche gewaltigen Leistungen Insekten vollbringen. \u00a9 Foto: Dr. Mario Schrumpf\" width=\"300\" height=\"180\" srcset=\"https:\/\/www.naturparkmagazin.de\/stechlin\/wp-content\/uploads\/sites\/38\/vergleiche-300x180.jpg 300w, https:\/\/www.naturparkmagazin.de\/stechlin\/wp-content\/uploads\/sites\/38\/vergleiche.jpg 500w, https:\/\/www.naturparkmagazin.de\/stechlin\/wp-content\/uploads\/sites\/38\/vergleiche-200x120.jpg 200w\" sizes=\"(max-width: 300px) 100vw, 300px\" \/><\/a><p id=\"caption-attachment-11069\" class=\"wp-caption-text\">Interessante Vergleiche f\u00fchrten in Fotokollagen vor Augen, welche gewaltigen Leistungen Insekten vollbringen.\u00a9 Foto: Dr. Mario Schrumpf<\/p><\/div>\n","protected":false},"excerpt":{"rendered":"<p>25 Besucher*Innen folgten am 10. September der Einladung in die Regionalwerkstatt Stechlin zur Er\u00f6ffnung der Ausstellung &#8222;Den Krabbeltieren auf der Spur&#8220;.<\/p>\n","protected":false},"author":39,"featured_media":11066,"comment_status":"open","ping_status":"open","sticky":false,"template":"","format":"standard","meta":[],"categories":[7],"tags":[],"yoast_head":"<!-- This site is optimized with the Yoast SEO plugin v19.10 - https:\/\/yoast.com\/wordpress\/plugins\/seo\/ -->\n<title>Insektenausstellung der Jugendkunstschule Neuruppin in Menz er\u00f6ffnet (2021) - Naturpark Stechlin-Ruppiner Land<\/title>\n<meta name=\"robots\" content=\"index, follow, max-snippet:-1, max-image-preview:large, max-video-preview:-1\" \/>\n<link rel=\"canonical\" href=\"https:\/\/www.naturparkmagazin.de\/stechlin\/insektenausstellung-der-jugendkunstschule-neuruppin-eroeffnet\/\" \/>\n<meta property=\"og:locale\" content=\"de_DE\" \/>\n<meta property=\"og:type\" content=\"article\" \/>\n<meta property=\"og:title\" content=\"Insektenausstellung der Jugendkunstschule Neuruppin in Menz er\u00f6ffnet (2021) - Naturpark Stechlin-Ruppiner Land\" \/>\n<meta property=\"og:description\" content=\"25 Besucher*Innen folgten am 10. September der Einladung in die Regionalwerkstatt Stechlin zur Er\u00f6ffnung der Ausstellung &quot;Den Krabbeltieren auf der Spur&quot;.\" \/>\n<meta property=\"og:url\" content=\"https:\/\/www.naturparkmagazin.de\/stechlin\/insektenausstellung-der-jugendkunstschule-neuruppin-eroeffnet\/\" \/>\n<meta property=\"og:site_name\" content=\"Naturpark Stechlin-Ruppiner Land\" \/>\n<meta property=\"article:published_time\" content=\"2021-09-10T13:20:00+00:00\" \/>\n<meta property=\"article:modified_time\" content=\"2025-06-19T11:40:38+00:00\" \/>\n<meta property=\"og:image\" content=\"https:\/\/www.naturparkmagazin.de\/stechlin\/wp-content\/uploads\/sites\/38\/ausstellung_a.jpg\" \/>\n\t<meta property=\"og:image:width\" content=\"200\" \/>\n\t<meta property=\"og:image:height\" content=\"200\" \/>\n\t<meta property=\"og:image:type\" content=\"image\/jpeg\" \/>\n<meta name=\"author\" content=\"marioschrumpf\" \/>\n<meta name=\"twitter:label1\" content=\"Verfasst von\" \/>\n\t<meta name=\"twitter:data1\" content=\"marioschrumpf\" \/>\n\t<meta name=\"twitter:label2\" content=\"Gesch\u00e4tzte Lesezeit\" \/>\n\t<meta name=\"twitter:data2\" content=\"1\u00a0Minute\" \/>\n<script type=\"application\/ld+json\" class=\"yoast-schema-graph\">{\"@context\":\"https:\/\/schema.org\",\"@graph\":[{\"@type\":\"WebPage\",\"@id\":\"https:\/\/www.naturparkmagazin.de\/stechlin\/insektenausstellung-der-jugendkunstschule-neuruppin-eroeffnet\/\",\"url\":\"https:\/\/www.naturparkmagazin.de\/stechlin\/insektenausstellung-der-jugendkunstschule-neuruppin-eroeffnet\/\",\"name\":\"Insektenausstellung der Jugendkunstschule Neuruppin in Menz er\u00f6ffnet (2021) - Naturpark Stechlin-Ruppiner Land\",\"isPartOf\":{\"@id\":\"https:\/\/www.naturparkmagazin.de\/stechlin\/#website\"},\"datePublished\":\"2021-09-10T13:20:00+00:00\",\"dateModified\":\"2025-06-19T11:40:38+00:00\",\"author\":{\"@id\":\"https:\/\/www.naturparkmagazin.de\/stechlin\/#\/schema\/person\/3f0d93203df21c806dd63c76d9bb28bc\"},\"breadcrumb\":{\"@id\":\"https:\/\/www.naturparkmagazin.de\/stechlin\/insektenausstellung-der-jugendkunstschule-neuruppin-eroeffnet\/#breadcrumb\"},\"inLanguage\":\"de\",\"potentialAction\":[{\"@type\":\"ReadAction\",\"target\":[\"https:\/\/www.naturparkmagazin.de\/stechlin\/insektenausstellung-der-jugendkunstschule-neuruppin-eroeffnet\/\"]}]},{\"@type\":\"BreadcrumbList\",\"@id\":\"https:\/\/www.naturparkmagazin.de\/stechlin\/insektenausstellung-der-jugendkunstschule-neuruppin-eroeffnet\/#breadcrumb\",\"itemListElement\":[{\"@type\":\"ListItem\",\"position\":1,\"name\":\"Home\",\"item\":\"https:\/\/www.naturparkmagazin.de\/stechlin\/\"},{\"@type\":\"ListItem\",\"position\":2,\"name\":\"Insektenausstellung der Jugendkunstschule Neuruppin in Menz er\u00f6ffnet (2021)\"}]},{\"@type\":\"WebSite\",\"@id\":\"https:\/\/www.naturparkmagazin.de\/stechlin\/#website\",\"url\":\"https:\/\/www.naturparkmagazin.de\/stechlin\/\",\"name\":\"Naturpark Stechlin-Ruppiner Land\",\"description\":\"\",\"potentialAction\":[{\"@type\":\"SearchAction\",\"target\":{\"@type\":\"EntryPoint\",\"urlTemplate\":\"https:\/\/www.naturparkmagazin.de\/stechlin\/?s={search_term_string}\"},\"query-input\":\"required name=search_term_string\"}],\"inLanguage\":\"de\"},{\"@type\":\"Person\",\"@id\":\"https:\/\/www.naturparkmagazin.de\/stechlin\/#\/schema\/person\/3f0d93203df21c806dd63c76d9bb28bc\",\"name\":\"marioschrumpf\",\"url\":\"https:\/\/www.naturparkmagazin.de\/stechlin\/author\/marioschrumpf\/\"}]}<\/script>\n<!-- \/ Yoast SEO plugin. -->","yoast_head_json":{"title":"Insektenausstellung der Jugendkunstschule Neuruppin in Menz er\u00f6ffnet (2021) - Naturpark Stechlin-Ruppiner Land","robots":{"index":"index","follow":"follow","max-snippet":"max-snippet:-1","max-image-preview":"max-image-preview:large","max-video-preview":"max-video-preview:-1"},"canonical":"https:\/\/www.naturparkmagazin.de\/stechlin\/insektenausstellung-der-jugendkunstschule-neuruppin-eroeffnet\/","og_locale":"de_DE","og_type":"article","og_title":"Insektenausstellung der Jugendkunstschule Neuruppin in Menz er\u00f6ffnet (2021) - Naturpark Stechlin-Ruppiner Land","og_description":"25 Besucher*Innen folgten am 10. September der Einladung in die Regionalwerkstatt Stechlin zur Er\u00f6ffnung der Ausstellung \"Den Krabbeltieren auf der Spur\".","og_url":"https:\/\/www.naturparkmagazin.de\/stechlin\/insektenausstellung-der-jugendkunstschule-neuruppin-eroeffnet\/","og_site_name":"Naturpark Stechlin-Ruppiner Land","article_published_time":"2021-09-10T13:20:00+00:00","article_modified_time":"2025-06-19T11:40:38+00:00","og_image":[{"width":200,"height":200,"url":"https:\/\/www.naturparkmagazin.de\/stechlin\/wp-content\/uploads\/sites\/38\/ausstellung_a.jpg","type":"image\/jpeg"}],"author":"marioschrumpf","twitter_misc":{"Verfasst von":"marioschrumpf","Gesch\u00e4tzte Lesezeit":"1\u00a0Minute"},"schema":{"@context":"https:\/\/schema.org","@graph":[{"@type":"WebPage","@id":"https:\/\/www.naturparkmagazin.de\/stechlin\/insektenausstellung-der-jugendkunstschule-neuruppin-eroeffnet\/","url":"https:\/\/www.naturparkmagazin.de\/stechlin\/insektenausstellung-der-jugendkunstschule-neuruppin-eroeffnet\/","name":"Insektenausstellung der Jugendkunstschule Neuruppin in Menz er\u00f6ffnet (2021) - Naturpark Stechlin-Ruppiner Land","isPartOf":{"@id":"https:\/\/www.naturparkmagazin.de\/stechlin\/#website"},"datePublished":"2021-09-10T13:20:00+00:00","dateModified":"2025-06-19T11:40:38+00:00","author":{"@id":"https:\/\/www.naturparkmagazin.de\/stechlin\/#\/schema\/person\/3f0d93203df21c806dd63c76d9bb28bc"},"breadcrumb":{"@id":"https:\/\/www.naturparkmagazin.de\/stechlin\/insektenausstellung-der-jugendkunstschule-neuruppin-eroeffnet\/#breadcrumb"},"inLanguage":"de","potentialAction":[{"@type":"ReadAction","target":["https:\/\/www.naturparkmagazin.de\/stechlin\/insektenausstellung-der-jugendkunstschule-neuruppin-eroeffnet\/"]}]},{"@type":"BreadcrumbList","@id":"https:\/\/www.naturparkmagazin.de\/stechlin\/insektenausstellung-der-jugendkunstschule-neuruppin-eroeffnet\/#breadcrumb","itemListElement":[{"@type":"ListItem","position":1,"name":"Home","item":"https:\/\/www.naturparkmagazin.de\/stechlin\/"},{"@type":"ListItem","position":2,"name":"Insektenausstellung der Jugendkunstschule Neuruppin in Menz er\u00f6ffnet (2021)"}]},{"@type":"WebSite","@id":"https:\/\/www.naturparkmagazin.de\/stechlin\/#website","url":"https:\/\/www.naturparkmagazin.de\/stechlin\/","name":"Naturpark Stechlin-Ruppiner Land","description":"","potentialAction":[{"@type":"SearchAction","target":{"@type":"EntryPoint","urlTemplate":"https:\/\/www.naturparkmagazin.de\/stechlin\/?s={search_term_string}"},"query-input":"required name=search_term_string"}],"inLanguage":"de"},{"@type":"Person","@id":"https:\/\/www.naturparkmagazin.de\/stechlin\/#\/schema\/person\/3f0d93203df21c806dd63c76d9bb28bc","name":"marioschrumpf","url":"https:\/\/www.naturparkmagazin.de\/stechlin\/author\/marioschrumpf\/"}]}},"_links":{"self":[{"href":"https:\/\/www.naturparkmagazin.de\/stechlin\/wp-json\/wp\/v2\/posts\/11039"}],"collection":[{"href":"https:\/\/www.naturparkmagazin.de\/stechlin\/wp-json\/wp\/v2\/posts"}],"about":[{"href":"https:\/\/www.naturparkmagazin.de\/stechlin\/wp-json\/wp\/v2\/types\/post"}],"author":[{"embeddable":true,"href":"https:\/\/www.naturparkmagazin.de\/stechlin\/wp-json\/wp\/v2\/users\/39"}],"replies":[{"embeddable":true,"href":"https:\/\/www.naturparkmagazin.de\/stechlin\/wp-json\/wp\/v2\/comments?post=11039"}],"version-history":[{"count":8,"href":"https:\/\/www.naturparkmagazin.de\/stechlin\/wp-json\/wp\/v2\/posts\/11039\/revisions"}],"predecessor-version":[{"id":17512,"href":"https:\/\/www.naturparkmagazin.de\/stechlin\/wp-json\/wp\/v2\/posts\/11039\/revisions\/17512"}],"wp:featuredmedia":[{"embeddable":true,"href":"https:\/\/www.naturparkmagazin.de\/stechlin\/wp-json\/wp\/v2\/media\/11066"}],"wp:attachment":[{"href":"https:\/\/www.naturparkmagazin.de\/stechlin\/wp-json\/wp\/v2\/media?parent=11039"}],"wp:term":[{"taxonomy":"category","embeddable":true,"href":"https:\/\/www.naturparkmagazin.de\/stechlin\/wp-json\/wp\/v2\/categories?post=11039"},{"taxonomy":"post_tag","embeddable":true,"href":"https:\/\/www.naturparkmagazin.de\/stechlin\/wp-json\/wp\/v2\/tags?post=11039"}],"curies":[{"name":"wp","href":"https:\/\/api.w.org\/{rel}","templated":true}]}}