{"id":11043,"date":"2021-09-10T15:41:23","date_gmt":"2021-09-10T13:41:23","guid":{"rendered":"https:\/\/www.naturparkmagazin.de\/stechlin\/?p=11043"},"modified":"2021-09-21T12:21:04","modified_gmt":"2021-09-21T10:21:04","slug":"zertifizierter-wummsee-rundweg-feierlich-eroeffnet","status":"publish","type":"post","link":"https:\/\/www.naturparkmagazin.de\/stechlin\/zertifizierter-wummsee-rundweg-feierlich-eroeffnet\/","title":{"rendered":"Zertifizierter Wummsee-Rundweg feierlich er\u00f6ffnet"},"content":{"rendered":"<p>Der Wummsee-Rundweg wurde vom Deutschen Wanderverband als <strong>Qualit\u00e4tsweg Wanderbares Deutschland<\/strong> zertifiziert. Damit ist er der erste Wanderweg im Naturpark, der diese Auszeichnung erh\u00e4lt.<\/p>\n<p>Am 2. September konnte Naturparkleiter Dr. Mario Schrumpf im Rahmen einer Auszeichnungsveranstaltung auf dem Caravan-Salon in D\u00fcsseldorf die Zertifizierungsurkunde entgegen nehmen.<\/p>\n<div id=\"attachment_11061\" style=\"width: 310px\" class=\"wp-caption aligncenter\"><a href=\"https:\/\/www.naturparkmagazin.de\/stechlin\/wp-content\/uploads\/sites\/38\/Verleihung-Urkunde-Caravansalon-D\u00fcsseldorf2.jpg\"><img aria-describedby=\"caption-attachment-11061\" decoding=\"async\" loading=\"lazy\" class=\"size-thumbnail wp-image-11061\" src=\"https:\/\/www.naturparkmagazin.de\/stechlin\/wp-content\/uploads\/sites\/38\/Verleihung-Urkunde-Caravansalon-D\u00fcsseldorf2-300x500.jpg\" alt=\"Naturparkleiter Dr. Mario Schrumpf nimmt die Zertifizierungsurkunde aus den H\u00e4nden des Pr\u00e4sidenten des Europ\u00e4ischen Wanderverbandes, Boris Micic entgegen. \u00a9 Foto: Deutscher Wanderverband\" width=\"300\" height=\"500\" srcset=\"https:\/\/www.naturparkmagazin.de\/stechlin\/wp-content\/uploads\/sites\/38\/Verleihung-Urkunde-Caravansalon-D\u00fcsseldorf2.jpg 300w, https:\/\/www.naturparkmagazin.de\/stechlin\/wp-content\/uploads\/sites\/38\/Verleihung-Urkunde-Caravansalon-D\u00fcsseldorf2-200x333.jpg 200w\" sizes=\"(max-width: 300px) 100vw, 300px\" \/><\/a><p id=\"caption-attachment-11061\" class=\"wp-caption-text\">Naturparkleiter Dr. Mario Schrumpf nimmt die Zertifizierungsurkunde aus den H\u00e4nden des Pr\u00e4sidenten des Europ\u00e4ischen Wanderverbandes, Boris Micic entgegen.\u00a9 Foto: Deutscher Wanderverband<\/p><\/div>\n<p>Eingebettet in eine 27 km-Wandertour des Berliner Wanderverbandes wurde am 11. September der Wanderweg feierlich er\u00f6ffnet. Vizelandrat Werner N\u00fcse, Rheinsbergs B\u00fcrgermeister Frank-Rudi Schwochow und der Pr\u00e4sident des Berliner Wanderverbandes Dr. Wolfgang Pagel schnitten symbolisch das Band am Uferweg des Gro\u00dfen Wummsees durch. Gemeinsam wurde bis zum Maronstein gewandert. Bei einem Imbiss wurde \u00fcber zuk\u00fcnftige Projekte philosophiert. Damit fand die durch den Naturpark in Zusammenarbeit mit weiteren Partnern initiierte, zweij\u00e4hrige \u00dcberarbeitung des Rundwanderweges ihren kr\u00f6nenden Abschluss.<\/p>\n<div id=\"attachment_11059\" style=\"width: 310px\" class=\"wp-caption aligncenter\"><a href=\"https:\/\/www.naturparkmagazin.de\/stechlin\/wp-content\/uploads\/sites\/38\/er\u00f6ffnung-band.jpg\"><img aria-describedby=\"caption-attachment-11059\" decoding=\"async\" loading=\"lazy\" class=\"size-thumbnail wp-image-11059\" src=\"https:\/\/www.naturparkmagazin.de\/stechlin\/wp-content\/uploads\/sites\/38\/er\u00f6ffnung-band-300x180.jpg\" alt=\"B\u00fcrgermeister Schwochow, Vizelandrat N\u00fcse und Wanderverbandspr\u00e4sident Pagel schneiden das Band zur Er\u00f6ffnung durch. \u00a9 Foto: Olaf Wolff \" width=\"300\" height=\"180\" srcset=\"https:\/\/www.naturparkmagazin.de\/stechlin\/wp-content\/uploads\/sites\/38\/er\u00f6ffnung-band-300x180.jpg 300w, https:\/\/www.naturparkmagazin.de\/stechlin\/wp-content\/uploads\/sites\/38\/er\u00f6ffnung-band.jpg 500w, https:\/\/www.naturparkmagazin.de\/stechlin\/wp-content\/uploads\/sites\/38\/er\u00f6ffnung-band-200x120.jpg 200w\" sizes=\"(max-width: 300px) 100vw, 300px\" \/><\/a><p id=\"caption-attachment-11059\" class=\"wp-caption-text\">B\u00fcrgermeister Schwochow, Vizelandrat N\u00fcse und Wanderverbandspr\u00e4sident Pagel schneiden das Band zur Er\u00f6ffnung durch.\u00a9 Foto: Olaf Wolff<\/p><\/div>\n<p>Der Wummsee-Rundweg ist ein Gemeinschaftsprojekt der Stadt Rheinsberg in Zusammenarbeit mit dem Naturpark. Olaf Wolff vom &#8222;Fitness-Studio Natur&#8220;, zertifizierter Natur- und Landschaftsf\u00fchrer des Naturparks hat die Konzeption erstellt und mit Unterst\u00fctzung der Waldarbeitsschule Kunsterspring und der Naturwacht die Beschilderung vorgenommen.<\/p>\n<div id=\"attachment_11060\" style=\"width: 310px\" class=\"wp-caption aligncenter\"><a href=\"https:\/\/www.naturparkmagazin.de\/stechlin\/wp-content\/uploads\/sites\/38\/spezieller-dank.jpg\"><img aria-describedby=\"caption-attachment-11060\" decoding=\"async\" loading=\"lazy\" class=\"size-thumbnail wp-image-11060\" src=\"https:\/\/www.naturparkmagazin.de\/stechlin\/wp-content\/uploads\/sites\/38\/spezieller-dank-300x180.jpg\" alt=\"Ein spezielles Dankesch\u00f6n an Olaf Wolff in dessen H\u00e4nden die Organsation der Beschilderung lag. \u00a9 Foto: Olaf Wolff\" width=\"300\" height=\"180\" srcset=\"https:\/\/www.naturparkmagazin.de\/stechlin\/wp-content\/uploads\/sites\/38\/spezieller-dank-300x180.jpg 300w, https:\/\/www.naturparkmagazin.de\/stechlin\/wp-content\/uploads\/sites\/38\/spezieller-dank.jpg 500w, https:\/\/www.naturparkmagazin.de\/stechlin\/wp-content\/uploads\/sites\/38\/spezieller-dank-200x120.jpg 200w\" sizes=\"(max-width: 300px) 100vw, 300px\" \/><\/a><p id=\"caption-attachment-11060\" class=\"wp-caption-text\">Ein spezielles Dankesch\u00f6n an Olaf Wolff in dessen H\u00e4nden die Organsation der Beschilderung lag.\u00a9 Foto: Olaf Wolff<\/p><\/div>\n","protected":false},"excerpt":{"rendered":"<p>Der Wummsee-Rundweg wurde vom Deutschen Wanderverband als Qualit\u00e4tsweg Wanderbares Deutschland zertifiziert. Damit ist er der erste Wanderweg im Naturpark, der diese Auszeichnung erh\u00e4lt.<\/p>\n","protected":false},"author":39,"featured_media":11062,"comment_status":"open","ping_status":"open","sticky":false,"template":"","format":"standard","meta":[],"categories":[7],"tags":[],"yoast_head":"<!-- This site is optimized with the Yoast SEO plugin v19.10 - https:\/\/yoast.com\/wordpress\/plugins\/seo\/ -->\n<title>Zertifizierter Wummsee-Rundweg feierlich er\u00f6ffnet - Naturpark Stechlin-Ruppiner Land<\/title>\n<meta name=\"robots\" content=\"index, follow, max-snippet:-1, max-image-preview:large, max-video-preview:-1\" \/>\n<link rel=\"canonical\" href=\"https:\/\/www.naturparkmagazin.de\/stechlin\/zertifizierter-wummsee-rundweg-feierlich-eroeffnet\/\" \/>\n<meta property=\"og:locale\" content=\"de_DE\" \/>\n<meta property=\"og:type\" content=\"article\" \/>\n<meta property=\"og:title\" content=\"Zertifizierter Wummsee-Rundweg feierlich er\u00f6ffnet - Naturpark Stechlin-Ruppiner Land\" \/>\n<meta property=\"og:description\" content=\"Der Wummsee-Rundweg wurde vom Deutschen Wanderverband als Qualit\u00e4tsweg Wanderbares Deutschland zertifiziert. Damit ist er der erste Wanderweg im Naturpark, der diese Auszeichnung erh\u00e4lt.\" \/>\n<meta property=\"og:url\" content=\"https:\/\/www.naturparkmagazin.de\/stechlin\/zertifizierter-wummsee-rundweg-feierlich-eroeffnet\/\" \/>\n<meta property=\"og:site_name\" content=\"Naturpark Stechlin-Ruppiner Land\" \/>\n<meta property=\"article:published_time\" content=\"2021-09-10T13:41:23+00:00\" \/>\n<meta property=\"article:modified_time\" content=\"2021-09-21T10:21:04+00:00\" \/>\n<meta property=\"og:image\" content=\"https:\/\/www.naturparkmagazin.de\/stechlin\/wp-content\/uploads\/sites\/38\/wummserundwanderweg_a.jpg\" \/>\n\t<meta property=\"og:image:width\" content=\"200\" \/>\n\t<meta property=\"og:image:height\" content=\"200\" \/>\n\t<meta property=\"og:image:type\" content=\"image\/jpeg\" \/>\n<meta name=\"author\" content=\"marioschrumpf\" \/>\n<meta name=\"twitter:label1\" content=\"Verfasst von\" \/>\n\t<meta name=\"twitter:data1\" content=\"marioschrumpf\" \/>\n\t<meta name=\"twitter:label2\" content=\"Gesch\u00e4tzte Lesezeit\" \/>\n\t<meta name=\"twitter:data2\" content=\"1\u00a0Minute\" \/>\n<script type=\"application\/ld+json\" class=\"yoast-schema-graph\">{\"@context\":\"https:\/\/schema.org\",\"@graph\":[{\"@type\":\"WebPage\",\"@id\":\"https:\/\/www.naturparkmagazin.de\/stechlin\/zertifizierter-wummsee-rundweg-feierlich-eroeffnet\/\",\"url\":\"https:\/\/www.naturparkmagazin.de\/stechlin\/zertifizierter-wummsee-rundweg-feierlich-eroeffnet\/\",\"name\":\"Zertifizierter Wummsee-Rundweg feierlich er\u00f6ffnet - Naturpark Stechlin-Ruppiner Land\",\"isPartOf\":{\"@id\":\"https:\/\/www.naturparkmagazin.de\/stechlin\/#website\"},\"datePublished\":\"2021-09-10T13:41:23+00:00\",\"dateModified\":\"2021-09-21T10:21:04+00:00\",\"author\":{\"@id\":\"https:\/\/www.naturparkmagazin.de\/stechlin\/#\/schema\/person\/3f0d93203df21c806dd63c76d9bb28bc\"},\"breadcrumb\":{\"@id\":\"https:\/\/www.naturparkmagazin.de\/stechlin\/zertifizierter-wummsee-rundweg-feierlich-eroeffnet\/#breadcrumb\"},\"inLanguage\":\"de\",\"potentialAction\":[{\"@type\":\"ReadAction\",\"target\":[\"https:\/\/www.naturparkmagazin.de\/stechlin\/zertifizierter-wummsee-rundweg-feierlich-eroeffnet\/\"]}]},{\"@type\":\"BreadcrumbList\",\"@id\":\"https:\/\/www.naturparkmagazin.de\/stechlin\/zertifizierter-wummsee-rundweg-feierlich-eroeffnet\/#breadcrumb\",\"itemListElement\":[{\"@type\":\"ListItem\",\"position\":1,\"name\":\"Home\",\"item\":\"https:\/\/www.naturparkmagazin.de\/stechlin\/\"},{\"@type\":\"ListItem\",\"position\":2,\"name\":\"Zertifizierter Wummsee-Rundweg feierlich er\u00f6ffnet\"}]},{\"@type\":\"WebSite\",\"@id\":\"https:\/\/www.naturparkmagazin.de\/stechlin\/#website\",\"url\":\"https:\/\/www.naturparkmagazin.de\/stechlin\/\",\"name\":\"Naturpark Stechlin-Ruppiner Land\",\"description\":\"\",\"potentialAction\":[{\"@type\":\"SearchAction\",\"target\":{\"@type\":\"EntryPoint\",\"urlTemplate\":\"https:\/\/www.naturparkmagazin.de\/stechlin\/?s={search_term_string}\"},\"query-input\":\"required name=search_term_string\"}],\"inLanguage\":\"de\"},{\"@type\":\"Person\",\"@id\":\"https:\/\/www.naturparkmagazin.de\/stechlin\/#\/schema\/person\/3f0d93203df21c806dd63c76d9bb28bc\",\"name\":\"marioschrumpf\",\"url\":\"https:\/\/www.naturparkmagazin.de\/stechlin\/author\/marioschrumpf\/\"}]}<\/script>\n<!-- \/ Yoast SEO plugin. -->","yoast_head_json":{"title":"Zertifizierter Wummsee-Rundweg feierlich er\u00f6ffnet - Naturpark Stechlin-Ruppiner Land","robots":{"index":"index","follow":"follow","max-snippet":"max-snippet:-1","max-image-preview":"max-image-preview:large","max-video-preview":"max-video-preview:-1"},"canonical":"https:\/\/www.naturparkmagazin.de\/stechlin\/zertifizierter-wummsee-rundweg-feierlich-eroeffnet\/","og_locale":"de_DE","og_type":"article","og_title":"Zertifizierter Wummsee-Rundweg feierlich er\u00f6ffnet - Naturpark Stechlin-Ruppiner Land","og_description":"Der Wummsee-Rundweg wurde vom Deutschen Wanderverband als Qualit\u00e4tsweg Wanderbares Deutschland zertifiziert. Damit ist er der erste Wanderweg im Naturpark, der diese Auszeichnung erh\u00e4lt.","og_url":"https:\/\/www.naturparkmagazin.de\/stechlin\/zertifizierter-wummsee-rundweg-feierlich-eroeffnet\/","og_site_name":"Naturpark Stechlin-Ruppiner Land","article_published_time":"2021-09-10T13:41:23+00:00","article_modified_time":"2021-09-21T10:21:04+00:00","og_image":[{"width":200,"height":200,"url":"https:\/\/www.naturparkmagazin.de\/stechlin\/wp-content\/uploads\/sites\/38\/wummserundwanderweg_a.jpg","type":"image\/jpeg"}],"author":"marioschrumpf","twitter_misc":{"Verfasst von":"marioschrumpf","Gesch\u00e4tzte Lesezeit":"1\u00a0Minute"},"schema":{"@context":"https:\/\/schema.org","@graph":[{"@type":"WebPage","@id":"https:\/\/www.naturparkmagazin.de\/stechlin\/zertifizierter-wummsee-rundweg-feierlich-eroeffnet\/","url":"https:\/\/www.naturparkmagazin.de\/stechlin\/zertifizierter-wummsee-rundweg-feierlich-eroeffnet\/","name":"Zertifizierter Wummsee-Rundweg feierlich er\u00f6ffnet - Naturpark Stechlin-Ruppiner Land","isPartOf":{"@id":"https:\/\/www.naturparkmagazin.de\/stechlin\/#website"},"datePublished":"2021-09-10T13:41:23+00:00","dateModified":"2021-09-21T10:21:04+00:00","author":{"@id":"https:\/\/www.naturparkmagazin.de\/stechlin\/#\/schema\/person\/3f0d93203df21c806dd63c76d9bb28bc"},"breadcrumb":{"@id":"https:\/\/www.naturparkmagazin.de\/stechlin\/zertifizierter-wummsee-rundweg-feierlich-eroeffnet\/#breadcrumb"},"inLanguage":"de","potentialAction":[{"@type":"ReadAction","target":["https:\/\/www.naturparkmagazin.de\/stechlin\/zertifizierter-wummsee-rundweg-feierlich-eroeffnet\/"]}]},{"@type":"BreadcrumbList","@id":"https:\/\/www.naturparkmagazin.de\/stechlin\/zertifizierter-wummsee-rundweg-feierlich-eroeffnet\/#breadcrumb","itemListElement":[{"@type":"ListItem","position":1,"name":"Home","item":"https:\/\/www.naturparkmagazin.de\/stechlin\/"},{"@type":"ListItem","position":2,"name":"Zertifizierter Wummsee-Rundweg feierlich er\u00f6ffnet"}]},{"@type":"WebSite","@id":"https:\/\/www.naturparkmagazin.de\/stechlin\/#website","url":"https:\/\/www.naturparkmagazin.de\/stechlin\/","name":"Naturpark Stechlin-Ruppiner Land","description":"","potentialAction":[{"@type":"SearchAction","target":{"@type":"EntryPoint","urlTemplate":"https:\/\/www.naturparkmagazin.de\/stechlin\/?s={search_term_string}"},"query-input":"required name=search_term_string"}],"inLanguage":"de"},{"@type":"Person","@id":"https:\/\/www.naturparkmagazin.de\/stechlin\/#\/schema\/person\/3f0d93203df21c806dd63c76d9bb28bc","name":"marioschrumpf","url":"https:\/\/www.naturparkmagazin.de\/stechlin\/author\/marioschrumpf\/"}]}},"_links":{"self":[{"href":"https:\/\/www.naturparkmagazin.de\/stechlin\/wp-json\/wp\/v2\/posts\/11043"}],"collection":[{"href":"https:\/\/www.naturparkmagazin.de\/stechlin\/wp-json\/wp\/v2\/posts"}],"about":[{"href":"https:\/\/www.naturparkmagazin.de\/stechlin\/wp-json\/wp\/v2\/types\/post"}],"author":[{"embeddable":true,"href":"https:\/\/www.naturparkmagazin.de\/stechlin\/wp-json\/wp\/v2\/users\/39"}],"replies":[{"embeddable":true,"href":"https:\/\/www.naturparkmagazin.de\/stechlin\/wp-json\/wp\/v2\/comments?post=11043"}],"version-history":[{"count":4,"href":"https:\/\/www.naturparkmagazin.de\/stechlin\/wp-json\/wp\/v2\/posts\/11043\/revisions"}],"predecessor-version":[{"id":11064,"href":"https:\/\/www.naturparkmagazin.de\/stechlin\/wp-json\/wp\/v2\/posts\/11043\/revisions\/11064"}],"wp:featuredmedia":[{"embeddable":true,"href":"https:\/\/www.naturparkmagazin.de\/stechlin\/wp-json\/wp\/v2\/media\/11062"}],"wp:attachment":[{"href":"https:\/\/www.naturparkmagazin.de\/stechlin\/wp-json\/wp\/v2\/media?parent=11043"}],"wp:term":[{"taxonomy":"category","embeddable":true,"href":"https:\/\/www.naturparkmagazin.de\/stechlin\/wp-json\/wp\/v2\/categories?post=11043"},{"taxonomy":"post_tag","embeddable":true,"href":"https:\/\/www.naturparkmagazin.de\/stechlin\/wp-json\/wp\/v2\/tags?post=11043"}],"curies":[{"name":"wp","href":"https:\/\/api.w.org\/{rel}","templated":true}]}}