{"id":1106,"date":"2014-06-18T09:37:22","date_gmt":"2014-06-18T07:37:22","guid":{"rendered":"http:\/\/www.naturparkmagazin.de\/stechlin\/?p=1106"},"modified":"2014-06-26T11:54:35","modified_gmt":"2014-06-26T09:54:35","slug":"naturparke-stehen-bei-brandenburgern-hoch-im-kurs","status":"publish","type":"post","link":"https:\/\/www.naturparkmagazin.de\/stechlin\/naturparke-stehen-bei-brandenburgern-hoch-im-kurs\/","title":{"rendered":"Naturparke stehen bei Brandenburgern hoch im Kurs"},"content":{"rendered":"<div id=\"attachment_1109\" style=\"width: 330px\" class=\"wp-caption alignnone\"><a href=\"https:\/\/www.naturparkmagazin.de\/stechlin\/wp-content\/uploads\/sites\/38\/k-DSC_0484.jpg\"><img aria-describedby=\"caption-attachment-1109\" decoding=\"async\" loading=\"lazy\" class=\"size-full wp-image-1109\" alt=\"Die Besucher sch\u00e4tzen vorallem eine intakte Natur\" src=\"https:\/\/www.naturparkmagazin.de\/stechlin\/wp-content\/uploads\/sites\/38\/k-DSC_0484.jpg\" width=\"320\" height=\"240\" srcset=\"https:\/\/www.naturparkmagazin.de\/stechlin\/wp-content\/uploads\/sites\/38\/k-DSC_0484.jpg 320w, https:\/\/www.naturparkmagazin.de\/stechlin\/wp-content\/uploads\/sites\/38\/k-DSC_0484-300x225.jpg 300w, https:\/\/www.naturparkmagazin.de\/stechlin\/wp-content\/uploads\/sites\/38\/k-DSC_0484-180x135.jpg 180w, https:\/\/www.naturparkmagazin.de\/stechlin\/wp-content\/uploads\/sites\/38\/k-DSC_0484-95x71.jpg 95w, https:\/\/www.naturparkmagazin.de\/stechlin\/wp-content\/uploads\/sites\/38\/k-DSC_0484-200x150.jpg 200w\" sizes=\"(max-width: 320px) 100vw, 320px\" \/><\/a><p id=\"caption-attachment-1109\" class=\"wp-caption-text\">Die Besucher sch\u00e4tzen vorallem eine intakte Natur<\/p><\/div>\n<p>Brandenburgs Umweltministerin Anita Tack stellte am 4. Juni in Potsdam die Ergebnisse einer sozio\u00f6konomischen Studie in drei Brandenburgischen Naturparken vor. Die Uni Greifswald ging unter anderem den Fragen nach:<\/p>\n<p>Was denken Bewohner \u00fcber ihren Naturpark? Welchen Wert messen die Kommunalverantwortlichen dem Naturpark f\u00fcr ihre Region bei?<\/p>\n<p>Um diese Fragen zu beantworten, wurde im Zeitraum von August 2012 bis September 2013 das Projekt &#8222;Leistungen und Potenziale brandenburgischer Naturparke auf gesellschaftlicher Ebene: Ein sozio\u00f6konomisches Monitoring (SoMoNa) in drei Pilotregionen&#8220; durchzuf\u00fchren. Die Pilotregionen waren die Naturparke Barnim, Stechlin-Ruppiner Land und Niederlausitzer Heidelandschaft. Gef\u00f6rdert wurde das Vorhaben vom NaturSchutzFonds Brandenburg. Die Projektleiterin Frau Prof. Stoll-Kleemann von der Uni Greifswald, die \u00e4hnliche Befragungen aus in deutschen Biosph\u00e4renreservaten durchgef\u00fchrt hat, r\u00fcckte folgende Ergebnisse in den Mittelpunkt:<\/p>\n<p>Die Verbundenheit mit den jeweiligen Naturparkregionen ist sehr hoch. Gegen\u00fcber anderen Faktoren wie Kultur, Bildung, Infrastruktur ist Natur und Landschaft der mit Abstand wichtigste Faktor f\u00fcr die Verbundenheit der Bev\u00f6lkerung mit der jeweiligen Naturparkregion.<\/p>\n<p>Trotzdem in den untersuchten Naturparken eine Reihe gro\u00dfer Naturschutzprojekte mit Brandenburgweiter Bedeutung laufen, findet \u00fcberraschend anders als in Biosph\u00e4renreservaten die Mehrheit der Bewohner, dass es zu wenig Naturschutzna\u00dfnahmen in den Naturparken gibt (Barnim und Stechlin) und immer noch sehr viele &#8222;Gerade richtig&#8220; (in der Niederlausitz ungef\u00e4hr gleich viel &#8222;genau richtig und Kann mehr sein&#8220;). Extrem wenig denken, es sei zu viel.<\/p>\n<p>Die Mehrheit der Bev\u00f6lkerung in allen drei Naturparken denken, dass der Naturpark die Region bundesweit bekannter macht und damit viele Besucher anzieht, die sonst nicht kommen w\u00fcrden.<\/p>\n<p>Der Naturpark Barnim wird als wichtiges Schutzschild f\u00fcr den Erhalt der landschaftlichen Attraktivit\u00e4t vor allem im berlinnahen Raum gesehen.<\/p>\n<p>In allen drei Naturparken stehen die befragten Kommunalvertreter voll hinter den Naturparken, f\u00fchlen sich eingebunden, heben den kooperativen F\u00fchrungsstil hervor und loben die gemeinsamen Initiativen und Projekte, die gern weitergef\u00fchrt und ausgebaut werden sollen.<\/p>\n<p>Frau Ministerin Tack bewertet die Ergebnisse mit den Worten: &#8222;Die Studie gibt den Naturparkverwaltungen ein gutes Feedback und sind f\u00fcr mich Beleg daf\u00fcr, dass die Naturparke fester Bestandteil des l\u00e4ndlichen Raums sind. Gleichzeitig sind die Ergebnisse Ansporn, bei der Naturparkarbeit nicht nachzulassen und die Gro\u00dfschutzgebiete weiter voranzubringen.&#8220;<\/p>\n","protected":false},"excerpt":{"rendered":"<p>Brandenburgs Umweltministerin Anita Tack stellte in Potsdam die Ergebnisse einer sozio\u00f6konomischen Studie in drei Brandenburgischen Naturparken vor.<\/p>\n","protected":false},"author":39,"featured_media":1107,"comment_status":"open","ping_status":"open","sticky":false,"template":"","format":"standard","meta":[],"categories":[7],"tags":[],"yoast_head":"<!-- This site is optimized with the Yoast SEO plugin v19.10 - https:\/\/yoast.com\/wordpress\/plugins\/seo\/ -->\n<title>Naturparke stehen bei Brandenburgern hoch im Kurs - Naturpark Stechlin-Ruppiner Land<\/title>\n<meta name=\"robots\" content=\"index, follow, max-snippet:-1, max-image-preview:large, max-video-preview:-1\" \/>\n<link rel=\"canonical\" href=\"https:\/\/www.naturparkmagazin.de\/stechlin\/naturparke-stehen-bei-brandenburgern-hoch-im-kurs\/\" \/>\n<meta property=\"og:locale\" content=\"de_DE\" \/>\n<meta property=\"og:type\" content=\"article\" \/>\n<meta property=\"og:title\" content=\"Naturparke stehen bei Brandenburgern hoch im Kurs - Naturpark Stechlin-Ruppiner Land\" \/>\n<meta property=\"og:description\" content=\"Brandenburgs Umweltministerin Anita Tack stellte in Potsdam die Ergebnisse einer sozio\u00f6konomischen Studie in drei Brandenburgischen Naturparken vor.\" \/>\n<meta property=\"og:url\" content=\"https:\/\/www.naturparkmagazin.de\/stechlin\/naturparke-stehen-bei-brandenburgern-hoch-im-kurs\/\" \/>\n<meta property=\"og:site_name\" content=\"Naturpark Stechlin-Ruppiner Land\" \/>\n<meta property=\"article:published_time\" content=\"2014-06-18T07:37:22+00:00\" \/>\n<meta property=\"article:modified_time\" content=\"2014-06-26T09:54:35+00:00\" \/>\n<meta property=\"og:image\" content=\"https:\/\/www.naturparkmagazin.de\/stechlin\/wp-content\/uploads\/sites\/38\/k-DSC_0531.jpg\" \/>\n\t<meta property=\"og:image:width\" content=\"320\" \/>\n\t<meta property=\"og:image:height\" content=\"240\" \/>\n\t<meta property=\"og:image:type\" content=\"image\/jpeg\" \/>\n<meta name=\"author\" content=\"marioschrumpf\" \/>\n<meta name=\"twitter:label1\" content=\"Verfasst von\" \/>\n\t<meta name=\"twitter:data1\" content=\"marioschrumpf\" \/>\n\t<meta name=\"twitter:label2\" content=\"Gesch\u00e4tzte Lesezeit\" \/>\n\t<meta name=\"twitter:data2\" content=\"2\u00a0Minuten\" \/>\n<script type=\"application\/ld+json\" class=\"yoast-schema-graph\">{\"@context\":\"https:\/\/schema.org\",\"@graph\":[{\"@type\":\"WebPage\",\"@id\":\"https:\/\/www.naturparkmagazin.de\/stechlin\/naturparke-stehen-bei-brandenburgern-hoch-im-kurs\/\",\"url\":\"https:\/\/www.naturparkmagazin.de\/stechlin\/naturparke-stehen-bei-brandenburgern-hoch-im-kurs\/\",\"name\":\"Naturparke stehen bei Brandenburgern hoch im Kurs - Naturpark Stechlin-Ruppiner Land\",\"isPartOf\":{\"@id\":\"https:\/\/www.naturparkmagazin.de\/stechlin\/#website\"},\"datePublished\":\"2014-06-18T07:37:22+00:00\",\"dateModified\":\"2014-06-26T09:54:35+00:00\",\"author\":{\"@id\":\"https:\/\/www.naturparkmagazin.de\/stechlin\/#\/schema\/person\/3f0d93203df21c806dd63c76d9bb28bc\"},\"breadcrumb\":{\"@id\":\"https:\/\/www.naturparkmagazin.de\/stechlin\/naturparke-stehen-bei-brandenburgern-hoch-im-kurs\/#breadcrumb\"},\"inLanguage\":\"de\",\"potentialAction\":[{\"@type\":\"ReadAction\",\"target\":[\"https:\/\/www.naturparkmagazin.de\/stechlin\/naturparke-stehen-bei-brandenburgern-hoch-im-kurs\/\"]}]},{\"@type\":\"BreadcrumbList\",\"@id\":\"https:\/\/www.naturparkmagazin.de\/stechlin\/naturparke-stehen-bei-brandenburgern-hoch-im-kurs\/#breadcrumb\",\"itemListElement\":[{\"@type\":\"ListItem\",\"position\":1,\"name\":\"Home\",\"item\":\"https:\/\/www.naturparkmagazin.de\/stechlin\/\"},{\"@type\":\"ListItem\",\"position\":2,\"name\":\"Naturparke stehen bei Brandenburgern hoch im Kurs\"}]},{\"@type\":\"WebSite\",\"@id\":\"https:\/\/www.naturparkmagazin.de\/stechlin\/#website\",\"url\":\"https:\/\/www.naturparkmagazin.de\/stechlin\/\",\"name\":\"Naturpark Stechlin-Ruppiner Land\",\"description\":\"\",\"potentialAction\":[{\"@type\":\"SearchAction\",\"target\":{\"@type\":\"EntryPoint\",\"urlTemplate\":\"https:\/\/www.naturparkmagazin.de\/stechlin\/?s={search_term_string}\"},\"query-input\":\"required name=search_term_string\"}],\"inLanguage\":\"de\"},{\"@type\":\"Person\",\"@id\":\"https:\/\/www.naturparkmagazin.de\/stechlin\/#\/schema\/person\/3f0d93203df21c806dd63c76d9bb28bc\",\"name\":\"marioschrumpf\",\"url\":\"https:\/\/www.naturparkmagazin.de\/stechlin\/author\/marioschrumpf\/\"}]}<\/script>\n<!-- \/ Yoast SEO plugin. -->","yoast_head_json":{"title":"Naturparke stehen bei Brandenburgern hoch im Kurs - Naturpark Stechlin-Ruppiner Land","robots":{"index":"index","follow":"follow","max-snippet":"max-snippet:-1","max-image-preview":"max-image-preview:large","max-video-preview":"max-video-preview:-1"},"canonical":"https:\/\/www.naturparkmagazin.de\/stechlin\/naturparke-stehen-bei-brandenburgern-hoch-im-kurs\/","og_locale":"de_DE","og_type":"article","og_title":"Naturparke stehen bei Brandenburgern hoch im Kurs - Naturpark Stechlin-Ruppiner Land","og_description":"Brandenburgs Umweltministerin Anita Tack stellte in Potsdam die Ergebnisse einer sozio\u00f6konomischen Studie in drei Brandenburgischen Naturparken vor.","og_url":"https:\/\/www.naturparkmagazin.de\/stechlin\/naturparke-stehen-bei-brandenburgern-hoch-im-kurs\/","og_site_name":"Naturpark Stechlin-Ruppiner Land","article_published_time":"2014-06-18T07:37:22+00:00","article_modified_time":"2014-06-26T09:54:35+00:00","og_image":[{"width":320,"height":240,"url":"https:\/\/www.naturparkmagazin.de\/stechlin\/wp-content\/uploads\/sites\/38\/k-DSC_0531.jpg","type":"image\/jpeg"}],"author":"marioschrumpf","twitter_misc":{"Verfasst von":"marioschrumpf","Gesch\u00e4tzte Lesezeit":"2\u00a0Minuten"},"schema":{"@context":"https:\/\/schema.org","@graph":[{"@type":"WebPage","@id":"https:\/\/www.naturparkmagazin.de\/stechlin\/naturparke-stehen-bei-brandenburgern-hoch-im-kurs\/","url":"https:\/\/www.naturparkmagazin.de\/stechlin\/naturparke-stehen-bei-brandenburgern-hoch-im-kurs\/","name":"Naturparke stehen bei Brandenburgern hoch im Kurs - Naturpark Stechlin-Ruppiner Land","isPartOf":{"@id":"https:\/\/www.naturparkmagazin.de\/stechlin\/#website"},"datePublished":"2014-06-18T07:37:22+00:00","dateModified":"2014-06-26T09:54:35+00:00","author":{"@id":"https:\/\/www.naturparkmagazin.de\/stechlin\/#\/schema\/person\/3f0d93203df21c806dd63c76d9bb28bc"},"breadcrumb":{"@id":"https:\/\/www.naturparkmagazin.de\/stechlin\/naturparke-stehen-bei-brandenburgern-hoch-im-kurs\/#breadcrumb"},"inLanguage":"de","potentialAction":[{"@type":"ReadAction","target":["https:\/\/www.naturparkmagazin.de\/stechlin\/naturparke-stehen-bei-brandenburgern-hoch-im-kurs\/"]}]},{"@type":"BreadcrumbList","@id":"https:\/\/www.naturparkmagazin.de\/stechlin\/naturparke-stehen-bei-brandenburgern-hoch-im-kurs\/#breadcrumb","itemListElement":[{"@type":"ListItem","position":1,"name":"Home","item":"https:\/\/www.naturparkmagazin.de\/stechlin\/"},{"@type":"ListItem","position":2,"name":"Naturparke stehen bei Brandenburgern hoch im Kurs"}]},{"@type":"WebSite","@id":"https:\/\/www.naturparkmagazin.de\/stechlin\/#website","url":"https:\/\/www.naturparkmagazin.de\/stechlin\/","name":"Naturpark Stechlin-Ruppiner Land","description":"","potentialAction":[{"@type":"SearchAction","target":{"@type":"EntryPoint","urlTemplate":"https:\/\/www.naturparkmagazin.de\/stechlin\/?s={search_term_string}"},"query-input":"required name=search_term_string"}],"inLanguage":"de"},{"@type":"Person","@id":"https:\/\/www.naturparkmagazin.de\/stechlin\/#\/schema\/person\/3f0d93203df21c806dd63c76d9bb28bc","name":"marioschrumpf","url":"https:\/\/www.naturparkmagazin.de\/stechlin\/author\/marioschrumpf\/"}]}},"_links":{"self":[{"href":"https:\/\/www.naturparkmagazin.de\/stechlin\/wp-json\/wp\/v2\/posts\/1106"}],"collection":[{"href":"https:\/\/www.naturparkmagazin.de\/stechlin\/wp-json\/wp\/v2\/posts"}],"about":[{"href":"https:\/\/www.naturparkmagazin.de\/stechlin\/wp-json\/wp\/v2\/types\/post"}],"author":[{"embeddable":true,"href":"https:\/\/www.naturparkmagazin.de\/stechlin\/wp-json\/wp\/v2\/users\/39"}],"replies":[{"embeddable":true,"href":"https:\/\/www.naturparkmagazin.de\/stechlin\/wp-json\/wp\/v2\/comments?post=1106"}],"version-history":[{"count":4,"href":"https:\/\/www.naturparkmagazin.de\/stechlin\/wp-json\/wp\/v2\/posts\/1106\/revisions"}],"predecessor-version":[{"id":1125,"href":"https:\/\/www.naturparkmagazin.de\/stechlin\/wp-json\/wp\/v2\/posts\/1106\/revisions\/1125"}],"wp:featuredmedia":[{"embeddable":true,"href":"https:\/\/www.naturparkmagazin.de\/stechlin\/wp-json\/wp\/v2\/media\/1107"}],"wp:attachment":[{"href":"https:\/\/www.naturparkmagazin.de\/stechlin\/wp-json\/wp\/v2\/media?parent=1106"}],"wp:term":[{"taxonomy":"category","embeddable":true,"href":"https:\/\/www.naturparkmagazin.de\/stechlin\/wp-json\/wp\/v2\/categories?post=1106"},{"taxonomy":"post_tag","embeddable":true,"href":"https:\/\/www.naturparkmagazin.de\/stechlin\/wp-json\/wp\/v2\/tags?post=1106"}],"curies":[{"name":"wp","href":"https:\/\/api.w.org\/{rel}","templated":true}]}}