{"id":11081,"date":"2021-09-10T09:35:06","date_gmt":"2021-09-10T07:35:06","guid":{"rendered":"https:\/\/www.naturparkmagazin.de\/stechlin\/?p=11081"},"modified":"2021-09-22T10:34:30","modified_gmt":"2021-09-22T08:34:30","slug":"die-rote-roehrenspinne","status":"publish","type":"post","link":"https:\/\/www.naturparkmagazin.de\/stechlin\/die-rote-roehrenspinne\/","title":{"rendered":"Die Rote R\u00f6hrenspinne"},"content":{"rendered":"<p>Ein Besuch in der Kyritz-Ruppiner-Heide hat in jeder Jahreszeit ihren Reiz!<\/p>\n<div id=\"attachment_11085\" style=\"width: 310px\" class=\"wp-caption aligncenter\"><a href=\"https:\/\/www.naturparkmagazin.de\/stechlin\/wp-content\/uploads\/sites\/38\/heide.jpg\"><img aria-describedby=\"caption-attachment-11085\" decoding=\"async\" loading=\"lazy\" class=\"size-thumbnail wp-image-11085\" src=\"https:\/\/www.naturparkmagazin.de\/stechlin\/wp-content\/uploads\/sites\/38\/heide-300x180.jpg\" alt=\"\u00a9 Foto: Elke Kopf\" width=\"300\" height=\"180\" srcset=\"https:\/\/www.naturparkmagazin.de\/stechlin\/wp-content\/uploads\/sites\/38\/heide-300x180.jpg 300w, https:\/\/www.naturparkmagazin.de\/stechlin\/wp-content\/uploads\/sites\/38\/heide.jpg 500w, https:\/\/www.naturparkmagazin.de\/stechlin\/wp-content\/uploads\/sites\/38\/heide-200x120.jpg 200w\" sizes=\"(max-width: 300px) 100vw, 300px\" \/><\/a><p id=\"caption-attachment-11085\" class=\"wp-caption-text\">\u00a9 Foto: Elke Kopf<\/p><\/div>\n<p>Auf einer kleinen Tour Mitte September, freute ich mich \u00fcber das noch reichlich bl\u00fchende Heidekraut. Ich hielt Ausschau nach den wundersch\u00f6nen Schmetterlingen, den Argus Bl\u00e4ulingen. Sie sah man zahlreich im Juli und August, heute leider nicht.<\/p>\n<div id=\"attachment_11084\" style=\"width: 310px\" class=\"wp-caption aligncenter\"><a href=\"https:\/\/www.naturparkmagazin.de\/stechlin\/wp-content\/uploads\/sites\/38\/Bl\u00e4uling2.jpg\"><img aria-describedby=\"caption-attachment-11084\" decoding=\"async\" loading=\"lazy\" class=\"size-thumbnail wp-image-11084\" src=\"https:\/\/www.naturparkmagazin.de\/stechlin\/wp-content\/uploads\/sites\/38\/Bl\u00e4uling2-300x180.jpg\" alt=\"\u00a9 Foto: Elke Kopf\" width=\"300\" height=\"180\" srcset=\"https:\/\/www.naturparkmagazin.de\/stechlin\/wp-content\/uploads\/sites\/38\/Bl\u00e4uling2-300x180.jpg 300w, https:\/\/www.naturparkmagazin.de\/stechlin\/wp-content\/uploads\/sites\/38\/Bl\u00e4uling2.jpg 500w, https:\/\/www.naturparkmagazin.de\/stechlin\/wp-content\/uploads\/sites\/38\/Bl\u00e4uling2-200x120.jpg 200w\" sizes=\"(max-width: 300px) 100vw, 300px\" \/><\/a><p id=\"caption-attachment-11084\" class=\"wp-caption-text\">\u00a9 Foto: Elke Kopf<\/p><\/div>\n<p>Doch dann entdeckte ich die Rote R\u00f6hrenspinne (Eresus Kollari) auf dem Sandweg vom Sielmannh\u00fcgel nach Pfalzheim.<\/p>\n<p>Solch eine Spinne hatte ich noch nie gesehen. Wie ich mich belesen habe, haben die M\u00e4nnchen diesen roten K\u00f6rper mit den 4 Punkten. Hingegen sind die Weibchen komplett schwarz.<\/p>\n<div id=\"attachment_11086\" style=\"width: 310px\" class=\"wp-caption aligncenter\"><a href=\"https:\/\/www.naturparkmagazin.de\/stechlin\/wp-content\/uploads\/sites\/38\/spinne2.jpg\"><img aria-describedby=\"caption-attachment-11086\" decoding=\"async\" loading=\"lazy\" class=\"size-thumbnail wp-image-11086\" src=\"https:\/\/www.naturparkmagazin.de\/stechlin\/wp-content\/uploads\/sites\/38\/spinne2-300x180.jpg\" alt=\"\u00a9 Foto: Elke Kopf\" width=\"300\" height=\"180\" srcset=\"https:\/\/www.naturparkmagazin.de\/stechlin\/wp-content\/uploads\/sites\/38\/spinne2-300x180.jpg 300w, https:\/\/www.naturparkmagazin.de\/stechlin\/wp-content\/uploads\/sites\/38\/spinne2.jpg 500w, https:\/\/www.naturparkmagazin.de\/stechlin\/wp-content\/uploads\/sites\/38\/spinne2-200x120.jpg 200w\" sizes=\"(max-width: 300px) 100vw, 300px\" \/><\/a><p id=\"caption-attachment-11086\" class=\"wp-caption-text\">\u00a9 Foto: Elke Kopf<\/p><\/div>\n<p>In Europa lebend, steht sie auf der Roten Liste von Deutschland und Polen, gilt als stark gef\u00e4hrdet und ist gesetzlich gesch\u00fctzt.<\/p>\n<p>Wie reich und sch\u00f6n ist unsere Erde!<\/p>\n<p><em>Beitrag der Natur- und Landschsftsf\u00fchrerin des Naturparks, Elke Kopf<\/em><\/p>\n","protected":false},"excerpt":{"rendered":"<p>Ein Besuch in der Kyritz-Ruppiner-Heide hat in jeder Jahreszeit ihren Reiz!<\/p>\n","protected":false},"author":39,"featured_media":11087,"comment_status":"open","ping_status":"open","sticky":false,"template":"","format":"standard","meta":[],"categories":[7],"tags":[],"yoast_head":"<!-- This site is optimized with the Yoast SEO plugin v19.10 - https:\/\/yoast.com\/wordpress\/plugins\/seo\/ -->\n<title>Die Rote R\u00f6hrenspinne - Naturpark Stechlin-Ruppiner Land<\/title>\n<meta name=\"robots\" content=\"index, follow, max-snippet:-1, max-image-preview:large, max-video-preview:-1\" \/>\n<link rel=\"canonical\" href=\"https:\/\/www.naturparkmagazin.de\/stechlin\/die-rote-roehrenspinne\/\" \/>\n<meta property=\"og:locale\" content=\"de_DE\" \/>\n<meta property=\"og:type\" content=\"article\" \/>\n<meta property=\"og:title\" content=\"Die Rote R\u00f6hrenspinne - Naturpark Stechlin-Ruppiner Land\" \/>\n<meta property=\"og:description\" content=\"Ein Besuch in der Kyritz-Ruppiner-Heide hat in jeder Jahreszeit ihren Reiz!\" \/>\n<meta property=\"og:url\" content=\"https:\/\/www.naturparkmagazin.de\/stechlin\/die-rote-roehrenspinne\/\" \/>\n<meta property=\"og:site_name\" content=\"Naturpark Stechlin-Ruppiner Land\" \/>\n<meta property=\"article:published_time\" content=\"2021-09-10T07:35:06+00:00\" \/>\n<meta property=\"article:modified_time\" content=\"2021-09-22T08:34:30+00:00\" \/>\n<meta property=\"og:image\" content=\"https:\/\/www.naturparkmagazin.de\/stechlin\/wp-content\/uploads\/sites\/38\/spinne2_a.jpg\" \/>\n\t<meta property=\"og:image:width\" content=\"200\" \/>\n\t<meta property=\"og:image:height\" content=\"200\" \/>\n\t<meta property=\"og:image:type\" content=\"image\/jpeg\" \/>\n<meta name=\"author\" content=\"marioschrumpf\" \/>\n<meta name=\"twitter:label1\" content=\"Verfasst von\" \/>\n\t<meta name=\"twitter:data1\" content=\"marioschrumpf\" \/>\n\t<meta name=\"twitter:label2\" content=\"Gesch\u00e4tzte Lesezeit\" \/>\n\t<meta name=\"twitter:data2\" content=\"1\u00a0Minute\" \/>\n<script type=\"application\/ld+json\" class=\"yoast-schema-graph\">{\"@context\":\"https:\/\/schema.org\",\"@graph\":[{\"@type\":\"WebPage\",\"@id\":\"https:\/\/www.naturparkmagazin.de\/stechlin\/die-rote-roehrenspinne\/\",\"url\":\"https:\/\/www.naturparkmagazin.de\/stechlin\/die-rote-roehrenspinne\/\",\"name\":\"Die Rote R\u00f6hrenspinne - Naturpark Stechlin-Ruppiner Land\",\"isPartOf\":{\"@id\":\"https:\/\/www.naturparkmagazin.de\/stechlin\/#website\"},\"datePublished\":\"2021-09-10T07:35:06+00:00\",\"dateModified\":\"2021-09-22T08:34:30+00:00\",\"author\":{\"@id\":\"https:\/\/www.naturparkmagazin.de\/stechlin\/#\/schema\/person\/3f0d93203df21c806dd63c76d9bb28bc\"},\"breadcrumb\":{\"@id\":\"https:\/\/www.naturparkmagazin.de\/stechlin\/die-rote-roehrenspinne\/#breadcrumb\"},\"inLanguage\":\"de\",\"potentialAction\":[{\"@type\":\"ReadAction\",\"target\":[\"https:\/\/www.naturparkmagazin.de\/stechlin\/die-rote-roehrenspinne\/\"]}]},{\"@type\":\"BreadcrumbList\",\"@id\":\"https:\/\/www.naturparkmagazin.de\/stechlin\/die-rote-roehrenspinne\/#breadcrumb\",\"itemListElement\":[{\"@type\":\"ListItem\",\"position\":1,\"name\":\"Home\",\"item\":\"https:\/\/www.naturparkmagazin.de\/stechlin\/\"},{\"@type\":\"ListItem\",\"position\":2,\"name\":\"Die Rote R\u00f6hrenspinne\"}]},{\"@type\":\"WebSite\",\"@id\":\"https:\/\/www.naturparkmagazin.de\/stechlin\/#website\",\"url\":\"https:\/\/www.naturparkmagazin.de\/stechlin\/\",\"name\":\"Naturpark Stechlin-Ruppiner Land\",\"description\":\"\",\"potentialAction\":[{\"@type\":\"SearchAction\",\"target\":{\"@type\":\"EntryPoint\",\"urlTemplate\":\"https:\/\/www.naturparkmagazin.de\/stechlin\/?s={search_term_string}\"},\"query-input\":\"required name=search_term_string\"}],\"inLanguage\":\"de\"},{\"@type\":\"Person\",\"@id\":\"https:\/\/www.naturparkmagazin.de\/stechlin\/#\/schema\/person\/3f0d93203df21c806dd63c76d9bb28bc\",\"name\":\"marioschrumpf\",\"url\":\"https:\/\/www.naturparkmagazin.de\/stechlin\/author\/marioschrumpf\/\"}]}<\/script>\n<!-- \/ Yoast SEO plugin. -->","yoast_head_json":{"title":"Die Rote R\u00f6hrenspinne - Naturpark Stechlin-Ruppiner Land","robots":{"index":"index","follow":"follow","max-snippet":"max-snippet:-1","max-image-preview":"max-image-preview:large","max-video-preview":"max-video-preview:-1"},"canonical":"https:\/\/www.naturparkmagazin.de\/stechlin\/die-rote-roehrenspinne\/","og_locale":"de_DE","og_type":"article","og_title":"Die Rote R\u00f6hrenspinne - Naturpark Stechlin-Ruppiner Land","og_description":"Ein Besuch in der Kyritz-Ruppiner-Heide hat in jeder Jahreszeit ihren Reiz!","og_url":"https:\/\/www.naturparkmagazin.de\/stechlin\/die-rote-roehrenspinne\/","og_site_name":"Naturpark Stechlin-Ruppiner Land","article_published_time":"2021-09-10T07:35:06+00:00","article_modified_time":"2021-09-22T08:34:30+00:00","og_image":[{"width":200,"height":200,"url":"https:\/\/www.naturparkmagazin.de\/stechlin\/wp-content\/uploads\/sites\/38\/spinne2_a.jpg","type":"image\/jpeg"}],"author":"marioschrumpf","twitter_misc":{"Verfasst von":"marioschrumpf","Gesch\u00e4tzte Lesezeit":"1\u00a0Minute"},"schema":{"@context":"https:\/\/schema.org","@graph":[{"@type":"WebPage","@id":"https:\/\/www.naturparkmagazin.de\/stechlin\/die-rote-roehrenspinne\/","url":"https:\/\/www.naturparkmagazin.de\/stechlin\/die-rote-roehrenspinne\/","name":"Die Rote R\u00f6hrenspinne - Naturpark Stechlin-Ruppiner Land","isPartOf":{"@id":"https:\/\/www.naturparkmagazin.de\/stechlin\/#website"},"datePublished":"2021-09-10T07:35:06+00:00","dateModified":"2021-09-22T08:34:30+00:00","author":{"@id":"https:\/\/www.naturparkmagazin.de\/stechlin\/#\/schema\/person\/3f0d93203df21c806dd63c76d9bb28bc"},"breadcrumb":{"@id":"https:\/\/www.naturparkmagazin.de\/stechlin\/die-rote-roehrenspinne\/#breadcrumb"},"inLanguage":"de","potentialAction":[{"@type":"ReadAction","target":["https:\/\/www.naturparkmagazin.de\/stechlin\/die-rote-roehrenspinne\/"]}]},{"@type":"BreadcrumbList","@id":"https:\/\/www.naturparkmagazin.de\/stechlin\/die-rote-roehrenspinne\/#breadcrumb","itemListElement":[{"@type":"ListItem","position":1,"name":"Home","item":"https:\/\/www.naturparkmagazin.de\/stechlin\/"},{"@type":"ListItem","position":2,"name":"Die Rote R\u00f6hrenspinne"}]},{"@type":"WebSite","@id":"https:\/\/www.naturparkmagazin.de\/stechlin\/#website","url":"https:\/\/www.naturparkmagazin.de\/stechlin\/","name":"Naturpark Stechlin-Ruppiner Land","description":"","potentialAction":[{"@type":"SearchAction","target":{"@type":"EntryPoint","urlTemplate":"https:\/\/www.naturparkmagazin.de\/stechlin\/?s={search_term_string}"},"query-input":"required name=search_term_string"}],"inLanguage":"de"},{"@type":"Person","@id":"https:\/\/www.naturparkmagazin.de\/stechlin\/#\/schema\/person\/3f0d93203df21c806dd63c76d9bb28bc","name":"marioschrumpf","url":"https:\/\/www.naturparkmagazin.de\/stechlin\/author\/marioschrumpf\/"}]}},"_links":{"self":[{"href":"https:\/\/www.naturparkmagazin.de\/stechlin\/wp-json\/wp\/v2\/posts\/11081"}],"collection":[{"href":"https:\/\/www.naturparkmagazin.de\/stechlin\/wp-json\/wp\/v2\/posts"}],"about":[{"href":"https:\/\/www.naturparkmagazin.de\/stechlin\/wp-json\/wp\/v2\/types\/post"}],"author":[{"embeddable":true,"href":"https:\/\/www.naturparkmagazin.de\/stechlin\/wp-json\/wp\/v2\/users\/39"}],"replies":[{"embeddable":true,"href":"https:\/\/www.naturparkmagazin.de\/stechlin\/wp-json\/wp\/v2\/comments?post=11081"}],"version-history":[{"count":3,"href":"https:\/\/www.naturparkmagazin.de\/stechlin\/wp-json\/wp\/v2\/posts\/11081\/revisions"}],"predecessor-version":[{"id":11088,"href":"https:\/\/www.naturparkmagazin.de\/stechlin\/wp-json\/wp\/v2\/posts\/11081\/revisions\/11088"}],"wp:featuredmedia":[{"embeddable":true,"href":"https:\/\/www.naturparkmagazin.de\/stechlin\/wp-json\/wp\/v2\/media\/11087"}],"wp:attachment":[{"href":"https:\/\/www.naturparkmagazin.de\/stechlin\/wp-json\/wp\/v2\/media?parent=11081"}],"wp:term":[{"taxonomy":"category","embeddable":true,"href":"https:\/\/www.naturparkmagazin.de\/stechlin\/wp-json\/wp\/v2\/categories?post=11081"},{"taxonomy":"post_tag","embeddable":true,"href":"https:\/\/www.naturparkmagazin.de\/stechlin\/wp-json\/wp\/v2\/tags?post=11081"}],"curies":[{"name":"wp","href":"https:\/\/api.w.org\/{rel}","templated":true}]}}