{"id":11115,"date":"2021-10-12T15:00:57","date_gmt":"2021-10-12T13:00:57","guid":{"rendered":"https:\/\/www.naturparkmagazin.de\/stechlin\/?p=11115"},"modified":"2021-10-25T16:04:24","modified_gmt":"2021-10-25T14:04:24","slug":"die-preise-naturnaher-garten-2021-wurden-vergeben","status":"publish","type":"post","link":"https:\/\/www.naturparkmagazin.de\/stechlin\/die-preise-naturnaher-garten-2021-wurden-vergeben\/","title":{"rendered":"Preistr\u00e4ger im Wettbewerb Naturnaher Garten 2021 ausgezeichnet"},"content":{"rendered":"<p>Am Samstag, dem 16.10.21 fand im Rahmen einer kleinen Pflanzen- und Samentauschb\u00f6rse im Wittstocker Dossegarten die Preisverleihung zum diesj\u00e4hrigen Wettbewerb &#8222;Naturnaher Garten&#8220; des Landschaftspflegeverbandes Prignitz-Ruppiner Land e.V. statt.<\/p>\n<div id=\"attachment_11130\" style=\"width: 310px\" class=\"wp-caption aligncenter\"><a href=\"https:\/\/www.naturparkmagazin.de\/stechlin\/wp-content\/uploads\/sites\/38\/2.preistr\u00e4ger.jpg\"><img aria-describedby=\"caption-attachment-11130\" decoding=\"async\" loading=\"lazy\" class=\"size-thumbnail wp-image-11130\" src=\"https:\/\/www.naturparkmagazin.de\/stechlin\/wp-content\/uploads\/sites\/38\/2.preistr\u00e4ger-300x180.jpg\" alt=\"Preisverleihung - die Zweiten werden die Ersten sein \u00a9 Foto: Heiko Strobel\" width=\"300\" height=\"180\" srcset=\"https:\/\/www.naturparkmagazin.de\/stechlin\/wp-content\/uploads\/sites\/38\/2.preistr\u00e4ger-300x180.jpg 300w, https:\/\/www.naturparkmagazin.de\/stechlin\/wp-content\/uploads\/sites\/38\/2.preistr\u00e4ger.jpg 500w, https:\/\/www.naturparkmagazin.de\/stechlin\/wp-content\/uploads\/sites\/38\/2.preistr\u00e4ger-200x120.jpg 200w\" sizes=\"(max-width: 300px) 100vw, 300px\" \/><\/a><p id=\"caption-attachment-11130\" class=\"wp-caption-text\">Preisverleihung &#8211; die Zweiten werden die Ersten sein\u00a9 Foto: Heiko Strobel<\/p><\/div>\n<p>Dabei sorgten die Erstplatzierten aufgrund ihrer entschuldigten Abwesenheit kurzfristig f\u00fcr Verwirrung der Organisator*innen. Schlie\u00dflich einigte man sich, den Zweitplatzierten die Wahl zwischen den 3 Hauptpreisen &#8211; Gutscheine f\u00fcr 1 Apfelhochstamm aus dem Genressourceenprojekt des Naturparks Stechlin-Ruppiner Land, 1 Walnussbaum der Walnussmeisterei B\u00f6llersen aus Herzberg und 3 Wildrosen der Bioland Rosenschule Uckermark &#8211; zu gew\u00e4hren. Sie entschieden sich f\u00fcr den Apfelhochstamm. Der dritte Platz &#8222;ergatterte&#8220; die Rosen, so dass f\u00fcr den eigentlichen Preistr\u00e4ger &#8222;nur&#8220; die Walnuss \u00fcbrig blieb, was nach eigener Aussage im Nachhinein ohnehin ihre Wahl gewesen w\u00e4re.<\/p>\n<div id=\"attachment_11131\" style=\"width: 310px\" class=\"wp-caption aligncenter\"><a href=\"https:\/\/www.naturparkmagazin.de\/stechlin\/wp-content\/uploads\/sites\/38\/gruppenbild3.jpg\"><img aria-describedby=\"caption-attachment-11131\" decoding=\"async\" loading=\"lazy\" class=\"size-thumbnail wp-image-11131\" src=\"https:\/\/www.naturparkmagazin.de\/stechlin\/wp-content\/uploads\/sites\/38\/gruppenbild3-300x180.jpg\" alt=\"Gruppe der Preistr\u00e4ger*innen in diesem Jahr \u00a9 Foto: Heiko Strobel\" width=\"300\" height=\"180\" srcset=\"https:\/\/www.naturparkmagazin.de\/stechlin\/wp-content\/uploads\/sites\/38\/gruppenbild3-300x180.jpg 300w, https:\/\/www.naturparkmagazin.de\/stechlin\/wp-content\/uploads\/sites\/38\/gruppenbild3.jpg 500w, https:\/\/www.naturparkmagazin.de\/stechlin\/wp-content\/uploads\/sites\/38\/gruppenbild3-200x120.jpg 200w\" sizes=\"(max-width: 300px) 100vw, 300px\" \/><\/a><p id=\"caption-attachment-11131\" class=\"wp-caption-text\">Gruppe der Preistr\u00e4ger*innen in diesem Jahr\u00a9 Foto: Heiko Strobel<\/p><\/div>\n<p>Der 1. Preis ging in diesem Jahr an Elvira Gwozdz aus Halenbeck-Rohlsdorf. Auf dem zweiten Platz landeten Manuela Benk und Roy Klettke aus Flecken Zechlin.\u00a0 Dritte wurde Christine Mayer aus\u00a0Heiligengrabe. \u00a0 Insgesamt haben 11 G\u00e4rten am Wettbewerb teilgenommen. Alle Teilnehmer konnten sich \u00fcber einen Jahreskalender des NABU freuen. Dabei betonten die Organisator*innen, dass ihnen die Punktvergabe nach festen Auswahlkriterien zwar geholfen hatte, allerdings die Unterschiede zwischen den Bewerberg\u00e4rten doch sehr klein waren.<\/p>\n<div id=\"attachment_11133\" style=\"width: 310px\" class=\"wp-caption aligncenter\"><a href=\"https:\/\/www.naturparkmagazin.de\/stechlin\/wp-content\/uploads\/sites\/38\/tauschb\u00f6rse.jpg\"><img aria-describedby=\"caption-attachment-11133\" decoding=\"async\" loading=\"lazy\" class=\"size-thumbnail wp-image-11133\" src=\"https:\/\/www.naturparkmagazin.de\/stechlin\/wp-content\/uploads\/sites\/38\/tauschb\u00f6rse-300x180.jpg\" alt=\"Pflanzen- \/Samentauschb\u00f6rse und Preisverleihung im Dossegarten \u00a9 Foto: Heiko Strobel\" width=\"300\" height=\"180\" srcset=\"https:\/\/www.naturparkmagazin.de\/stechlin\/wp-content\/uploads\/sites\/38\/tauschb\u00f6rse-300x180.jpg 300w, https:\/\/www.naturparkmagazin.de\/stechlin\/wp-content\/uploads\/sites\/38\/tauschb\u00f6rse.jpg 500w, https:\/\/www.naturparkmagazin.de\/stechlin\/wp-content\/uploads\/sites\/38\/tauschb\u00f6rse-200x120.jpg 200w\" sizes=\"(max-width: 300px) 100vw, 300px\" \/><\/a><p id=\"caption-attachment-11133\" class=\"wp-caption-text\">Pflanzen- \/Samentauschb\u00f6rse und Preisverleihung im Dossegarten\u00a9 Foto: Heiko Strobel<\/p><\/div>\n<p>Bei Kaffee und Kuchen konnten die G\u00e4ste und Preistr\u00e4ger*innen miteinander ins Gespr\u00e4ch kommen und neue Impulse f\u00fcr weitere Gestaltungsvarianten in ihren G\u00e4rten sammeln.<\/p>\n","protected":false},"excerpt":{"rendered":"<p>Am Samstag, dem 16.10.21 erhielten die Preistr\u00e4ger des Naturnahen Gartens ihre Gutscheine und weitere kleine Geschenke.<\/p>\n","protected":false},"author":39,"featured_media":11132,"comment_status":"open","ping_status":"open","sticky":false,"template":"","format":"standard","meta":[],"categories":[7],"tags":[],"yoast_head":"<!-- This site is optimized with the Yoast SEO plugin v19.10 - https:\/\/yoast.com\/wordpress\/plugins\/seo\/ -->\n<title>Preistr\u00e4ger im Wettbewerb Naturnaher Garten 2021 ausgezeichnet - Naturpark Stechlin-Ruppiner Land<\/title>\n<meta name=\"robots\" content=\"index, follow, max-snippet:-1, max-image-preview:large, max-video-preview:-1\" \/>\n<link rel=\"canonical\" href=\"https:\/\/www.naturparkmagazin.de\/stechlin\/die-preise-naturnaher-garten-2021-wurden-vergeben\/\" \/>\n<meta property=\"og:locale\" content=\"de_DE\" \/>\n<meta property=\"og:type\" content=\"article\" \/>\n<meta property=\"og:title\" content=\"Preistr\u00e4ger im Wettbewerb Naturnaher Garten 2021 ausgezeichnet - Naturpark Stechlin-Ruppiner Land\" \/>\n<meta property=\"og:description\" content=\"Am Samstag, dem 16.10.21 erhielten die Preistr\u00e4ger des Naturnahen Gartens ihre Gutscheine und weitere kleine Geschenke.\" \/>\n<meta property=\"og:url\" content=\"https:\/\/www.naturparkmagazin.de\/stechlin\/die-preise-naturnaher-garten-2021-wurden-vergeben\/\" \/>\n<meta property=\"og:site_name\" content=\"Naturpark Stechlin-Ruppiner Land\" \/>\n<meta property=\"article:published_time\" content=\"2021-10-12T13:00:57+00:00\" \/>\n<meta property=\"article:modified_time\" content=\"2021-10-25T14:04:24+00:00\" \/>\n<meta property=\"og:image\" content=\"https:\/\/www.naturparkmagazin.de\/stechlin\/wp-content\/uploads\/sites\/38\/preisverleihung-n-garten_a.jpg\" \/>\n\t<meta property=\"og:image:width\" content=\"200\" \/>\n\t<meta property=\"og:image:height\" content=\"200\" \/>\n\t<meta property=\"og:image:type\" content=\"image\/jpeg\" \/>\n<meta name=\"author\" content=\"marioschrumpf\" \/>\n<meta name=\"twitter:label1\" content=\"Verfasst von\" \/>\n\t<meta name=\"twitter:data1\" content=\"marioschrumpf\" \/>\n\t<meta name=\"twitter:label2\" content=\"Gesch\u00e4tzte Lesezeit\" \/>\n\t<meta name=\"twitter:data2\" content=\"1\u00a0Minute\" \/>\n<script type=\"application\/ld+json\" class=\"yoast-schema-graph\">{\"@context\":\"https:\/\/schema.org\",\"@graph\":[{\"@type\":\"WebPage\",\"@id\":\"https:\/\/www.naturparkmagazin.de\/stechlin\/die-preise-naturnaher-garten-2021-wurden-vergeben\/\",\"url\":\"https:\/\/www.naturparkmagazin.de\/stechlin\/die-preise-naturnaher-garten-2021-wurden-vergeben\/\",\"name\":\"Preistr\u00e4ger im Wettbewerb Naturnaher Garten 2021 ausgezeichnet - Naturpark Stechlin-Ruppiner Land\",\"isPartOf\":{\"@id\":\"https:\/\/www.naturparkmagazin.de\/stechlin\/#website\"},\"datePublished\":\"2021-10-12T13:00:57+00:00\",\"dateModified\":\"2021-10-25T14:04:24+00:00\",\"author\":{\"@id\":\"https:\/\/www.naturparkmagazin.de\/stechlin\/#\/schema\/person\/3f0d93203df21c806dd63c76d9bb28bc\"},\"breadcrumb\":{\"@id\":\"https:\/\/www.naturparkmagazin.de\/stechlin\/die-preise-naturnaher-garten-2021-wurden-vergeben\/#breadcrumb\"},\"inLanguage\":\"de\",\"potentialAction\":[{\"@type\":\"ReadAction\",\"target\":[\"https:\/\/www.naturparkmagazin.de\/stechlin\/die-preise-naturnaher-garten-2021-wurden-vergeben\/\"]}]},{\"@type\":\"BreadcrumbList\",\"@id\":\"https:\/\/www.naturparkmagazin.de\/stechlin\/die-preise-naturnaher-garten-2021-wurden-vergeben\/#breadcrumb\",\"itemListElement\":[{\"@type\":\"ListItem\",\"position\":1,\"name\":\"Home\",\"item\":\"https:\/\/www.naturparkmagazin.de\/stechlin\/\"},{\"@type\":\"ListItem\",\"position\":2,\"name\":\"Preistr\u00e4ger im Wettbewerb Naturnaher Garten 2021 ausgezeichnet\"}]},{\"@type\":\"WebSite\",\"@id\":\"https:\/\/www.naturparkmagazin.de\/stechlin\/#website\",\"url\":\"https:\/\/www.naturparkmagazin.de\/stechlin\/\",\"name\":\"Naturpark Stechlin-Ruppiner Land\",\"description\":\"\",\"potentialAction\":[{\"@type\":\"SearchAction\",\"target\":{\"@type\":\"EntryPoint\",\"urlTemplate\":\"https:\/\/www.naturparkmagazin.de\/stechlin\/?s={search_term_string}\"},\"query-input\":\"required name=search_term_string\"}],\"inLanguage\":\"de\"},{\"@type\":\"Person\",\"@id\":\"https:\/\/www.naturparkmagazin.de\/stechlin\/#\/schema\/person\/3f0d93203df21c806dd63c76d9bb28bc\",\"name\":\"marioschrumpf\",\"url\":\"https:\/\/www.naturparkmagazin.de\/stechlin\/author\/marioschrumpf\/\"}]}<\/script>\n<!-- \/ Yoast SEO plugin. -->","yoast_head_json":{"title":"Preistr\u00e4ger im Wettbewerb Naturnaher Garten 2021 ausgezeichnet - Naturpark Stechlin-Ruppiner Land","robots":{"index":"index","follow":"follow","max-snippet":"max-snippet:-1","max-image-preview":"max-image-preview:large","max-video-preview":"max-video-preview:-1"},"canonical":"https:\/\/www.naturparkmagazin.de\/stechlin\/die-preise-naturnaher-garten-2021-wurden-vergeben\/","og_locale":"de_DE","og_type":"article","og_title":"Preistr\u00e4ger im Wettbewerb Naturnaher Garten 2021 ausgezeichnet - Naturpark Stechlin-Ruppiner Land","og_description":"Am Samstag, dem 16.10.21 erhielten die Preistr\u00e4ger des Naturnahen Gartens ihre Gutscheine und weitere kleine Geschenke.","og_url":"https:\/\/www.naturparkmagazin.de\/stechlin\/die-preise-naturnaher-garten-2021-wurden-vergeben\/","og_site_name":"Naturpark Stechlin-Ruppiner Land","article_published_time":"2021-10-12T13:00:57+00:00","article_modified_time":"2021-10-25T14:04:24+00:00","og_image":[{"width":200,"height":200,"url":"https:\/\/www.naturparkmagazin.de\/stechlin\/wp-content\/uploads\/sites\/38\/preisverleihung-n-garten_a.jpg","type":"image\/jpeg"}],"author":"marioschrumpf","twitter_misc":{"Verfasst von":"marioschrumpf","Gesch\u00e4tzte Lesezeit":"1\u00a0Minute"},"schema":{"@context":"https:\/\/schema.org","@graph":[{"@type":"WebPage","@id":"https:\/\/www.naturparkmagazin.de\/stechlin\/die-preise-naturnaher-garten-2021-wurden-vergeben\/","url":"https:\/\/www.naturparkmagazin.de\/stechlin\/die-preise-naturnaher-garten-2021-wurden-vergeben\/","name":"Preistr\u00e4ger im Wettbewerb Naturnaher Garten 2021 ausgezeichnet - Naturpark Stechlin-Ruppiner Land","isPartOf":{"@id":"https:\/\/www.naturparkmagazin.de\/stechlin\/#website"},"datePublished":"2021-10-12T13:00:57+00:00","dateModified":"2021-10-25T14:04:24+00:00","author":{"@id":"https:\/\/www.naturparkmagazin.de\/stechlin\/#\/schema\/person\/3f0d93203df21c806dd63c76d9bb28bc"},"breadcrumb":{"@id":"https:\/\/www.naturparkmagazin.de\/stechlin\/die-preise-naturnaher-garten-2021-wurden-vergeben\/#breadcrumb"},"inLanguage":"de","potentialAction":[{"@type":"ReadAction","target":["https:\/\/www.naturparkmagazin.de\/stechlin\/die-preise-naturnaher-garten-2021-wurden-vergeben\/"]}]},{"@type":"BreadcrumbList","@id":"https:\/\/www.naturparkmagazin.de\/stechlin\/die-preise-naturnaher-garten-2021-wurden-vergeben\/#breadcrumb","itemListElement":[{"@type":"ListItem","position":1,"name":"Home","item":"https:\/\/www.naturparkmagazin.de\/stechlin\/"},{"@type":"ListItem","position":2,"name":"Preistr\u00e4ger im Wettbewerb Naturnaher Garten 2021 ausgezeichnet"}]},{"@type":"WebSite","@id":"https:\/\/www.naturparkmagazin.de\/stechlin\/#website","url":"https:\/\/www.naturparkmagazin.de\/stechlin\/","name":"Naturpark Stechlin-Ruppiner Land","description":"","potentialAction":[{"@type":"SearchAction","target":{"@type":"EntryPoint","urlTemplate":"https:\/\/www.naturparkmagazin.de\/stechlin\/?s={search_term_string}"},"query-input":"required name=search_term_string"}],"inLanguage":"de"},{"@type":"Person","@id":"https:\/\/www.naturparkmagazin.de\/stechlin\/#\/schema\/person\/3f0d93203df21c806dd63c76d9bb28bc","name":"marioschrumpf","url":"https:\/\/www.naturparkmagazin.de\/stechlin\/author\/marioschrumpf\/"}]}},"_links":{"self":[{"href":"https:\/\/www.naturparkmagazin.de\/stechlin\/wp-json\/wp\/v2\/posts\/11115"}],"collection":[{"href":"https:\/\/www.naturparkmagazin.de\/stechlin\/wp-json\/wp\/v2\/posts"}],"about":[{"href":"https:\/\/www.naturparkmagazin.de\/stechlin\/wp-json\/wp\/v2\/types\/post"}],"author":[{"embeddable":true,"href":"https:\/\/www.naturparkmagazin.de\/stechlin\/wp-json\/wp\/v2\/users\/39"}],"replies":[{"embeddable":true,"href":"https:\/\/www.naturparkmagazin.de\/stechlin\/wp-json\/wp\/v2\/comments?post=11115"}],"version-history":[{"count":8,"href":"https:\/\/www.naturparkmagazin.de\/stechlin\/wp-json\/wp\/v2\/posts\/11115\/revisions"}],"predecessor-version":[{"id":11161,"href":"https:\/\/www.naturparkmagazin.de\/stechlin\/wp-json\/wp\/v2\/posts\/11115\/revisions\/11161"}],"wp:featuredmedia":[{"embeddable":true,"href":"https:\/\/www.naturparkmagazin.de\/stechlin\/wp-json\/wp\/v2\/media\/11132"}],"wp:attachment":[{"href":"https:\/\/www.naturparkmagazin.de\/stechlin\/wp-json\/wp\/v2\/media?parent=11115"}],"wp:term":[{"taxonomy":"category","embeddable":true,"href":"https:\/\/www.naturparkmagazin.de\/stechlin\/wp-json\/wp\/v2\/categories?post=11115"},{"taxonomy":"post_tag","embeddable":true,"href":"https:\/\/www.naturparkmagazin.de\/stechlin\/wp-json\/wp\/v2\/tags?post=11115"}],"curies":[{"name":"wp","href":"https:\/\/api.w.org\/{rel}","templated":true}]}}