{"id":11121,"date":"2021-10-12T08:58:51","date_gmt":"2021-10-12T06:58:51","guid":{"rendered":"https:\/\/www.naturparkmagazin.de\/stechlin\/?p=11121"},"modified":"2025-02-24T16:57:07","modified_gmt":"2025-02-24T15:57:07","slug":"2-fontane-wandermarathon-begeisterte-bei-bestem-wetter","status":"publish","type":"post","link":"https:\/\/www.naturparkmagazin.de\/stechlin\/2-fontane-wandermarathon-begeisterte-bei-bestem-wetter\/","title":{"rendered":"2. Fontane-Wandermarathon begeisterte bei bestem Wetter (2021)"},"content":{"rendered":"<p>Bei strahlendem Sonnenschein wanderten am 9. Oktober die Teilnehmenden des 2. Fontane-Wandermarathons von F\u00fcrstenberg\/Havel aus vorbei am R\u00f6blinsee, Peetschsee und einmal rund um den gro\u00dfen Stechlinsee bis zum Halbmarathonziel in Neuglobsow. F\u00fcr die Marathonwanderer ging es nach einer St\u00e4rkung weiter zum Dagowsee und \u00fcber Altglobsow und den B\u00fcrgersee zur\u00fcck nach F\u00fcrstenberg\/Havel.<\/p>\n<div id=\"attachment_11147\" style=\"width: 310px\" class=\"wp-caption aligncenter\"><a href=\"https:\/\/www.naturparkmagazin.de\/stechlin\/wp-content\/uploads\/sites\/38\/m\u00e4rkisch-blech.jpg\"><img aria-describedby=\"caption-attachment-11147\" decoding=\"async\" loading=\"lazy\" class=\"size-thumbnail wp-image-11147\" src=\"https:\/\/www.naturparkmagazin.de\/stechlin\/wp-content\/uploads\/sites\/38\/m\u00e4rkisch-blech-300x180.jpg\" alt=\"&quot;M\u00e4rkisch Blech&quot; sorgte in der Mittagspause am Stechlinseecenter Neuglobsow f\u00fcr Stimmung. \u00a9 Foto: Dr. Mario Schrumpf\" width=\"300\" height=\"180\" srcset=\"https:\/\/www.naturparkmagazin.de\/stechlin\/wp-content\/uploads\/sites\/38\/m\u00e4rkisch-blech-300x180.jpg 300w, https:\/\/www.naturparkmagazin.de\/stechlin\/wp-content\/uploads\/sites\/38\/m\u00e4rkisch-blech.jpg 500w, https:\/\/www.naturparkmagazin.de\/stechlin\/wp-content\/uploads\/sites\/38\/m\u00e4rkisch-blech-200x120.jpg 200w\" sizes=\"(max-width: 300px) 100vw, 300px\" \/><\/a><p id=\"caption-attachment-11147\" class=\"wp-caption-text\">&#8222;M\u00e4rkisch Blech&#8220; sorgte in der Mittagspause am Stechlinseecenter Neuglobsow f\u00fcr Stimmung.\u00a9 Foto: Dr. Mario Schrumpf<\/p><\/div>\n<p>Die Teilnehmer zeigten sich im Vorfeld kreativ: Ihre angemeldeten Wanderteams hie\u00dfen \u201eLuchlatscherladies\u201c, \u201eDie Hobbits\u201c oder \u201eTeam Fischk\u00f6pp\u201c. Ob aus Karlsruhe, Rostock oder Berlin angereist oder direkt aus der Region, ob mit Familie im Schlepptau oder Hund an der Leine \u2013 zwischen 7:30 Uhr und 10 Uhr starteten die Teilnehmenden individuell auf ihre Wandertour und lie\u00dfen sich unterwegs von den zahlreichen ehrenamtlichen Helfern ihre Wanderkarten stempeln. Mit einer Wanderzeit von rund 7 Stunden f\u00fcr 43 Kilometer trafen die schnellsten Marathonwanderer wieder im Ziel ein \u2013 es gab jedoch keine Wertung, sondern Teilnahmeurkunden f\u00fcr alle Wanderer.<\/p>\n<p>Als Halbmarathon-Teilnehmer dabei war auch Brandenburgs Umweltminister Axel Vogel, der die Schirmherrschaft f\u00fcr den Fontane-Wandermarathon \u00fcbernommen hatte. Bei musikalischer Untermalung durch die Blaskapelle \u201eM\u00e4rkisch Blech\u201c erreichte er gegen 14 Uhr das Halbmarathonziel. Dort wurde er von Werner N\u00fcse, Vize-Landrat Ostprignitz-Ruppins und Vorstandsmitglied des Tourismusverbandes Ruppiner Seenland, Nico Zehmke, stellvertretender Amtsdirektor Gransee und Gemeinden, Naturparkleiter Dr. Mario Schrumpf, und Itta Olaj, Gesch\u00e4ftsf\u00fchrerin des Tourismusverbands Ruppiner Seenland, begr\u00fc\u00dft.<\/p>\n<div id=\"attachment_11148\" style=\"width: 310px\" class=\"wp-caption aligncenter\"><a href=\"https:\/\/www.naturparkmagazin.de\/stechlin\/wp-content\/uploads\/sites\/38\/minister.jpg\"><img aria-describedby=\"caption-attachment-11148\" decoding=\"async\" loading=\"lazy\" class=\"size-thumbnail wp-image-11148\" src=\"https:\/\/www.naturparkmagazin.de\/stechlin\/wp-content\/uploads\/sites\/38\/minister-300x180.jpg\" alt=\"Minister Axel Vogel erh\u00e4lt im Ziel des Halbmarathons seine Teilnehmer-Urkunde \u00a9 Foto: Dr. Mario Schrumpf\" width=\"300\" height=\"180\" srcset=\"https:\/\/www.naturparkmagazin.de\/stechlin\/wp-content\/uploads\/sites\/38\/minister-300x180.jpg 300w, https:\/\/www.naturparkmagazin.de\/stechlin\/wp-content\/uploads\/sites\/38\/minister.jpg 500w, https:\/\/www.naturparkmagazin.de\/stechlin\/wp-content\/uploads\/sites\/38\/minister-200x120.jpg 200w\" sizes=\"(max-width: 300px) 100vw, 300px\" \/><\/a><p id=\"caption-attachment-11148\" class=\"wp-caption-text\">Minister Axel Vogel erh\u00e4lt im Ziel des Halbmarathons seine Teilnehmer-Urkunde\u00a9 Foto: Dr. Mario Schrumpf<\/p><\/div>\n<p>Von den Teilnehmern besonders gelobt wurde neben der Wanderstrecke auch das regionale Essen in Bioqualit\u00e4t vom Caf\u00e9 Glasklar und am Biohof Kepos in Altglobsow.<\/p>\n<p>Im kommenden Jahr soll der Fontane-Wandermarathon erneut stattfinden, ein Termin steht noch nicht fest. Die Wanderfreunde werden dabei eine weitere attraktive Strecke im Naturpark Stechlin-Ruppiner Land kennenlernen. Bis dahin hoffen die Veranstalter, dass der Marathon 2022 nicht mehr unter Corona-Ma\u00dfnahmen stattfinden muss. Der Termin wird rechtzeitig unter <a href=\"https:\/\/www.fontane-wandermarathon.de\/\" target=\"_blank\" rel=\"noopener\">www.fontane-wandermarathon.de<\/a> ver\u00f6ffentlicht.<\/p>\n<p>Veranstalter des Wandermarathons ist der Tourismusverband Ruppiner Seenland e.V. in Kooperation mit dem Naturpark Stechlin-Ruppiner Land, dem Verein Fitness TREFF Natur e.V. und dem Berliner Wanderverband. Unterst\u00fctzt und gef\u00f6rdert wurde die Veranstaltung von der Mittelbrandenburgischen Sparkasse, der Stadt F\u00fcrstenberg\/Havel, durch die \u201eAktion Nachhaltige Entwicklung \u2013 Lokale Agenda 21\u201c mit Lottomitteln des Ministeriums f\u00fcr Landwirtschaft, Umwelt und Klimaschutz des Landes Brandenburg, vom Netzwerk Gesundes Ruppiner Seenland, der Preussenquelle Rheinsberg sowie zahlreichen ehrenamtlichen Helfern.<\/p>\n<div id=\"attachment_11146\" style=\"width: 310px\" class=\"wp-caption aligncenter\"><a href=\"https:\/\/www.naturparkmagazin.de\/stechlin\/wp-content\/uploads\/sites\/38\/ehrenamtliche.jpg\"><img aria-describedby=\"caption-attachment-11146\" decoding=\"async\" loading=\"lazy\" class=\"size-thumbnail wp-image-11146\" src=\"https:\/\/www.naturparkmagazin.de\/stechlin\/wp-content\/uploads\/sites\/38\/ehrenamtliche-300x180.jpg\" alt=\"Viele Ehrenamtliche wie hier am Kontrollpunkt Fenchelberg sorgten f\u00fcr einen reibungslosen Ablauf. \u00a9 Foto: Dr. Mario Schrumpf\" width=\"300\" height=\"180\" srcset=\"https:\/\/www.naturparkmagazin.de\/stechlin\/wp-content\/uploads\/sites\/38\/ehrenamtliche-300x180.jpg 300w, https:\/\/www.naturparkmagazin.de\/stechlin\/wp-content\/uploads\/sites\/38\/ehrenamtliche.jpg 500w, https:\/\/www.naturparkmagazin.de\/stechlin\/wp-content\/uploads\/sites\/38\/ehrenamtliche-200x120.jpg 200w\" sizes=\"(max-width: 300px) 100vw, 300px\" \/><\/a><p id=\"caption-attachment-11146\" class=\"wp-caption-text\">Viele Ehrenamtliche wie hier am Kontrollpunkt Fenchelberg sorgten f\u00fcr einen reibungslosen Ablauf.\u00a9 Foto: Dr. Mario Schrumpf<\/p><\/div>\n","protected":false},"excerpt":{"rendered":"<p>Mehrere hundert Wanderer erreichten nach ihrer Tour \u00fcber 43 bzw. 23 km gl\u00fccklich das Ziel in F\u00fcrstenberg\/H. bzw. Neuglobsow.<\/p>\n","protected":false},"author":39,"featured_media":11149,"comment_status":"open","ping_status":"open","sticky":false,"template":"","format":"standard","meta":[],"categories":[7],"tags":[],"yoast_head":"<!-- This site is optimized with the Yoast SEO plugin v19.10 - https:\/\/yoast.com\/wordpress\/plugins\/seo\/ -->\n<title>2. Fontane-Wandermarathon begeisterte bei bestem Wetter (2021) - Naturpark Stechlin-Ruppiner Land<\/title>\n<meta name=\"robots\" content=\"index, follow, max-snippet:-1, max-image-preview:large, max-video-preview:-1\" \/>\n<link rel=\"canonical\" href=\"https:\/\/www.naturparkmagazin.de\/stechlin\/2-fontane-wandermarathon-begeisterte-bei-bestem-wetter\/\" \/>\n<meta property=\"og:locale\" content=\"de_DE\" \/>\n<meta property=\"og:type\" content=\"article\" \/>\n<meta property=\"og:title\" content=\"2. Fontane-Wandermarathon begeisterte bei bestem Wetter (2021) - Naturpark Stechlin-Ruppiner Land\" \/>\n<meta property=\"og:description\" content=\"Mehrere hundert Wanderer erreichten nach ihrer Tour \u00fcber 43 bzw. 23 km gl\u00fccklich das Ziel in F\u00fcrstenberg\/H. bzw. Neuglobsow.\" \/>\n<meta property=\"og:url\" content=\"https:\/\/www.naturparkmagazin.de\/stechlin\/2-fontane-wandermarathon-begeisterte-bei-bestem-wetter\/\" \/>\n<meta property=\"og:site_name\" content=\"Naturpark Stechlin-Ruppiner Land\" \/>\n<meta property=\"article:published_time\" content=\"2021-10-12T06:58:51+00:00\" \/>\n<meta property=\"article:modified_time\" content=\"2025-02-24T15:57:07+00:00\" \/>\n<meta property=\"og:image\" content=\"https:\/\/www.naturparkmagazin.de\/stechlin\/wp-content\/uploads\/sites\/38\/wandermarathon_a.jpg\" \/>\n\t<meta property=\"og:image:width\" content=\"200\" \/>\n\t<meta property=\"og:image:height\" content=\"200\" \/>\n\t<meta property=\"og:image:type\" content=\"image\/jpeg\" \/>\n<meta name=\"author\" content=\"marioschrumpf\" \/>\n<meta name=\"twitter:label1\" content=\"Verfasst von\" \/>\n\t<meta name=\"twitter:data1\" content=\"marioschrumpf\" \/>\n\t<meta name=\"twitter:label2\" content=\"Gesch\u00e4tzte Lesezeit\" \/>\n\t<meta name=\"twitter:data2\" content=\"3\u00a0Minuten\" \/>\n<script type=\"application\/ld+json\" class=\"yoast-schema-graph\">{\"@context\":\"https:\/\/schema.org\",\"@graph\":[{\"@type\":\"WebPage\",\"@id\":\"https:\/\/www.naturparkmagazin.de\/stechlin\/2-fontane-wandermarathon-begeisterte-bei-bestem-wetter\/\",\"url\":\"https:\/\/www.naturparkmagazin.de\/stechlin\/2-fontane-wandermarathon-begeisterte-bei-bestem-wetter\/\",\"name\":\"2. Fontane-Wandermarathon begeisterte bei bestem Wetter (2021) - Naturpark Stechlin-Ruppiner Land\",\"isPartOf\":{\"@id\":\"https:\/\/www.naturparkmagazin.de\/stechlin\/#website\"},\"datePublished\":\"2021-10-12T06:58:51+00:00\",\"dateModified\":\"2025-02-24T15:57:07+00:00\",\"author\":{\"@id\":\"https:\/\/www.naturparkmagazin.de\/stechlin\/#\/schema\/person\/3f0d93203df21c806dd63c76d9bb28bc\"},\"breadcrumb\":{\"@id\":\"https:\/\/www.naturparkmagazin.de\/stechlin\/2-fontane-wandermarathon-begeisterte-bei-bestem-wetter\/#breadcrumb\"},\"inLanguage\":\"de\",\"potentialAction\":[{\"@type\":\"ReadAction\",\"target\":[\"https:\/\/www.naturparkmagazin.de\/stechlin\/2-fontane-wandermarathon-begeisterte-bei-bestem-wetter\/\"]}]},{\"@type\":\"BreadcrumbList\",\"@id\":\"https:\/\/www.naturparkmagazin.de\/stechlin\/2-fontane-wandermarathon-begeisterte-bei-bestem-wetter\/#breadcrumb\",\"itemListElement\":[{\"@type\":\"ListItem\",\"position\":1,\"name\":\"Home\",\"item\":\"https:\/\/www.naturparkmagazin.de\/stechlin\/\"},{\"@type\":\"ListItem\",\"position\":2,\"name\":\"2. Fontane-Wandermarathon begeisterte bei bestem Wetter (2021)\"}]},{\"@type\":\"WebSite\",\"@id\":\"https:\/\/www.naturparkmagazin.de\/stechlin\/#website\",\"url\":\"https:\/\/www.naturparkmagazin.de\/stechlin\/\",\"name\":\"Naturpark Stechlin-Ruppiner Land\",\"description\":\"\",\"potentialAction\":[{\"@type\":\"SearchAction\",\"target\":{\"@type\":\"EntryPoint\",\"urlTemplate\":\"https:\/\/www.naturparkmagazin.de\/stechlin\/?s={search_term_string}\"},\"query-input\":\"required name=search_term_string\"}],\"inLanguage\":\"de\"},{\"@type\":\"Person\",\"@id\":\"https:\/\/www.naturparkmagazin.de\/stechlin\/#\/schema\/person\/3f0d93203df21c806dd63c76d9bb28bc\",\"name\":\"marioschrumpf\",\"url\":\"https:\/\/www.naturparkmagazin.de\/stechlin\/author\/marioschrumpf\/\"}]}<\/script>\n<!-- \/ Yoast SEO plugin. -->","yoast_head_json":{"title":"2. Fontane-Wandermarathon begeisterte bei bestem Wetter (2021) - Naturpark Stechlin-Ruppiner Land","robots":{"index":"index","follow":"follow","max-snippet":"max-snippet:-1","max-image-preview":"max-image-preview:large","max-video-preview":"max-video-preview:-1"},"canonical":"https:\/\/www.naturparkmagazin.de\/stechlin\/2-fontane-wandermarathon-begeisterte-bei-bestem-wetter\/","og_locale":"de_DE","og_type":"article","og_title":"2. Fontane-Wandermarathon begeisterte bei bestem Wetter (2021) - Naturpark Stechlin-Ruppiner Land","og_description":"Mehrere hundert Wanderer erreichten nach ihrer Tour \u00fcber 43 bzw. 23 km gl\u00fccklich das Ziel in F\u00fcrstenberg\/H. bzw. Neuglobsow.","og_url":"https:\/\/www.naturparkmagazin.de\/stechlin\/2-fontane-wandermarathon-begeisterte-bei-bestem-wetter\/","og_site_name":"Naturpark Stechlin-Ruppiner Land","article_published_time":"2021-10-12T06:58:51+00:00","article_modified_time":"2025-02-24T15:57:07+00:00","og_image":[{"width":200,"height":200,"url":"https:\/\/www.naturparkmagazin.de\/stechlin\/wp-content\/uploads\/sites\/38\/wandermarathon_a.jpg","type":"image\/jpeg"}],"author":"marioschrumpf","twitter_misc":{"Verfasst von":"marioschrumpf","Gesch\u00e4tzte Lesezeit":"3\u00a0Minuten"},"schema":{"@context":"https:\/\/schema.org","@graph":[{"@type":"WebPage","@id":"https:\/\/www.naturparkmagazin.de\/stechlin\/2-fontane-wandermarathon-begeisterte-bei-bestem-wetter\/","url":"https:\/\/www.naturparkmagazin.de\/stechlin\/2-fontane-wandermarathon-begeisterte-bei-bestem-wetter\/","name":"2. Fontane-Wandermarathon begeisterte bei bestem Wetter (2021) - Naturpark Stechlin-Ruppiner Land","isPartOf":{"@id":"https:\/\/www.naturparkmagazin.de\/stechlin\/#website"},"datePublished":"2021-10-12T06:58:51+00:00","dateModified":"2025-02-24T15:57:07+00:00","author":{"@id":"https:\/\/www.naturparkmagazin.de\/stechlin\/#\/schema\/person\/3f0d93203df21c806dd63c76d9bb28bc"},"breadcrumb":{"@id":"https:\/\/www.naturparkmagazin.de\/stechlin\/2-fontane-wandermarathon-begeisterte-bei-bestem-wetter\/#breadcrumb"},"inLanguage":"de","potentialAction":[{"@type":"ReadAction","target":["https:\/\/www.naturparkmagazin.de\/stechlin\/2-fontane-wandermarathon-begeisterte-bei-bestem-wetter\/"]}]},{"@type":"BreadcrumbList","@id":"https:\/\/www.naturparkmagazin.de\/stechlin\/2-fontane-wandermarathon-begeisterte-bei-bestem-wetter\/#breadcrumb","itemListElement":[{"@type":"ListItem","position":1,"name":"Home","item":"https:\/\/www.naturparkmagazin.de\/stechlin\/"},{"@type":"ListItem","position":2,"name":"2. Fontane-Wandermarathon begeisterte bei bestem Wetter (2021)"}]},{"@type":"WebSite","@id":"https:\/\/www.naturparkmagazin.de\/stechlin\/#website","url":"https:\/\/www.naturparkmagazin.de\/stechlin\/","name":"Naturpark Stechlin-Ruppiner Land","description":"","potentialAction":[{"@type":"SearchAction","target":{"@type":"EntryPoint","urlTemplate":"https:\/\/www.naturparkmagazin.de\/stechlin\/?s={search_term_string}"},"query-input":"required name=search_term_string"}],"inLanguage":"de"},{"@type":"Person","@id":"https:\/\/www.naturparkmagazin.de\/stechlin\/#\/schema\/person\/3f0d93203df21c806dd63c76d9bb28bc","name":"marioschrumpf","url":"https:\/\/www.naturparkmagazin.de\/stechlin\/author\/marioschrumpf\/"}]}},"_links":{"self":[{"href":"https:\/\/www.naturparkmagazin.de\/stechlin\/wp-json\/wp\/v2\/posts\/11121"}],"collection":[{"href":"https:\/\/www.naturparkmagazin.de\/stechlin\/wp-json\/wp\/v2\/posts"}],"about":[{"href":"https:\/\/www.naturparkmagazin.de\/stechlin\/wp-json\/wp\/v2\/types\/post"}],"author":[{"embeddable":true,"href":"https:\/\/www.naturparkmagazin.de\/stechlin\/wp-json\/wp\/v2\/users\/39"}],"replies":[{"embeddable":true,"href":"https:\/\/www.naturparkmagazin.de\/stechlin\/wp-json\/wp\/v2\/comments?post=11121"}],"version-history":[{"count":4,"href":"https:\/\/www.naturparkmagazin.de\/stechlin\/wp-json\/wp\/v2\/posts\/11121\/revisions"}],"predecessor-version":[{"id":16837,"href":"https:\/\/www.naturparkmagazin.de\/stechlin\/wp-json\/wp\/v2\/posts\/11121\/revisions\/16837"}],"wp:featuredmedia":[{"embeddable":true,"href":"https:\/\/www.naturparkmagazin.de\/stechlin\/wp-json\/wp\/v2\/media\/11149"}],"wp:attachment":[{"href":"https:\/\/www.naturparkmagazin.de\/stechlin\/wp-json\/wp\/v2\/media?parent=11121"}],"wp:term":[{"taxonomy":"category","embeddable":true,"href":"https:\/\/www.naturparkmagazin.de\/stechlin\/wp-json\/wp\/v2\/categories?post=11121"},{"taxonomy":"post_tag","embeddable":true,"href":"https:\/\/www.naturparkmagazin.de\/stechlin\/wp-json\/wp\/v2\/tags?post=11121"}],"curies":[{"name":"wp","href":"https:\/\/api.w.org\/{rel}","templated":true}]}}