{"id":11160,"date":"2021-10-12T14:57:46","date_gmt":"2021-10-12T12:57:46","guid":{"rendered":"https:\/\/www.naturparkmagazin.de\/stechlin\/?p=11160"},"modified":"2025-01-24T10:30:01","modified_gmt":"2025-01-24T09:30:01","slug":"apfelbaeume-aus-genressourcenprojekt-streuobst-ausgegeben","status":"publish","type":"post","link":"https:\/\/www.naturparkmagazin.de\/stechlin\/apfelbaeume-aus-genressourcenprojekt-streuobst-ausgegeben\/","title":{"rendered":"Apfelb\u00e4ume aus Genressourcenprojekt Streuobst ausgegeben (2021)"},"content":{"rendered":"<p>Leider konnte coronabedingt auch in diesem Jahr der Menzer Apfeltag nicht stattfinden. Aber die Apfelb\u00e4ume aus dem Genressourcenprojekt wurden am 22.10. unter Beachtung der Corona-Regeln vor der Regionalwerkstatt Stechlin in Menz ausgegeben.<\/p>\n<div id=\"attachment_11166\" style=\"width: 310px\" class=\"wp-caption aligncenter\"><a href=\"https:\/\/www.naturparkmagazin.de\/stechlin\/wp-content\/uploads\/sites\/38\/beginn.jpg\"><img aria-describedby=\"caption-attachment-11166\" decoding=\"async\" loading=\"lazy\" class=\"size-thumbnail wp-image-11166\" src=\"https:\/\/www.naturparkmagazin.de\/stechlin\/wp-content\/uploads\/sites\/38\/beginn-300x180.jpg\" alt=\"Die Apfelhochst\u00e4mme zu Beginn der Ausgabe \u00a9 Foto: Dr. Mario Schrumpf\" width=\"300\" height=\"180\" srcset=\"https:\/\/www.naturparkmagazin.de\/stechlin\/wp-content\/uploads\/sites\/38\/beginn-300x180.jpg 300w, https:\/\/www.naturparkmagazin.de\/stechlin\/wp-content\/uploads\/sites\/38\/beginn.jpg 500w, https:\/\/www.naturparkmagazin.de\/stechlin\/wp-content\/uploads\/sites\/38\/beginn-200x120.jpg 200w\" sizes=\"(max-width: 300px) 100vw, 300px\" \/><\/a><p id=\"caption-attachment-11166\" class=\"wp-caption-text\">Die Apfelhochst\u00e4mme zu Beginn der Ausgabe\u00a9 Foto: Dr. Mario Schrumpf<\/p><\/div>\n<p>Fast 130 Hochst\u00e4mme alter Sorten wurden gegen Vereinbarung an Interessierte abgegeben. Sorten mit den klangvollen Namen wie <em>Sch\u00f6ner von Bath, Gew\u00fcrzluiken, Roter Bellefleur oder Hasenkopf<\/em> finden nunmehr ihren Platz in G\u00e4rten im Naturpark.<\/p>\n<div id=\"attachment_11167\" style=\"width: 310px\" class=\"wp-caption aligncenter\"><a href=\"https:\/\/www.naturparkmagazin.de\/stechlin\/wp-content\/uploads\/sites\/38\/klaus-bresemann.jpg\"><img aria-describedby=\"caption-attachment-11167\" decoding=\"async\" loading=\"lazy\" class=\"size-thumbnail wp-image-11167\" src=\"https:\/\/www.naturparkmagazin.de\/stechlin\/wp-content\/uploads\/sites\/38\/klaus-bresemann-300x500.jpg\" alt=\"Klaus Bresemann k\u00fcmmert sich um den Abschluss der Vereinbarungen \u00a9 Foto: Dr. Mario Schrumpf\" width=\"300\" height=\"500\" srcset=\"https:\/\/www.naturparkmagazin.de\/stechlin\/wp-content\/uploads\/sites\/38\/klaus-bresemann.jpg 300w, https:\/\/www.naturparkmagazin.de\/stechlin\/wp-content\/uploads\/sites\/38\/klaus-bresemann-200x333.jpg 200w\" sizes=\"(max-width: 300px) 100vw, 300px\" \/><\/a><p id=\"caption-attachment-11167\" class=\"wp-caption-text\">Klaus Bresemann (links) k\u00fcmmert sich um den Abschluss der Vereinbarungen\u00a9 Foto: Dr. Mario Schrumpf<\/p><\/div>\n<p>Die B\u00e4ume wurden von der Biesenthaler Baumschule im Auftrag der Naturparkverwaltung angezogen. Silke Oldorff sorgte bei der Ausgabe f\u00fcr den Pflanzschnitt der B\u00e4ume.<\/p>\n<div id=\"attachment_11168\" style=\"width: 310px\" class=\"wp-caption aligncenter\"><a href=\"https:\/\/www.naturparkmagazin.de\/stechlin\/wp-content\/uploads\/sites\/38\/silke-oldorff.jpg\"><img aria-describedby=\"caption-attachment-11168\" decoding=\"async\" loading=\"lazy\" class=\"size-thumbnail wp-image-11168\" src=\"https:\/\/www.naturparkmagazin.de\/stechlin\/wp-content\/uploads\/sites\/38\/silke-oldorff-300x180.jpg\" alt=\"Silke Oldorff beim Pflanzschnitt \u00a9 Foto: Dr. Mario Schrumpf\" width=\"300\" height=\"180\" srcset=\"https:\/\/www.naturparkmagazin.de\/stechlin\/wp-content\/uploads\/sites\/38\/silke-oldorff-300x180.jpg 300w, https:\/\/www.naturparkmagazin.de\/stechlin\/wp-content\/uploads\/sites\/38\/silke-oldorff.jpg 500w, https:\/\/www.naturparkmagazin.de\/stechlin\/wp-content\/uploads\/sites\/38\/silke-oldorff-200x120.jpg 200w\" sizes=\"(max-width: 300px) 100vw, 300px\" \/><\/a><p id=\"caption-attachment-11168\" class=\"wp-caption-text\">Silke Oldorff beim Pflanzschnitt\u00a9 Foto: Dr. Mario Schrumpf<\/p><\/div>\n","protected":false},"excerpt":{"rendered":"<p>Fast 130 Hochst\u00e4mme alter Sorten wurden am 22.10. gegen Vereinbarung an Interessierte aus dem Naturpark abgegeben.<\/p>\n","protected":false},"author":39,"featured_media":11165,"comment_status":"open","ping_status":"open","sticky":false,"template":"","format":"standard","meta":[],"categories":[7],"tags":[],"yoast_head":"<!-- This site is optimized with the Yoast SEO plugin v19.10 - https:\/\/yoast.com\/wordpress\/plugins\/seo\/ -->\n<title>Apfelb\u00e4ume aus Genressourcenprojekt Streuobst ausgegeben (2021) - Naturpark Stechlin-Ruppiner Land<\/title>\n<meta name=\"robots\" content=\"index, follow, max-snippet:-1, max-image-preview:large, max-video-preview:-1\" \/>\n<link rel=\"canonical\" href=\"https:\/\/www.naturparkmagazin.de\/stechlin\/apfelbaeume-aus-genressourcenprojekt-streuobst-ausgegeben\/\" \/>\n<meta property=\"og:locale\" content=\"de_DE\" \/>\n<meta property=\"og:type\" content=\"article\" \/>\n<meta property=\"og:title\" content=\"Apfelb\u00e4ume aus Genressourcenprojekt Streuobst ausgegeben (2021) - Naturpark Stechlin-Ruppiner Land\" \/>\n<meta property=\"og:description\" content=\"Fast 130 Hochst\u00e4mme alter Sorten wurden am 22.10. gegen Vereinbarung an Interessierte aus dem Naturpark abgegeben.\" \/>\n<meta property=\"og:url\" content=\"https:\/\/www.naturparkmagazin.de\/stechlin\/apfelbaeume-aus-genressourcenprojekt-streuobst-ausgegeben\/\" \/>\n<meta property=\"og:site_name\" content=\"Naturpark Stechlin-Ruppiner Land\" \/>\n<meta property=\"article:published_time\" content=\"2021-10-12T12:57:46+00:00\" \/>\n<meta property=\"article:modified_time\" content=\"2025-01-24T09:30:01+00:00\" \/>\n<meta property=\"og:image\" content=\"https:\/\/www.naturparkmagazin.de\/stechlin\/wp-content\/uploads\/sites\/38\/apfelbaumausgabe_a.jpg\" \/>\n\t<meta property=\"og:image:width\" content=\"200\" \/>\n\t<meta property=\"og:image:height\" content=\"200\" \/>\n\t<meta property=\"og:image:type\" content=\"image\/jpeg\" \/>\n<meta name=\"author\" content=\"marioschrumpf\" \/>\n<meta name=\"twitter:label1\" content=\"Verfasst von\" \/>\n\t<meta name=\"twitter:data1\" content=\"marioschrumpf\" \/>\n\t<meta name=\"twitter:label2\" content=\"Gesch\u00e4tzte Lesezeit\" \/>\n\t<meta name=\"twitter:data2\" content=\"2\u00a0Minuten\" \/>\n<script type=\"application\/ld+json\" class=\"yoast-schema-graph\">{\"@context\":\"https:\/\/schema.org\",\"@graph\":[{\"@type\":\"WebPage\",\"@id\":\"https:\/\/www.naturparkmagazin.de\/stechlin\/apfelbaeume-aus-genressourcenprojekt-streuobst-ausgegeben\/\",\"url\":\"https:\/\/www.naturparkmagazin.de\/stechlin\/apfelbaeume-aus-genressourcenprojekt-streuobst-ausgegeben\/\",\"name\":\"Apfelb\u00e4ume aus Genressourcenprojekt Streuobst ausgegeben (2021) - Naturpark Stechlin-Ruppiner Land\",\"isPartOf\":{\"@id\":\"https:\/\/www.naturparkmagazin.de\/stechlin\/#website\"},\"datePublished\":\"2021-10-12T12:57:46+00:00\",\"dateModified\":\"2025-01-24T09:30:01+00:00\",\"author\":{\"@id\":\"https:\/\/www.naturparkmagazin.de\/stechlin\/#\/schema\/person\/3f0d93203df21c806dd63c76d9bb28bc\"},\"breadcrumb\":{\"@id\":\"https:\/\/www.naturparkmagazin.de\/stechlin\/apfelbaeume-aus-genressourcenprojekt-streuobst-ausgegeben\/#breadcrumb\"},\"inLanguage\":\"de\",\"potentialAction\":[{\"@type\":\"ReadAction\",\"target\":[\"https:\/\/www.naturparkmagazin.de\/stechlin\/apfelbaeume-aus-genressourcenprojekt-streuobst-ausgegeben\/\"]}]},{\"@type\":\"BreadcrumbList\",\"@id\":\"https:\/\/www.naturparkmagazin.de\/stechlin\/apfelbaeume-aus-genressourcenprojekt-streuobst-ausgegeben\/#breadcrumb\",\"itemListElement\":[{\"@type\":\"ListItem\",\"position\":1,\"name\":\"Home\",\"item\":\"https:\/\/www.naturparkmagazin.de\/stechlin\/\"},{\"@type\":\"ListItem\",\"position\":2,\"name\":\"Apfelb\u00e4ume aus Genressourcenprojekt Streuobst ausgegeben (2021)\"}]},{\"@type\":\"WebSite\",\"@id\":\"https:\/\/www.naturparkmagazin.de\/stechlin\/#website\",\"url\":\"https:\/\/www.naturparkmagazin.de\/stechlin\/\",\"name\":\"Naturpark Stechlin-Ruppiner Land\",\"description\":\"\",\"potentialAction\":[{\"@type\":\"SearchAction\",\"target\":{\"@type\":\"EntryPoint\",\"urlTemplate\":\"https:\/\/www.naturparkmagazin.de\/stechlin\/?s={search_term_string}\"},\"query-input\":\"required name=search_term_string\"}],\"inLanguage\":\"de\"},{\"@type\":\"Person\",\"@id\":\"https:\/\/www.naturparkmagazin.de\/stechlin\/#\/schema\/person\/3f0d93203df21c806dd63c76d9bb28bc\",\"name\":\"marioschrumpf\",\"url\":\"https:\/\/www.naturparkmagazin.de\/stechlin\/author\/marioschrumpf\/\"}]}<\/script>\n<!-- \/ Yoast SEO plugin. -->","yoast_head_json":{"title":"Apfelb\u00e4ume aus Genressourcenprojekt Streuobst ausgegeben (2021) - Naturpark Stechlin-Ruppiner Land","robots":{"index":"index","follow":"follow","max-snippet":"max-snippet:-1","max-image-preview":"max-image-preview:large","max-video-preview":"max-video-preview:-1"},"canonical":"https:\/\/www.naturparkmagazin.de\/stechlin\/apfelbaeume-aus-genressourcenprojekt-streuobst-ausgegeben\/","og_locale":"de_DE","og_type":"article","og_title":"Apfelb\u00e4ume aus Genressourcenprojekt Streuobst ausgegeben (2021) - Naturpark Stechlin-Ruppiner Land","og_description":"Fast 130 Hochst\u00e4mme alter Sorten wurden am 22.10. gegen Vereinbarung an Interessierte aus dem Naturpark abgegeben.","og_url":"https:\/\/www.naturparkmagazin.de\/stechlin\/apfelbaeume-aus-genressourcenprojekt-streuobst-ausgegeben\/","og_site_name":"Naturpark Stechlin-Ruppiner Land","article_published_time":"2021-10-12T12:57:46+00:00","article_modified_time":"2025-01-24T09:30:01+00:00","og_image":[{"width":200,"height":200,"url":"https:\/\/www.naturparkmagazin.de\/stechlin\/wp-content\/uploads\/sites\/38\/apfelbaumausgabe_a.jpg","type":"image\/jpeg"}],"author":"marioschrumpf","twitter_misc":{"Verfasst von":"marioschrumpf","Gesch\u00e4tzte Lesezeit":"2\u00a0Minuten"},"schema":{"@context":"https:\/\/schema.org","@graph":[{"@type":"WebPage","@id":"https:\/\/www.naturparkmagazin.de\/stechlin\/apfelbaeume-aus-genressourcenprojekt-streuobst-ausgegeben\/","url":"https:\/\/www.naturparkmagazin.de\/stechlin\/apfelbaeume-aus-genressourcenprojekt-streuobst-ausgegeben\/","name":"Apfelb\u00e4ume aus Genressourcenprojekt Streuobst ausgegeben (2021) - Naturpark Stechlin-Ruppiner Land","isPartOf":{"@id":"https:\/\/www.naturparkmagazin.de\/stechlin\/#website"},"datePublished":"2021-10-12T12:57:46+00:00","dateModified":"2025-01-24T09:30:01+00:00","author":{"@id":"https:\/\/www.naturparkmagazin.de\/stechlin\/#\/schema\/person\/3f0d93203df21c806dd63c76d9bb28bc"},"breadcrumb":{"@id":"https:\/\/www.naturparkmagazin.de\/stechlin\/apfelbaeume-aus-genressourcenprojekt-streuobst-ausgegeben\/#breadcrumb"},"inLanguage":"de","potentialAction":[{"@type":"ReadAction","target":["https:\/\/www.naturparkmagazin.de\/stechlin\/apfelbaeume-aus-genressourcenprojekt-streuobst-ausgegeben\/"]}]},{"@type":"BreadcrumbList","@id":"https:\/\/www.naturparkmagazin.de\/stechlin\/apfelbaeume-aus-genressourcenprojekt-streuobst-ausgegeben\/#breadcrumb","itemListElement":[{"@type":"ListItem","position":1,"name":"Home","item":"https:\/\/www.naturparkmagazin.de\/stechlin\/"},{"@type":"ListItem","position":2,"name":"Apfelb\u00e4ume aus Genressourcenprojekt Streuobst ausgegeben (2021)"}]},{"@type":"WebSite","@id":"https:\/\/www.naturparkmagazin.de\/stechlin\/#website","url":"https:\/\/www.naturparkmagazin.de\/stechlin\/","name":"Naturpark Stechlin-Ruppiner Land","description":"","potentialAction":[{"@type":"SearchAction","target":{"@type":"EntryPoint","urlTemplate":"https:\/\/www.naturparkmagazin.de\/stechlin\/?s={search_term_string}"},"query-input":"required name=search_term_string"}],"inLanguage":"de"},{"@type":"Person","@id":"https:\/\/www.naturparkmagazin.de\/stechlin\/#\/schema\/person\/3f0d93203df21c806dd63c76d9bb28bc","name":"marioschrumpf","url":"https:\/\/www.naturparkmagazin.de\/stechlin\/author\/marioschrumpf\/"}]}},"_links":{"self":[{"href":"https:\/\/www.naturparkmagazin.de\/stechlin\/wp-json\/wp\/v2\/posts\/11160"}],"collection":[{"href":"https:\/\/www.naturparkmagazin.de\/stechlin\/wp-json\/wp\/v2\/posts"}],"about":[{"href":"https:\/\/www.naturparkmagazin.de\/stechlin\/wp-json\/wp\/v2\/types\/post"}],"author":[{"embeddable":true,"href":"https:\/\/www.naturparkmagazin.de\/stechlin\/wp-json\/wp\/v2\/users\/39"}],"replies":[{"embeddable":true,"href":"https:\/\/www.naturparkmagazin.de\/stechlin\/wp-json\/wp\/v2\/comments?post=11160"}],"version-history":[{"count":6,"href":"https:\/\/www.naturparkmagazin.de\/stechlin\/wp-json\/wp\/v2\/posts\/11160\/revisions"}],"predecessor-version":[{"id":16618,"href":"https:\/\/www.naturparkmagazin.de\/stechlin\/wp-json\/wp\/v2\/posts\/11160\/revisions\/16618"}],"wp:featuredmedia":[{"embeddable":true,"href":"https:\/\/www.naturparkmagazin.de\/stechlin\/wp-json\/wp\/v2\/media\/11165"}],"wp:attachment":[{"href":"https:\/\/www.naturparkmagazin.de\/stechlin\/wp-json\/wp\/v2\/media?parent=11160"}],"wp:term":[{"taxonomy":"category","embeddable":true,"href":"https:\/\/www.naturparkmagazin.de\/stechlin\/wp-json\/wp\/v2\/categories?post=11160"},{"taxonomy":"post_tag","embeddable":true,"href":"https:\/\/www.naturparkmagazin.de\/stechlin\/wp-json\/wp\/v2\/tags?post=11160"}],"curies":[{"name":"wp","href":"https:\/\/api.w.org\/{rel}","templated":true}]}}