{"id":11180,"date":"2021-10-12T12:18:16","date_gmt":"2021-10-12T10:18:16","guid":{"rendered":"https:\/\/www.naturparkmagazin.de\/stechlin\/?p=11180"},"modified":"2021-10-26T14:12:07","modified_gmt":"2021-10-26T12:12:07","slug":"neue-faltblaetter-im-armleuchteralgenseen-projekt-veroeffentlicht","status":"publish","type":"post","link":"https:\/\/www.naturparkmagazin.de\/stechlin\/neue-faltblaetter-im-armleuchteralgenseen-projekt-veroeffentlicht\/","title":{"rendered":"Neue Faltbl\u00e4tter im Armleuchteralgenseen-Projekt ver\u00f6ffentlicht"},"content":{"rendered":"<p>Armleuchtergew\u00e4chse (auch Armleuchteralgen oder Characeen genannt) sind die nat\u00fcrlichen Besiedler der kalkreichen Seen in Brandenburg und Mecklenburg-Vorpommern. <strong>Unser Naturpark beherbergt die H\u00e4lfte der Klarwasserseenfl\u00e4che Brandenburgs<\/strong> und tr\u00e4gt damit f\u00fcr diesen europarechtlich gesch\u00fctzten Lebensraum eine besondere Verantwortung.<\/p>\n<div id=\"attachment_7641\" style=\"width: 210px\" class=\"wp-caption aligncenter\"><a href=\"https:\/\/www.naturparkmagazin.de\/stechlin\/wp-content\/uploads\/sites\/38\/Teichrosen1.jpg\"><img aria-describedby=\"caption-attachment-7641\" decoding=\"async\" loading=\"lazy\" class=\"wp-image-7641 size-full\" src=\"https:\/\/www.naturparkmagazin.de\/stechlin\/wp-content\/uploads\/sites\/38\/Teichrosen1.jpg\" alt=\"Der Stechlin aus der Fischperspektive.\" width=\"200\" height=\"300\" \/><\/a><p id=\"caption-attachment-7641\" class=\"wp-caption-text\">Der Stechlin aus der Fischperspektive. \u00a9 Foto: Michael Feierabend<\/p><\/div>\n<p>&nbsp;<\/p>\n<p>In den letzten 20 Jahren wurde in vielen Gew\u00e4ssern ein <strong>dramatischer R\u00fcckgang der Armleuchtergew\u00e4chse<\/strong> beobachtet. Die Ursachen sind vielf\u00e4ltig. Im Rahmen eines vom Bundesamt f\u00fcr Naturschutz gef\u00f6rderten Projektes sollen verschiedene Ma\u00dfnahmen erprobt werden, den Armleuchtergew\u00e4chsen wieder bessere Lebensbedingungen zu schaffen. Zum Projektgebiet geh\u00f6rt auch unser Naturpark, u.a. werden Ma\u00dfnahmen an den Giesenschlagseen, dem Twernsee, dem Dunkelsee und weiteren Seen erprobt. Weitergehende Informationen finden Sie unter <a href=\"http:\/\/www.chara-seen.de\">www.chara-seen.de<\/a>.<\/p>\n<p>Der Projekttr\u00e4ger F\u00f6rderverein Feldberg-Uckerm\u00e4rkische Seenlandschaft e.V. hat aktuell <strong>zwei neue Flyer zum Projekt<\/strong> herausgegeben:<\/p>\n<p>1. Unter dem Titel &#8222;<strong>Das Chara-Seen-Projekt<\/strong>&#8220; wird \u00fcber die Ziele und Hintergr\u00fcnde des Projektes informiert.<\/p>\n<p><em><a href=\"https:\/\/www.stechlin-ruppiner-land-naturpark.de\/fileadmin\/user_upload\/PDF\/Stechlin-Ruppin\/Publikationen\/Chara_Seen_Projekt.pdf\" target=\"_blank\">Hier geht\u00b4s zum Flyer (pdf, 11 MB)!<\/a>\n<\/em><\/p>\n<div id=\"attachment_11224\" style=\"width: 310px\" class=\"wp-caption aligncenter\"><a href=\"https:\/\/www.naturparkmagazin.de\/stechlin\/wp-content\/uploads\/sites\/38\/armleuchteralge.jpg\"><img aria-describedby=\"caption-attachment-11224\" decoding=\"async\" loading=\"lazy\" class=\"size-thumbnail wp-image-11224\" src=\"https:\/\/www.naturparkmagazin.de\/stechlin\/wp-content\/uploads\/sites\/38\/armleuchteralge-300x180.jpg\" alt=\"Armleuchteralge \u00a9 Foto: Silke Oldorff\" width=\"300\" height=\"180\" srcset=\"https:\/\/www.naturparkmagazin.de\/stechlin\/wp-content\/uploads\/sites\/38\/armleuchteralge-300x180.jpg 300w, https:\/\/www.naturparkmagazin.de\/stechlin\/wp-content\/uploads\/sites\/38\/armleuchteralge.jpg 500w, https:\/\/www.naturparkmagazin.de\/stechlin\/wp-content\/uploads\/sites\/38\/armleuchteralge-200x120.jpg 200w\" sizes=\"(max-width: 300px) 100vw, 300px\" \/><\/a><p id=\"caption-attachment-11224\" class=\"wp-caption-text\">Armleuchteralge\u00a9 Foto: Silke Oldorff<\/p><\/div>\n<p>2. Der Flyer mit dem Titel &#8222;<strong>Pl\u00f6tze, Blei und Rotfeder<\/strong>&#8220; informiert speziell \u00fcber den Fang und die Verwertung heimischer Fische zum Schutz von Armleuchteralgen und intakten Gew\u00e4ssern.<\/p>\n<p>&nbsp;<\/p>\n<p><em><a href=\"https:\/\/www.stechlin-ruppiner-land-naturpark.de\/fileadmin\/user_upload\/PDF\/Stechlin-Ruppin\/Publikationen\/Weiss_Fische.pdf\" target=\"_blank\">Hier geht\u00b4s zum Flyer (pdf, 6,3 MB)!<\/a><\/em><\/p>\n<p>&nbsp;<\/p>\n<div id=\"attachment_7642\" style=\"width: 310px\" class=\"wp-caption aligncenter\"><a href=\"https:\/\/www.naturparkmagazin.de\/stechlin\/wp-content\/uploads\/sites\/38\/HechtBarsch1.jpg\"><img aria-describedby=\"caption-attachment-7642\" decoding=\"async\" loading=\"lazy\" class=\"wp-image-7642 size-thumbnail\" src=\"https:\/\/www.naturparkmagazin.de\/stechlin\/wp-content\/uploads\/sites\/38\/HechtBarsch1-300x180.jpg\" alt=\"Der Hecht hat gute Sicht um reichlich Beute zu jagen.\" width=\"300\" height=\"180\" srcset=\"https:\/\/www.naturparkmagazin.de\/stechlin\/wp-content\/uploads\/sites\/38\/HechtBarsch1-300x180.jpg 300w, https:\/\/www.naturparkmagazin.de\/stechlin\/wp-content\/uploads\/sites\/38\/HechtBarsch1.jpg 500w, https:\/\/www.naturparkmagazin.de\/stechlin\/wp-content\/uploads\/sites\/38\/HechtBarsch1-200x120.jpg 200w\" sizes=\"(max-width: 300px) 100vw, 300px\" \/><\/a><p id=\"caption-attachment-7642\" class=\"wp-caption-text\">Der Hecht hat gute Sicht um reichlich Beute zu jagen. \u00a9 Foto: Michael Feierabend<\/p><\/div>\n","protected":false},"excerpt":{"rendered":"<p>Armleuchtergew\u00e4chse (auch Armleuchteralgen oder Characeen genannt) sind die nat\u00fcrlichen Besiedler der kalkreichen Seen in Brandenburg und Mecklenburg-Vorpommern.<\/p>\n","protected":false},"author":39,"featured_media":11216,"comment_status":"open","ping_status":"open","sticky":false,"template":"","format":"standard","meta":[],"categories":[7],"tags":[],"yoast_head":"<!-- This site is optimized with the Yoast SEO plugin v19.10 - https:\/\/yoast.com\/wordpress\/plugins\/seo\/ -->\n<title>Neue Faltbl\u00e4tter im Armleuchteralgenseen-Projekt ver\u00f6ffentlicht - Naturpark Stechlin-Ruppiner Land<\/title>\n<meta name=\"robots\" content=\"index, follow, max-snippet:-1, max-image-preview:large, max-video-preview:-1\" \/>\n<link rel=\"canonical\" href=\"https:\/\/www.naturparkmagazin.de\/stechlin\/neue-faltblaetter-im-armleuchteralgenseen-projekt-veroeffentlicht\/\" \/>\n<meta property=\"og:locale\" content=\"de_DE\" \/>\n<meta property=\"og:type\" content=\"article\" \/>\n<meta property=\"og:title\" content=\"Neue Faltbl\u00e4tter im Armleuchteralgenseen-Projekt ver\u00f6ffentlicht - Naturpark Stechlin-Ruppiner Land\" \/>\n<meta property=\"og:description\" content=\"Armleuchtergew\u00e4chse (auch Armleuchteralgen oder Characeen genannt) sind die nat\u00fcrlichen Besiedler der kalkreichen Seen in Brandenburg und Mecklenburg-Vorpommern.\" \/>\n<meta property=\"og:url\" content=\"https:\/\/www.naturparkmagazin.de\/stechlin\/neue-faltblaetter-im-armleuchteralgenseen-projekt-veroeffentlicht\/\" \/>\n<meta property=\"og:site_name\" content=\"Naturpark Stechlin-Ruppiner Land\" \/>\n<meta property=\"article:published_time\" content=\"2021-10-12T10:18:16+00:00\" \/>\n<meta property=\"article:modified_time\" content=\"2021-10-26T12:12:07+00:00\" \/>\n<meta property=\"og:image\" content=\"https:\/\/www.naturparkmagazin.de\/stechlin\/wp-content\/uploads\/sites\/38\/chara_a.jpg\" \/>\n\t<meta property=\"og:image:width\" content=\"200\" \/>\n\t<meta property=\"og:image:height\" content=\"200\" \/>\n\t<meta property=\"og:image:type\" content=\"image\/jpeg\" \/>\n<meta name=\"author\" content=\"marioschrumpf\" \/>\n<meta name=\"twitter:label1\" content=\"Verfasst von\" \/>\n\t<meta name=\"twitter:data1\" content=\"marioschrumpf\" \/>\n\t<meta name=\"twitter:label2\" content=\"Gesch\u00e4tzte Lesezeit\" \/>\n\t<meta name=\"twitter:data2\" content=\"1\u00a0Minute\" \/>\n<script type=\"application\/ld+json\" class=\"yoast-schema-graph\">{\"@context\":\"https:\/\/schema.org\",\"@graph\":[{\"@type\":\"WebPage\",\"@id\":\"https:\/\/www.naturparkmagazin.de\/stechlin\/neue-faltblaetter-im-armleuchteralgenseen-projekt-veroeffentlicht\/\",\"url\":\"https:\/\/www.naturparkmagazin.de\/stechlin\/neue-faltblaetter-im-armleuchteralgenseen-projekt-veroeffentlicht\/\",\"name\":\"Neue Faltbl\u00e4tter im Armleuchteralgenseen-Projekt ver\u00f6ffentlicht - Naturpark Stechlin-Ruppiner Land\",\"isPartOf\":{\"@id\":\"https:\/\/www.naturparkmagazin.de\/stechlin\/#website\"},\"datePublished\":\"2021-10-12T10:18:16+00:00\",\"dateModified\":\"2021-10-26T12:12:07+00:00\",\"author\":{\"@id\":\"https:\/\/www.naturparkmagazin.de\/stechlin\/#\/schema\/person\/3f0d93203df21c806dd63c76d9bb28bc\"},\"breadcrumb\":{\"@id\":\"https:\/\/www.naturparkmagazin.de\/stechlin\/neue-faltblaetter-im-armleuchteralgenseen-projekt-veroeffentlicht\/#breadcrumb\"},\"inLanguage\":\"de\",\"potentialAction\":[{\"@type\":\"ReadAction\",\"target\":[\"https:\/\/www.naturparkmagazin.de\/stechlin\/neue-faltblaetter-im-armleuchteralgenseen-projekt-veroeffentlicht\/\"]}]},{\"@type\":\"BreadcrumbList\",\"@id\":\"https:\/\/www.naturparkmagazin.de\/stechlin\/neue-faltblaetter-im-armleuchteralgenseen-projekt-veroeffentlicht\/#breadcrumb\",\"itemListElement\":[{\"@type\":\"ListItem\",\"position\":1,\"name\":\"Home\",\"item\":\"https:\/\/www.naturparkmagazin.de\/stechlin\/\"},{\"@type\":\"ListItem\",\"position\":2,\"name\":\"Neue Faltbl\u00e4tter im Armleuchteralgenseen-Projekt ver\u00f6ffentlicht\"}]},{\"@type\":\"WebSite\",\"@id\":\"https:\/\/www.naturparkmagazin.de\/stechlin\/#website\",\"url\":\"https:\/\/www.naturparkmagazin.de\/stechlin\/\",\"name\":\"Naturpark Stechlin-Ruppiner Land\",\"description\":\"\",\"potentialAction\":[{\"@type\":\"SearchAction\",\"target\":{\"@type\":\"EntryPoint\",\"urlTemplate\":\"https:\/\/www.naturparkmagazin.de\/stechlin\/?s={search_term_string}\"},\"query-input\":\"required name=search_term_string\"}],\"inLanguage\":\"de\"},{\"@type\":\"Person\",\"@id\":\"https:\/\/www.naturparkmagazin.de\/stechlin\/#\/schema\/person\/3f0d93203df21c806dd63c76d9bb28bc\",\"name\":\"marioschrumpf\",\"url\":\"https:\/\/www.naturparkmagazin.de\/stechlin\/author\/marioschrumpf\/\"}]}<\/script>\n<!-- \/ Yoast SEO plugin. -->","yoast_head_json":{"title":"Neue Faltbl\u00e4tter im Armleuchteralgenseen-Projekt ver\u00f6ffentlicht - Naturpark Stechlin-Ruppiner Land","robots":{"index":"index","follow":"follow","max-snippet":"max-snippet:-1","max-image-preview":"max-image-preview:large","max-video-preview":"max-video-preview:-1"},"canonical":"https:\/\/www.naturparkmagazin.de\/stechlin\/neue-faltblaetter-im-armleuchteralgenseen-projekt-veroeffentlicht\/","og_locale":"de_DE","og_type":"article","og_title":"Neue Faltbl\u00e4tter im Armleuchteralgenseen-Projekt ver\u00f6ffentlicht - Naturpark Stechlin-Ruppiner Land","og_description":"Armleuchtergew\u00e4chse (auch Armleuchteralgen oder Characeen genannt) sind die nat\u00fcrlichen Besiedler der kalkreichen Seen in Brandenburg und Mecklenburg-Vorpommern.","og_url":"https:\/\/www.naturparkmagazin.de\/stechlin\/neue-faltblaetter-im-armleuchteralgenseen-projekt-veroeffentlicht\/","og_site_name":"Naturpark Stechlin-Ruppiner Land","article_published_time":"2021-10-12T10:18:16+00:00","article_modified_time":"2021-10-26T12:12:07+00:00","og_image":[{"width":200,"height":200,"url":"https:\/\/www.naturparkmagazin.de\/stechlin\/wp-content\/uploads\/sites\/38\/chara_a.jpg","type":"image\/jpeg"}],"author":"marioschrumpf","twitter_misc":{"Verfasst von":"marioschrumpf","Gesch\u00e4tzte Lesezeit":"1\u00a0Minute"},"schema":{"@context":"https:\/\/schema.org","@graph":[{"@type":"WebPage","@id":"https:\/\/www.naturparkmagazin.de\/stechlin\/neue-faltblaetter-im-armleuchteralgenseen-projekt-veroeffentlicht\/","url":"https:\/\/www.naturparkmagazin.de\/stechlin\/neue-faltblaetter-im-armleuchteralgenseen-projekt-veroeffentlicht\/","name":"Neue Faltbl\u00e4tter im Armleuchteralgenseen-Projekt ver\u00f6ffentlicht - Naturpark Stechlin-Ruppiner Land","isPartOf":{"@id":"https:\/\/www.naturparkmagazin.de\/stechlin\/#website"},"datePublished":"2021-10-12T10:18:16+00:00","dateModified":"2021-10-26T12:12:07+00:00","author":{"@id":"https:\/\/www.naturparkmagazin.de\/stechlin\/#\/schema\/person\/3f0d93203df21c806dd63c76d9bb28bc"},"breadcrumb":{"@id":"https:\/\/www.naturparkmagazin.de\/stechlin\/neue-faltblaetter-im-armleuchteralgenseen-projekt-veroeffentlicht\/#breadcrumb"},"inLanguage":"de","potentialAction":[{"@type":"ReadAction","target":["https:\/\/www.naturparkmagazin.de\/stechlin\/neue-faltblaetter-im-armleuchteralgenseen-projekt-veroeffentlicht\/"]}]},{"@type":"BreadcrumbList","@id":"https:\/\/www.naturparkmagazin.de\/stechlin\/neue-faltblaetter-im-armleuchteralgenseen-projekt-veroeffentlicht\/#breadcrumb","itemListElement":[{"@type":"ListItem","position":1,"name":"Home","item":"https:\/\/www.naturparkmagazin.de\/stechlin\/"},{"@type":"ListItem","position":2,"name":"Neue Faltbl\u00e4tter im Armleuchteralgenseen-Projekt ver\u00f6ffentlicht"}]},{"@type":"WebSite","@id":"https:\/\/www.naturparkmagazin.de\/stechlin\/#website","url":"https:\/\/www.naturparkmagazin.de\/stechlin\/","name":"Naturpark Stechlin-Ruppiner Land","description":"","potentialAction":[{"@type":"SearchAction","target":{"@type":"EntryPoint","urlTemplate":"https:\/\/www.naturparkmagazin.de\/stechlin\/?s={search_term_string}"},"query-input":"required name=search_term_string"}],"inLanguage":"de"},{"@type":"Person","@id":"https:\/\/www.naturparkmagazin.de\/stechlin\/#\/schema\/person\/3f0d93203df21c806dd63c76d9bb28bc","name":"marioschrumpf","url":"https:\/\/www.naturparkmagazin.de\/stechlin\/author\/marioschrumpf\/"}]}},"_links":{"self":[{"href":"https:\/\/www.naturparkmagazin.de\/stechlin\/wp-json\/wp\/v2\/posts\/11180"}],"collection":[{"href":"https:\/\/www.naturparkmagazin.de\/stechlin\/wp-json\/wp\/v2\/posts"}],"about":[{"href":"https:\/\/www.naturparkmagazin.de\/stechlin\/wp-json\/wp\/v2\/types\/post"}],"author":[{"embeddable":true,"href":"https:\/\/www.naturparkmagazin.de\/stechlin\/wp-json\/wp\/v2\/users\/39"}],"replies":[{"embeddable":true,"href":"https:\/\/www.naturparkmagazin.de\/stechlin\/wp-json\/wp\/v2\/comments?post=11180"}],"version-history":[{"count":6,"href":"https:\/\/www.naturparkmagazin.de\/stechlin\/wp-json\/wp\/v2\/posts\/11180\/revisions"}],"predecessor-version":[{"id":11236,"href":"https:\/\/www.naturparkmagazin.de\/stechlin\/wp-json\/wp\/v2\/posts\/11180\/revisions\/11236"}],"wp:featuredmedia":[{"embeddable":true,"href":"https:\/\/www.naturparkmagazin.de\/stechlin\/wp-json\/wp\/v2\/media\/11216"}],"wp:attachment":[{"href":"https:\/\/www.naturparkmagazin.de\/stechlin\/wp-json\/wp\/v2\/media?parent=11180"}],"wp:term":[{"taxonomy":"category","embeddable":true,"href":"https:\/\/www.naturparkmagazin.de\/stechlin\/wp-json\/wp\/v2\/categories?post=11180"},{"taxonomy":"post_tag","embeddable":true,"href":"https:\/\/www.naturparkmagazin.de\/stechlin\/wp-json\/wp\/v2\/tags?post=11180"}],"curies":[{"name":"wp","href":"https:\/\/api.w.org\/{rel}","templated":true}]}}