{"id":11191,"date":"2021-10-12T13:27:14","date_gmt":"2021-10-12T11:27:14","guid":{"rendered":"https:\/\/www.naturparkmagazin.de\/stechlin\/?p=11191"},"modified":"2021-10-26T14:05:23","modified_gmt":"2021-10-26T12:05:23","slug":"pflanzeinsatz-in-katerbow-geplant","status":"publish","type":"post","link":"https:\/\/www.naturparkmagazin.de\/stechlin\/pflanzeinsatz-in-katerbow-geplant\/","title":{"rendered":"Pflanzeinsatz in Katerbow geplant"},"content":{"rendered":"<p>Nach zwei erfolgreichen Pflanzeins\u00e4tzen im letzten Jahr ist auch in diesem Jahr wieder eine Pflanzaktion in Katerbow geplant.<\/p>\n<p>Treffpunkt ist am <strong>6. November 2021, 9 Uhr<\/strong> am Beginn des Ortsverbindungsweges nach Netzeband am Ortsausgang Katerbow.<\/p>\n<div id=\"attachment_10035\" style=\"width: 310px\" class=\"wp-caption aligncenter\"><a href=\"https:\/\/www.naturparkmagazin.de\/stechlin\/wp-content\/uploads\/sites\/38\/\u00fcberblick.jpg\"><img aria-describedby=\"caption-attachment-10035\" decoding=\"async\" loading=\"lazy\" class=\"size-thumbnail wp-image-10035\" src=\"https:\/\/www.naturparkmagazin.de\/stechlin\/wp-content\/uploads\/sites\/38\/\u00fcberblick-300x180.jpg\" alt=\"\u00dcbersichtsfoto vom Gallberg\" width=\"300\" height=\"180\" srcset=\"https:\/\/www.naturparkmagazin.de\/stechlin\/wp-content\/uploads\/sites\/38\/\u00fcberblick-300x180.jpg 300w, https:\/\/www.naturparkmagazin.de\/stechlin\/wp-content\/uploads\/sites\/38\/\u00fcberblick.jpg 500w, https:\/\/www.naturparkmagazin.de\/stechlin\/wp-content\/uploads\/sites\/38\/\u00fcberblick-200x120.jpg 200w\" sizes=\"(max-width: 300px) 100vw, 300px\" \/><\/a><p id=\"caption-attachment-10035\" class=\"wp-caption-text\">\u00dcbersichtsfoto vom Gallberg \u00fcber die 2020 gepflanzten B\u00e4ume.<\/p><\/div>\n<p>Entlang des wiederentstandenen Weges von Katerbow nach Netzeband sollen 33 Obsthochst\u00e4mme gepflanzt werden. Das Pflanzgut stammt aus dem Genressourcenprojekt Streuobst des Naturparks. Die Anzucht des Pflanzmaterials erfolgte durch die Biesenthaler Baumschule auf der Grundlage einer Rahmenvereinbarung mit dem Naturpark.<\/p>\n<div id=\"attachment_10013\" style=\"width: 310px\" class=\"wp-caption aligncenter\"><a href=\"https:\/\/www.naturparkmagazin.de\/stechlin\/wp-content\/uploads\/sites\/38\/kurt.jpg\"><img aria-describedby=\"caption-attachment-10013\" decoding=\"async\" loading=\"lazy\" class=\"size-thumbnail wp-image-10013\" src=\"https:\/\/www.naturparkmagazin.de\/stechlin\/wp-content\/uploads\/sites\/38\/kurt-300x500.jpg\" alt=\"Kurt Lehmann vom Landschaftspflegeverband demonstriert das Anbinden der B\u00e4ume.\" width=\"300\" height=\"500\" srcset=\"https:\/\/www.naturparkmagazin.de\/stechlin\/wp-content\/uploads\/sites\/38\/kurt.jpg 300w, https:\/\/www.naturparkmagazin.de\/stechlin\/wp-content\/uploads\/sites\/38\/kurt-200x333.jpg 200w\" sizes=\"(max-width: 300px) 100vw, 300px\" \/><\/a><p id=\"caption-attachment-10013\" class=\"wp-caption-text\">Kurt Lehmann vom Landschaftspflegeverband demonstriert das Anbinden der B\u00e4ume.<\/p><\/div>\n<p>Der Arbeitseinsatz steht unter Anleitung des Landschaftspflegevereins Norduckerm\u00e4rkische Seenlandschaft e.V. Die Finanzierung erfolgt aus projektgebundenen Spenden an den Landschaftspflegeverband Prignitz-Ruppiner Land e.V. und aus Haushaltsmitteln des Naturparks.<\/p>\n<div id=\"attachment_10654\" style=\"width: 310px\" class=\"wp-caption aligncenter\"><a href=\"https:\/\/www.naturparkmagazin.de\/stechlin\/wp-content\/uploads\/sites\/38\/DSC_0058_E.jpg\"><img aria-describedby=\"caption-attachment-10654\" decoding=\"async\" loading=\"lazy\" class=\"size-thumbnail wp-image-10654\" src=\"https:\/\/www.naturparkmagazin.de\/stechlin\/wp-content\/uploads\/sites\/38\/DSC_0058_E-300x180.jpg\" alt=\"Amtsdirektor Thomas Kresse und Andreas Bergmann, Gesch\u00e4ftsf\u00fchrer des Landschaftspflegeverbandes \u00fcbergeben die Infotafel. \u00a9 Mario Schrumpf\" width=\"300\" height=\"180\" srcset=\"https:\/\/www.naturparkmagazin.de\/stechlin\/wp-content\/uploads\/sites\/38\/DSC_0058_E-300x180.jpg 300w, https:\/\/www.naturparkmagazin.de\/stechlin\/wp-content\/uploads\/sites\/38\/DSC_0058_E.jpg 500w, https:\/\/www.naturparkmagazin.de\/stechlin\/wp-content\/uploads\/sites\/38\/DSC_0058_E-200x120.jpg 200w\" sizes=\"(max-width: 300px) 100vw, 300px\" \/><\/a><p id=\"caption-attachment-10654\" class=\"wp-caption-text\">Amtsdirektor Thomas Kresse und Andreas Bergmann, Gesch\u00e4ftsf\u00fchrer des Landschaftspflegeverbandes \u00fcbergeben im Juni 2021 die Infotafel. \u00a9 Mario Schrumpf<\/p><\/div>\n<div id=\"attachment_10034\" style=\"width: 310px\" class=\"wp-caption aligncenter\"><a href=\"https:\/\/www.naturparkmagazin.de\/stechlin\/wp-content\/uploads\/sites\/38\/lokalpresse.jpg\"><img aria-describedby=\"caption-attachment-10034\" decoding=\"async\" loading=\"lazy\" class=\"size-thumbnail wp-image-10034\" src=\"https:\/\/www.naturparkmagazin.de\/stechlin\/wp-content\/uploads\/sites\/38\/lokalpresse-300x180.jpg\" alt=\"Die Lokalpresse im Interview mit Henrik Stamer vom Landschaftspflegeverband und B\u00fcrgermeister Bernd M\u00fcller.\" width=\"300\" height=\"180\" srcset=\"https:\/\/www.naturparkmagazin.de\/stechlin\/wp-content\/uploads\/sites\/38\/lokalpresse-300x180.jpg 300w, https:\/\/www.naturparkmagazin.de\/stechlin\/wp-content\/uploads\/sites\/38\/lokalpresse.jpg 500w, https:\/\/www.naturparkmagazin.de\/stechlin\/wp-content\/uploads\/sites\/38\/lokalpresse-200x120.jpg 200w\" sizes=\"(max-width: 300px) 100vw, 300px\" \/><\/a><p id=\"caption-attachment-10034\" class=\"wp-caption-text\">Die Lokalpresse im Interview mit Henrik Stamer vom Landschaftspflegeverband und B\u00fcrgermeister Bernd M\u00fcller zum Pflanzeinsatz im letzten Jahr.<\/p><\/div>\n","protected":false},"excerpt":{"rendered":"<p>Nach zwei erfolgreichen Pflanzeins\u00e4tzen im letzten Jahr ist auch in diesem Jahr am 6.11. wieder eine Pflanzaktion in Katerbow geplant.<\/p>\n","protected":false},"author":39,"featured_media":10033,"comment_status":"open","ping_status":"open","sticky":false,"template":"","format":"standard","meta":[],"categories":[11],"tags":[],"yoast_head":"<!-- This site is optimized with the Yoast SEO plugin v19.10 - https:\/\/yoast.com\/wordpress\/plugins\/seo\/ -->\n<title>Pflanzeinsatz in Katerbow geplant - Naturpark Stechlin-Ruppiner Land<\/title>\n<meta name=\"robots\" content=\"index, follow, max-snippet:-1, max-image-preview:large, max-video-preview:-1\" \/>\n<link rel=\"canonical\" href=\"https:\/\/www.naturparkmagazin.de\/stechlin\/pflanzeinsatz-in-katerbow-geplant\/\" \/>\n<meta property=\"og:locale\" content=\"de_DE\" \/>\n<meta property=\"og:type\" content=\"article\" \/>\n<meta property=\"og:title\" content=\"Pflanzeinsatz in Katerbow geplant - Naturpark Stechlin-Ruppiner Land\" \/>\n<meta property=\"og:description\" content=\"Nach zwei erfolgreichen Pflanzeins\u00e4tzen im letzten Jahr ist auch in diesem Jahr am 6.11. wieder eine Pflanzaktion in Katerbow geplant.\" \/>\n<meta property=\"og:url\" content=\"https:\/\/www.naturparkmagazin.de\/stechlin\/pflanzeinsatz-in-katerbow-geplant\/\" \/>\n<meta property=\"og:site_name\" content=\"Naturpark Stechlin-Ruppiner Land\" \/>\n<meta property=\"article:published_time\" content=\"2021-10-12T11:27:14+00:00\" \/>\n<meta property=\"article:modified_time\" content=\"2021-10-26T12:05:23+00:00\" \/>\n<meta property=\"og:image\" content=\"https:\/\/www.naturparkmagazin.de\/stechlin\/wp-content\/uploads\/sites\/38\/aufmacher4.jpg\" \/>\n\t<meta property=\"og:image:width\" content=\"200\" \/>\n\t<meta property=\"og:image:height\" content=\"200\" \/>\n\t<meta property=\"og:image:type\" content=\"image\/jpeg\" \/>\n<meta name=\"author\" content=\"marioschrumpf\" \/>\n<meta name=\"twitter:label1\" content=\"Verfasst von\" \/>\n\t<meta name=\"twitter:data1\" content=\"marioschrumpf\" \/>\n\t<meta name=\"twitter:label2\" content=\"Gesch\u00e4tzte Lesezeit\" \/>\n\t<meta name=\"twitter:data2\" content=\"1\u00a0Minute\" \/>\n<script type=\"application\/ld+json\" class=\"yoast-schema-graph\">{\"@context\":\"https:\/\/schema.org\",\"@graph\":[{\"@type\":\"WebPage\",\"@id\":\"https:\/\/www.naturparkmagazin.de\/stechlin\/pflanzeinsatz-in-katerbow-geplant\/\",\"url\":\"https:\/\/www.naturparkmagazin.de\/stechlin\/pflanzeinsatz-in-katerbow-geplant\/\",\"name\":\"Pflanzeinsatz in Katerbow geplant - Naturpark Stechlin-Ruppiner Land\",\"isPartOf\":{\"@id\":\"https:\/\/www.naturparkmagazin.de\/stechlin\/#website\"},\"datePublished\":\"2021-10-12T11:27:14+00:00\",\"dateModified\":\"2021-10-26T12:05:23+00:00\",\"author\":{\"@id\":\"https:\/\/www.naturparkmagazin.de\/stechlin\/#\/schema\/person\/3f0d93203df21c806dd63c76d9bb28bc\"},\"breadcrumb\":{\"@id\":\"https:\/\/www.naturparkmagazin.de\/stechlin\/pflanzeinsatz-in-katerbow-geplant\/#breadcrumb\"},\"inLanguage\":\"de\",\"potentialAction\":[{\"@type\":\"ReadAction\",\"target\":[\"https:\/\/www.naturparkmagazin.de\/stechlin\/pflanzeinsatz-in-katerbow-geplant\/\"]}]},{\"@type\":\"BreadcrumbList\",\"@id\":\"https:\/\/www.naturparkmagazin.de\/stechlin\/pflanzeinsatz-in-katerbow-geplant\/#breadcrumb\",\"itemListElement\":[{\"@type\":\"ListItem\",\"position\":1,\"name\":\"Home\",\"item\":\"https:\/\/www.naturparkmagazin.de\/stechlin\/\"},{\"@type\":\"ListItem\",\"position\":2,\"name\":\"Pflanzeinsatz in Katerbow geplant\"}]},{\"@type\":\"WebSite\",\"@id\":\"https:\/\/www.naturparkmagazin.de\/stechlin\/#website\",\"url\":\"https:\/\/www.naturparkmagazin.de\/stechlin\/\",\"name\":\"Naturpark Stechlin-Ruppiner Land\",\"description\":\"\",\"potentialAction\":[{\"@type\":\"SearchAction\",\"target\":{\"@type\":\"EntryPoint\",\"urlTemplate\":\"https:\/\/www.naturparkmagazin.de\/stechlin\/?s={search_term_string}\"},\"query-input\":\"required name=search_term_string\"}],\"inLanguage\":\"de\"},{\"@type\":\"Person\",\"@id\":\"https:\/\/www.naturparkmagazin.de\/stechlin\/#\/schema\/person\/3f0d93203df21c806dd63c76d9bb28bc\",\"name\":\"marioschrumpf\",\"url\":\"https:\/\/www.naturparkmagazin.de\/stechlin\/author\/marioschrumpf\/\"}]}<\/script>\n<!-- \/ Yoast SEO plugin. -->","yoast_head_json":{"title":"Pflanzeinsatz in Katerbow geplant - Naturpark Stechlin-Ruppiner Land","robots":{"index":"index","follow":"follow","max-snippet":"max-snippet:-1","max-image-preview":"max-image-preview:large","max-video-preview":"max-video-preview:-1"},"canonical":"https:\/\/www.naturparkmagazin.de\/stechlin\/pflanzeinsatz-in-katerbow-geplant\/","og_locale":"de_DE","og_type":"article","og_title":"Pflanzeinsatz in Katerbow geplant - Naturpark Stechlin-Ruppiner Land","og_description":"Nach zwei erfolgreichen Pflanzeins\u00e4tzen im letzten Jahr ist auch in diesem Jahr am 6.11. wieder eine Pflanzaktion in Katerbow geplant.","og_url":"https:\/\/www.naturparkmagazin.de\/stechlin\/pflanzeinsatz-in-katerbow-geplant\/","og_site_name":"Naturpark Stechlin-Ruppiner Land","article_published_time":"2021-10-12T11:27:14+00:00","article_modified_time":"2021-10-26T12:05:23+00:00","og_image":[{"width":200,"height":200,"url":"https:\/\/www.naturparkmagazin.de\/stechlin\/wp-content\/uploads\/sites\/38\/aufmacher4.jpg","type":"image\/jpeg"}],"author":"marioschrumpf","twitter_misc":{"Verfasst von":"marioschrumpf","Gesch\u00e4tzte Lesezeit":"1\u00a0Minute"},"schema":{"@context":"https:\/\/schema.org","@graph":[{"@type":"WebPage","@id":"https:\/\/www.naturparkmagazin.de\/stechlin\/pflanzeinsatz-in-katerbow-geplant\/","url":"https:\/\/www.naturparkmagazin.de\/stechlin\/pflanzeinsatz-in-katerbow-geplant\/","name":"Pflanzeinsatz in Katerbow geplant - Naturpark Stechlin-Ruppiner Land","isPartOf":{"@id":"https:\/\/www.naturparkmagazin.de\/stechlin\/#website"},"datePublished":"2021-10-12T11:27:14+00:00","dateModified":"2021-10-26T12:05:23+00:00","author":{"@id":"https:\/\/www.naturparkmagazin.de\/stechlin\/#\/schema\/person\/3f0d93203df21c806dd63c76d9bb28bc"},"breadcrumb":{"@id":"https:\/\/www.naturparkmagazin.de\/stechlin\/pflanzeinsatz-in-katerbow-geplant\/#breadcrumb"},"inLanguage":"de","potentialAction":[{"@type":"ReadAction","target":["https:\/\/www.naturparkmagazin.de\/stechlin\/pflanzeinsatz-in-katerbow-geplant\/"]}]},{"@type":"BreadcrumbList","@id":"https:\/\/www.naturparkmagazin.de\/stechlin\/pflanzeinsatz-in-katerbow-geplant\/#breadcrumb","itemListElement":[{"@type":"ListItem","position":1,"name":"Home","item":"https:\/\/www.naturparkmagazin.de\/stechlin\/"},{"@type":"ListItem","position":2,"name":"Pflanzeinsatz in Katerbow geplant"}]},{"@type":"WebSite","@id":"https:\/\/www.naturparkmagazin.de\/stechlin\/#website","url":"https:\/\/www.naturparkmagazin.de\/stechlin\/","name":"Naturpark Stechlin-Ruppiner Land","description":"","potentialAction":[{"@type":"SearchAction","target":{"@type":"EntryPoint","urlTemplate":"https:\/\/www.naturparkmagazin.de\/stechlin\/?s={search_term_string}"},"query-input":"required name=search_term_string"}],"inLanguage":"de"},{"@type":"Person","@id":"https:\/\/www.naturparkmagazin.de\/stechlin\/#\/schema\/person\/3f0d93203df21c806dd63c76d9bb28bc","name":"marioschrumpf","url":"https:\/\/www.naturparkmagazin.de\/stechlin\/author\/marioschrumpf\/"}]}},"_links":{"self":[{"href":"https:\/\/www.naturparkmagazin.de\/stechlin\/wp-json\/wp\/v2\/posts\/11191"}],"collection":[{"href":"https:\/\/www.naturparkmagazin.de\/stechlin\/wp-json\/wp\/v2\/posts"}],"about":[{"href":"https:\/\/www.naturparkmagazin.de\/stechlin\/wp-json\/wp\/v2\/types\/post"}],"author":[{"embeddable":true,"href":"https:\/\/www.naturparkmagazin.de\/stechlin\/wp-json\/wp\/v2\/users\/39"}],"replies":[{"embeddable":true,"href":"https:\/\/www.naturparkmagazin.de\/stechlin\/wp-json\/wp\/v2\/comments?post=11191"}],"version-history":[{"count":3,"href":"https:\/\/www.naturparkmagazin.de\/stechlin\/wp-json\/wp\/v2\/posts\/11191\/revisions"}],"predecessor-version":[{"id":11233,"href":"https:\/\/www.naturparkmagazin.de\/stechlin\/wp-json\/wp\/v2\/posts\/11191\/revisions\/11233"}],"wp:featuredmedia":[{"embeddable":true,"href":"https:\/\/www.naturparkmagazin.de\/stechlin\/wp-json\/wp\/v2\/media\/10033"}],"wp:attachment":[{"href":"https:\/\/www.naturparkmagazin.de\/stechlin\/wp-json\/wp\/v2\/media?parent=11191"}],"wp:term":[{"taxonomy":"category","embeddable":true,"href":"https:\/\/www.naturparkmagazin.de\/stechlin\/wp-json\/wp\/v2\/categories?post=11191"},{"taxonomy":"post_tag","embeddable":true,"href":"https:\/\/www.naturparkmagazin.de\/stechlin\/wp-json\/wp\/v2\/tags?post=11191"}],"curies":[{"name":"wp","href":"https:\/\/api.w.org\/{rel}","templated":true}]}}