{"id":11194,"date":"2021-10-12T13:57:15","date_gmt":"2021-10-12T11:57:15","guid":{"rendered":"https:\/\/www.naturparkmagazin.de\/stechlin\/?p=11194"},"modified":"2021-10-26T14:03:37","modified_gmt":"2021-10-26T12:03:37","slug":"aktion-einheitsbuddeln-auch-in-diesem-jahr-in-grosswoltersdorf","status":"publish","type":"post","link":"https:\/\/www.naturparkmagazin.de\/stechlin\/aktion-einheitsbuddeln-auch-in-diesem-jahr-in-grosswoltersdorf\/","title":{"rendered":"Aktion Einheitsbuddeln auch in diesem Jahr in Gro\u00dfwoltersdorf"},"content":{"rendered":"<p>Der Verein Gemeinsam e.V. l\u00e4dt am <strong>20.11., 11 Uhr<\/strong> zu einer gemeinsamen Pflanzaktion mit dem Naturpark nach Gro\u00dfwoltersdorf ein.<\/p>\n<div id=\"attachment_10454\" style=\"width: 310px\" class=\"wp-caption aligncenter\"><a href=\"https:\/\/www.naturparkmagazin.de\/stechlin\/wp-content\/uploads\/sites\/38\/P9010836.jpg\"><img aria-describedby=\"caption-attachment-10454\" decoding=\"async\" loading=\"lazy\" class=\"size-thumbnail wp-image-10454\" src=\"https:\/\/www.naturparkmagazin.de\/stechlin\/wp-content\/uploads\/sites\/38\/P9010836-300x180.jpg\" alt=\"\u00a9Dr. Mario Schrumpf\" width=\"300\" height=\"180\" srcset=\"https:\/\/www.naturparkmagazin.de\/stechlin\/wp-content\/uploads\/sites\/38\/P9010836-300x180.jpg 300w, https:\/\/www.naturparkmagazin.de\/stechlin\/wp-content\/uploads\/sites\/38\/P9010836.jpg 500w, https:\/\/www.naturparkmagazin.de\/stechlin\/wp-content\/uploads\/sites\/38\/P9010836-200x120.jpg 200w\" sizes=\"(max-width: 300px) 100vw, 300px\" \/><\/a><p id=\"caption-attachment-10454\" class=\"wp-caption-text\">Streuobstwiesen geh\u00f6ren zu den typischen Elementen unserer Kulturlandschaft \u00a9Dr. Mario Schrumpf<\/p><\/div>\n<p>Entlang des Feldweges nach Wolfsruh sollen weitere 15 Apfelhochst\u00e4mme gepflanzt werden. Die B\u00e4ume stammen aus dem <strong>Genressourcenprojekt Streuobst des Naturparks<\/strong>. Die Anzucht erfolgt durch die Barnimer Baumschule in Biesenthal. Die Finanzierung des Pflanzmaterials erfolgt unter Vermittlung des Naturparks durch das <strong>Brandenburgische Umweltministerium<\/strong> im Rahmen der <strong>Aktion Einheitsbuddeln<\/strong>.<\/p>\n<p>Bereits in 2020 wurden 15 Apfelhochst\u00e4mme alter Sorten in einer <strong>Gemeinschaftsaktion Verein Gemeinsam e.V.-Naturpark<\/strong> gepflanzt.<\/p>\n<div id=\"attachment_10014\" style=\"width: 310px\" class=\"wp-caption aligncenter\"><a href=\"https:\/\/www.naturparkmagazin.de\/stechlin\/wp-content\/uploads\/sites\/38\/drei-eichenpf\u00e4hle.jpg\"><img aria-describedby=\"caption-attachment-10014\" decoding=\"async\" loading=\"lazy\" class=\"size-thumbnail wp-image-10014\" src=\"https:\/\/www.naturparkmagazin.de\/stechlin\/wp-content\/uploads\/sites\/38\/drei-eichenpf\u00e4hle-300x180.jpg\" alt=\"Drei Eichenpf\u00e4hle sorgen f\u00fcr den n\u00f6tigen Halt der jungen B\u00e4ume.\" width=\"300\" height=\"180\" srcset=\"https:\/\/www.naturparkmagazin.de\/stechlin\/wp-content\/uploads\/sites\/38\/drei-eichenpf\u00e4hle-300x180.jpg 300w, https:\/\/www.naturparkmagazin.de\/stechlin\/wp-content\/uploads\/sites\/38\/drei-eichenpf\u00e4hle.jpg 500w, https:\/\/www.naturparkmagazin.de\/stechlin\/wp-content\/uploads\/sites\/38\/drei-eichenpf\u00e4hle-200x120.jpg 200w\" sizes=\"(max-width: 300px) 100vw, 300px\" \/><\/a><p id=\"caption-attachment-10014\" class=\"wp-caption-text\">Drei Eichenpf\u00e4hle sorgen f\u00fcr den n\u00f6tigen Halt der jungen B\u00e4ume. Foto der Pflanzaktion 2020.<\/p><\/div>\n","protected":false},"excerpt":{"rendered":"<p>Der Verein Gemeinsam e.V. l\u00e4dt am 20.11., 11 Uhr zu einer gemeinsamen Pflanzaktion mit dem Naturpark nach Gro\u00dfwoltersdorf ein.<\/p>\n","protected":false},"author":39,"featured_media":6111,"comment_status":"open","ping_status":"open","sticky":false,"template":"","format":"standard","meta":[],"categories":[11],"tags":[],"yoast_head":"<!-- This site is optimized with the Yoast SEO plugin v19.10 - https:\/\/yoast.com\/wordpress\/plugins\/seo\/ -->\n<title>Aktion Einheitsbuddeln auch in diesem Jahr in Gro\u00dfwoltersdorf - Naturpark Stechlin-Ruppiner Land<\/title>\n<meta name=\"robots\" content=\"index, follow, max-snippet:-1, max-image-preview:large, max-video-preview:-1\" \/>\n<link rel=\"canonical\" href=\"https:\/\/www.naturparkmagazin.de\/stechlin\/aktion-einheitsbuddeln-auch-in-diesem-jahr-in-grosswoltersdorf\/\" \/>\n<meta property=\"og:locale\" content=\"de_DE\" \/>\n<meta property=\"og:type\" content=\"article\" \/>\n<meta property=\"og:title\" content=\"Aktion Einheitsbuddeln auch in diesem Jahr in Gro\u00dfwoltersdorf - Naturpark Stechlin-Ruppiner Land\" \/>\n<meta property=\"og:description\" content=\"Der Verein Gemeinsam e.V. l\u00e4dt am 20.11., 11 Uhr zu einer gemeinsamen Pflanzaktion mit dem Naturpark nach Gro\u00dfwoltersdorf ein.\" \/>\n<meta property=\"og:url\" content=\"https:\/\/www.naturparkmagazin.de\/stechlin\/aktion-einheitsbuddeln-auch-in-diesem-jahr-in-grosswoltersdorf\/\" \/>\n<meta property=\"og:site_name\" content=\"Naturpark Stechlin-Ruppiner Land\" \/>\n<meta property=\"article:published_time\" content=\"2021-10-12T11:57:15+00:00\" \/>\n<meta property=\"article:modified_time\" content=\"2021-10-26T12:03:37+00:00\" \/>\n<meta property=\"og:image\" content=\"https:\/\/www.naturparkmagazin.de\/stechlin\/wp-content\/uploads\/sites\/38\/Streuobstwiese.jpg\" \/>\n\t<meta property=\"og:image:width\" content=\"200\" \/>\n\t<meta property=\"og:image:height\" content=\"200\" \/>\n\t<meta property=\"og:image:type\" content=\"image\/jpeg\" \/>\n<meta name=\"author\" content=\"marioschrumpf\" \/>\n<meta name=\"twitter:label1\" content=\"Verfasst von\" \/>\n\t<meta name=\"twitter:data1\" content=\"marioschrumpf\" \/>\n\t<meta name=\"twitter:label2\" content=\"Gesch\u00e4tzte Lesezeit\" \/>\n\t<meta name=\"twitter:data2\" content=\"1\u00a0Minute\" \/>\n<script type=\"application\/ld+json\" class=\"yoast-schema-graph\">{\"@context\":\"https:\/\/schema.org\",\"@graph\":[{\"@type\":\"WebPage\",\"@id\":\"https:\/\/www.naturparkmagazin.de\/stechlin\/aktion-einheitsbuddeln-auch-in-diesem-jahr-in-grosswoltersdorf\/\",\"url\":\"https:\/\/www.naturparkmagazin.de\/stechlin\/aktion-einheitsbuddeln-auch-in-diesem-jahr-in-grosswoltersdorf\/\",\"name\":\"Aktion Einheitsbuddeln auch in diesem Jahr in Gro\u00dfwoltersdorf - Naturpark Stechlin-Ruppiner Land\",\"isPartOf\":{\"@id\":\"https:\/\/www.naturparkmagazin.de\/stechlin\/#website\"},\"datePublished\":\"2021-10-12T11:57:15+00:00\",\"dateModified\":\"2021-10-26T12:03:37+00:00\",\"author\":{\"@id\":\"https:\/\/www.naturparkmagazin.de\/stechlin\/#\/schema\/person\/3f0d93203df21c806dd63c76d9bb28bc\"},\"breadcrumb\":{\"@id\":\"https:\/\/www.naturparkmagazin.de\/stechlin\/aktion-einheitsbuddeln-auch-in-diesem-jahr-in-grosswoltersdorf\/#breadcrumb\"},\"inLanguage\":\"de\",\"potentialAction\":[{\"@type\":\"ReadAction\",\"target\":[\"https:\/\/www.naturparkmagazin.de\/stechlin\/aktion-einheitsbuddeln-auch-in-diesem-jahr-in-grosswoltersdorf\/\"]}]},{\"@type\":\"BreadcrumbList\",\"@id\":\"https:\/\/www.naturparkmagazin.de\/stechlin\/aktion-einheitsbuddeln-auch-in-diesem-jahr-in-grosswoltersdorf\/#breadcrumb\",\"itemListElement\":[{\"@type\":\"ListItem\",\"position\":1,\"name\":\"Home\",\"item\":\"https:\/\/www.naturparkmagazin.de\/stechlin\/\"},{\"@type\":\"ListItem\",\"position\":2,\"name\":\"Aktion Einheitsbuddeln auch in diesem Jahr in Gro\u00dfwoltersdorf\"}]},{\"@type\":\"WebSite\",\"@id\":\"https:\/\/www.naturparkmagazin.de\/stechlin\/#website\",\"url\":\"https:\/\/www.naturparkmagazin.de\/stechlin\/\",\"name\":\"Naturpark Stechlin-Ruppiner Land\",\"description\":\"\",\"potentialAction\":[{\"@type\":\"SearchAction\",\"target\":{\"@type\":\"EntryPoint\",\"urlTemplate\":\"https:\/\/www.naturparkmagazin.de\/stechlin\/?s={search_term_string}\"},\"query-input\":\"required name=search_term_string\"}],\"inLanguage\":\"de\"},{\"@type\":\"Person\",\"@id\":\"https:\/\/www.naturparkmagazin.de\/stechlin\/#\/schema\/person\/3f0d93203df21c806dd63c76d9bb28bc\",\"name\":\"marioschrumpf\",\"url\":\"https:\/\/www.naturparkmagazin.de\/stechlin\/author\/marioschrumpf\/\"}]}<\/script>\n<!-- \/ Yoast SEO plugin. -->","yoast_head_json":{"title":"Aktion Einheitsbuddeln auch in diesem Jahr in Gro\u00dfwoltersdorf - Naturpark Stechlin-Ruppiner Land","robots":{"index":"index","follow":"follow","max-snippet":"max-snippet:-1","max-image-preview":"max-image-preview:large","max-video-preview":"max-video-preview:-1"},"canonical":"https:\/\/www.naturparkmagazin.de\/stechlin\/aktion-einheitsbuddeln-auch-in-diesem-jahr-in-grosswoltersdorf\/","og_locale":"de_DE","og_type":"article","og_title":"Aktion Einheitsbuddeln auch in diesem Jahr in Gro\u00dfwoltersdorf - Naturpark Stechlin-Ruppiner Land","og_description":"Der Verein Gemeinsam e.V. l\u00e4dt am 20.11., 11 Uhr zu einer gemeinsamen Pflanzaktion mit dem Naturpark nach Gro\u00dfwoltersdorf ein.","og_url":"https:\/\/www.naturparkmagazin.de\/stechlin\/aktion-einheitsbuddeln-auch-in-diesem-jahr-in-grosswoltersdorf\/","og_site_name":"Naturpark Stechlin-Ruppiner Land","article_published_time":"2021-10-12T11:57:15+00:00","article_modified_time":"2021-10-26T12:03:37+00:00","og_image":[{"width":200,"height":200,"url":"https:\/\/www.naturparkmagazin.de\/stechlin\/wp-content\/uploads\/sites\/38\/Streuobstwiese.jpg","type":"image\/jpeg"}],"author":"marioschrumpf","twitter_misc":{"Verfasst von":"marioschrumpf","Gesch\u00e4tzte Lesezeit":"1\u00a0Minute"},"schema":{"@context":"https:\/\/schema.org","@graph":[{"@type":"WebPage","@id":"https:\/\/www.naturparkmagazin.de\/stechlin\/aktion-einheitsbuddeln-auch-in-diesem-jahr-in-grosswoltersdorf\/","url":"https:\/\/www.naturparkmagazin.de\/stechlin\/aktion-einheitsbuddeln-auch-in-diesem-jahr-in-grosswoltersdorf\/","name":"Aktion Einheitsbuddeln auch in diesem Jahr in Gro\u00dfwoltersdorf - Naturpark Stechlin-Ruppiner Land","isPartOf":{"@id":"https:\/\/www.naturparkmagazin.de\/stechlin\/#website"},"datePublished":"2021-10-12T11:57:15+00:00","dateModified":"2021-10-26T12:03:37+00:00","author":{"@id":"https:\/\/www.naturparkmagazin.de\/stechlin\/#\/schema\/person\/3f0d93203df21c806dd63c76d9bb28bc"},"breadcrumb":{"@id":"https:\/\/www.naturparkmagazin.de\/stechlin\/aktion-einheitsbuddeln-auch-in-diesem-jahr-in-grosswoltersdorf\/#breadcrumb"},"inLanguage":"de","potentialAction":[{"@type":"ReadAction","target":["https:\/\/www.naturparkmagazin.de\/stechlin\/aktion-einheitsbuddeln-auch-in-diesem-jahr-in-grosswoltersdorf\/"]}]},{"@type":"BreadcrumbList","@id":"https:\/\/www.naturparkmagazin.de\/stechlin\/aktion-einheitsbuddeln-auch-in-diesem-jahr-in-grosswoltersdorf\/#breadcrumb","itemListElement":[{"@type":"ListItem","position":1,"name":"Home","item":"https:\/\/www.naturparkmagazin.de\/stechlin\/"},{"@type":"ListItem","position":2,"name":"Aktion Einheitsbuddeln auch in diesem Jahr in Gro\u00dfwoltersdorf"}]},{"@type":"WebSite","@id":"https:\/\/www.naturparkmagazin.de\/stechlin\/#website","url":"https:\/\/www.naturparkmagazin.de\/stechlin\/","name":"Naturpark Stechlin-Ruppiner Land","description":"","potentialAction":[{"@type":"SearchAction","target":{"@type":"EntryPoint","urlTemplate":"https:\/\/www.naturparkmagazin.de\/stechlin\/?s={search_term_string}"},"query-input":"required name=search_term_string"}],"inLanguage":"de"},{"@type":"Person","@id":"https:\/\/www.naturparkmagazin.de\/stechlin\/#\/schema\/person\/3f0d93203df21c806dd63c76d9bb28bc","name":"marioschrumpf","url":"https:\/\/www.naturparkmagazin.de\/stechlin\/author\/marioschrumpf\/"}]}},"_links":{"self":[{"href":"https:\/\/www.naturparkmagazin.de\/stechlin\/wp-json\/wp\/v2\/posts\/11194"}],"collection":[{"href":"https:\/\/www.naturparkmagazin.de\/stechlin\/wp-json\/wp\/v2\/posts"}],"about":[{"href":"https:\/\/www.naturparkmagazin.de\/stechlin\/wp-json\/wp\/v2\/types\/post"}],"author":[{"embeddable":true,"href":"https:\/\/www.naturparkmagazin.de\/stechlin\/wp-json\/wp\/v2\/users\/39"}],"replies":[{"embeddable":true,"href":"https:\/\/www.naturparkmagazin.de\/stechlin\/wp-json\/wp\/v2\/comments?post=11194"}],"version-history":[{"count":2,"href":"https:\/\/www.naturparkmagazin.de\/stechlin\/wp-json\/wp\/v2\/posts\/11194\/revisions"}],"predecessor-version":[{"id":11231,"href":"https:\/\/www.naturparkmagazin.de\/stechlin\/wp-json\/wp\/v2\/posts\/11194\/revisions\/11231"}],"wp:featuredmedia":[{"embeddable":true,"href":"https:\/\/www.naturparkmagazin.de\/stechlin\/wp-json\/wp\/v2\/media\/6111"}],"wp:attachment":[{"href":"https:\/\/www.naturparkmagazin.de\/stechlin\/wp-json\/wp\/v2\/media?parent=11194"}],"wp:term":[{"taxonomy":"category","embeddable":true,"href":"https:\/\/www.naturparkmagazin.de\/stechlin\/wp-json\/wp\/v2\/categories?post=11194"},{"taxonomy":"post_tag","embeddable":true,"href":"https:\/\/www.naturparkmagazin.de\/stechlin\/wp-json\/wp\/v2\/tags?post=11194"}],"curies":[{"name":"wp","href":"https:\/\/api.w.org\/{rel}","templated":true}]}}