{"id":11251,"date":"2021-11-15T15:00:23","date_gmt":"2021-11-15T14:00:23","guid":{"rendered":"https:\/\/www.naturparkmagazin.de\/stechlin\/?p=11251"},"modified":"2021-11-23T18:27:12","modified_gmt":"2021-11-23T17:27:12","slug":"olaf-wolff-3","status":"publish","type":"post","link":"https:\/\/www.naturparkmagazin.de\/stechlin\/olaf-wolff-3\/","title":{"rendered":"Olaf Wolff"},"content":{"rendered":"<p>Ab 1. Dezember unterst\u00fctzt Olaf Wolff die Naturparkverwaltung im Bereich nachhaltige Regionalentwicklung. Der aus M\u00e4rkisch-Linden im Amt Temnitz kommende aktive Sportler engagiert sich seit vielen Jahren ehrenamtlich als zertifizierter Natur- und Landschaftsf\u00fchrer. Gemeinsam mit seinem Team vom Fitness-Studio Natur ist er Mitorganisator des Fontane-Wandermarathons und des Temnitzer Heidelaufes. Im Auftrag der Naturparkverwaltung erstellte er die Konzeption f\u00fcr die \u00dcberarbeitung des Wummsee-Rundwanderweges nach den Kriterien Wanderbares Deutschland und setzte sie um.<\/p>\n<div id=\"attachment_11060\" style=\"width: 310px\" class=\"wp-caption aligncenter\"><a href=\"https:\/\/www.naturparkmagazin.de\/stechlin\/wp-content\/uploads\/sites\/38\/spezieller-dank.jpg\"><img aria-describedby=\"caption-attachment-11060\" decoding=\"async\" loading=\"lazy\" class=\"size-thumbnail wp-image-11060\" src=\"https:\/\/www.naturparkmagazin.de\/stechlin\/wp-content\/uploads\/sites\/38\/spezieller-dank-300x180.jpg\" alt=\"Ein spezielles Dankesch\u00f6n an Olaf Wolff in dessen H\u00e4nden die Organsation der Beschilderung lag. \u00a9 Foto: Olaf Wolff\" width=\"300\" height=\"180\" srcset=\"https:\/\/www.naturparkmagazin.de\/stechlin\/wp-content\/uploads\/sites\/38\/spezieller-dank-300x180.jpg 300w, https:\/\/www.naturparkmagazin.de\/stechlin\/wp-content\/uploads\/sites\/38\/spezieller-dank.jpg 500w, https:\/\/www.naturparkmagazin.de\/stechlin\/wp-content\/uploads\/sites\/38\/spezieller-dank-200x120.jpg 200w\" sizes=\"(max-width: 300px) 100vw, 300px\" \/><\/a><p id=\"caption-attachment-11060\" class=\"wp-caption-text\">Ein spezielles Dankesch\u00f6n an Olaf Wolff vom Pr\u00e4sidenten des Berliner Wanderverbandes Dr. Wolfgang Pagel f\u00fcr die Neubeschilderung des Wummsee-Rundweges anl\u00e4sslich der feierlichen Wiederer\u00f6ffnung.\u00a9 Foto: Mario Schrumpf<\/p><\/div>\n<p>Die unbefristete Vollzeitstelle wird vom Landkreis Ostprignitz-Ruppin finanziert. Im Juni unterzeichneten Landrat Ralf Reinhardt und der Pr\u00e4sident des Landesamtes f\u00fcr Umwelt Dirk Ilgenstein eine Kooperationsvereinbarung. Dort wurde die Einrichtung der Stelle im Zuge der Naturparkerweiterung vereinbart, um gemeinsam die nachhaltige Entwicklung in der Naturparkregion voranzubringen.<\/p>\n<div id=\"attachment_10960\" style=\"width: 310px\" class=\"wp-caption aligncenter\"><a href=\"https:\/\/www.naturparkmagazin.de\/stechlin\/wp-content\/uploads\/sites\/38\/cheforganisator.jpg\"><img aria-describedby=\"caption-attachment-10960\" decoding=\"async\" loading=\"lazy\" class=\"size-thumbnail wp-image-10960\" src=\"https:\/\/www.naturparkmagazin.de\/stechlin\/wp-content\/uploads\/sites\/38\/cheforganisator-300x180.jpg\" alt=\"Cheforganisator Olaf Wolff \u00a9 Olaf Wolff\" width=\"300\" height=\"180\" srcset=\"https:\/\/www.naturparkmagazin.de\/stechlin\/wp-content\/uploads\/sites\/38\/cheforganisator-300x180.jpg 300w, https:\/\/www.naturparkmagazin.de\/stechlin\/wp-content\/uploads\/sites\/38\/cheforganisator.jpg 500w, https:\/\/www.naturparkmagazin.de\/stechlin\/wp-content\/uploads\/sites\/38\/cheforganisator-200x120.jpg 200w\" sizes=\"(max-width: 300px) 100vw, 300px\" \/><\/a><p id=\"caption-attachment-10960\" class=\"wp-caption-text\">Cheforganisator Olaf Wolff beim Temnitzer Heidelauf\u00a9 Archiv Temnitzer Heidelauf<\/p><\/div>\n","protected":false},"excerpt":{"rendered":"<p>Ab 1. Dezember unterst\u00fctzt Olaf Wolff die Naturparkverwaltung im Bereich nachhaltige Regionalentwicklung.<\/p>\n","protected":false},"author":39,"featured_media":10749,"comment_status":"open","ping_status":"open","sticky":false,"template":"","format":"standard","meta":[],"categories":[8],"tags":[],"yoast_head":"<!-- This site is optimized with the Yoast SEO plugin v19.10 - https:\/\/yoast.com\/wordpress\/plugins\/seo\/ -->\n<title>Olaf Wolff - Naturpark Stechlin-Ruppiner Land<\/title>\n<meta name=\"robots\" content=\"index, follow, max-snippet:-1, max-image-preview:large, max-video-preview:-1\" \/>\n<link rel=\"canonical\" href=\"https:\/\/www.naturparkmagazin.de\/stechlin\/olaf-wolff-3\/\" \/>\n<meta property=\"og:locale\" content=\"de_DE\" \/>\n<meta property=\"og:type\" content=\"article\" \/>\n<meta property=\"og:title\" content=\"Olaf Wolff - Naturpark Stechlin-Ruppiner Land\" \/>\n<meta property=\"og:description\" content=\"Ab 1. Dezember unterst\u00fctzt Olaf Wolff die Naturparkverwaltung im Bereich nachhaltige Regionalentwicklung.\" \/>\n<meta property=\"og:url\" content=\"https:\/\/www.naturparkmagazin.de\/stechlin\/olaf-wolff-3\/\" \/>\n<meta property=\"og:site_name\" content=\"Naturpark Stechlin-Ruppiner Land\" \/>\n<meta property=\"article:published_time\" content=\"2021-11-15T14:00:23+00:00\" \/>\n<meta property=\"article:modified_time\" content=\"2021-11-23T17:27:12+00:00\" \/>\n<meta property=\"og:image\" content=\"https:\/\/www.naturparkmagazin.de\/stechlin\/wp-content\/uploads\/sites\/38\/Olaf-Wolff_a.jpg\" \/>\n\t<meta property=\"og:image:width\" content=\"200\" \/>\n\t<meta property=\"og:image:height\" content=\"200\" \/>\n\t<meta property=\"og:image:type\" content=\"image\/jpeg\" \/>\n<meta name=\"author\" content=\"marioschrumpf\" \/>\n<meta name=\"twitter:label1\" content=\"Verfasst von\" \/>\n\t<meta name=\"twitter:data1\" content=\"marioschrumpf\" \/>\n\t<meta name=\"twitter:label2\" content=\"Gesch\u00e4tzte Lesezeit\" \/>\n\t<meta name=\"twitter:data2\" content=\"1\u00a0Minute\" \/>\n<script type=\"application\/ld+json\" class=\"yoast-schema-graph\">{\"@context\":\"https:\/\/schema.org\",\"@graph\":[{\"@type\":\"WebPage\",\"@id\":\"https:\/\/www.naturparkmagazin.de\/stechlin\/olaf-wolff-3\/\",\"url\":\"https:\/\/www.naturparkmagazin.de\/stechlin\/olaf-wolff-3\/\",\"name\":\"Olaf Wolff - Naturpark Stechlin-Ruppiner Land\",\"isPartOf\":{\"@id\":\"https:\/\/www.naturparkmagazin.de\/stechlin\/#website\"},\"datePublished\":\"2021-11-15T14:00:23+00:00\",\"dateModified\":\"2021-11-23T17:27:12+00:00\",\"author\":{\"@id\":\"https:\/\/www.naturparkmagazin.de\/stechlin\/#\/schema\/person\/3f0d93203df21c806dd63c76d9bb28bc\"},\"breadcrumb\":{\"@id\":\"https:\/\/www.naturparkmagazin.de\/stechlin\/olaf-wolff-3\/#breadcrumb\"},\"inLanguage\":\"de\",\"potentialAction\":[{\"@type\":\"ReadAction\",\"target\":[\"https:\/\/www.naturparkmagazin.de\/stechlin\/olaf-wolff-3\/\"]}]},{\"@type\":\"BreadcrumbList\",\"@id\":\"https:\/\/www.naturparkmagazin.de\/stechlin\/olaf-wolff-3\/#breadcrumb\",\"itemListElement\":[{\"@type\":\"ListItem\",\"position\":1,\"name\":\"Home\",\"item\":\"https:\/\/www.naturparkmagazin.de\/stechlin\/\"},{\"@type\":\"ListItem\",\"position\":2,\"name\":\"Olaf Wolff\"}]},{\"@type\":\"WebSite\",\"@id\":\"https:\/\/www.naturparkmagazin.de\/stechlin\/#website\",\"url\":\"https:\/\/www.naturparkmagazin.de\/stechlin\/\",\"name\":\"Naturpark Stechlin-Ruppiner Land\",\"description\":\"\",\"potentialAction\":[{\"@type\":\"SearchAction\",\"target\":{\"@type\":\"EntryPoint\",\"urlTemplate\":\"https:\/\/www.naturparkmagazin.de\/stechlin\/?s={search_term_string}\"},\"query-input\":\"required name=search_term_string\"}],\"inLanguage\":\"de\"},{\"@type\":\"Person\",\"@id\":\"https:\/\/www.naturparkmagazin.de\/stechlin\/#\/schema\/person\/3f0d93203df21c806dd63c76d9bb28bc\",\"name\":\"marioschrumpf\",\"url\":\"https:\/\/www.naturparkmagazin.de\/stechlin\/author\/marioschrumpf\/\"}]}<\/script>\n<!-- \/ Yoast SEO plugin. -->","yoast_head_json":{"title":"Olaf Wolff - Naturpark Stechlin-Ruppiner Land","robots":{"index":"index","follow":"follow","max-snippet":"max-snippet:-1","max-image-preview":"max-image-preview:large","max-video-preview":"max-video-preview:-1"},"canonical":"https:\/\/www.naturparkmagazin.de\/stechlin\/olaf-wolff-3\/","og_locale":"de_DE","og_type":"article","og_title":"Olaf Wolff - Naturpark Stechlin-Ruppiner Land","og_description":"Ab 1. Dezember unterst\u00fctzt Olaf Wolff die Naturparkverwaltung im Bereich nachhaltige Regionalentwicklung.","og_url":"https:\/\/www.naturparkmagazin.de\/stechlin\/olaf-wolff-3\/","og_site_name":"Naturpark Stechlin-Ruppiner Land","article_published_time":"2021-11-15T14:00:23+00:00","article_modified_time":"2021-11-23T17:27:12+00:00","og_image":[{"width":200,"height":200,"url":"https:\/\/www.naturparkmagazin.de\/stechlin\/wp-content\/uploads\/sites\/38\/Olaf-Wolff_a.jpg","type":"image\/jpeg"}],"author":"marioschrumpf","twitter_misc":{"Verfasst von":"marioschrumpf","Gesch\u00e4tzte Lesezeit":"1\u00a0Minute"},"schema":{"@context":"https:\/\/schema.org","@graph":[{"@type":"WebPage","@id":"https:\/\/www.naturparkmagazin.de\/stechlin\/olaf-wolff-3\/","url":"https:\/\/www.naturparkmagazin.de\/stechlin\/olaf-wolff-3\/","name":"Olaf Wolff - Naturpark Stechlin-Ruppiner Land","isPartOf":{"@id":"https:\/\/www.naturparkmagazin.de\/stechlin\/#website"},"datePublished":"2021-11-15T14:00:23+00:00","dateModified":"2021-11-23T17:27:12+00:00","author":{"@id":"https:\/\/www.naturparkmagazin.de\/stechlin\/#\/schema\/person\/3f0d93203df21c806dd63c76d9bb28bc"},"breadcrumb":{"@id":"https:\/\/www.naturparkmagazin.de\/stechlin\/olaf-wolff-3\/#breadcrumb"},"inLanguage":"de","potentialAction":[{"@type":"ReadAction","target":["https:\/\/www.naturparkmagazin.de\/stechlin\/olaf-wolff-3\/"]}]},{"@type":"BreadcrumbList","@id":"https:\/\/www.naturparkmagazin.de\/stechlin\/olaf-wolff-3\/#breadcrumb","itemListElement":[{"@type":"ListItem","position":1,"name":"Home","item":"https:\/\/www.naturparkmagazin.de\/stechlin\/"},{"@type":"ListItem","position":2,"name":"Olaf Wolff"}]},{"@type":"WebSite","@id":"https:\/\/www.naturparkmagazin.de\/stechlin\/#website","url":"https:\/\/www.naturparkmagazin.de\/stechlin\/","name":"Naturpark Stechlin-Ruppiner Land","description":"","potentialAction":[{"@type":"SearchAction","target":{"@type":"EntryPoint","urlTemplate":"https:\/\/www.naturparkmagazin.de\/stechlin\/?s={search_term_string}"},"query-input":"required name=search_term_string"}],"inLanguage":"de"},{"@type":"Person","@id":"https:\/\/www.naturparkmagazin.de\/stechlin\/#\/schema\/person\/3f0d93203df21c806dd63c76d9bb28bc","name":"marioschrumpf","url":"https:\/\/www.naturparkmagazin.de\/stechlin\/author\/marioschrumpf\/"}]}},"_links":{"self":[{"href":"https:\/\/www.naturparkmagazin.de\/stechlin\/wp-json\/wp\/v2\/posts\/11251"}],"collection":[{"href":"https:\/\/www.naturparkmagazin.de\/stechlin\/wp-json\/wp\/v2\/posts"}],"about":[{"href":"https:\/\/www.naturparkmagazin.de\/stechlin\/wp-json\/wp\/v2\/types\/post"}],"author":[{"embeddable":true,"href":"https:\/\/www.naturparkmagazin.de\/stechlin\/wp-json\/wp\/v2\/users\/39"}],"replies":[{"embeddable":true,"href":"https:\/\/www.naturparkmagazin.de\/stechlin\/wp-json\/wp\/v2\/comments?post=11251"}],"version-history":[{"count":3,"href":"https:\/\/www.naturparkmagazin.de\/stechlin\/wp-json\/wp\/v2\/posts\/11251\/revisions"}],"predecessor-version":[{"id":11254,"href":"https:\/\/www.naturparkmagazin.de\/stechlin\/wp-json\/wp\/v2\/posts\/11251\/revisions\/11254"}],"wp:featuredmedia":[{"embeddable":true,"href":"https:\/\/www.naturparkmagazin.de\/stechlin\/wp-json\/wp\/v2\/media\/10749"}],"wp:attachment":[{"href":"https:\/\/www.naturparkmagazin.de\/stechlin\/wp-json\/wp\/v2\/media?parent=11251"}],"wp:term":[{"taxonomy":"category","embeddable":true,"href":"https:\/\/www.naturparkmagazin.de\/stechlin\/wp-json\/wp\/v2\/categories?post=11251"},{"taxonomy":"post_tag","embeddable":true,"href":"https:\/\/www.naturparkmagazin.de\/stechlin\/wp-json\/wp\/v2\/tags?post=11251"}],"curies":[{"name":"wp","href":"https:\/\/api.w.org\/{rel}","templated":true}]}}