{"id":11257,"date":"2021-11-15T15:00:35","date_gmt":"2021-11-15T14:00:35","guid":{"rendered":"https:\/\/www.naturparkmagazin.de\/stechlin\/?p=11257"},"modified":"2021-11-23T16:14:40","modified_gmt":"2021-11-23T15:14:40","slug":"wir-trauern-um-juergen-sinnecker","status":"publish","type":"post","link":"https:\/\/www.naturparkmagazin.de\/stechlin\/wir-trauern-um-juergen-sinnecker\/","title":{"rendered":"Wir trauern um J\u00fcrgen Sinnecker"},"content":{"rendered":"<p>Uns erreichte die traurige Nachricht, dass unser langj\u00e4hriger Netzwerkpartner J\u00fcrgen Sinnecker, vielen bekannt als \u201e<em>Zehdenicker Apfelmann<\/em>\u201c verstorben ist.<\/p>\n<p>J\u00fcrgen Sinnecker geh\u00f6rte schon fast zum Inventar des allj\u00e4hrlichen Menzer Apfeltages. Gemeinsam mit seiner Frau stand er mit seinem pomologischen Fachwissen bei der Sortenbestimmung den Besuchern Rede und Antwort. Mit seiner umfangreichen Apfelausstellung war er jeden Herbst \u201eauf Tournee\u201c, um f\u00fcr den Erhalt alter Sorten und ihrer Vielfalt zu werben.<\/p>\n<div id=\"attachment_11259\" style=\"width: 310px\" class=\"wp-caption aligncenter\"><a href=\"https:\/\/www.naturparkmagazin.de\/stechlin\/wp-content\/uploads\/sites\/38\/apfelsortenausstellung-apfeltag_a.jpg\"><img aria-describedby=\"caption-attachment-11259\" decoding=\"async\" loading=\"lazy\" class=\"size-thumbnail wp-image-11259\" src=\"https:\/\/www.naturparkmagazin.de\/stechlin\/wp-content\/uploads\/sites\/38\/apfelsortenausstellung-apfeltag_a-300x180.jpg\" alt=\"&quot;Sortensprechstunde&quot; zum Menzer Apfeltag 2015 \u00a9 Foto: Dr. Mario Schrumpf\" width=\"300\" height=\"180\" srcset=\"https:\/\/www.naturparkmagazin.de\/stechlin\/wp-content\/uploads\/sites\/38\/apfelsortenausstellung-apfeltag_a-300x180.jpg 300w, https:\/\/www.naturparkmagazin.de\/stechlin\/wp-content\/uploads\/sites\/38\/apfelsortenausstellung-apfeltag_a.jpg 500w, https:\/\/www.naturparkmagazin.de\/stechlin\/wp-content\/uploads\/sites\/38\/apfelsortenausstellung-apfeltag_a-200x120.jpg 200w\" sizes=\"(max-width: 300px) 100vw, 300px\" \/><\/a><p id=\"caption-attachment-11259\" class=\"wp-caption-text\">&#8222;Sortensprechstunde&#8220; zum Menzer Apfeltag 2015\u00a9 Foto: Dr. Mario Schrumpf<\/p><\/div>\n<p>Er engagierte sich dar\u00fcber hinaus im Pomologischen Verein Berlin-Brandenburg e.V. Mit seinem Fachwissen und seiner Hilfsbereitschaft war er gefragter Gast unz\u00e4hliger Veranstaltungen zum Thema Apfel. Keine Landesgartenschau fand in Brandenburg ohne seine Apfelsortenausstellung und Sortensprechstunde statt.<\/p>\n<p>Unvergessen bleiben seine Weiterbildungsveranstaltungen zum Schnitt von Obstb\u00e4umen, u.a. in Zusammenarbeit mit dem Apfelhof W\u00e4hnert in Hoppenrade.<\/p>\n<p>Selbst die J\u00fcngsten aus den Naturpark-Kitas und der Naturpark-Schule begeisterte er bei Projekttagen im Rahmen der Bildung f\u00fcr nachhaltige Entwicklung f\u00fcr die paradiesische Frucht.<\/p>\n<p>Schon zu Lebzeiten hat sich J\u00fcrgen einen Apfelbaum der Sorte \u201e<em>Hasenkopf<\/em>\u201c ausgesucht, der beim Arbeitseinsatz mit dem Verein Gemeinsam e.V. am 20. November in Gedenken an den Zehdenicker Apfelmann in Gro\u00dfwoltersdorf gepflanzt wurde.<\/p>\n<p>J\u00fcrgen, wir vermissen Dich!<\/p>\n<p>Dr. Mario Schrumpf<\/p>\n<div id=\"attachment_11261\" style=\"width: 310px\" class=\"wp-caption aligncenter\"><a href=\"https:\/\/www.naturparkmagazin.de\/stechlin\/wp-content\/uploads\/sites\/38\/hasenkopf.jpg\"><img aria-describedby=\"caption-attachment-11261\" decoding=\"async\" loading=\"lazy\" class=\"size-thumbnail wp-image-11261\" src=\"https:\/\/www.naturparkmagazin.de\/stechlin\/wp-content\/uploads\/sites\/38\/hasenkopf-300x500.jpg\" alt=\"In Gedenken an den Zehdenicker Apfelmann wurde von den Mitgliedern des Vereins &quot;Gemeinsam e.V.&quot; ein &quot;Hasenkopf&quot; gepflanzt. \u00a9 Foto: Dr. Mario Schrumpf\" width=\"300\" height=\"500\" srcset=\"https:\/\/www.naturparkmagazin.de\/stechlin\/wp-content\/uploads\/sites\/38\/hasenkopf.jpg 300w, https:\/\/www.naturparkmagazin.de\/stechlin\/wp-content\/uploads\/sites\/38\/hasenkopf-200x333.jpg 200w\" sizes=\"(max-width: 300px) 100vw, 300px\" \/><\/a><p id=\"caption-attachment-11261\" class=\"wp-caption-text\">In Gedenken an den Zehdenicker Apfelmann wurde von den Mitgliedern des Vereins &#8222;Gemeinsam e.V.&#8220; ein &#8222;Hasenkopf&#8220; gepflanzt.\u00a9 Foto: Dr. Mario Schrumpf<\/p><\/div>\n","protected":false},"excerpt":{"rendered":"<p>Uns erreichte die traurige Nachricht, dass unser langj\u00e4hriger Netzwerkpartner J\u00fcrgen Sinnecker, vielen bekannt als \u201eZehdenicker Apfelmann\u201c verstorben ist.<\/p>\n","protected":false},"author":39,"featured_media":11260,"comment_status":"open","ping_status":"open","sticky":false,"template":"","format":"standard","meta":[],"categories":[7],"tags":[],"yoast_head":"<!-- This site is optimized with the Yoast SEO plugin v19.10 - https:\/\/yoast.com\/wordpress\/plugins\/seo\/ -->\n<title>Wir trauern um J\u00fcrgen Sinnecker - Naturpark Stechlin-Ruppiner Land<\/title>\n<meta name=\"robots\" content=\"index, follow, max-snippet:-1, max-image-preview:large, max-video-preview:-1\" \/>\n<link rel=\"canonical\" href=\"https:\/\/www.naturparkmagazin.de\/stechlin\/wir-trauern-um-juergen-sinnecker\/\" \/>\n<meta property=\"og:locale\" content=\"de_DE\" \/>\n<meta property=\"og:type\" content=\"article\" \/>\n<meta property=\"og:title\" content=\"Wir trauern um J\u00fcrgen Sinnecker - Naturpark Stechlin-Ruppiner Land\" \/>\n<meta property=\"og:description\" content=\"Uns erreichte die traurige Nachricht, dass unser langj\u00e4hriger Netzwerkpartner J\u00fcrgen Sinnecker, vielen bekannt als \u201eZehdenicker Apfelmann\u201c verstorben ist.\" \/>\n<meta property=\"og:url\" content=\"https:\/\/www.naturparkmagazin.de\/stechlin\/wir-trauern-um-juergen-sinnecker\/\" \/>\n<meta property=\"og:site_name\" content=\"Naturpark Stechlin-Ruppiner Land\" \/>\n<meta property=\"article:published_time\" content=\"2021-11-15T14:00:35+00:00\" \/>\n<meta property=\"article:modified_time\" content=\"2021-11-23T15:14:40+00:00\" \/>\n<meta property=\"og:image\" content=\"https:\/\/www.naturparkmagazin.de\/stechlin\/wp-content\/uploads\/sites\/38\/aufmacher7.jpg\" \/>\n\t<meta property=\"og:image:width\" content=\"200\" \/>\n\t<meta property=\"og:image:height\" content=\"200\" \/>\n\t<meta property=\"og:image:type\" content=\"image\/jpeg\" \/>\n<meta name=\"author\" content=\"marioschrumpf\" \/>\n<meta name=\"twitter:label1\" content=\"Verfasst von\" \/>\n\t<meta name=\"twitter:data1\" content=\"marioschrumpf\" \/>\n\t<meta name=\"twitter:label2\" content=\"Gesch\u00e4tzte Lesezeit\" \/>\n\t<meta name=\"twitter:data2\" content=\"1\u00a0Minute\" \/>\n<script type=\"application\/ld+json\" class=\"yoast-schema-graph\">{\"@context\":\"https:\/\/schema.org\",\"@graph\":[{\"@type\":\"WebPage\",\"@id\":\"https:\/\/www.naturparkmagazin.de\/stechlin\/wir-trauern-um-juergen-sinnecker\/\",\"url\":\"https:\/\/www.naturparkmagazin.de\/stechlin\/wir-trauern-um-juergen-sinnecker\/\",\"name\":\"Wir trauern um J\u00fcrgen Sinnecker - Naturpark Stechlin-Ruppiner Land\",\"isPartOf\":{\"@id\":\"https:\/\/www.naturparkmagazin.de\/stechlin\/#website\"},\"datePublished\":\"2021-11-15T14:00:35+00:00\",\"dateModified\":\"2021-11-23T15:14:40+00:00\",\"author\":{\"@id\":\"https:\/\/www.naturparkmagazin.de\/stechlin\/#\/schema\/person\/3f0d93203df21c806dd63c76d9bb28bc\"},\"breadcrumb\":{\"@id\":\"https:\/\/www.naturparkmagazin.de\/stechlin\/wir-trauern-um-juergen-sinnecker\/#breadcrumb\"},\"inLanguage\":\"de\",\"potentialAction\":[{\"@type\":\"ReadAction\",\"target\":[\"https:\/\/www.naturparkmagazin.de\/stechlin\/wir-trauern-um-juergen-sinnecker\/\"]}]},{\"@type\":\"BreadcrumbList\",\"@id\":\"https:\/\/www.naturparkmagazin.de\/stechlin\/wir-trauern-um-juergen-sinnecker\/#breadcrumb\",\"itemListElement\":[{\"@type\":\"ListItem\",\"position\":1,\"name\":\"Home\",\"item\":\"https:\/\/www.naturparkmagazin.de\/stechlin\/\"},{\"@type\":\"ListItem\",\"position\":2,\"name\":\"Wir trauern um J\u00fcrgen Sinnecker\"}]},{\"@type\":\"WebSite\",\"@id\":\"https:\/\/www.naturparkmagazin.de\/stechlin\/#website\",\"url\":\"https:\/\/www.naturparkmagazin.de\/stechlin\/\",\"name\":\"Naturpark Stechlin-Ruppiner Land\",\"description\":\"\",\"potentialAction\":[{\"@type\":\"SearchAction\",\"target\":{\"@type\":\"EntryPoint\",\"urlTemplate\":\"https:\/\/www.naturparkmagazin.de\/stechlin\/?s={search_term_string}\"},\"query-input\":\"required name=search_term_string\"}],\"inLanguage\":\"de\"},{\"@type\":\"Person\",\"@id\":\"https:\/\/www.naturparkmagazin.de\/stechlin\/#\/schema\/person\/3f0d93203df21c806dd63c76d9bb28bc\",\"name\":\"marioschrumpf\",\"url\":\"https:\/\/www.naturparkmagazin.de\/stechlin\/author\/marioschrumpf\/\"}]}<\/script>\n<!-- \/ Yoast SEO plugin. -->","yoast_head_json":{"title":"Wir trauern um J\u00fcrgen Sinnecker - Naturpark Stechlin-Ruppiner Land","robots":{"index":"index","follow":"follow","max-snippet":"max-snippet:-1","max-image-preview":"max-image-preview:large","max-video-preview":"max-video-preview:-1"},"canonical":"https:\/\/www.naturparkmagazin.de\/stechlin\/wir-trauern-um-juergen-sinnecker\/","og_locale":"de_DE","og_type":"article","og_title":"Wir trauern um J\u00fcrgen Sinnecker - Naturpark Stechlin-Ruppiner Land","og_description":"Uns erreichte die traurige Nachricht, dass unser langj\u00e4hriger Netzwerkpartner J\u00fcrgen Sinnecker, vielen bekannt als \u201eZehdenicker Apfelmann\u201c verstorben ist.","og_url":"https:\/\/www.naturparkmagazin.de\/stechlin\/wir-trauern-um-juergen-sinnecker\/","og_site_name":"Naturpark Stechlin-Ruppiner Land","article_published_time":"2021-11-15T14:00:35+00:00","article_modified_time":"2021-11-23T15:14:40+00:00","og_image":[{"width":200,"height":200,"url":"https:\/\/www.naturparkmagazin.de\/stechlin\/wp-content\/uploads\/sites\/38\/aufmacher7.jpg","type":"image\/jpeg"}],"author":"marioschrumpf","twitter_misc":{"Verfasst von":"marioschrumpf","Gesch\u00e4tzte Lesezeit":"1\u00a0Minute"},"schema":{"@context":"https:\/\/schema.org","@graph":[{"@type":"WebPage","@id":"https:\/\/www.naturparkmagazin.de\/stechlin\/wir-trauern-um-juergen-sinnecker\/","url":"https:\/\/www.naturparkmagazin.de\/stechlin\/wir-trauern-um-juergen-sinnecker\/","name":"Wir trauern um J\u00fcrgen Sinnecker - Naturpark Stechlin-Ruppiner Land","isPartOf":{"@id":"https:\/\/www.naturparkmagazin.de\/stechlin\/#website"},"datePublished":"2021-11-15T14:00:35+00:00","dateModified":"2021-11-23T15:14:40+00:00","author":{"@id":"https:\/\/www.naturparkmagazin.de\/stechlin\/#\/schema\/person\/3f0d93203df21c806dd63c76d9bb28bc"},"breadcrumb":{"@id":"https:\/\/www.naturparkmagazin.de\/stechlin\/wir-trauern-um-juergen-sinnecker\/#breadcrumb"},"inLanguage":"de","potentialAction":[{"@type":"ReadAction","target":["https:\/\/www.naturparkmagazin.de\/stechlin\/wir-trauern-um-juergen-sinnecker\/"]}]},{"@type":"BreadcrumbList","@id":"https:\/\/www.naturparkmagazin.de\/stechlin\/wir-trauern-um-juergen-sinnecker\/#breadcrumb","itemListElement":[{"@type":"ListItem","position":1,"name":"Home","item":"https:\/\/www.naturparkmagazin.de\/stechlin\/"},{"@type":"ListItem","position":2,"name":"Wir trauern um J\u00fcrgen Sinnecker"}]},{"@type":"WebSite","@id":"https:\/\/www.naturparkmagazin.de\/stechlin\/#website","url":"https:\/\/www.naturparkmagazin.de\/stechlin\/","name":"Naturpark Stechlin-Ruppiner Land","description":"","potentialAction":[{"@type":"SearchAction","target":{"@type":"EntryPoint","urlTemplate":"https:\/\/www.naturparkmagazin.de\/stechlin\/?s={search_term_string}"},"query-input":"required name=search_term_string"}],"inLanguage":"de"},{"@type":"Person","@id":"https:\/\/www.naturparkmagazin.de\/stechlin\/#\/schema\/person\/3f0d93203df21c806dd63c76d9bb28bc","name":"marioschrumpf","url":"https:\/\/www.naturparkmagazin.de\/stechlin\/author\/marioschrumpf\/"}]}},"_links":{"self":[{"href":"https:\/\/www.naturparkmagazin.de\/stechlin\/wp-json\/wp\/v2\/posts\/11257"}],"collection":[{"href":"https:\/\/www.naturparkmagazin.de\/stechlin\/wp-json\/wp\/v2\/posts"}],"about":[{"href":"https:\/\/www.naturparkmagazin.de\/stechlin\/wp-json\/wp\/v2\/types\/post"}],"author":[{"embeddable":true,"href":"https:\/\/www.naturparkmagazin.de\/stechlin\/wp-json\/wp\/v2\/users\/39"}],"replies":[{"embeddable":true,"href":"https:\/\/www.naturparkmagazin.de\/stechlin\/wp-json\/wp\/v2\/comments?post=11257"}],"version-history":[{"count":3,"href":"https:\/\/www.naturparkmagazin.de\/stechlin\/wp-json\/wp\/v2\/posts\/11257\/revisions"}],"predecessor-version":[{"id":11267,"href":"https:\/\/www.naturparkmagazin.de\/stechlin\/wp-json\/wp\/v2\/posts\/11257\/revisions\/11267"}],"wp:featuredmedia":[{"embeddable":true,"href":"https:\/\/www.naturparkmagazin.de\/stechlin\/wp-json\/wp\/v2\/media\/11260"}],"wp:attachment":[{"href":"https:\/\/www.naturparkmagazin.de\/stechlin\/wp-json\/wp\/v2\/media?parent=11257"}],"wp:term":[{"taxonomy":"category","embeddable":true,"href":"https:\/\/www.naturparkmagazin.de\/stechlin\/wp-json\/wp\/v2\/categories?post=11257"},{"taxonomy":"post_tag","embeddable":true,"href":"https:\/\/www.naturparkmagazin.de\/stechlin\/wp-json\/wp\/v2\/tags?post=11257"}],"curies":[{"name":"wp","href":"https:\/\/api.w.org\/{rel}","templated":true}]}}