{"id":11272,"date":"2021-11-15T15:00:27","date_gmt":"2021-11-15T14:00:27","guid":{"rendered":"https:\/\/www.naturparkmagazin.de\/stechlin\/?p=11272"},"modified":"2021-11-23T17:54:55","modified_gmt":"2021-11-23T16:54:55","slug":"jagdgenossenschaft-keller-engagiert-sich-fuer-strukturreiche-landschaft","status":"publish","type":"post","link":"https:\/\/www.naturparkmagazin.de\/stechlin\/jagdgenossenschaft-keller-engagiert-sich-fuer-strukturreiche-landschaft\/","title":{"rendered":"Jagdgenossenschaft Keller engagiert sich f\u00fcr strukturreiche Landschaft"},"content":{"rendered":"<p>Erstmalig beteiligte sich in diesem Jahr die Jagdgenossenschaft Keller an der Aktion &#8222;<em>Einheitsbuddeln<\/em>&#8222;.<\/p>\n<p>Am 30. November pflanzten die Mitglieder am Neyernweg 15 Apfelhochst\u00e4mme aus dem Genressourcenprojekt des Naturparks. Das von der Naturparkverwaltung kostenfrei zur Verf\u00fcgung gestellte Pflanzgut stammt aus der Barnimer Baumschule Biesenthal. Im Rahmen einer Vereinbarung mit der Naturparkverwaltung zieht die Baumschule Hochst\u00e4mme alter Landsorten an, die sonst im Baumschulhandel nicht mehr verf\u00fcgbar sind. Mit dem Projekt engagiert sich die Naturparkverwaltung gemeinsam mit ihren Partnern f\u00fcr den Erhalt der biologischen Vielfalt. Die Mitglieder der Jagdgenossenschaft bepflanzten bereits in den letzten Jahren den Neyernweg mit Streuobst. Mit Unterst\u00fctzung der Naturparkverwaltung wurde in Kooperation mit dem Landschaftspflegeverein Norduckerm\u00e4rkische Seenlandschaft ein F\u00f6rderantrag f\u00fcr eine dreireihige Hecke auf den Weg gebracht, die voraussichtlich im Herbst 2022 gepflanzt wird.<\/p>\n<p>Neben der Jagdgenossenschaft Keller beteiligten sich in diesem Jahr auch der Verein Gemeinsam e.V. aus Gro\u00dfwoltersdorf und die Gemeinde Temnitzquell im Naturpark an der Aktion &#8222;Einheitsbuddeln&#8220;. Die Finanzierung der Aktion erfolgte durch das Brandenburgische Umweltministerium.<\/p>\n<div id=\"attachment_11279\" style=\"width: 310px\" class=\"wp-caption aligncenter\"><a href=\"https:\/\/www.naturparkmagazin.de\/stechlin\/wp-content\/uploads\/sites\/38\/pflanzeinsatz-keller.jpg\"><img aria-describedby=\"caption-attachment-11279\" decoding=\"async\" loading=\"lazy\" class=\"size-thumbnail wp-image-11279\" src=\"https:\/\/www.naturparkmagazin.de\/stechlin\/wp-content\/uploads\/sites\/38\/pflanzeinsatz-keller-300x180.jpg\" alt=\"Mitglieder der Jagdgenossenschaft beim Pflanzeinsatz in der ausger\u00e4mten Agrarlandschaft n\u00f6rdlich der gemeinde Keller. \u00a9 Foto: Liane Stenzel\" width=\"300\" height=\"180\" srcset=\"https:\/\/www.naturparkmagazin.de\/stechlin\/wp-content\/uploads\/sites\/38\/pflanzeinsatz-keller-300x180.jpg 300w, https:\/\/www.naturparkmagazin.de\/stechlin\/wp-content\/uploads\/sites\/38\/pflanzeinsatz-keller.jpg 500w, https:\/\/www.naturparkmagazin.de\/stechlin\/wp-content\/uploads\/sites\/38\/pflanzeinsatz-keller-200x120.jpg 200w\" sizes=\"(max-width: 300px) 100vw, 300px\" \/><\/a><p id=\"caption-attachment-11279\" class=\"wp-caption-text\">Mitglieder der Jagdgenossenschaft beim Pflanzeinsatz in der ausger\u00e4mten Agrarlandschaft n\u00f6rdlich der Gemeinde Keller.\u00a9 Foto: Liane Stenzel<\/p><\/div>\n","protected":false},"excerpt":{"rendered":"<p>Erstmalig beteiligte sich in diesem Jahr die Jagdgenossenschaft Keller an der Aktion &#8222;Einheitsbuddeln&#8220;.<\/p>\n","protected":false},"author":39,"featured_media":11278,"comment_status":"open","ping_status":"open","sticky":false,"template":"","format":"standard","meta":[],"categories":[7],"tags":[],"yoast_head":"<!-- This site is optimized with the Yoast SEO plugin v19.10 - https:\/\/yoast.com\/wordpress\/plugins\/seo\/ -->\n<title>Jagdgenossenschaft Keller engagiert sich f\u00fcr strukturreiche Landschaft - Naturpark Stechlin-Ruppiner Land<\/title>\n<meta name=\"robots\" content=\"index, follow, max-snippet:-1, max-image-preview:large, max-video-preview:-1\" \/>\n<link rel=\"canonical\" href=\"https:\/\/www.naturparkmagazin.de\/stechlin\/jagdgenossenschaft-keller-engagiert-sich-fuer-strukturreiche-landschaft\/\" \/>\n<meta property=\"og:locale\" content=\"de_DE\" \/>\n<meta property=\"og:type\" content=\"article\" \/>\n<meta property=\"og:title\" content=\"Jagdgenossenschaft Keller engagiert sich f\u00fcr strukturreiche Landschaft - Naturpark Stechlin-Ruppiner Land\" \/>\n<meta property=\"og:description\" content=\"Erstmalig beteiligte sich in diesem Jahr die Jagdgenossenschaft Keller an der Aktion &quot;Einheitsbuddeln&quot;.\" \/>\n<meta property=\"og:url\" content=\"https:\/\/www.naturparkmagazin.de\/stechlin\/jagdgenossenschaft-keller-engagiert-sich-fuer-strukturreiche-landschaft\/\" \/>\n<meta property=\"og:site_name\" content=\"Naturpark Stechlin-Ruppiner Land\" \/>\n<meta property=\"article:published_time\" content=\"2021-11-15T14:00:27+00:00\" \/>\n<meta property=\"article:modified_time\" content=\"2021-11-23T16:54:55+00:00\" \/>\n<meta property=\"og:image\" content=\"https:\/\/www.naturparkmagazin.de\/stechlin\/wp-content\/uploads\/sites\/38\/aufmacher8.jpg\" \/>\n\t<meta property=\"og:image:width\" content=\"200\" \/>\n\t<meta property=\"og:image:height\" content=\"200\" \/>\n\t<meta property=\"og:image:type\" content=\"image\/jpeg\" \/>\n<meta name=\"author\" content=\"marioschrumpf\" \/>\n<meta name=\"twitter:label1\" content=\"Verfasst von\" \/>\n\t<meta name=\"twitter:data1\" content=\"marioschrumpf\" \/>\n\t<meta name=\"twitter:label2\" content=\"Gesch\u00e4tzte Lesezeit\" \/>\n\t<meta name=\"twitter:data2\" content=\"1\u00a0Minute\" \/>\n<script type=\"application\/ld+json\" class=\"yoast-schema-graph\">{\"@context\":\"https:\/\/schema.org\",\"@graph\":[{\"@type\":\"WebPage\",\"@id\":\"https:\/\/www.naturparkmagazin.de\/stechlin\/jagdgenossenschaft-keller-engagiert-sich-fuer-strukturreiche-landschaft\/\",\"url\":\"https:\/\/www.naturparkmagazin.de\/stechlin\/jagdgenossenschaft-keller-engagiert-sich-fuer-strukturreiche-landschaft\/\",\"name\":\"Jagdgenossenschaft Keller engagiert sich f\u00fcr strukturreiche Landschaft - Naturpark Stechlin-Ruppiner Land\",\"isPartOf\":{\"@id\":\"https:\/\/www.naturparkmagazin.de\/stechlin\/#website\"},\"datePublished\":\"2021-11-15T14:00:27+00:00\",\"dateModified\":\"2021-11-23T16:54:55+00:00\",\"author\":{\"@id\":\"https:\/\/www.naturparkmagazin.de\/stechlin\/#\/schema\/person\/3f0d93203df21c806dd63c76d9bb28bc\"},\"breadcrumb\":{\"@id\":\"https:\/\/www.naturparkmagazin.de\/stechlin\/jagdgenossenschaft-keller-engagiert-sich-fuer-strukturreiche-landschaft\/#breadcrumb\"},\"inLanguage\":\"de\",\"potentialAction\":[{\"@type\":\"ReadAction\",\"target\":[\"https:\/\/www.naturparkmagazin.de\/stechlin\/jagdgenossenschaft-keller-engagiert-sich-fuer-strukturreiche-landschaft\/\"]}]},{\"@type\":\"BreadcrumbList\",\"@id\":\"https:\/\/www.naturparkmagazin.de\/stechlin\/jagdgenossenschaft-keller-engagiert-sich-fuer-strukturreiche-landschaft\/#breadcrumb\",\"itemListElement\":[{\"@type\":\"ListItem\",\"position\":1,\"name\":\"Home\",\"item\":\"https:\/\/www.naturparkmagazin.de\/stechlin\/\"},{\"@type\":\"ListItem\",\"position\":2,\"name\":\"Jagdgenossenschaft Keller engagiert sich f\u00fcr strukturreiche Landschaft\"}]},{\"@type\":\"WebSite\",\"@id\":\"https:\/\/www.naturparkmagazin.de\/stechlin\/#website\",\"url\":\"https:\/\/www.naturparkmagazin.de\/stechlin\/\",\"name\":\"Naturpark Stechlin-Ruppiner Land\",\"description\":\"\",\"potentialAction\":[{\"@type\":\"SearchAction\",\"target\":{\"@type\":\"EntryPoint\",\"urlTemplate\":\"https:\/\/www.naturparkmagazin.de\/stechlin\/?s={search_term_string}\"},\"query-input\":\"required name=search_term_string\"}],\"inLanguage\":\"de\"},{\"@type\":\"Person\",\"@id\":\"https:\/\/www.naturparkmagazin.de\/stechlin\/#\/schema\/person\/3f0d93203df21c806dd63c76d9bb28bc\",\"name\":\"marioschrumpf\",\"url\":\"https:\/\/www.naturparkmagazin.de\/stechlin\/author\/marioschrumpf\/\"}]}<\/script>\n<!-- \/ Yoast SEO plugin. -->","yoast_head_json":{"title":"Jagdgenossenschaft Keller engagiert sich f\u00fcr strukturreiche Landschaft - Naturpark Stechlin-Ruppiner Land","robots":{"index":"index","follow":"follow","max-snippet":"max-snippet:-1","max-image-preview":"max-image-preview:large","max-video-preview":"max-video-preview:-1"},"canonical":"https:\/\/www.naturparkmagazin.de\/stechlin\/jagdgenossenschaft-keller-engagiert-sich-fuer-strukturreiche-landschaft\/","og_locale":"de_DE","og_type":"article","og_title":"Jagdgenossenschaft Keller engagiert sich f\u00fcr strukturreiche Landschaft - Naturpark Stechlin-Ruppiner Land","og_description":"Erstmalig beteiligte sich in diesem Jahr die Jagdgenossenschaft Keller an der Aktion \"Einheitsbuddeln\".","og_url":"https:\/\/www.naturparkmagazin.de\/stechlin\/jagdgenossenschaft-keller-engagiert-sich-fuer-strukturreiche-landschaft\/","og_site_name":"Naturpark Stechlin-Ruppiner Land","article_published_time":"2021-11-15T14:00:27+00:00","article_modified_time":"2021-11-23T16:54:55+00:00","og_image":[{"width":200,"height":200,"url":"https:\/\/www.naturparkmagazin.de\/stechlin\/wp-content\/uploads\/sites\/38\/aufmacher8.jpg","type":"image\/jpeg"}],"author":"marioschrumpf","twitter_misc":{"Verfasst von":"marioschrumpf","Gesch\u00e4tzte Lesezeit":"1\u00a0Minute"},"schema":{"@context":"https:\/\/schema.org","@graph":[{"@type":"WebPage","@id":"https:\/\/www.naturparkmagazin.de\/stechlin\/jagdgenossenschaft-keller-engagiert-sich-fuer-strukturreiche-landschaft\/","url":"https:\/\/www.naturparkmagazin.de\/stechlin\/jagdgenossenschaft-keller-engagiert-sich-fuer-strukturreiche-landschaft\/","name":"Jagdgenossenschaft Keller engagiert sich f\u00fcr strukturreiche Landschaft - Naturpark Stechlin-Ruppiner Land","isPartOf":{"@id":"https:\/\/www.naturparkmagazin.de\/stechlin\/#website"},"datePublished":"2021-11-15T14:00:27+00:00","dateModified":"2021-11-23T16:54:55+00:00","author":{"@id":"https:\/\/www.naturparkmagazin.de\/stechlin\/#\/schema\/person\/3f0d93203df21c806dd63c76d9bb28bc"},"breadcrumb":{"@id":"https:\/\/www.naturparkmagazin.de\/stechlin\/jagdgenossenschaft-keller-engagiert-sich-fuer-strukturreiche-landschaft\/#breadcrumb"},"inLanguage":"de","potentialAction":[{"@type":"ReadAction","target":["https:\/\/www.naturparkmagazin.de\/stechlin\/jagdgenossenschaft-keller-engagiert-sich-fuer-strukturreiche-landschaft\/"]}]},{"@type":"BreadcrumbList","@id":"https:\/\/www.naturparkmagazin.de\/stechlin\/jagdgenossenschaft-keller-engagiert-sich-fuer-strukturreiche-landschaft\/#breadcrumb","itemListElement":[{"@type":"ListItem","position":1,"name":"Home","item":"https:\/\/www.naturparkmagazin.de\/stechlin\/"},{"@type":"ListItem","position":2,"name":"Jagdgenossenschaft Keller engagiert sich f\u00fcr strukturreiche Landschaft"}]},{"@type":"WebSite","@id":"https:\/\/www.naturparkmagazin.de\/stechlin\/#website","url":"https:\/\/www.naturparkmagazin.de\/stechlin\/","name":"Naturpark Stechlin-Ruppiner Land","description":"","potentialAction":[{"@type":"SearchAction","target":{"@type":"EntryPoint","urlTemplate":"https:\/\/www.naturparkmagazin.de\/stechlin\/?s={search_term_string}"},"query-input":"required name=search_term_string"}],"inLanguage":"de"},{"@type":"Person","@id":"https:\/\/www.naturparkmagazin.de\/stechlin\/#\/schema\/person\/3f0d93203df21c806dd63c76d9bb28bc","name":"marioschrumpf","url":"https:\/\/www.naturparkmagazin.de\/stechlin\/author\/marioschrumpf\/"}]}},"_links":{"self":[{"href":"https:\/\/www.naturparkmagazin.de\/stechlin\/wp-json\/wp\/v2\/posts\/11272"}],"collection":[{"href":"https:\/\/www.naturparkmagazin.de\/stechlin\/wp-json\/wp\/v2\/posts"}],"about":[{"href":"https:\/\/www.naturparkmagazin.de\/stechlin\/wp-json\/wp\/v2\/types\/post"}],"author":[{"embeddable":true,"href":"https:\/\/www.naturparkmagazin.de\/stechlin\/wp-json\/wp\/v2\/users\/39"}],"replies":[{"embeddable":true,"href":"https:\/\/www.naturparkmagazin.de\/stechlin\/wp-json\/wp\/v2\/comments?post=11272"}],"version-history":[{"count":6,"href":"https:\/\/www.naturparkmagazin.de\/stechlin\/wp-json\/wp\/v2\/posts\/11272\/revisions"}],"predecessor-version":[{"id":11298,"href":"https:\/\/www.naturparkmagazin.de\/stechlin\/wp-json\/wp\/v2\/posts\/11272\/revisions\/11298"}],"wp:featuredmedia":[{"embeddable":true,"href":"https:\/\/www.naturparkmagazin.de\/stechlin\/wp-json\/wp\/v2\/media\/11278"}],"wp:attachment":[{"href":"https:\/\/www.naturparkmagazin.de\/stechlin\/wp-json\/wp\/v2\/media?parent=11272"}],"wp:term":[{"taxonomy":"category","embeddable":true,"href":"https:\/\/www.naturparkmagazin.de\/stechlin\/wp-json\/wp\/v2\/categories?post=11272"},{"taxonomy":"post_tag","embeddable":true,"href":"https:\/\/www.naturparkmagazin.de\/stechlin\/wp-json\/wp\/v2\/tags?post=11272"}],"curies":[{"name":"wp","href":"https:\/\/api.w.org\/{rel}","templated":true}]}}