{"id":11274,"date":"2021-11-15T15:00:45","date_gmt":"2021-11-15T14:00:45","guid":{"rendered":"https:\/\/www.naturparkmagazin.de\/stechlin\/?p=11274"},"modified":"2021-11-23T17:38:39","modified_gmt":"2021-11-23T16:38:39","slug":"menz-gewinnt-wettbewerb-unser-dorf-hat-zukunft","status":"publish","type":"post","link":"https:\/\/www.naturparkmagazin.de\/stechlin\/menz-gewinnt-wettbewerb-unser-dorf-hat-zukunft\/","title":{"rendered":"Menz gewinnt Wettbewerb &#8222;Unser Dorf hat Zukunft&#8220;"},"content":{"rendered":"<p>63 D\u00f6rfer in Brandenburg beteiligten sich \u2013 auch unter den schwierigen Corona-Bedingungen \u2013 am Wettbewerb \u201e<em>Unser Dorf hat Zukunft<\/em>\u201c. Bei den nun abgeschlossenen Bereisungen der Jurys in den zw\u00f6lf Landkreisen und l\u00e4ndlichen Ortsteilen von Cottbus stellten die D\u00f6rfer ihr Engagement f\u00fcr die Zukunftsf\u00e4higkeit des l\u00e4ndlichen Raumes unter Beweis. Der bundesweite Wettbewerb gilt als gr\u00f6\u00dfte B\u00fcrgerbewegung Deutschlands und wird seit mehr als 55 Jahren durch die Menschen auf dem Land gestaltet. Seit fast 30 Jahren sind auch die Brandenburger D\u00f6rfer bei dem Wettbewerb \u201e<em>Unser Dorf hat Zukunft<\/em>\u201c mit dabei.<\/p>\n<p>Der Wettbewerb zeigt, dass der l\u00e4ndliche Raum genau dort eine gute Zukunft hat, wo die Menschen mit Initiative und Ideen aktiv ihren Ort gestalten und ein lebendiges und liebenswertes Lebensumfeld schaffen, von dem alle profitieren. Die miteinander, aber auch mit der Natur und Kulturlandschaft gelebte Gemeinschaft machen den Charme und die Anziehungskraft brandenburgischer D\u00f6rfer aus.<\/p>\n<p>In diesem Jahr hat sich erstmalig Menz, Ortsteil der Gemeinde Stechlin und Sitz der Naturparkverwaltung beteiligt. Gemeinsam haben die unterschiedlichen Akteure wie Ortsbeirat, Freiwillige Feuerwehr, Naturparkschule und Naturpark-Kita, das NaturParkHaus Stechlin, die Naturwacht, die Naturparkverwaltung, die Menzer Angler, Gemeindevertreter, Amtsverwaltung, B\u00fcrgermeister und Dorfverein &#8222;<em>ihr Dorf Menz<\/em>&#8220; pr\u00e4sentiert. Mit Erfolg! Die Jury w\u00e4hlte Menz zum Sieger des Dorfwettbewerbes im Landkreis Oberhavel. Auf einer kleinen Dankesch\u00f6n-Party feierten alle Akteure den Erfolg.<\/p>\n<div id=\"attachment_11289\" style=\"width: 310px\" class=\"wp-caption aligncenter\"><a href=\"https:\/\/www.naturparkmagazin.de\/stechlin\/wp-content\/uploads\/sites\/38\/naturparkhaus.jpg\"><img aria-describedby=\"caption-attachment-11289\" decoding=\"async\" loading=\"lazy\" class=\"size-thumbnail wp-image-11289\" src=\"https:\/\/www.naturparkmagazin.de\/stechlin\/wp-content\/uploads\/sites\/38\/naturparkhaus-300x180.jpg\" alt=\"\u00a9 Foto: Dr. Mario Schrumpf\" width=\"300\" height=\"180\" srcset=\"https:\/\/www.naturparkmagazin.de\/stechlin\/wp-content\/uploads\/sites\/38\/naturparkhaus-300x180.jpg 300w, https:\/\/www.naturparkmagazin.de\/stechlin\/wp-content\/uploads\/sites\/38\/naturparkhaus.jpg 500w, https:\/\/www.naturparkmagazin.de\/stechlin\/wp-content\/uploads\/sites\/38\/naturparkhaus-200x120.jpg 200w\" sizes=\"(max-width: 300px) 100vw, 300px\" \/><\/a><p id=\"caption-attachment-11289\" class=\"wp-caption-text\">Die Jury \u00fcberzeugte sich vor Ort von den &#8222;Menzer Qualit\u00e4ten&#8220; \u00a9 Foto: Dr. Mario Schrumpf<\/p><\/div>\n<p>Im Juni 2022 wird die aus Landwirtschaftsministerium, St\u00e4dte- und Gemeindebund sowie weiteren Vertretern zusammengesetzte Landesbewertungskommission die von den Landkreisen in den Landeswettbewerb delegierten D\u00f6rfer besuchen. Die im Ergebnis dieser Bereisung auserkorenen zwei Sieger werden 2023 das Land Brandenburg beim Bundeswettbewerb vertreten.<\/p>\n<p>Menz hat als Naturparkgemeinde gute Chancen auf vordere Platzierungen im weiteren Wettbewerb!<\/p>\n","protected":false},"excerpt":{"rendered":"<p>63 D\u00f6rfer in Brandenburg beteiligten sich \u2013 auch unter den schwierigen Corona-Bedingungen \u2013 am Wettbewerb \u201eUnser Dorf hat Zukunft\u201c.<\/p>\n","protected":false},"author":39,"featured_media":11288,"comment_status":"open","ping_status":"open","sticky":false,"template":"","format":"standard","meta":[],"categories":[7],"tags":[],"yoast_head":"<!-- This site is optimized with the Yoast SEO plugin v19.10 - https:\/\/yoast.com\/wordpress\/plugins\/seo\/ -->\n<title>Menz gewinnt Wettbewerb &quot;Unser Dorf hat Zukunft&quot; - Naturpark Stechlin-Ruppiner Land<\/title>\n<meta name=\"robots\" content=\"index, follow, max-snippet:-1, max-image-preview:large, max-video-preview:-1\" \/>\n<link rel=\"canonical\" href=\"https:\/\/www.naturparkmagazin.de\/stechlin\/menz-gewinnt-wettbewerb-unser-dorf-hat-zukunft\/\" \/>\n<meta property=\"og:locale\" content=\"de_DE\" \/>\n<meta property=\"og:type\" content=\"article\" \/>\n<meta property=\"og:title\" content=\"Menz gewinnt Wettbewerb &quot;Unser Dorf hat Zukunft&quot; - Naturpark Stechlin-Ruppiner Land\" \/>\n<meta property=\"og:description\" content=\"63 D\u00f6rfer in Brandenburg beteiligten sich \u2013 auch unter den schwierigen Corona-Bedingungen \u2013 am Wettbewerb \u201eUnser Dorf hat Zukunft\u201c.\" \/>\n<meta property=\"og:url\" content=\"https:\/\/www.naturparkmagazin.de\/stechlin\/menz-gewinnt-wettbewerb-unser-dorf-hat-zukunft\/\" \/>\n<meta property=\"og:site_name\" content=\"Naturpark Stechlin-Ruppiner Land\" \/>\n<meta property=\"article:published_time\" content=\"2021-11-15T14:00:45+00:00\" \/>\n<meta property=\"article:modified_time\" content=\"2021-11-23T16:38:39+00:00\" \/>\n<meta property=\"og:image\" content=\"https:\/\/www.naturparkmagazin.de\/stechlin\/wp-content\/uploads\/sites\/38\/aufmacher10.jpg\" \/>\n\t<meta property=\"og:image:width\" content=\"200\" \/>\n\t<meta property=\"og:image:height\" content=\"200\" \/>\n\t<meta property=\"og:image:type\" content=\"image\/jpeg\" \/>\n<meta name=\"author\" content=\"marioschrumpf\" \/>\n<meta name=\"twitter:label1\" content=\"Verfasst von\" \/>\n\t<meta name=\"twitter:data1\" content=\"marioschrumpf\" \/>\n\t<meta name=\"twitter:label2\" content=\"Gesch\u00e4tzte Lesezeit\" \/>\n\t<meta name=\"twitter:data2\" content=\"1\u00a0Minute\" \/>\n<script type=\"application\/ld+json\" class=\"yoast-schema-graph\">{\"@context\":\"https:\/\/schema.org\",\"@graph\":[{\"@type\":\"WebPage\",\"@id\":\"https:\/\/www.naturparkmagazin.de\/stechlin\/menz-gewinnt-wettbewerb-unser-dorf-hat-zukunft\/\",\"url\":\"https:\/\/www.naturparkmagazin.de\/stechlin\/menz-gewinnt-wettbewerb-unser-dorf-hat-zukunft\/\",\"name\":\"Menz gewinnt Wettbewerb \\\"Unser Dorf hat Zukunft\\\" - Naturpark Stechlin-Ruppiner Land\",\"isPartOf\":{\"@id\":\"https:\/\/www.naturparkmagazin.de\/stechlin\/#website\"},\"datePublished\":\"2021-11-15T14:00:45+00:00\",\"dateModified\":\"2021-11-23T16:38:39+00:00\",\"author\":{\"@id\":\"https:\/\/www.naturparkmagazin.de\/stechlin\/#\/schema\/person\/3f0d93203df21c806dd63c76d9bb28bc\"},\"breadcrumb\":{\"@id\":\"https:\/\/www.naturparkmagazin.de\/stechlin\/menz-gewinnt-wettbewerb-unser-dorf-hat-zukunft\/#breadcrumb\"},\"inLanguage\":\"de\",\"potentialAction\":[{\"@type\":\"ReadAction\",\"target\":[\"https:\/\/www.naturparkmagazin.de\/stechlin\/menz-gewinnt-wettbewerb-unser-dorf-hat-zukunft\/\"]}]},{\"@type\":\"BreadcrumbList\",\"@id\":\"https:\/\/www.naturparkmagazin.de\/stechlin\/menz-gewinnt-wettbewerb-unser-dorf-hat-zukunft\/#breadcrumb\",\"itemListElement\":[{\"@type\":\"ListItem\",\"position\":1,\"name\":\"Home\",\"item\":\"https:\/\/www.naturparkmagazin.de\/stechlin\/\"},{\"@type\":\"ListItem\",\"position\":2,\"name\":\"Menz gewinnt Wettbewerb &#8222;Unser Dorf hat Zukunft&#8220;\"}]},{\"@type\":\"WebSite\",\"@id\":\"https:\/\/www.naturparkmagazin.de\/stechlin\/#website\",\"url\":\"https:\/\/www.naturparkmagazin.de\/stechlin\/\",\"name\":\"Naturpark Stechlin-Ruppiner Land\",\"description\":\"\",\"potentialAction\":[{\"@type\":\"SearchAction\",\"target\":{\"@type\":\"EntryPoint\",\"urlTemplate\":\"https:\/\/www.naturparkmagazin.de\/stechlin\/?s={search_term_string}\"},\"query-input\":\"required name=search_term_string\"}],\"inLanguage\":\"de\"},{\"@type\":\"Person\",\"@id\":\"https:\/\/www.naturparkmagazin.de\/stechlin\/#\/schema\/person\/3f0d93203df21c806dd63c76d9bb28bc\",\"name\":\"marioschrumpf\",\"url\":\"https:\/\/www.naturparkmagazin.de\/stechlin\/author\/marioschrumpf\/\"}]}<\/script>\n<!-- \/ Yoast SEO plugin. -->","yoast_head_json":{"title":"Menz gewinnt Wettbewerb \"Unser Dorf hat Zukunft\" - Naturpark Stechlin-Ruppiner Land","robots":{"index":"index","follow":"follow","max-snippet":"max-snippet:-1","max-image-preview":"max-image-preview:large","max-video-preview":"max-video-preview:-1"},"canonical":"https:\/\/www.naturparkmagazin.de\/stechlin\/menz-gewinnt-wettbewerb-unser-dorf-hat-zukunft\/","og_locale":"de_DE","og_type":"article","og_title":"Menz gewinnt Wettbewerb \"Unser Dorf hat Zukunft\" - Naturpark Stechlin-Ruppiner Land","og_description":"63 D\u00f6rfer in Brandenburg beteiligten sich \u2013 auch unter den schwierigen Corona-Bedingungen \u2013 am Wettbewerb \u201eUnser Dorf hat Zukunft\u201c.","og_url":"https:\/\/www.naturparkmagazin.de\/stechlin\/menz-gewinnt-wettbewerb-unser-dorf-hat-zukunft\/","og_site_name":"Naturpark Stechlin-Ruppiner Land","article_published_time":"2021-11-15T14:00:45+00:00","article_modified_time":"2021-11-23T16:38:39+00:00","og_image":[{"width":200,"height":200,"url":"https:\/\/www.naturparkmagazin.de\/stechlin\/wp-content\/uploads\/sites\/38\/aufmacher10.jpg","type":"image\/jpeg"}],"author":"marioschrumpf","twitter_misc":{"Verfasst von":"marioschrumpf","Gesch\u00e4tzte Lesezeit":"1\u00a0Minute"},"schema":{"@context":"https:\/\/schema.org","@graph":[{"@type":"WebPage","@id":"https:\/\/www.naturparkmagazin.de\/stechlin\/menz-gewinnt-wettbewerb-unser-dorf-hat-zukunft\/","url":"https:\/\/www.naturparkmagazin.de\/stechlin\/menz-gewinnt-wettbewerb-unser-dorf-hat-zukunft\/","name":"Menz gewinnt Wettbewerb \"Unser Dorf hat Zukunft\" - Naturpark Stechlin-Ruppiner Land","isPartOf":{"@id":"https:\/\/www.naturparkmagazin.de\/stechlin\/#website"},"datePublished":"2021-11-15T14:00:45+00:00","dateModified":"2021-11-23T16:38:39+00:00","author":{"@id":"https:\/\/www.naturparkmagazin.de\/stechlin\/#\/schema\/person\/3f0d93203df21c806dd63c76d9bb28bc"},"breadcrumb":{"@id":"https:\/\/www.naturparkmagazin.de\/stechlin\/menz-gewinnt-wettbewerb-unser-dorf-hat-zukunft\/#breadcrumb"},"inLanguage":"de","potentialAction":[{"@type":"ReadAction","target":["https:\/\/www.naturparkmagazin.de\/stechlin\/menz-gewinnt-wettbewerb-unser-dorf-hat-zukunft\/"]}]},{"@type":"BreadcrumbList","@id":"https:\/\/www.naturparkmagazin.de\/stechlin\/menz-gewinnt-wettbewerb-unser-dorf-hat-zukunft\/#breadcrumb","itemListElement":[{"@type":"ListItem","position":1,"name":"Home","item":"https:\/\/www.naturparkmagazin.de\/stechlin\/"},{"@type":"ListItem","position":2,"name":"Menz gewinnt Wettbewerb &#8222;Unser Dorf hat Zukunft&#8220;"}]},{"@type":"WebSite","@id":"https:\/\/www.naturparkmagazin.de\/stechlin\/#website","url":"https:\/\/www.naturparkmagazin.de\/stechlin\/","name":"Naturpark Stechlin-Ruppiner Land","description":"","potentialAction":[{"@type":"SearchAction","target":{"@type":"EntryPoint","urlTemplate":"https:\/\/www.naturparkmagazin.de\/stechlin\/?s={search_term_string}"},"query-input":"required name=search_term_string"}],"inLanguage":"de"},{"@type":"Person","@id":"https:\/\/www.naturparkmagazin.de\/stechlin\/#\/schema\/person\/3f0d93203df21c806dd63c76d9bb28bc","name":"marioschrumpf","url":"https:\/\/www.naturparkmagazin.de\/stechlin\/author\/marioschrumpf\/"}]}},"_links":{"self":[{"href":"https:\/\/www.naturparkmagazin.de\/stechlin\/wp-json\/wp\/v2\/posts\/11274"}],"collection":[{"href":"https:\/\/www.naturparkmagazin.de\/stechlin\/wp-json\/wp\/v2\/posts"}],"about":[{"href":"https:\/\/www.naturparkmagazin.de\/stechlin\/wp-json\/wp\/v2\/types\/post"}],"author":[{"embeddable":true,"href":"https:\/\/www.naturparkmagazin.de\/stechlin\/wp-json\/wp\/v2\/users\/39"}],"replies":[{"embeddable":true,"href":"https:\/\/www.naturparkmagazin.de\/stechlin\/wp-json\/wp\/v2\/comments?post=11274"}],"version-history":[{"count":4,"href":"https:\/\/www.naturparkmagazin.de\/stechlin\/wp-json\/wp\/v2\/posts\/11274\/revisions"}],"predecessor-version":[{"id":11295,"href":"https:\/\/www.naturparkmagazin.de\/stechlin\/wp-json\/wp\/v2\/posts\/11274\/revisions\/11295"}],"wp:featuredmedia":[{"embeddable":true,"href":"https:\/\/www.naturparkmagazin.de\/stechlin\/wp-json\/wp\/v2\/media\/11288"}],"wp:attachment":[{"href":"https:\/\/www.naturparkmagazin.de\/stechlin\/wp-json\/wp\/v2\/media?parent=11274"}],"wp:term":[{"taxonomy":"category","embeddable":true,"href":"https:\/\/www.naturparkmagazin.de\/stechlin\/wp-json\/wp\/v2\/categories?post=11274"},{"taxonomy":"post_tag","embeddable":true,"href":"https:\/\/www.naturparkmagazin.de\/stechlin\/wp-json\/wp\/v2\/tags?post=11274"}],"curies":[{"name":"wp","href":"https:\/\/api.w.org\/{rel}","templated":true}]}}