{"id":113,"date":"2013-08-27T13:50:00","date_gmt":"2013-08-27T11:50:00","guid":{"rendered":"http:\/\/www.naturparkmagazin.de\/stechlin\/?p=113"},"modified":"2013-09-02T16:19:48","modified_gmt":"2013-09-02T14:19:48","slug":"erfolgreiches-kooperationsprojekt-fortgesetzt","status":"publish","type":"post","link":"https:\/\/www.naturparkmagazin.de\/stechlin\/erfolgreiches-kooperationsprojekt-fortgesetzt\/","title":{"rendered":"Erfolgreiches Kooperationsprojekt fortgesetzt"},"content":{"rendered":"<p>Piepenbrocks \u201eAzubi-Projekttage\u201c im Naturpark Stechlin-Ruppiner Land gingen in ihre zweite Auflage. Neun Azubis verschiedener Ausbildungsg\u00e4nge des Unternehmens besuchten vom 12. bis 14. August den Naturpark, informierten sich \u00fcber dessen Bedeutung und verschafften sich vor Ort einen \u00dcberblick \u00fcber die Umweltschutzaktivit\u00e4ten von Piepenbrock. Gleichzeitig leisteten sie selbst aktiv einen Beitrag zum Artenschutz, als sie eine Heidefl\u00e4che von Geh\u00f6lz befreiten. Das Kooperationsprojekt zwischen Piepenbrock und dem Naturpark Stechlin-Ruppiner Land war im April als \u201eProjekt der UN-Dekade Biologische Vielfalt\u201c ausgezeichnet worden.<\/p>\n<p>Neben Mitarbeitern der Piepenbrock Fortbildung und der Piepenbrock Forstbetriebe, waren Vertreter des Naturparks sowie der Naturwacht Stechlin-Ruppiner Land an der Aktion beteiligt. Holger M\u00f6llmann, Mitglied des Piepenbrock Arbeitskreises Nachhaltigkeitsmanagement, informierte die Teilnehmer \u00fcber das nachhaltige Engagement des Unternehmens. Au\u00dferdem standen ein informativer Vortrag \u00fcber den Naturpark Stechlin-Ruppiner Land und der Besuch im Informationszentrum NaturParkHaus Stechlin in Menz auf dem Programm. Viel Freude bereiteten den Teilnehmerinnen und Teilnehmern die anschlie\u00dfende Kanutour auf dem Rheinsberger Rhin und der Grillabend auf dem Gel\u00e4nde des J\u00e4gerhofs im Piepenbrock Forst.<\/p>\n<h3>Angepackt, um eine Heidefl\u00e4che zu erhalten<\/h3>\n<p>Neben der theoretischen Grundlagenarbeit legten die Auszubildenden auf der Heidefl\u00e4che am Zechower Berg selbst Hand an: Bei einem Arbeitseinsatz in diesem gesch\u00fctzten Lebensraum wurden die durch Anflug aufkeimenden Kiefern entfernt. \u201eDiese Aktion ist wichtig, damit hier die f\u00fcr eine Heide typische Tier- und Pflanzenwelt langfristig erhalten bleibt\u201c, erkl\u00e4rte Dr. Mario Schrumpf, Leiter des Naturparks Stechlin-Ruppiner Land den Sinn und Zweck der Aktion. \u201eUrspr\u00fcnglich entstanden solche Heidefl\u00e4chen durch Waldbr\u00e4nde \u2013 da es diese in Mitteleuropa kaum noch gibt, m\u00fcssen diese seltenen Naturr\u00e4ume k\u00fcnstlich frei gehalten werden\u201c, erl\u00e4uterte der Agrarwissenschaftler. Angeleitet von Piepenbrock F\u00f6rster R\u00fcdiger Cours und seinen Mitarbeitern leisteten die jungen Erwachsenen damit einen wichtigen Beitrag zum Umweltschutz. \u201eSonst pflanzen wir f\u00fcr jeden Neuauftrag B\u00e4ume, aber heute ist einmal das Gegenteil gefordert\u201c, erl\u00e4uterte Cours. Da bedrohte Tierarten wie der Wiedehopf, Zaun- und Waldeidechse, verschiedene seltene Heuschreckenarten sowie heidetypische Pflanzen hier beheimatet sind, ist es besonders wichtig die seltenen Heidefl\u00e4chen zu erhalten. Claudia Schopf, Leiterin Aus- und Fortbildung bei Piepenbrock zeigte sich zufrieden mit der Aktion: \u201eMit den Projekttagen bringen wir unseren Auszubildenden das Thema Nachhaltigkeit bei Piepenbrock n\u00e4her und machen es erlebbar\u201c, sagte Schopf.<\/p>\n<h3>Kooperation f\u00fcr Naturschutzgebiet im Firmenforst<\/h3>\n<p>Piepenbrock unterh\u00e4lt im brandenburgischen Naturpark Stechlin-Ruppiner Land den 2200 Hektar gro\u00dfen Forst Rheinshagen und engagiert sich intensiv im Umweltschutz. Weite Teile des Forsts liegen im Naturschutzgebiet Rheinsberger Rhin und Hellberge sowie im gleichnamigen Fauna-Flora-Habitat-Gebiet, das zum europ\u00e4ischen Schutzgebietsnetzwerk Natura 2000 geh\u00f6rt. In enger Abstimmung mit der Naturparkverwaltung und im Sinne der Nachhaltigkeitsstrategie des Unternehmens werden die Fl\u00e4chen dort bewirtschaftet.<\/p>\n","protected":false},"excerpt":{"rendered":"<p>Piepenbrocks \u201eAzubi-Projekttage\u201c im Naturpark Stechlin-Ruppiner Land gingen in ihre zweite Auflage. Neun Azubis verschiedener Ausbildungsg\u00e4nge des Unternehmens besuchten vom 12. bis 14. August den Naturpark, informierten sich \u00fcber dessen Bedeutung und verschafften sich vor Ort einen \u00dcberblick \u00fcber die Umweltschutzaktivit\u00e4ten von Piepenbrock. Gleichzeitig leisteten sie selbst aktiv einen Beitrag zum Artenschutz, als sie eine Heidefl\u00e4che<\/p>\n","protected":false},"author":39,"featured_media":114,"comment_status":"open","ping_status":"open","sticky":false,"template":"","format":"standard","meta":[],"categories":[7],"tags":[],"yoast_head":"<!-- This site is optimized with the Yoast SEO plugin v19.10 - https:\/\/yoast.com\/wordpress\/plugins\/seo\/ -->\n<title>Erfolgreiches Kooperationsprojekt fortgesetzt - Naturpark Stechlin-Ruppiner Land<\/title>\n<meta name=\"robots\" content=\"index, follow, max-snippet:-1, max-image-preview:large, max-video-preview:-1\" \/>\n<link rel=\"canonical\" href=\"https:\/\/www.naturparkmagazin.de\/stechlin\/erfolgreiches-kooperationsprojekt-fortgesetzt\/\" \/>\n<meta property=\"og:locale\" content=\"de_DE\" \/>\n<meta property=\"og:type\" content=\"article\" \/>\n<meta property=\"og:title\" content=\"Erfolgreiches Kooperationsprojekt fortgesetzt - Naturpark Stechlin-Ruppiner Land\" \/>\n<meta property=\"og:description\" content=\"Piepenbrocks \u201eAzubi-Projekttage\u201c im Naturpark Stechlin-Ruppiner Land gingen in ihre zweite Auflage. Neun Azubis verschiedener Ausbildungsg\u00e4nge des Unternehmens besuchten vom 12. bis 14. August den Naturpark, informierten sich \u00fcber dessen Bedeutung und verschafften sich vor Ort einen \u00dcberblick \u00fcber die Umweltschutzaktivit\u00e4ten von Piepenbrock. Gleichzeitig leisteten sie selbst aktiv einen Beitrag zum Artenschutz, als sie eine Heidefl\u00e4che\" \/>\n<meta property=\"og:url\" content=\"https:\/\/www.naturparkmagazin.de\/stechlin\/erfolgreiches-kooperationsprojekt-fortgesetzt\/\" \/>\n<meta property=\"og:site_name\" content=\"Naturpark Stechlin-Ruppiner Land\" \/>\n<meta property=\"article:published_time\" content=\"2013-08-27T11:50:00+00:00\" \/>\n<meta property=\"article:modified_time\" content=\"2013-09-02T14:19:48+00:00\" \/>\n<meta property=\"og:image\" content=\"https:\/\/www.naturparkmagazin.de\/stechlin\/wp-content\/uploads\/sites\/38\/k-DSC_0009.jpg\" \/>\n\t<meta property=\"og:image:width\" content=\"1936\" \/>\n\t<meta property=\"og:image:height\" content=\"1296\" \/>\n\t<meta property=\"og:image:type\" content=\"image\/jpeg\" \/>\n<meta name=\"author\" content=\"marioschrumpf\" \/>\n<meta name=\"twitter:label1\" content=\"Verfasst von\" \/>\n\t<meta name=\"twitter:data1\" content=\"marioschrumpf\" \/>\n\t<meta name=\"twitter:label2\" content=\"Gesch\u00e4tzte Lesezeit\" \/>\n\t<meta name=\"twitter:data2\" content=\"2\u00a0Minuten\" \/>\n<script type=\"application\/ld+json\" class=\"yoast-schema-graph\">{\"@context\":\"https:\/\/schema.org\",\"@graph\":[{\"@type\":\"WebPage\",\"@id\":\"https:\/\/www.naturparkmagazin.de\/stechlin\/erfolgreiches-kooperationsprojekt-fortgesetzt\/\",\"url\":\"https:\/\/www.naturparkmagazin.de\/stechlin\/erfolgreiches-kooperationsprojekt-fortgesetzt\/\",\"name\":\"Erfolgreiches Kooperationsprojekt fortgesetzt - Naturpark Stechlin-Ruppiner Land\",\"isPartOf\":{\"@id\":\"https:\/\/www.naturparkmagazin.de\/stechlin\/#website\"},\"datePublished\":\"2013-08-27T11:50:00+00:00\",\"dateModified\":\"2013-09-02T14:19:48+00:00\",\"author\":{\"@id\":\"https:\/\/www.naturparkmagazin.de\/stechlin\/#\/schema\/person\/3f0d93203df21c806dd63c76d9bb28bc\"},\"breadcrumb\":{\"@id\":\"https:\/\/www.naturparkmagazin.de\/stechlin\/erfolgreiches-kooperationsprojekt-fortgesetzt\/#breadcrumb\"},\"inLanguage\":\"de\",\"potentialAction\":[{\"@type\":\"ReadAction\",\"target\":[\"https:\/\/www.naturparkmagazin.de\/stechlin\/erfolgreiches-kooperationsprojekt-fortgesetzt\/\"]}]},{\"@type\":\"BreadcrumbList\",\"@id\":\"https:\/\/www.naturparkmagazin.de\/stechlin\/erfolgreiches-kooperationsprojekt-fortgesetzt\/#breadcrumb\",\"itemListElement\":[{\"@type\":\"ListItem\",\"position\":1,\"name\":\"Home\",\"item\":\"https:\/\/www.naturparkmagazin.de\/stechlin\/\"},{\"@type\":\"ListItem\",\"position\":2,\"name\":\"Erfolgreiches Kooperationsprojekt fortgesetzt\"}]},{\"@type\":\"WebSite\",\"@id\":\"https:\/\/www.naturparkmagazin.de\/stechlin\/#website\",\"url\":\"https:\/\/www.naturparkmagazin.de\/stechlin\/\",\"name\":\"Naturpark Stechlin-Ruppiner Land\",\"description\":\"\",\"potentialAction\":[{\"@type\":\"SearchAction\",\"target\":{\"@type\":\"EntryPoint\",\"urlTemplate\":\"https:\/\/www.naturparkmagazin.de\/stechlin\/?s={search_term_string}\"},\"query-input\":\"required name=search_term_string\"}],\"inLanguage\":\"de\"},{\"@type\":\"Person\",\"@id\":\"https:\/\/www.naturparkmagazin.de\/stechlin\/#\/schema\/person\/3f0d93203df21c806dd63c76d9bb28bc\",\"name\":\"marioschrumpf\",\"url\":\"https:\/\/www.naturparkmagazin.de\/stechlin\/author\/marioschrumpf\/\"}]}<\/script>\n<!-- \/ Yoast SEO plugin. -->","yoast_head_json":{"title":"Erfolgreiches Kooperationsprojekt fortgesetzt - Naturpark Stechlin-Ruppiner Land","robots":{"index":"index","follow":"follow","max-snippet":"max-snippet:-1","max-image-preview":"max-image-preview:large","max-video-preview":"max-video-preview:-1"},"canonical":"https:\/\/www.naturparkmagazin.de\/stechlin\/erfolgreiches-kooperationsprojekt-fortgesetzt\/","og_locale":"de_DE","og_type":"article","og_title":"Erfolgreiches Kooperationsprojekt fortgesetzt - Naturpark Stechlin-Ruppiner Land","og_description":"Piepenbrocks \u201eAzubi-Projekttage\u201c im Naturpark Stechlin-Ruppiner Land gingen in ihre zweite Auflage. Neun Azubis verschiedener Ausbildungsg\u00e4nge des Unternehmens besuchten vom 12. bis 14. August den Naturpark, informierten sich \u00fcber dessen Bedeutung und verschafften sich vor Ort einen \u00dcberblick \u00fcber die Umweltschutzaktivit\u00e4ten von Piepenbrock. Gleichzeitig leisteten sie selbst aktiv einen Beitrag zum Artenschutz, als sie eine Heidefl\u00e4che","og_url":"https:\/\/www.naturparkmagazin.de\/stechlin\/erfolgreiches-kooperationsprojekt-fortgesetzt\/","og_site_name":"Naturpark Stechlin-Ruppiner Land","article_published_time":"2013-08-27T11:50:00+00:00","article_modified_time":"2013-09-02T14:19:48+00:00","og_image":[{"width":1936,"height":1296,"url":"https:\/\/www.naturparkmagazin.de\/stechlin\/wp-content\/uploads\/sites\/38\/k-DSC_0009.jpg","type":"image\/jpeg"}],"author":"marioschrumpf","twitter_misc":{"Verfasst von":"marioschrumpf","Gesch\u00e4tzte Lesezeit":"2\u00a0Minuten"},"schema":{"@context":"https:\/\/schema.org","@graph":[{"@type":"WebPage","@id":"https:\/\/www.naturparkmagazin.de\/stechlin\/erfolgreiches-kooperationsprojekt-fortgesetzt\/","url":"https:\/\/www.naturparkmagazin.de\/stechlin\/erfolgreiches-kooperationsprojekt-fortgesetzt\/","name":"Erfolgreiches Kooperationsprojekt fortgesetzt - Naturpark Stechlin-Ruppiner Land","isPartOf":{"@id":"https:\/\/www.naturparkmagazin.de\/stechlin\/#website"},"datePublished":"2013-08-27T11:50:00+00:00","dateModified":"2013-09-02T14:19:48+00:00","author":{"@id":"https:\/\/www.naturparkmagazin.de\/stechlin\/#\/schema\/person\/3f0d93203df21c806dd63c76d9bb28bc"},"breadcrumb":{"@id":"https:\/\/www.naturparkmagazin.de\/stechlin\/erfolgreiches-kooperationsprojekt-fortgesetzt\/#breadcrumb"},"inLanguage":"de","potentialAction":[{"@type":"ReadAction","target":["https:\/\/www.naturparkmagazin.de\/stechlin\/erfolgreiches-kooperationsprojekt-fortgesetzt\/"]}]},{"@type":"BreadcrumbList","@id":"https:\/\/www.naturparkmagazin.de\/stechlin\/erfolgreiches-kooperationsprojekt-fortgesetzt\/#breadcrumb","itemListElement":[{"@type":"ListItem","position":1,"name":"Home","item":"https:\/\/www.naturparkmagazin.de\/stechlin\/"},{"@type":"ListItem","position":2,"name":"Erfolgreiches Kooperationsprojekt fortgesetzt"}]},{"@type":"WebSite","@id":"https:\/\/www.naturparkmagazin.de\/stechlin\/#website","url":"https:\/\/www.naturparkmagazin.de\/stechlin\/","name":"Naturpark Stechlin-Ruppiner Land","description":"","potentialAction":[{"@type":"SearchAction","target":{"@type":"EntryPoint","urlTemplate":"https:\/\/www.naturparkmagazin.de\/stechlin\/?s={search_term_string}"},"query-input":"required name=search_term_string"}],"inLanguage":"de"},{"@type":"Person","@id":"https:\/\/www.naturparkmagazin.de\/stechlin\/#\/schema\/person\/3f0d93203df21c806dd63c76d9bb28bc","name":"marioschrumpf","url":"https:\/\/www.naturparkmagazin.de\/stechlin\/author\/marioschrumpf\/"}]}},"_links":{"self":[{"href":"https:\/\/www.naturparkmagazin.de\/stechlin\/wp-json\/wp\/v2\/posts\/113"}],"collection":[{"href":"https:\/\/www.naturparkmagazin.de\/stechlin\/wp-json\/wp\/v2\/posts"}],"about":[{"href":"https:\/\/www.naturparkmagazin.de\/stechlin\/wp-json\/wp\/v2\/types\/post"}],"author":[{"embeddable":true,"href":"https:\/\/www.naturparkmagazin.de\/stechlin\/wp-json\/wp\/v2\/users\/39"}],"replies":[{"embeddable":true,"href":"https:\/\/www.naturparkmagazin.de\/stechlin\/wp-json\/wp\/v2\/comments?post=113"}],"version-history":[{"count":1,"href":"https:\/\/www.naturparkmagazin.de\/stechlin\/wp-json\/wp\/v2\/posts\/113\/revisions"}],"predecessor-version":[{"id":115,"href":"https:\/\/www.naturparkmagazin.de\/stechlin\/wp-json\/wp\/v2\/posts\/113\/revisions\/115"}],"wp:featuredmedia":[{"embeddable":true,"href":"https:\/\/www.naturparkmagazin.de\/stechlin\/wp-json\/wp\/v2\/media\/114"}],"wp:attachment":[{"href":"https:\/\/www.naturparkmagazin.de\/stechlin\/wp-json\/wp\/v2\/media?parent=113"}],"wp:term":[{"taxonomy":"category","embeddable":true,"href":"https:\/\/www.naturparkmagazin.de\/stechlin\/wp-json\/wp\/v2\/categories?post=113"},{"taxonomy":"post_tag","embeddable":true,"href":"https:\/\/www.naturparkmagazin.de\/stechlin\/wp-json\/wp\/v2\/tags?post=113"}],"curies":[{"name":"wp","href":"https:\/\/api.w.org\/{rel}","templated":true}]}}