{"id":11323,"date":"2021-12-15T15:00:51","date_gmt":"2021-12-15T14:00:51","guid":{"rendered":"https:\/\/www.naturparkmagazin.de\/stechlin\/?p=11323"},"modified":"2021-12-17T14:06:38","modified_gmt":"2021-12-17T13:06:38","slug":"winterliche-buchempfehlung-der-naturwacht","status":"publish","type":"post","link":"https:\/\/www.naturparkmagazin.de\/stechlin\/winterliche-buchempfehlung-der-naturwacht\/","title":{"rendered":"Winterliche Buchempfehlung der Naturwacht"},"content":{"rendered":"<p>Es hat geschneit!<\/p>\n<p>Durch das Fenster betrachte ich die Winterwunderwelt in meinem Garten. Alles ist schwarz\/wei\u00df aber es gibt, im Spiel von Licht und Schatten, auch unheimlich viele Nuancen zu sehen.<\/p>\n<p>Es ist die Zeit, kurz vor dem Jahreswechsel, in der wir die Menschen im Naturpark Stechlin\u2013Ruppiner Land, Besucher und Einheimische, gerne wieder dazu eingeladen h\u00e4tten, mit uns diese Winterwelt zu erkunden.<\/p>\n<div id=\"attachment_11406\" style=\"width: 310px\" class=\"wp-caption aligncenter\"><a href=\"https:\/\/www.naturparkmagazin.de\/stechlin\/wp-content\/uploads\/sites\/38\/sonnenaufgang.jpg\"><img aria-describedby=\"caption-attachment-11406\" decoding=\"async\" loading=\"lazy\" class=\"size-thumbnail wp-image-11406\" src=\"https:\/\/www.naturparkmagazin.de\/stechlin\/wp-content\/uploads\/sites\/38\/sonnenaufgang-300x180.jpg\" alt=\"\u00a9 Foto: Anke Rudnik\" width=\"300\" height=\"180\" srcset=\"https:\/\/www.naturparkmagazin.de\/stechlin\/wp-content\/uploads\/sites\/38\/sonnenaufgang-300x180.jpg 300w, https:\/\/www.naturparkmagazin.de\/stechlin\/wp-content\/uploads\/sites\/38\/sonnenaufgang.jpg 500w, https:\/\/www.naturparkmagazin.de\/stechlin\/wp-content\/uploads\/sites\/38\/sonnenaufgang-200x120.jpg 200w\" sizes=\"(max-width: 300px) 100vw, 300px\" \/><\/a><p id=\"caption-attachment-11406\" class=\"wp-caption-text\">\u00a9 Foto: Anke Rudnik<\/p><\/div>\n<p>Klare Frostluft, ged\u00e4mpfte Ger\u00e4usche und die Gedanken, die fast jeden zum Jahreswechsel besch\u00e4ftigen sind gute Voraussetzungen f\u00fcr einen Spaziergang durch die Winterlandschaft. Wenn dann noch ein Greifvogel seine Runden dreht, Eisblumen erbl\u00fchen und man Fu\u00dfabdr\u00fccke und andere Tierspuren im Schnee finden kann, dann w\u00e4re mein Gl\u00fcck als Ranger mit einer gut gelaunten Wandergruppe perfekt.<\/p>\n<p>Jedoch hat uns Corona auch in diesem Jahr einen dicken Strich durch die Rechnung gemacht.<\/p>\n<p>So m\u00f6chte ich Ihnen empfehlen sich allein, in Begleitung von Freunden oder der Familie auf eine Reise durch die Winterlandschaft zu begeben. Eine gute Vorbereitung bzw. eine sehr gute Begleitung dabei w\u00e4re ein Buch, das auf alle F\u00e4lle f\u00fcr jede Altersklasse geeignet ist.<\/p>\n<div id=\"attachment_11405\" style=\"width: 310px\" class=\"wp-caption aligncenter\"><a href=\"https:\/\/www.naturparkmagazin.de\/stechlin\/wp-content\/uploads\/sites\/38\/buch1.jpg\"><img aria-describedby=\"caption-attachment-11405\" decoding=\"async\" loading=\"lazy\" class=\"size-thumbnail wp-image-11405\" src=\"https:\/\/www.naturparkmagazin.de\/stechlin\/wp-content\/uploads\/sites\/38\/buch1-300x180.jpg\" alt=\"\u00a9 Foto: Anke Rudnik\" width=\"300\" height=\"180\" srcset=\"https:\/\/www.naturparkmagazin.de\/stechlin\/wp-content\/uploads\/sites\/38\/buch1-300x180.jpg 300w, https:\/\/www.naturparkmagazin.de\/stechlin\/wp-content\/uploads\/sites\/38\/buch1.jpg 500w, https:\/\/www.naturparkmagazin.de\/stechlin\/wp-content\/uploads\/sites\/38\/buch1-200x120.jpg 200w\" sizes=\"(max-width: 300px) 100vw, 300px\" \/><\/a><p id=\"caption-attachment-11405\" class=\"wp-caption-text\">\u00a9 Foto: Anke Rudnik<\/p><\/div>\n<p>\u201e<em>Meine kleine Winterkunde<\/em>\u201c, erschienen bei Eden Books ist nicht nur ein \u201e<em>Erkl\u00e4rbuch<\/em>\u201c mit vielen Impressionen aus der Winterwelt, es l\u00e4sst auch Raum f\u00fcr das Aufschreiben der eigenen Entdeckungen, hat Platz f\u00fcr Zeichnungen und das Aufkleben bzw. Aufbewahren von gesammelten Erinnerungsst\u00fccken, wie zum Beispiel einer Feder oder einem Blatt.<\/p>\n<div id=\"attachment_11408\" style=\"width: 310px\" class=\"wp-caption aligncenter\"><a href=\"https:\/\/www.naturparkmagazin.de\/stechlin\/wp-content\/uploads\/sites\/38\/tierspuren.jpg\"><img aria-describedby=\"caption-attachment-11408\" decoding=\"async\" loading=\"lazy\" class=\"size-thumbnail wp-image-11408\" src=\"https:\/\/www.naturparkmagazin.de\/stechlin\/wp-content\/uploads\/sites\/38\/tierspuren-300x180.jpg\" alt=\"\u00a9 Foto: Anke Rudnik\" width=\"300\" height=\"180\" srcset=\"https:\/\/www.naturparkmagazin.de\/stechlin\/wp-content\/uploads\/sites\/38\/tierspuren-300x180.jpg 300w, https:\/\/www.naturparkmagazin.de\/stechlin\/wp-content\/uploads\/sites\/38\/tierspuren.jpg 500w, https:\/\/www.naturparkmagazin.de\/stechlin\/wp-content\/uploads\/sites\/38\/tierspuren-200x120.jpg 200w\" sizes=\"(max-width: 300px) 100vw, 300px\" \/><\/a><p id=\"caption-attachment-11408\" class=\"wp-caption-text\">\u00a9 Foto: Anke Rudnik<\/p><\/div>\n<p>Stellen Sie sich vor, wie herrlich es ist, nach einem solchen Spaziergang nach Hause zu kommen, eine hei\u00dfe Tasse Kaffee oder Tee zu genie\u00dfen und den Spaziergang noch einmal Revue passieren zu lassen.<\/p>\n<p>Lassen Sie Corona nicht zum Lebensmittelpunkt werden, genie\u00dfen Sie was m\u00f6glich ist und vielleicht treffen wir uns ja einmal bei einer winterlichen Wanderung im Naturpark Stechlin\u2013Ruppiner Land.<\/p>\n<p>&nbsp;<\/p>\n<p>Anke Rudnik<\/p>\n<p>Rangerin im Naturpark Stechlin-Ruppiner Land<\/p>\n","protected":false},"excerpt":{"rendered":"<p>Es hat geschneit! Durch das Fenster betrachte ich die Winterwunderwelt in meinem Garten.<\/p>\n","protected":false},"author":39,"featured_media":11409,"comment_status":"open","ping_status":"open","sticky":false,"template":"","format":"standard","meta":[],"categories":[7],"tags":[],"yoast_head":"<!-- This site is optimized with the Yoast SEO plugin v19.10 - https:\/\/yoast.com\/wordpress\/plugins\/seo\/ -->\n<title>Winterliche Buchempfehlung der Naturwacht - Naturpark Stechlin-Ruppiner Land<\/title>\n<meta name=\"robots\" content=\"index, follow, max-snippet:-1, max-image-preview:large, max-video-preview:-1\" \/>\n<link rel=\"canonical\" href=\"https:\/\/www.naturparkmagazin.de\/stechlin\/winterliche-buchempfehlung-der-naturwacht\/\" \/>\n<meta property=\"og:locale\" content=\"de_DE\" \/>\n<meta property=\"og:type\" content=\"article\" \/>\n<meta property=\"og:title\" content=\"Winterliche Buchempfehlung der Naturwacht - Naturpark Stechlin-Ruppiner Land\" \/>\n<meta property=\"og:description\" content=\"Es hat geschneit! Durch das Fenster betrachte ich die Winterwunderwelt in meinem Garten.\" \/>\n<meta property=\"og:url\" content=\"https:\/\/www.naturparkmagazin.de\/stechlin\/winterliche-buchempfehlung-der-naturwacht\/\" \/>\n<meta property=\"og:site_name\" content=\"Naturpark Stechlin-Ruppiner Land\" \/>\n<meta property=\"article:published_time\" content=\"2021-12-15T14:00:51+00:00\" \/>\n<meta property=\"article:modified_time\" content=\"2021-12-17T13:06:38+00:00\" \/>\n<meta property=\"og:image\" content=\"https:\/\/www.naturparkmagazin.de\/stechlin\/wp-content\/uploads\/sites\/38\/aufh\u00e4nger7.jpg\" \/>\n\t<meta property=\"og:image:width\" content=\"200\" \/>\n\t<meta property=\"og:image:height\" content=\"200\" \/>\n\t<meta property=\"og:image:type\" content=\"image\/jpeg\" \/>\n<meta name=\"author\" content=\"marioschrumpf\" \/>\n<meta name=\"twitter:label1\" content=\"Verfasst von\" \/>\n\t<meta name=\"twitter:data1\" content=\"marioschrumpf\" \/>\n\t<meta name=\"twitter:label2\" content=\"Gesch\u00e4tzte Lesezeit\" \/>\n\t<meta name=\"twitter:data2\" content=\"2\u00a0Minuten\" \/>\n<script type=\"application\/ld+json\" class=\"yoast-schema-graph\">{\"@context\":\"https:\/\/schema.org\",\"@graph\":[{\"@type\":\"WebPage\",\"@id\":\"https:\/\/www.naturparkmagazin.de\/stechlin\/winterliche-buchempfehlung-der-naturwacht\/\",\"url\":\"https:\/\/www.naturparkmagazin.de\/stechlin\/winterliche-buchempfehlung-der-naturwacht\/\",\"name\":\"Winterliche Buchempfehlung der Naturwacht - Naturpark Stechlin-Ruppiner Land\",\"isPartOf\":{\"@id\":\"https:\/\/www.naturparkmagazin.de\/stechlin\/#website\"},\"datePublished\":\"2021-12-15T14:00:51+00:00\",\"dateModified\":\"2021-12-17T13:06:38+00:00\",\"author\":{\"@id\":\"https:\/\/www.naturparkmagazin.de\/stechlin\/#\/schema\/person\/3f0d93203df21c806dd63c76d9bb28bc\"},\"breadcrumb\":{\"@id\":\"https:\/\/www.naturparkmagazin.de\/stechlin\/winterliche-buchempfehlung-der-naturwacht\/#breadcrumb\"},\"inLanguage\":\"de\",\"potentialAction\":[{\"@type\":\"ReadAction\",\"target\":[\"https:\/\/www.naturparkmagazin.de\/stechlin\/winterliche-buchempfehlung-der-naturwacht\/\"]}]},{\"@type\":\"BreadcrumbList\",\"@id\":\"https:\/\/www.naturparkmagazin.de\/stechlin\/winterliche-buchempfehlung-der-naturwacht\/#breadcrumb\",\"itemListElement\":[{\"@type\":\"ListItem\",\"position\":1,\"name\":\"Home\",\"item\":\"https:\/\/www.naturparkmagazin.de\/stechlin\/\"},{\"@type\":\"ListItem\",\"position\":2,\"name\":\"Winterliche Buchempfehlung der Naturwacht\"}]},{\"@type\":\"WebSite\",\"@id\":\"https:\/\/www.naturparkmagazin.de\/stechlin\/#website\",\"url\":\"https:\/\/www.naturparkmagazin.de\/stechlin\/\",\"name\":\"Naturpark Stechlin-Ruppiner Land\",\"description\":\"\",\"potentialAction\":[{\"@type\":\"SearchAction\",\"target\":{\"@type\":\"EntryPoint\",\"urlTemplate\":\"https:\/\/www.naturparkmagazin.de\/stechlin\/?s={search_term_string}\"},\"query-input\":\"required name=search_term_string\"}],\"inLanguage\":\"de\"},{\"@type\":\"Person\",\"@id\":\"https:\/\/www.naturparkmagazin.de\/stechlin\/#\/schema\/person\/3f0d93203df21c806dd63c76d9bb28bc\",\"name\":\"marioschrumpf\",\"url\":\"https:\/\/www.naturparkmagazin.de\/stechlin\/author\/marioschrumpf\/\"}]}<\/script>\n<!-- \/ Yoast SEO plugin. -->","yoast_head_json":{"title":"Winterliche Buchempfehlung der Naturwacht - Naturpark Stechlin-Ruppiner Land","robots":{"index":"index","follow":"follow","max-snippet":"max-snippet:-1","max-image-preview":"max-image-preview:large","max-video-preview":"max-video-preview:-1"},"canonical":"https:\/\/www.naturparkmagazin.de\/stechlin\/winterliche-buchempfehlung-der-naturwacht\/","og_locale":"de_DE","og_type":"article","og_title":"Winterliche Buchempfehlung der Naturwacht - Naturpark Stechlin-Ruppiner Land","og_description":"Es hat geschneit! Durch das Fenster betrachte ich die Winterwunderwelt in meinem Garten.","og_url":"https:\/\/www.naturparkmagazin.de\/stechlin\/winterliche-buchempfehlung-der-naturwacht\/","og_site_name":"Naturpark Stechlin-Ruppiner Land","article_published_time":"2021-12-15T14:00:51+00:00","article_modified_time":"2021-12-17T13:06:38+00:00","og_image":[{"width":200,"height":200,"url":"https:\/\/www.naturparkmagazin.de\/stechlin\/wp-content\/uploads\/sites\/38\/aufh\u00e4nger7.jpg","type":"image\/jpeg"}],"author":"marioschrumpf","twitter_misc":{"Verfasst von":"marioschrumpf","Gesch\u00e4tzte Lesezeit":"2\u00a0Minuten"},"schema":{"@context":"https:\/\/schema.org","@graph":[{"@type":"WebPage","@id":"https:\/\/www.naturparkmagazin.de\/stechlin\/winterliche-buchempfehlung-der-naturwacht\/","url":"https:\/\/www.naturparkmagazin.de\/stechlin\/winterliche-buchempfehlung-der-naturwacht\/","name":"Winterliche Buchempfehlung der Naturwacht - Naturpark Stechlin-Ruppiner Land","isPartOf":{"@id":"https:\/\/www.naturparkmagazin.de\/stechlin\/#website"},"datePublished":"2021-12-15T14:00:51+00:00","dateModified":"2021-12-17T13:06:38+00:00","author":{"@id":"https:\/\/www.naturparkmagazin.de\/stechlin\/#\/schema\/person\/3f0d93203df21c806dd63c76d9bb28bc"},"breadcrumb":{"@id":"https:\/\/www.naturparkmagazin.de\/stechlin\/winterliche-buchempfehlung-der-naturwacht\/#breadcrumb"},"inLanguage":"de","potentialAction":[{"@type":"ReadAction","target":["https:\/\/www.naturparkmagazin.de\/stechlin\/winterliche-buchempfehlung-der-naturwacht\/"]}]},{"@type":"BreadcrumbList","@id":"https:\/\/www.naturparkmagazin.de\/stechlin\/winterliche-buchempfehlung-der-naturwacht\/#breadcrumb","itemListElement":[{"@type":"ListItem","position":1,"name":"Home","item":"https:\/\/www.naturparkmagazin.de\/stechlin\/"},{"@type":"ListItem","position":2,"name":"Winterliche Buchempfehlung der Naturwacht"}]},{"@type":"WebSite","@id":"https:\/\/www.naturparkmagazin.de\/stechlin\/#website","url":"https:\/\/www.naturparkmagazin.de\/stechlin\/","name":"Naturpark Stechlin-Ruppiner Land","description":"","potentialAction":[{"@type":"SearchAction","target":{"@type":"EntryPoint","urlTemplate":"https:\/\/www.naturparkmagazin.de\/stechlin\/?s={search_term_string}"},"query-input":"required name=search_term_string"}],"inLanguage":"de"},{"@type":"Person","@id":"https:\/\/www.naturparkmagazin.de\/stechlin\/#\/schema\/person\/3f0d93203df21c806dd63c76d9bb28bc","name":"marioschrumpf","url":"https:\/\/www.naturparkmagazin.de\/stechlin\/author\/marioschrumpf\/"}]}},"_links":{"self":[{"href":"https:\/\/www.naturparkmagazin.de\/stechlin\/wp-json\/wp\/v2\/posts\/11323"}],"collection":[{"href":"https:\/\/www.naturparkmagazin.de\/stechlin\/wp-json\/wp\/v2\/posts"}],"about":[{"href":"https:\/\/www.naturparkmagazin.de\/stechlin\/wp-json\/wp\/v2\/types\/post"}],"author":[{"embeddable":true,"href":"https:\/\/www.naturparkmagazin.de\/stechlin\/wp-json\/wp\/v2\/users\/39"}],"replies":[{"embeddable":true,"href":"https:\/\/www.naturparkmagazin.de\/stechlin\/wp-json\/wp\/v2\/comments?post=11323"}],"version-history":[{"count":11,"href":"https:\/\/www.naturparkmagazin.de\/stechlin\/wp-json\/wp\/v2\/posts\/11323\/revisions"}],"predecessor-version":[{"id":11438,"href":"https:\/\/www.naturparkmagazin.de\/stechlin\/wp-json\/wp\/v2\/posts\/11323\/revisions\/11438"}],"wp:featuredmedia":[{"embeddable":true,"href":"https:\/\/www.naturparkmagazin.de\/stechlin\/wp-json\/wp\/v2\/media\/11409"}],"wp:attachment":[{"href":"https:\/\/www.naturparkmagazin.de\/stechlin\/wp-json\/wp\/v2\/media?parent=11323"}],"wp:term":[{"taxonomy":"category","embeddable":true,"href":"https:\/\/www.naturparkmagazin.de\/stechlin\/wp-json\/wp\/v2\/categories?post=11323"},{"taxonomy":"post_tag","embeddable":true,"href":"https:\/\/www.naturparkmagazin.de\/stechlin\/wp-json\/wp\/v2\/tags?post=11323"}],"curies":[{"name":"wp","href":"https:\/\/api.w.org\/{rel}","templated":true}]}}