{"id":11347,"date":"2021-12-15T15:00:17","date_gmt":"2021-12-15T14:00:17","guid":{"rendered":"https:\/\/www.naturparkmagazin.de\/stechlin\/?p=11347"},"modified":"2021-12-14T18:55:14","modified_gmt":"2021-12-14T17:55:14","slug":"kleingewaesser-in-raegelin-erfolgreich-revitalisiert","status":"publish","type":"post","link":"https:\/\/www.naturparkmagazin.de\/stechlin\/kleingewaesser-in-raegelin-erfolgreich-revitalisiert\/","title":{"rendered":"Kleingew\u00e4sser in R\u00e4gelin erfolgreich revitalisiert"},"content":{"rendered":"<p>6.000 Euro investierte die Gemeinde Temnitzquell in die Revitalisierung des Teiches in R\u00e4gelin am Rande der Temnitzniederung.<\/p>\n<div id=\"attachment_11372\" style=\"width: 310px\" class=\"wp-caption aligncenter\"><a href=\"https:\/\/www.naturparkmagazin.de\/stechlin\/wp-content\/uploads\/sites\/38\/teich1.jpg\"><img aria-describedby=\"caption-attachment-11372\" decoding=\"async\" loading=\"lazy\" class=\"size-thumbnail wp-image-11372\" src=\"https:\/\/www.naturparkmagazin.de\/stechlin\/wp-content\/uploads\/sites\/38\/teich1-300x500.jpg\" alt=\"Das Kleingew\u00e4sser vor der Revitalisierung \u00a9 Foto: Bernd M\u00fcller\" width=\"300\" height=\"500\" srcset=\"https:\/\/www.naturparkmagazin.de\/stechlin\/wp-content\/uploads\/sites\/38\/teich1.jpg 300w, https:\/\/www.naturparkmagazin.de\/stechlin\/wp-content\/uploads\/sites\/38\/teich1-200x333.jpg 200w\" sizes=\"(max-width: 300px) 100vw, 300px\" \/><\/a><p id=\"caption-attachment-11372\" class=\"wp-caption-text\">Das Kleingew\u00e4sser vor der Revitalisierung\u00a9 Foto: Bernd M\u00fcller<\/p><\/div>\n<p>Die Firma Baulogistik L\u00fcck aus Dorf Zechlin setzte die aus dem Gemeindehaushalt finanzierte Ma\u00dfnahme im November um. Das stark in Verlandung begriffene Gew\u00e4sser wurde einer &#8222;<em>Verj\u00fcngungskur<\/em>&#8220; unterzogen.<\/p>\n<div id=\"attachment_11373\" style=\"width: 310px\" class=\"wp-caption aligncenter\"><a href=\"https:\/\/www.naturparkmagazin.de\/stechlin\/wp-content\/uploads\/sites\/38\/teich2.jpg\"><img aria-describedby=\"caption-attachment-11373\" decoding=\"async\" loading=\"lazy\" class=\"size-thumbnail wp-image-11373\" src=\"https:\/\/www.naturparkmagazin.de\/stechlin\/wp-content\/uploads\/sites\/38\/teich2-300x500.jpg\" alt=\"Die Bagger bei der Arbeit \u00a9 Foto: Bernd M\u00fcller\" width=\"300\" height=\"500\" srcset=\"https:\/\/www.naturparkmagazin.de\/stechlin\/wp-content\/uploads\/sites\/38\/teich2.jpg 300w, https:\/\/www.naturparkmagazin.de\/stechlin\/wp-content\/uploads\/sites\/38\/teich2-200x333.jpg 200w\" sizes=\"(max-width: 300px) 100vw, 300px\" \/><\/a><p id=\"caption-attachment-11373\" class=\"wp-caption-text\">Die Bagger bei der Arbeit\u00a9 Foto: Bernd M\u00fcller<\/p><\/div>\n<div id=\"attachment_11374\" style=\"width: 310px\" class=\"wp-caption aligncenter\"><a href=\"https:\/\/www.naturparkmagazin.de\/stechlin\/wp-content\/uploads\/sites\/38\/teich3.jpg\"><img aria-describedby=\"caption-attachment-11374\" decoding=\"async\" loading=\"lazy\" class=\"size-thumbnail wp-image-11374\" src=\"https:\/\/www.naturparkmagazin.de\/stechlin\/wp-content\/uploads\/sites\/38\/teich3-300x180.jpg\" alt=\"Die ersten Kubikmeter sind entnommen. \u00a9 Foto: Bernd M\u00fcller\" width=\"300\" height=\"180\" srcset=\"https:\/\/www.naturparkmagazin.de\/stechlin\/wp-content\/uploads\/sites\/38\/teich3-300x180.jpg 300w, https:\/\/www.naturparkmagazin.de\/stechlin\/wp-content\/uploads\/sites\/38\/teich3.jpg 500w, https:\/\/www.naturparkmagazin.de\/stechlin\/wp-content\/uploads\/sites\/38\/teich3-200x120.jpg 200w\" sizes=\"(max-width: 300px) 100vw, 300px\" \/><\/a><p id=\"caption-attachment-11374\" class=\"wp-caption-text\">Die ersten Kubikmeter sind entnommen.\u00a9 Foto: Bernd M\u00fcller<\/p><\/div>\n<p>Die wieder entstandene offene Wasserfl\u00e4che bietet am oder im Wasser lebenden Tierarten wie z.B. Fr\u00f6schen, Kr\u00f6ten und Libellen einen idealen Lebensraum.<\/p>\n<div id=\"attachment_11371\" style=\"width: 310px\" class=\"wp-caption aligncenter\"><a href=\"https:\/\/www.naturparkmagazin.de\/stechlin\/wp-content\/uploads\/sites\/38\/sanierter-teich.jpg\"><img aria-describedby=\"caption-attachment-11371\" decoding=\"async\" loading=\"lazy\" class=\"size-thumbnail wp-image-11371\" src=\"https:\/\/www.naturparkmagazin.de\/stechlin\/wp-content\/uploads\/sites\/38\/sanierter-teich-300x180.jpg\" alt=\"Das revitalisierte Kleingew\u00e4sser nach Abschluss der Baggerarbeiten. \u00a9 Foto: Dr. Mario Schrumpf\" width=\"300\" height=\"180\" srcset=\"https:\/\/www.naturparkmagazin.de\/stechlin\/wp-content\/uploads\/sites\/38\/sanierter-teich-300x180.jpg 300w, https:\/\/www.naturparkmagazin.de\/stechlin\/wp-content\/uploads\/sites\/38\/sanierter-teich.jpg 500w, https:\/\/www.naturparkmagazin.de\/stechlin\/wp-content\/uploads\/sites\/38\/sanierter-teich-200x120.jpg 200w\" sizes=\"(max-width: 300px) 100vw, 300px\" \/><\/a><p id=\"caption-attachment-11371\" class=\"wp-caption-text\">Das revitalisierte Kleingew\u00e4sser nach Abschluss der Baggerarbeiten.\u00a9 Foto: Dr. Mario Schrumpf<\/p><\/div>\n<p><strong>Naturschutzfachlich ist der Verzicht auf Besatz mit Fischen wichtig, damit Fr\u00f6sche und Libellen eine Chance haben. Diese Arten sind n\u00e4mlich dem Fra\u00dfdruck von Fischen nicht gewachsen.<\/strong><\/p>\n<div id=\"attachment_10809\" style=\"width: 310px\" class=\"wp-caption aligncenter\"><a href=\"https:\/\/www.naturparkmagazin.de\/stechlin\/wp-content\/uploads\/sites\/38\/libelle2.jpg\"><img aria-describedby=\"caption-attachment-10809\" decoding=\"async\" loading=\"lazy\" class=\"size-thumbnail wp-image-10809\" src=\"https:\/\/www.naturparkmagazin.de\/stechlin\/wp-content\/uploads\/sites\/38\/libelle2-300x500.jpg\" alt=\"\u00a9 Silke Oldorff\" width=\"300\" height=\"500\" srcset=\"https:\/\/www.naturparkmagazin.de\/stechlin\/wp-content\/uploads\/sites\/38\/libelle2.jpg 300w, https:\/\/www.naturparkmagazin.de\/stechlin\/wp-content\/uploads\/sites\/38\/libelle2-200x333.jpg 200w\" sizes=\"(max-width: 300px) 100vw, 300px\" \/><\/a><p id=\"caption-attachment-10809\" class=\"wp-caption-text\">Libellen haben nur in fischfreien Gew\u00e4ssern Chancen sich erfolgreich zu vermehren \u00a9 Silke Oldorff<\/p><\/div>\n<p>&nbsp;<\/p>\n<p>&nbsp;<\/p>\n","protected":false},"excerpt":{"rendered":"<p>6.000 Euro investierte die Gemeinde Temnitzquell in die Revitalisierung des Teiches in R\u00e4gelin am Rande der Temnitzniederung. <\/p>\n","protected":false},"author":39,"featured_media":11370,"comment_status":"open","ping_status":"open","sticky":false,"template":"","format":"standard","meta":[],"categories":[7],"tags":[],"yoast_head":"<!-- This site is optimized with the Yoast SEO plugin v19.10 - https:\/\/yoast.com\/wordpress\/plugins\/seo\/ -->\n<title>Kleingew\u00e4sser in R\u00e4gelin erfolgreich revitalisiert - Naturpark Stechlin-Ruppiner Land<\/title>\n<meta name=\"robots\" content=\"index, follow, max-snippet:-1, max-image-preview:large, max-video-preview:-1\" \/>\n<link rel=\"canonical\" href=\"https:\/\/www.naturparkmagazin.de\/stechlin\/kleingewaesser-in-raegelin-erfolgreich-revitalisiert\/\" \/>\n<meta property=\"og:locale\" content=\"de_DE\" \/>\n<meta property=\"og:type\" content=\"article\" \/>\n<meta property=\"og:title\" content=\"Kleingew\u00e4sser in R\u00e4gelin erfolgreich revitalisiert - Naturpark Stechlin-Ruppiner Land\" \/>\n<meta property=\"og:description\" content=\"6.000 Euro investierte die Gemeinde Temnitzquell in die Revitalisierung des Teiches in R\u00e4gelin am Rande der Temnitzniederung.\" \/>\n<meta property=\"og:url\" content=\"https:\/\/www.naturparkmagazin.de\/stechlin\/kleingewaesser-in-raegelin-erfolgreich-revitalisiert\/\" \/>\n<meta property=\"og:site_name\" content=\"Naturpark Stechlin-Ruppiner Land\" \/>\n<meta property=\"article:published_time\" content=\"2021-12-15T14:00:17+00:00\" \/>\n<meta property=\"article:modified_time\" content=\"2021-12-14T17:55:14+00:00\" \/>\n<meta property=\"og:image\" content=\"https:\/\/www.naturparkmagazin.de\/stechlin\/wp-content\/uploads\/sites\/38\/aufmacher13.jpg\" \/>\n\t<meta property=\"og:image:width\" content=\"200\" \/>\n\t<meta property=\"og:image:height\" content=\"200\" \/>\n\t<meta property=\"og:image:type\" content=\"image\/jpeg\" \/>\n<meta name=\"author\" content=\"marioschrumpf\" \/>\n<meta name=\"twitter:label1\" content=\"Verfasst von\" \/>\n\t<meta name=\"twitter:data1\" content=\"marioschrumpf\" \/>\n\t<meta name=\"twitter:label2\" content=\"Gesch\u00e4tzte Lesezeit\" \/>\n\t<meta name=\"twitter:data2\" content=\"1\u00a0Minute\" \/>\n<script type=\"application\/ld+json\" class=\"yoast-schema-graph\">{\"@context\":\"https:\/\/schema.org\",\"@graph\":[{\"@type\":\"WebPage\",\"@id\":\"https:\/\/www.naturparkmagazin.de\/stechlin\/kleingewaesser-in-raegelin-erfolgreich-revitalisiert\/\",\"url\":\"https:\/\/www.naturparkmagazin.de\/stechlin\/kleingewaesser-in-raegelin-erfolgreich-revitalisiert\/\",\"name\":\"Kleingew\u00e4sser in R\u00e4gelin erfolgreich revitalisiert - Naturpark Stechlin-Ruppiner Land\",\"isPartOf\":{\"@id\":\"https:\/\/www.naturparkmagazin.de\/stechlin\/#website\"},\"datePublished\":\"2021-12-15T14:00:17+00:00\",\"dateModified\":\"2021-12-14T17:55:14+00:00\",\"author\":{\"@id\":\"https:\/\/www.naturparkmagazin.de\/stechlin\/#\/schema\/person\/3f0d93203df21c806dd63c76d9bb28bc\"},\"breadcrumb\":{\"@id\":\"https:\/\/www.naturparkmagazin.de\/stechlin\/kleingewaesser-in-raegelin-erfolgreich-revitalisiert\/#breadcrumb\"},\"inLanguage\":\"de\",\"potentialAction\":[{\"@type\":\"ReadAction\",\"target\":[\"https:\/\/www.naturparkmagazin.de\/stechlin\/kleingewaesser-in-raegelin-erfolgreich-revitalisiert\/\"]}]},{\"@type\":\"BreadcrumbList\",\"@id\":\"https:\/\/www.naturparkmagazin.de\/stechlin\/kleingewaesser-in-raegelin-erfolgreich-revitalisiert\/#breadcrumb\",\"itemListElement\":[{\"@type\":\"ListItem\",\"position\":1,\"name\":\"Home\",\"item\":\"https:\/\/www.naturparkmagazin.de\/stechlin\/\"},{\"@type\":\"ListItem\",\"position\":2,\"name\":\"Kleingew\u00e4sser in R\u00e4gelin erfolgreich revitalisiert\"}]},{\"@type\":\"WebSite\",\"@id\":\"https:\/\/www.naturparkmagazin.de\/stechlin\/#website\",\"url\":\"https:\/\/www.naturparkmagazin.de\/stechlin\/\",\"name\":\"Naturpark Stechlin-Ruppiner Land\",\"description\":\"\",\"potentialAction\":[{\"@type\":\"SearchAction\",\"target\":{\"@type\":\"EntryPoint\",\"urlTemplate\":\"https:\/\/www.naturparkmagazin.de\/stechlin\/?s={search_term_string}\"},\"query-input\":\"required name=search_term_string\"}],\"inLanguage\":\"de\"},{\"@type\":\"Person\",\"@id\":\"https:\/\/www.naturparkmagazin.de\/stechlin\/#\/schema\/person\/3f0d93203df21c806dd63c76d9bb28bc\",\"name\":\"marioschrumpf\",\"url\":\"https:\/\/www.naturparkmagazin.de\/stechlin\/author\/marioschrumpf\/\"}]}<\/script>\n<!-- \/ Yoast SEO plugin. -->","yoast_head_json":{"title":"Kleingew\u00e4sser in R\u00e4gelin erfolgreich revitalisiert - Naturpark Stechlin-Ruppiner Land","robots":{"index":"index","follow":"follow","max-snippet":"max-snippet:-1","max-image-preview":"max-image-preview:large","max-video-preview":"max-video-preview:-1"},"canonical":"https:\/\/www.naturparkmagazin.de\/stechlin\/kleingewaesser-in-raegelin-erfolgreich-revitalisiert\/","og_locale":"de_DE","og_type":"article","og_title":"Kleingew\u00e4sser in R\u00e4gelin erfolgreich revitalisiert - Naturpark Stechlin-Ruppiner Land","og_description":"6.000 Euro investierte die Gemeinde Temnitzquell in die Revitalisierung des Teiches in R\u00e4gelin am Rande der Temnitzniederung.","og_url":"https:\/\/www.naturparkmagazin.de\/stechlin\/kleingewaesser-in-raegelin-erfolgreich-revitalisiert\/","og_site_name":"Naturpark Stechlin-Ruppiner Land","article_published_time":"2021-12-15T14:00:17+00:00","article_modified_time":"2021-12-14T17:55:14+00:00","og_image":[{"width":200,"height":200,"url":"https:\/\/www.naturparkmagazin.de\/stechlin\/wp-content\/uploads\/sites\/38\/aufmacher13.jpg","type":"image\/jpeg"}],"author":"marioschrumpf","twitter_misc":{"Verfasst von":"marioschrumpf","Gesch\u00e4tzte Lesezeit":"1\u00a0Minute"},"schema":{"@context":"https:\/\/schema.org","@graph":[{"@type":"WebPage","@id":"https:\/\/www.naturparkmagazin.de\/stechlin\/kleingewaesser-in-raegelin-erfolgreich-revitalisiert\/","url":"https:\/\/www.naturparkmagazin.de\/stechlin\/kleingewaesser-in-raegelin-erfolgreich-revitalisiert\/","name":"Kleingew\u00e4sser in R\u00e4gelin erfolgreich revitalisiert - Naturpark Stechlin-Ruppiner Land","isPartOf":{"@id":"https:\/\/www.naturparkmagazin.de\/stechlin\/#website"},"datePublished":"2021-12-15T14:00:17+00:00","dateModified":"2021-12-14T17:55:14+00:00","author":{"@id":"https:\/\/www.naturparkmagazin.de\/stechlin\/#\/schema\/person\/3f0d93203df21c806dd63c76d9bb28bc"},"breadcrumb":{"@id":"https:\/\/www.naturparkmagazin.de\/stechlin\/kleingewaesser-in-raegelin-erfolgreich-revitalisiert\/#breadcrumb"},"inLanguage":"de","potentialAction":[{"@type":"ReadAction","target":["https:\/\/www.naturparkmagazin.de\/stechlin\/kleingewaesser-in-raegelin-erfolgreich-revitalisiert\/"]}]},{"@type":"BreadcrumbList","@id":"https:\/\/www.naturparkmagazin.de\/stechlin\/kleingewaesser-in-raegelin-erfolgreich-revitalisiert\/#breadcrumb","itemListElement":[{"@type":"ListItem","position":1,"name":"Home","item":"https:\/\/www.naturparkmagazin.de\/stechlin\/"},{"@type":"ListItem","position":2,"name":"Kleingew\u00e4sser in R\u00e4gelin erfolgreich revitalisiert"}]},{"@type":"WebSite","@id":"https:\/\/www.naturparkmagazin.de\/stechlin\/#website","url":"https:\/\/www.naturparkmagazin.de\/stechlin\/","name":"Naturpark Stechlin-Ruppiner Land","description":"","potentialAction":[{"@type":"SearchAction","target":{"@type":"EntryPoint","urlTemplate":"https:\/\/www.naturparkmagazin.de\/stechlin\/?s={search_term_string}"},"query-input":"required name=search_term_string"}],"inLanguage":"de"},{"@type":"Person","@id":"https:\/\/www.naturparkmagazin.de\/stechlin\/#\/schema\/person\/3f0d93203df21c806dd63c76d9bb28bc","name":"marioschrumpf","url":"https:\/\/www.naturparkmagazin.de\/stechlin\/author\/marioschrumpf\/"}]}},"_links":{"self":[{"href":"https:\/\/www.naturparkmagazin.de\/stechlin\/wp-json\/wp\/v2\/posts\/11347"}],"collection":[{"href":"https:\/\/www.naturparkmagazin.de\/stechlin\/wp-json\/wp\/v2\/posts"}],"about":[{"href":"https:\/\/www.naturparkmagazin.de\/stechlin\/wp-json\/wp\/v2\/types\/post"}],"author":[{"embeddable":true,"href":"https:\/\/www.naturparkmagazin.de\/stechlin\/wp-json\/wp\/v2\/users\/39"}],"replies":[{"embeddable":true,"href":"https:\/\/www.naturparkmagazin.de\/stechlin\/wp-json\/wp\/v2\/comments?post=11347"}],"version-history":[{"count":6,"href":"https:\/\/www.naturparkmagazin.de\/stechlin\/wp-json\/wp\/v2\/posts\/11347\/revisions"}],"predecessor-version":[{"id":11424,"href":"https:\/\/www.naturparkmagazin.de\/stechlin\/wp-json\/wp\/v2\/posts\/11347\/revisions\/11424"}],"wp:featuredmedia":[{"embeddable":true,"href":"https:\/\/www.naturparkmagazin.de\/stechlin\/wp-json\/wp\/v2\/media\/11370"}],"wp:attachment":[{"href":"https:\/\/www.naturparkmagazin.de\/stechlin\/wp-json\/wp\/v2\/media?parent=11347"}],"wp:term":[{"taxonomy":"category","embeddable":true,"href":"https:\/\/www.naturparkmagazin.de\/stechlin\/wp-json\/wp\/v2\/categories?post=11347"},{"taxonomy":"post_tag","embeddable":true,"href":"https:\/\/www.naturparkmagazin.de\/stechlin\/wp-json\/wp\/v2\/tags?post=11347"}],"curies":[{"name":"wp","href":"https:\/\/api.w.org\/{rel}","templated":true}]}}