{"id":11349,"date":"2021-12-15T15:00:13","date_gmt":"2021-12-15T14:00:13","guid":{"rendered":"https:\/\/www.naturparkmagazin.de\/stechlin\/?p=11349"},"modified":"2021-12-15T08:25:12","modified_gmt":"2021-12-15T07:25:12","slug":"amt-temnitz-als-kommune-des-jahres-ausgezeichnet","status":"publish","type":"post","link":"https:\/\/www.naturparkmagazin.de\/stechlin\/amt-temnitz-als-kommune-des-jahres-ausgezeichnet\/","title":{"rendered":"Amt Temnitz als Kommune des Jahres ausgezeichnet"},"content":{"rendered":"<p>Der 25. Unternehmer-Preis des Ostdeutschen Sparkassenverbandes &#8211; Kommune des Jahres ging an das Amt Temnitz. <strong>Herzlichen Gl\u00fcckwunsch!<\/strong><\/p>\n<div id=\"attachment_11386\" style=\"width: 310px\" class=\"wp-caption aligncenter\"><a href=\"https:\/\/www.naturparkmagazin.de\/stechlin\/wp-content\/uploads\/sites\/38\/Amtsdirektor-Thomas-Kresse-nimmt-den-Preis-entgegen_inhaltsbild.jpg\"><img aria-describedby=\"caption-attachment-11386\" decoding=\"async\" loading=\"lazy\" class=\"size-thumbnail wp-image-11386\" src=\"https:\/\/www.naturparkmagazin.de\/stechlin\/wp-content\/uploads\/sites\/38\/Amtsdirektor-Thomas-Kresse-nimmt-den-Preis-entgegen_inhaltsbild-300x180.jpg\" alt=\"Amtsdirektor Thomas Kresse-nimmt den-Preis entgegen. \u00a9 Foto: Dr. Mario Schrumpf\" width=\"300\" height=\"180\" srcset=\"https:\/\/www.naturparkmagazin.de\/stechlin\/wp-content\/uploads\/sites\/38\/Amtsdirektor-Thomas-Kresse-nimmt-den-Preis-entgegen_inhaltsbild-300x180.jpg 300w, https:\/\/www.naturparkmagazin.de\/stechlin\/wp-content\/uploads\/sites\/38\/Amtsdirektor-Thomas-Kresse-nimmt-den-Preis-entgegen_inhaltsbild.jpg 500w, https:\/\/www.naturparkmagazin.de\/stechlin\/wp-content\/uploads\/sites\/38\/Amtsdirektor-Thomas-Kresse-nimmt-den-Preis-entgegen_inhaltsbild-200x120.jpg 200w\" sizes=\"(max-width: 300px) 100vw, 300px\" \/><\/a><p id=\"caption-attachment-11386\" class=\"wp-caption-text\">Amtsdirektor Thomas Kresse (re) und B\u00fcrgermeister Michael Mann mit dem Preis.\u00a9 Foto: Ostdeutscher Sparkassenverband<\/p><\/div>\n<p>Die Sparkasse Ostprignitz-Ruppin hatte den <strong>Preistr\u00e4ger aus dem Naturpark Stechlin-Ruppiner Land<\/strong> nominiert.<\/p>\n<p>\u201e<em>Mit der Nominierung des Amt Temnitz haben wir als begleitende Sparkasse bereits ein klares Bekenntnis zum Engagement gesetzt und freuen uns au\u00dferordentlich, dass auch die Jury davon \u00fcberzeugt war, dass der Amtsdirektor Thomas Kresse mit allen Beteiligten im Amt mit ihrem umfassenden Einsatz und dem eingebrachten Herzblut einen wertvollen Beitrag f\u00fcr die Region leisten.<\/em>\u201c, so Markus R\u00fcck, Vorstandsvorsitzender der Sparkasse Ostprignitz-Ruppin.<\/p>\n<p>Jung, l\u00e4ndlich und beliebt bei Einwohnern und Neub\u00fcrgern ist die <strong>Kommune des Jahres in Brandenburg, das Amt Temnitz <\/strong>(Landkreis Ostprignitz-Ruppin)<strong>. <\/strong>Sechs Gemeinden mit 5.600 Einwohnern bieten am Rand der Kyritz-Ruppiner Heide\u00a0 nicht nur Firmen ein gutes Klima, sondern auch Alt- und Neub\u00fcrgern ein <strong>lebenswertes Umfeld im westlichen Erweiterungsgebiet des Naturparks<\/strong>.<\/p>\n<p>Mitarbeitern der Gewerbebetriebe im Temnitzpark wird bezahlbarer Wohnraum angeboten. Die Baugenehmigungen sind von 2019 bis 2020 um 30 Prozent angestiegen. Familien freuen sich \u00fcber f\u00fcnf kommunale Kindertagesst\u00e4tten und zwei Grundschulen. Das Engagement kommt an: Um sieben Prozent ist die Einwohnerzahl seit 2014 auf 5.600 angewachsen.<\/p>\n<p>Die Auszeichnung nahmen der Amtsdirektor von Temnitz, Thomas Kresse, sowie der B\u00fcrgermeister von Temnitztal, Michael Mann, von Dr. Michael Ermrich, Gesch\u00e4ftsf\u00fchrender Pr\u00e4sident des OSV, und dem Vorstandsvorsitzenden der Sparkasse Ostprignitz-Ruppin, Markus R\u00fcck, entgegen.<\/p>\n<div id=\"attachment_11387\" style=\"width: 310px\" class=\"wp-caption aligncenter\"><a href=\"https:\/\/www.naturparkmagazin.de\/stechlin\/wp-content\/uploads\/sites\/38\/Die-gl\u00fccklichen-Preistr\u00e4ger.jpg\"><img aria-describedby=\"caption-attachment-11387\" decoding=\"async\" loading=\"lazy\" class=\"size-thumbnail wp-image-11387\" src=\"https:\/\/www.naturparkmagazin.de\/stechlin\/wp-content\/uploads\/sites\/38\/Die-gl\u00fccklichen-Preistr\u00e4ger-300x180.jpg\" alt=\"Die gl\u00fccklichen Preistr\u00e4ger \u00a9 Foto: Dr. Mario Schrumpf\" width=\"300\" height=\"180\" srcset=\"https:\/\/www.naturparkmagazin.de\/stechlin\/wp-content\/uploads\/sites\/38\/Die-gl\u00fccklichen-Preistr\u00e4ger-300x180.jpg 300w, https:\/\/www.naturparkmagazin.de\/stechlin\/wp-content\/uploads\/sites\/38\/Die-gl\u00fccklichen-Preistr\u00e4ger.jpg 500w, https:\/\/www.naturparkmagazin.de\/stechlin\/wp-content\/uploads\/sites\/38\/Die-gl\u00fccklichen-Preistr\u00e4ger-200x120.jpg 200w\" sizes=\"(max-width: 300px) 100vw, 300px\" \/><\/a><p id=\"caption-attachment-11387\" class=\"wp-caption-text\">Die gl\u00fccklichen Preistr\u00e4ger\u00a9 Foto: Ostdeutscher Sparkassenverband<\/p><\/div>\n<p>Teilnehmen am Wettbewerb \u201e<em>Kommune des Jahres<\/em>\u201c konnten Kommunen, die durch ihre kommunale Wirtschaftsf\u00f6rderung ihre Standortattraktivit\u00e4t gesteigert und die Ansiedlung von Unternehmen gef\u00f6rdert haben.<\/p>\n<p>Ausgezeichnet wurden je ein Preistr\u00e4ger aus Brandenburg, Mecklenburg-Vorpommern, Sachsen und Sachsen-Anhalt in den Kategorien \u201e<em>Unternehmen des Jahres<\/em>\u201c, \u201e<em>Verein des Jahres<\/em>\u201c und \u201e<em>Kommune des Jahres<\/em>\u201c.<\/p>\n<p>Hier das Portr\u00e4t des Siegers Amt Temnitz: <a href=\"https:\/\/www.youtube.com\/watch?v=cWoL5HOiB08\" target=\"_blank\">Link zu youtube<\/a><\/p>\n","protected":false},"excerpt":{"rendered":"<p>Der 25. Unternehmer-Preis des Ostdeutschen Sparkassenverbandes &#8211; Kommune des Jahres ging an das Amt Temnitz. Herzlichen Gl\u00fcckwunsch!<\/p>\n","protected":false},"author":39,"featured_media":11385,"comment_status":"open","ping_status":"open","sticky":false,"template":"","format":"standard","meta":[],"categories":[7],"tags":[],"yoast_head":"<!-- This site is optimized with the Yoast SEO plugin v19.10 - https:\/\/yoast.com\/wordpress\/plugins\/seo\/ -->\n<title>Amt Temnitz als Kommune des Jahres ausgezeichnet - Naturpark Stechlin-Ruppiner Land<\/title>\n<meta name=\"robots\" content=\"index, follow, max-snippet:-1, max-image-preview:large, max-video-preview:-1\" \/>\n<link rel=\"canonical\" href=\"https:\/\/www.naturparkmagazin.de\/stechlin\/amt-temnitz-als-kommune-des-jahres-ausgezeichnet\/\" \/>\n<meta property=\"og:locale\" content=\"de_DE\" \/>\n<meta property=\"og:type\" content=\"article\" \/>\n<meta property=\"og:title\" content=\"Amt Temnitz als Kommune des Jahres ausgezeichnet - Naturpark Stechlin-Ruppiner Land\" \/>\n<meta property=\"og:description\" content=\"Der 25. Unternehmer-Preis des Ostdeutschen Sparkassenverbandes - Kommune des Jahres ging an das Amt Temnitz. Herzlichen Gl\u00fcckwunsch!\" \/>\n<meta property=\"og:url\" content=\"https:\/\/www.naturparkmagazin.de\/stechlin\/amt-temnitz-als-kommune-des-jahres-ausgezeichnet\/\" \/>\n<meta property=\"og:site_name\" content=\"Naturpark Stechlin-Ruppiner Land\" \/>\n<meta property=\"article:published_time\" content=\"2021-12-15T14:00:13+00:00\" \/>\n<meta property=\"article:modified_time\" content=\"2021-12-15T07:25:12+00:00\" \/>\n<meta property=\"og:image\" content=\"https:\/\/www.naturparkmagazin.de\/stechlin\/wp-content\/uploads\/sites\/38\/Amtsdirektor-Thomas-Kresse-nimmt-den-Preis-entgegen.jpg\" \/>\n\t<meta property=\"og:image:width\" content=\"200\" \/>\n\t<meta property=\"og:image:height\" content=\"200\" \/>\n\t<meta property=\"og:image:type\" content=\"image\/jpeg\" \/>\n<meta name=\"author\" content=\"marioschrumpf\" \/>\n<meta name=\"twitter:label1\" content=\"Verfasst von\" \/>\n\t<meta name=\"twitter:data1\" content=\"marioschrumpf\" \/>\n\t<meta name=\"twitter:label2\" content=\"Gesch\u00e4tzte Lesezeit\" \/>\n\t<meta name=\"twitter:data2\" content=\"2\u00a0Minuten\" \/>\n<script type=\"application\/ld+json\" class=\"yoast-schema-graph\">{\"@context\":\"https:\/\/schema.org\",\"@graph\":[{\"@type\":\"WebPage\",\"@id\":\"https:\/\/www.naturparkmagazin.de\/stechlin\/amt-temnitz-als-kommune-des-jahres-ausgezeichnet\/\",\"url\":\"https:\/\/www.naturparkmagazin.de\/stechlin\/amt-temnitz-als-kommune-des-jahres-ausgezeichnet\/\",\"name\":\"Amt Temnitz als Kommune des Jahres ausgezeichnet - Naturpark Stechlin-Ruppiner Land\",\"isPartOf\":{\"@id\":\"https:\/\/www.naturparkmagazin.de\/stechlin\/#website\"},\"datePublished\":\"2021-12-15T14:00:13+00:00\",\"dateModified\":\"2021-12-15T07:25:12+00:00\",\"author\":{\"@id\":\"https:\/\/www.naturparkmagazin.de\/stechlin\/#\/schema\/person\/3f0d93203df21c806dd63c76d9bb28bc\"},\"breadcrumb\":{\"@id\":\"https:\/\/www.naturparkmagazin.de\/stechlin\/amt-temnitz-als-kommune-des-jahres-ausgezeichnet\/#breadcrumb\"},\"inLanguage\":\"de\",\"potentialAction\":[{\"@type\":\"ReadAction\",\"target\":[\"https:\/\/www.naturparkmagazin.de\/stechlin\/amt-temnitz-als-kommune-des-jahres-ausgezeichnet\/\"]}]},{\"@type\":\"BreadcrumbList\",\"@id\":\"https:\/\/www.naturparkmagazin.de\/stechlin\/amt-temnitz-als-kommune-des-jahres-ausgezeichnet\/#breadcrumb\",\"itemListElement\":[{\"@type\":\"ListItem\",\"position\":1,\"name\":\"Home\",\"item\":\"https:\/\/www.naturparkmagazin.de\/stechlin\/\"},{\"@type\":\"ListItem\",\"position\":2,\"name\":\"Amt Temnitz als Kommune des Jahres ausgezeichnet\"}]},{\"@type\":\"WebSite\",\"@id\":\"https:\/\/www.naturparkmagazin.de\/stechlin\/#website\",\"url\":\"https:\/\/www.naturparkmagazin.de\/stechlin\/\",\"name\":\"Naturpark Stechlin-Ruppiner Land\",\"description\":\"\",\"potentialAction\":[{\"@type\":\"SearchAction\",\"target\":{\"@type\":\"EntryPoint\",\"urlTemplate\":\"https:\/\/www.naturparkmagazin.de\/stechlin\/?s={search_term_string}\"},\"query-input\":\"required name=search_term_string\"}],\"inLanguage\":\"de\"},{\"@type\":\"Person\",\"@id\":\"https:\/\/www.naturparkmagazin.de\/stechlin\/#\/schema\/person\/3f0d93203df21c806dd63c76d9bb28bc\",\"name\":\"marioschrumpf\",\"url\":\"https:\/\/www.naturparkmagazin.de\/stechlin\/author\/marioschrumpf\/\"}]}<\/script>\n<!-- \/ Yoast SEO plugin. -->","yoast_head_json":{"title":"Amt Temnitz als Kommune des Jahres ausgezeichnet - Naturpark Stechlin-Ruppiner Land","robots":{"index":"index","follow":"follow","max-snippet":"max-snippet:-1","max-image-preview":"max-image-preview:large","max-video-preview":"max-video-preview:-1"},"canonical":"https:\/\/www.naturparkmagazin.de\/stechlin\/amt-temnitz-als-kommune-des-jahres-ausgezeichnet\/","og_locale":"de_DE","og_type":"article","og_title":"Amt Temnitz als Kommune des Jahres ausgezeichnet - Naturpark Stechlin-Ruppiner Land","og_description":"Der 25. Unternehmer-Preis des Ostdeutschen Sparkassenverbandes - Kommune des Jahres ging an das Amt Temnitz. Herzlichen Gl\u00fcckwunsch!","og_url":"https:\/\/www.naturparkmagazin.de\/stechlin\/amt-temnitz-als-kommune-des-jahres-ausgezeichnet\/","og_site_name":"Naturpark Stechlin-Ruppiner Land","article_published_time":"2021-12-15T14:00:13+00:00","article_modified_time":"2021-12-15T07:25:12+00:00","og_image":[{"width":200,"height":200,"url":"https:\/\/www.naturparkmagazin.de\/stechlin\/wp-content\/uploads\/sites\/38\/Amtsdirektor-Thomas-Kresse-nimmt-den-Preis-entgegen.jpg","type":"image\/jpeg"}],"author":"marioschrumpf","twitter_misc":{"Verfasst von":"marioschrumpf","Gesch\u00e4tzte Lesezeit":"2\u00a0Minuten"},"schema":{"@context":"https:\/\/schema.org","@graph":[{"@type":"WebPage","@id":"https:\/\/www.naturparkmagazin.de\/stechlin\/amt-temnitz-als-kommune-des-jahres-ausgezeichnet\/","url":"https:\/\/www.naturparkmagazin.de\/stechlin\/amt-temnitz-als-kommune-des-jahres-ausgezeichnet\/","name":"Amt Temnitz als Kommune des Jahres ausgezeichnet - Naturpark Stechlin-Ruppiner Land","isPartOf":{"@id":"https:\/\/www.naturparkmagazin.de\/stechlin\/#website"},"datePublished":"2021-12-15T14:00:13+00:00","dateModified":"2021-12-15T07:25:12+00:00","author":{"@id":"https:\/\/www.naturparkmagazin.de\/stechlin\/#\/schema\/person\/3f0d93203df21c806dd63c76d9bb28bc"},"breadcrumb":{"@id":"https:\/\/www.naturparkmagazin.de\/stechlin\/amt-temnitz-als-kommune-des-jahres-ausgezeichnet\/#breadcrumb"},"inLanguage":"de","potentialAction":[{"@type":"ReadAction","target":["https:\/\/www.naturparkmagazin.de\/stechlin\/amt-temnitz-als-kommune-des-jahres-ausgezeichnet\/"]}]},{"@type":"BreadcrumbList","@id":"https:\/\/www.naturparkmagazin.de\/stechlin\/amt-temnitz-als-kommune-des-jahres-ausgezeichnet\/#breadcrumb","itemListElement":[{"@type":"ListItem","position":1,"name":"Home","item":"https:\/\/www.naturparkmagazin.de\/stechlin\/"},{"@type":"ListItem","position":2,"name":"Amt Temnitz als Kommune des Jahres ausgezeichnet"}]},{"@type":"WebSite","@id":"https:\/\/www.naturparkmagazin.de\/stechlin\/#website","url":"https:\/\/www.naturparkmagazin.de\/stechlin\/","name":"Naturpark Stechlin-Ruppiner Land","description":"","potentialAction":[{"@type":"SearchAction","target":{"@type":"EntryPoint","urlTemplate":"https:\/\/www.naturparkmagazin.de\/stechlin\/?s={search_term_string}"},"query-input":"required name=search_term_string"}],"inLanguage":"de"},{"@type":"Person","@id":"https:\/\/www.naturparkmagazin.de\/stechlin\/#\/schema\/person\/3f0d93203df21c806dd63c76d9bb28bc","name":"marioschrumpf","url":"https:\/\/www.naturparkmagazin.de\/stechlin\/author\/marioschrumpf\/"}]}},"_links":{"self":[{"href":"https:\/\/www.naturparkmagazin.de\/stechlin\/wp-json\/wp\/v2\/posts\/11349"}],"collection":[{"href":"https:\/\/www.naturparkmagazin.de\/stechlin\/wp-json\/wp\/v2\/posts"}],"about":[{"href":"https:\/\/www.naturparkmagazin.de\/stechlin\/wp-json\/wp\/v2\/types\/post"}],"author":[{"embeddable":true,"href":"https:\/\/www.naturparkmagazin.de\/stechlin\/wp-json\/wp\/v2\/users\/39"}],"replies":[{"embeddable":true,"href":"https:\/\/www.naturparkmagazin.de\/stechlin\/wp-json\/wp\/v2\/comments?post=11349"}],"version-history":[{"count":5,"href":"https:\/\/www.naturparkmagazin.de\/stechlin\/wp-json\/wp\/v2\/posts\/11349\/revisions"}],"predecessor-version":[{"id":11430,"href":"https:\/\/www.naturparkmagazin.de\/stechlin\/wp-json\/wp\/v2\/posts\/11349\/revisions\/11430"}],"wp:featuredmedia":[{"embeddable":true,"href":"https:\/\/www.naturparkmagazin.de\/stechlin\/wp-json\/wp\/v2\/media\/11385"}],"wp:attachment":[{"href":"https:\/\/www.naturparkmagazin.de\/stechlin\/wp-json\/wp\/v2\/media?parent=11349"}],"wp:term":[{"taxonomy":"category","embeddable":true,"href":"https:\/\/www.naturparkmagazin.de\/stechlin\/wp-json\/wp\/v2\/categories?post=11349"},{"taxonomy":"post_tag","embeddable":true,"href":"https:\/\/www.naturparkmagazin.de\/stechlin\/wp-json\/wp\/v2\/tags?post=11349"}],"curies":[{"name":"wp","href":"https:\/\/api.w.org\/{rel}","templated":true}]}}