{"id":11360,"date":"2021-12-15T15:00:49","date_gmt":"2021-12-15T14:00:49","guid":{"rendered":"https:\/\/www.naturparkmagazin.de\/stechlin\/?p=11360"},"modified":"2021-12-14T18:48:23","modified_gmt":"2021-12-14T17:48:23","slug":"berlin-brandenburger-wanderplan-2022-erschienen","status":"publish","type":"post","link":"https:\/\/www.naturparkmagazin.de\/stechlin\/berlin-brandenburger-wanderplan-2022-erschienen\/","title":{"rendered":"Berlin-Brandenburger Wanderplan 2022 erschienen"},"content":{"rendered":"<p>P\u00fcnktlich zum Jahresbeginn ist unter dem Titel &#8222;<em>Vorschl\u00e4ge zum Wandern 2022<\/em>&#8220; der neue Wanderplan des Berliner Wanderverbandes e.V. erschienen.<\/p>\n<div id=\"attachment_11390\" style=\"width: 310px\" class=\"wp-caption aligncenter\"><a href=\"https:\/\/www.naturparkmagazin.de\/stechlin\/wp-content\/uploads\/sites\/38\/wanderplan.jpg\"><img aria-describedby=\"caption-attachment-11390\" decoding=\"async\" loading=\"lazy\" class=\"size-thumbnail wp-image-11390\" src=\"https:\/\/www.naturparkmagazin.de\/stechlin\/wp-content\/uploads\/sites\/38\/wanderplan-300x500.jpg\" alt=\"Berlin-Brandenburger Wanderplan 2022 \u00a9 Foto: Dr. Mario Schrumpf\" width=\"300\" height=\"500\" srcset=\"https:\/\/www.naturparkmagazin.de\/stechlin\/wp-content\/uploads\/sites\/38\/wanderplan.jpg 300w, https:\/\/www.naturparkmagazin.de\/stechlin\/wp-content\/uploads\/sites\/38\/wanderplan-200x333.jpg 200w\" sizes=\"(max-width: 300px) 100vw, 300px\" \/><\/a><p id=\"caption-attachment-11390\" class=\"wp-caption-text\">Berlin-Brandenburger Wanderplan 2022\u00a9 Foto: Dr. Mario Schrumpf<\/p><\/div>\n<p>Auf 80 Seiten findet der ambitionierte Wanderer geordnet nach Monaten eine F\u00fclle von Wanderveranstaltungen. Egal, ob Mitglied oder Nichtmitglied in einem der zahlreichen Berliner Wandervereine &#8211; die Veranstaltungen sind offen f\u00fcr alle. Die Mehrzahl der Wanderungen findet in Brandenburg statt. Die Brandenburgischen Naturlandschaften sind dabei ein vielfach angesteuertes Ziel.<\/p>\n<div id=\"attachment_6921\" style=\"width: 190px\" class=\"wp-caption aligncenter\"><a href=\"https:\/\/www.naturparkmagazin.de\/stechlin\/wp-content\/uploads\/sites\/38\/Wolfgang-Pagel_0276.jpg\"><img aria-describedby=\"caption-attachment-6921\" decoding=\"async\" loading=\"lazy\" class=\"size-full wp-image-6921\" src=\"https:\/\/www.naturparkmagazin.de\/stechlin\/wp-content\/uploads\/sites\/38\/Wolfgang-Pagel_0276.jpg\" alt=\"Wanderleiter Dr. Wolfgang Pagel, Pr\u00e4sident des Berliner Wanderverbandes\" width=\"180\" height=\"300\" \/><\/a><p id=\"caption-attachment-6921\" class=\"wp-caption-text\">Wanderleiter Dr. Wolfgang Pagel, Pr\u00e4sident des Berliner Wanderverbandes \u00a9 Dr. Mario Schrumpf<\/p><\/div>\n<p>&nbsp;<\/p>\n<p>Nat\u00fcrlich gibt es auch Angebote in unserem Naturpark, die mit der Wort-Bild-Marke des Naturparks gekennzeichnet sind. So ist im September der 3. Fontane-Wandermarathon rund um Lindow geplant. Die zertifizierte Natur- und Landschaftsf\u00fchrerin Renate Fechner l\u00e4dt zusammen mit ihrem Mann an den Stechlin ein und der Pr\u00e4sident des Berliner Wanderverbandes, Dr. Wolfgang Pagel l\u00e4dt pers\u00f6nlich zur Roofensee-Wanderung u.a. mit einem Besuch der Strittmatter-Gr\u00e4ber in Schulzenhof und zur Heidebl\u00fcte in die Kyritz-Ruppiner Heide ein.<\/p>\n<div id=\"attachment_6912\" style=\"width: 190px\" class=\"wp-caption aligncenter\"><a href=\"https:\/\/www.naturparkmagazin.de\/stechlin\/wp-content\/uploads\/sites\/38\/Anwandern_002.jpg\"><img aria-describedby=\"caption-attachment-6912\" decoding=\"async\" loading=\"lazy\" class=\"size-full wp-image-6912\" src=\"https:\/\/www.naturparkmagazin.de\/stechlin\/wp-content\/uploads\/sites\/38\/Anwandern_002.jpg\" alt=\"Der Heidewanderweg ist Dank einer Initiative des Amtes Temnitz seit kurzem gut ausgeschildert.\" width=\"180\" height=\"250\" \/><\/a><p id=\"caption-attachment-6912\" class=\"wp-caption-text\">Die Kyritz-Ruppiner Heide ist nicht nur zur Heidebl\u00fcte ein begehrtes Wanderziel.<\/p><\/div>\n<div id=\"attachment_8588\" style=\"width: 310px\" class=\"wp-caption aligncenter\"><a href=\"https:\/\/www.naturparkmagazin.de\/stechlin\/wp-content\/uploads\/sites\/38\/Fontane-Wandermarathon_16Bild.jpg\"><img aria-describedby=\"caption-attachment-8588\" decoding=\"async\" loading=\"lazy\" class=\"size-thumbnail wp-image-8588\" src=\"https:\/\/www.naturparkmagazin.de\/stechlin\/wp-content\/uploads\/sites\/38\/Fontane-Wandermarathon_16Bild-300x180.jpg\" alt=\"Durch den Schlosspark in Rheinsberg.\" width=\"300\" height=\"180\" srcset=\"https:\/\/www.naturparkmagazin.de\/stechlin\/wp-content\/uploads\/sites\/38\/Fontane-Wandermarathon_16Bild-300x180.jpg 300w, https:\/\/www.naturparkmagazin.de\/stechlin\/wp-content\/uploads\/sites\/38\/Fontane-Wandermarathon_16Bild.jpg 500w, https:\/\/www.naturparkmagazin.de\/stechlin\/wp-content\/uploads\/sites\/38\/Fontane-Wandermarathon_16Bild-200x120.jpg 200w\" sizes=\"(max-width: 300px) 100vw, 300px\" \/><\/a><p id=\"caption-attachment-8588\" class=\"wp-caption-text\">Durch den Schlosspark in Rheinsberg auf Schusters Rappen.<\/p><\/div>\n<p>Interessenten k\u00f6nnen den Berlin-Brandenburger Wanderplan per e-mail (bbw@berliner-wanderverband.de) oder im einschl\u00e4gigen Berliner Buch- und Zeitschriftenhandel f\u00fcr eine Schutzgeb\u00fchr von 3 \u20ac beziehen.<\/p>\n","protected":false},"excerpt":{"rendered":"<p>P\u00fcnktlich zum Jahresbeginn ist unter dem Titel &#8222;Vorschl\u00e4ge zum Wandern 2022&#8220; der neue Wanderplan des Berliner Wanderverbandes e.V. erschienen.<\/p>\n","protected":false},"author":39,"featured_media":11389,"comment_status":"open","ping_status":"open","sticky":false,"template":"","format":"standard","meta":[],"categories":[11],"tags":[],"yoast_head":"<!-- This site is optimized with the Yoast SEO plugin v19.10 - https:\/\/yoast.com\/wordpress\/plugins\/seo\/ -->\n<title>Berlin-Brandenburger Wanderplan 2022 erschienen - Naturpark Stechlin-Ruppiner Land<\/title>\n<meta name=\"robots\" content=\"index, follow, max-snippet:-1, max-image-preview:large, max-video-preview:-1\" \/>\n<link rel=\"canonical\" href=\"https:\/\/www.naturparkmagazin.de\/stechlin\/berlin-brandenburger-wanderplan-2022-erschienen\/\" \/>\n<meta property=\"og:locale\" content=\"de_DE\" \/>\n<meta property=\"og:type\" content=\"article\" \/>\n<meta property=\"og:title\" content=\"Berlin-Brandenburger Wanderplan 2022 erschienen - Naturpark Stechlin-Ruppiner Land\" \/>\n<meta property=\"og:description\" content=\"P\u00fcnktlich zum Jahresbeginn ist unter dem Titel &quot;Vorschl\u00e4ge zum Wandern 2022&quot; der neue Wanderplan des Berliner Wanderverbandes e.V. erschienen.\" \/>\n<meta property=\"og:url\" content=\"https:\/\/www.naturparkmagazin.de\/stechlin\/berlin-brandenburger-wanderplan-2022-erschienen\/\" \/>\n<meta property=\"og:site_name\" content=\"Naturpark Stechlin-Ruppiner Land\" \/>\n<meta property=\"article:published_time\" content=\"2021-12-15T14:00:49+00:00\" \/>\n<meta property=\"article:modified_time\" content=\"2021-12-14T17:48:23+00:00\" \/>\n<meta property=\"og:image\" content=\"https:\/\/www.naturparkmagazin.de\/stechlin\/wp-content\/uploads\/sites\/38\/aufh\u00e4nger5.jpg\" \/>\n\t<meta property=\"og:image:width\" content=\"200\" \/>\n\t<meta property=\"og:image:height\" content=\"200\" \/>\n\t<meta property=\"og:image:type\" content=\"image\/jpeg\" \/>\n<meta name=\"author\" content=\"marioschrumpf\" \/>\n<meta name=\"twitter:label1\" content=\"Verfasst von\" \/>\n\t<meta name=\"twitter:data1\" content=\"marioschrumpf\" \/>\n\t<meta name=\"twitter:label2\" content=\"Gesch\u00e4tzte Lesezeit\" \/>\n\t<meta name=\"twitter:data2\" content=\"1\u00a0Minute\" \/>\n<script type=\"application\/ld+json\" class=\"yoast-schema-graph\">{\"@context\":\"https:\/\/schema.org\",\"@graph\":[{\"@type\":\"WebPage\",\"@id\":\"https:\/\/www.naturparkmagazin.de\/stechlin\/berlin-brandenburger-wanderplan-2022-erschienen\/\",\"url\":\"https:\/\/www.naturparkmagazin.de\/stechlin\/berlin-brandenburger-wanderplan-2022-erschienen\/\",\"name\":\"Berlin-Brandenburger Wanderplan 2022 erschienen - Naturpark Stechlin-Ruppiner Land\",\"isPartOf\":{\"@id\":\"https:\/\/www.naturparkmagazin.de\/stechlin\/#website\"},\"datePublished\":\"2021-12-15T14:00:49+00:00\",\"dateModified\":\"2021-12-14T17:48:23+00:00\",\"author\":{\"@id\":\"https:\/\/www.naturparkmagazin.de\/stechlin\/#\/schema\/person\/3f0d93203df21c806dd63c76d9bb28bc\"},\"breadcrumb\":{\"@id\":\"https:\/\/www.naturparkmagazin.de\/stechlin\/berlin-brandenburger-wanderplan-2022-erschienen\/#breadcrumb\"},\"inLanguage\":\"de\",\"potentialAction\":[{\"@type\":\"ReadAction\",\"target\":[\"https:\/\/www.naturparkmagazin.de\/stechlin\/berlin-brandenburger-wanderplan-2022-erschienen\/\"]}]},{\"@type\":\"BreadcrumbList\",\"@id\":\"https:\/\/www.naturparkmagazin.de\/stechlin\/berlin-brandenburger-wanderplan-2022-erschienen\/#breadcrumb\",\"itemListElement\":[{\"@type\":\"ListItem\",\"position\":1,\"name\":\"Home\",\"item\":\"https:\/\/www.naturparkmagazin.de\/stechlin\/\"},{\"@type\":\"ListItem\",\"position\":2,\"name\":\"Berlin-Brandenburger Wanderplan 2022 erschienen\"}]},{\"@type\":\"WebSite\",\"@id\":\"https:\/\/www.naturparkmagazin.de\/stechlin\/#website\",\"url\":\"https:\/\/www.naturparkmagazin.de\/stechlin\/\",\"name\":\"Naturpark Stechlin-Ruppiner Land\",\"description\":\"\",\"potentialAction\":[{\"@type\":\"SearchAction\",\"target\":{\"@type\":\"EntryPoint\",\"urlTemplate\":\"https:\/\/www.naturparkmagazin.de\/stechlin\/?s={search_term_string}\"},\"query-input\":\"required name=search_term_string\"}],\"inLanguage\":\"de\"},{\"@type\":\"Person\",\"@id\":\"https:\/\/www.naturparkmagazin.de\/stechlin\/#\/schema\/person\/3f0d93203df21c806dd63c76d9bb28bc\",\"name\":\"marioschrumpf\",\"url\":\"https:\/\/www.naturparkmagazin.de\/stechlin\/author\/marioschrumpf\/\"}]}<\/script>\n<!-- \/ Yoast SEO plugin. -->","yoast_head_json":{"title":"Berlin-Brandenburger Wanderplan 2022 erschienen - Naturpark Stechlin-Ruppiner Land","robots":{"index":"index","follow":"follow","max-snippet":"max-snippet:-1","max-image-preview":"max-image-preview:large","max-video-preview":"max-video-preview:-1"},"canonical":"https:\/\/www.naturparkmagazin.de\/stechlin\/berlin-brandenburger-wanderplan-2022-erschienen\/","og_locale":"de_DE","og_type":"article","og_title":"Berlin-Brandenburger Wanderplan 2022 erschienen - Naturpark Stechlin-Ruppiner Land","og_description":"P\u00fcnktlich zum Jahresbeginn ist unter dem Titel \"Vorschl\u00e4ge zum Wandern 2022\" der neue Wanderplan des Berliner Wanderverbandes e.V. erschienen.","og_url":"https:\/\/www.naturparkmagazin.de\/stechlin\/berlin-brandenburger-wanderplan-2022-erschienen\/","og_site_name":"Naturpark Stechlin-Ruppiner Land","article_published_time":"2021-12-15T14:00:49+00:00","article_modified_time":"2021-12-14T17:48:23+00:00","og_image":[{"width":200,"height":200,"url":"https:\/\/www.naturparkmagazin.de\/stechlin\/wp-content\/uploads\/sites\/38\/aufh\u00e4nger5.jpg","type":"image\/jpeg"}],"author":"marioschrumpf","twitter_misc":{"Verfasst von":"marioschrumpf","Gesch\u00e4tzte Lesezeit":"1\u00a0Minute"},"schema":{"@context":"https:\/\/schema.org","@graph":[{"@type":"WebPage","@id":"https:\/\/www.naturparkmagazin.de\/stechlin\/berlin-brandenburger-wanderplan-2022-erschienen\/","url":"https:\/\/www.naturparkmagazin.de\/stechlin\/berlin-brandenburger-wanderplan-2022-erschienen\/","name":"Berlin-Brandenburger Wanderplan 2022 erschienen - Naturpark Stechlin-Ruppiner Land","isPartOf":{"@id":"https:\/\/www.naturparkmagazin.de\/stechlin\/#website"},"datePublished":"2021-12-15T14:00:49+00:00","dateModified":"2021-12-14T17:48:23+00:00","author":{"@id":"https:\/\/www.naturparkmagazin.de\/stechlin\/#\/schema\/person\/3f0d93203df21c806dd63c76d9bb28bc"},"breadcrumb":{"@id":"https:\/\/www.naturparkmagazin.de\/stechlin\/berlin-brandenburger-wanderplan-2022-erschienen\/#breadcrumb"},"inLanguage":"de","potentialAction":[{"@type":"ReadAction","target":["https:\/\/www.naturparkmagazin.de\/stechlin\/berlin-brandenburger-wanderplan-2022-erschienen\/"]}]},{"@type":"BreadcrumbList","@id":"https:\/\/www.naturparkmagazin.de\/stechlin\/berlin-brandenburger-wanderplan-2022-erschienen\/#breadcrumb","itemListElement":[{"@type":"ListItem","position":1,"name":"Home","item":"https:\/\/www.naturparkmagazin.de\/stechlin\/"},{"@type":"ListItem","position":2,"name":"Berlin-Brandenburger Wanderplan 2022 erschienen"}]},{"@type":"WebSite","@id":"https:\/\/www.naturparkmagazin.de\/stechlin\/#website","url":"https:\/\/www.naturparkmagazin.de\/stechlin\/","name":"Naturpark Stechlin-Ruppiner Land","description":"","potentialAction":[{"@type":"SearchAction","target":{"@type":"EntryPoint","urlTemplate":"https:\/\/www.naturparkmagazin.de\/stechlin\/?s={search_term_string}"},"query-input":"required name=search_term_string"}],"inLanguage":"de"},{"@type":"Person","@id":"https:\/\/www.naturparkmagazin.de\/stechlin\/#\/schema\/person\/3f0d93203df21c806dd63c76d9bb28bc","name":"marioschrumpf","url":"https:\/\/www.naturparkmagazin.de\/stechlin\/author\/marioschrumpf\/"}]}},"_links":{"self":[{"href":"https:\/\/www.naturparkmagazin.de\/stechlin\/wp-json\/wp\/v2\/posts\/11360"}],"collection":[{"href":"https:\/\/www.naturparkmagazin.de\/stechlin\/wp-json\/wp\/v2\/posts"}],"about":[{"href":"https:\/\/www.naturparkmagazin.de\/stechlin\/wp-json\/wp\/v2\/types\/post"}],"author":[{"embeddable":true,"href":"https:\/\/www.naturparkmagazin.de\/stechlin\/wp-json\/wp\/v2\/users\/39"}],"replies":[{"embeddable":true,"href":"https:\/\/www.naturparkmagazin.de\/stechlin\/wp-json\/wp\/v2\/comments?post=11360"}],"version-history":[{"count":5,"href":"https:\/\/www.naturparkmagazin.de\/stechlin\/wp-json\/wp\/v2\/posts\/11360\/revisions"}],"predecessor-version":[{"id":11418,"href":"https:\/\/www.naturparkmagazin.de\/stechlin\/wp-json\/wp\/v2\/posts\/11360\/revisions\/11418"}],"wp:featuredmedia":[{"embeddable":true,"href":"https:\/\/www.naturparkmagazin.de\/stechlin\/wp-json\/wp\/v2\/media\/11389"}],"wp:attachment":[{"href":"https:\/\/www.naturparkmagazin.de\/stechlin\/wp-json\/wp\/v2\/media?parent=11360"}],"wp:term":[{"taxonomy":"category","embeddable":true,"href":"https:\/\/www.naturparkmagazin.de\/stechlin\/wp-json\/wp\/v2\/categories?post=11360"},{"taxonomy":"post_tag","embeddable":true,"href":"https:\/\/www.naturparkmagazin.de\/stechlin\/wp-json\/wp\/v2\/tags?post=11360"}],"curies":[{"name":"wp","href":"https:\/\/api.w.org\/{rel}","templated":true}]}}