{"id":1140,"date":"2014-07-18T10:15:00","date_gmt":"2014-07-18T08:15:00","guid":{"rendered":"http:\/\/www.naturparkmagazin.de\/stechlin\/?p=1140"},"modified":"2014-07-28T14:35:00","modified_gmt":"2014-07-28T12:35:00","slug":"liebe-besucher-liebe-besucherinnen","status":"publish","type":"post","link":"https:\/\/www.naturparkmagazin.de\/stechlin\/liebe-besucher-liebe-besucherinnen\/","title":{"rendered":"Liebe Besucher, liebe Besucherinnen,"},"content":{"rendered":"<p>Sommerzeit ist Reisezeit! Interessante Landschaften wie die Stechlinseeregion werden gern besucht. Unser Naturpark ist jedoch nicht nur Ziel zahlreicher Touristen, sondern auch eine gute Adresse f\u00fcr Fachbesucher. So fanden u.a. im Juli die VIII. Landschafts\u00f6kologischen Exkursionstage der Mecklenburg-Vorpommerschen Landeslehrst\u00e4tte f\u00fcr Naturschutz bei uns statt. In diesem Rahmen konnten\u00a0wir mit dem Tr\u00e4ger des alternativen Nobelpreises, Prof. Michael Succow und Prof. Lebrecht Jeschke zwei V\u00e4ter des Nationalparkprogrammes der DDR begr\u00fc\u00dfen!<\/p>\n<p>Viel Spa\u00df beim Lesen und einen sch\u00f6nen Sommer!<\/p>\n<p>Dr. Mario Schrumpf\nTeamleiter des Naturparks<\/p>\n<p>&nbsp;<\/p>\n","protected":false},"excerpt":{"rendered":"<p>Sommerzeit ist Reisezeit! Interessante Landschaften wie die Stechlinseeregion werden gern besucht. Unser Naturpark ist jedoch nicht nur Ziel zahlreicher Touristen, sondern auch eine gute Adresse f\u00fcr Fachbesucher. So fanden u.a. im Juli die VIII. Landschafts\u00f6kologischen Exkursionstage der Mecklenburg-Vorpommerschen Landeslehrst\u00e4tte f\u00fcr Naturschutz bei uns statt. In diesem Rahmen konnten\u00a0wir mit dem Tr\u00e4ger des alternativen Nobelpreises, Prof.<\/p>\n","protected":false},"author":39,"featured_media":0,"comment_status":"open","ping_status":"open","sticky":false,"template":"","format":"standard","meta":[],"categories":[52],"tags":[],"yoast_head":"<!-- This site is optimized with the Yoast SEO plugin v19.10 - https:\/\/yoast.com\/wordpress\/plugins\/seo\/ -->\n<title>Liebe Besucher, liebe Besucherinnen, - Naturpark Stechlin-Ruppiner Land<\/title>\n<meta name=\"robots\" content=\"index, follow, max-snippet:-1, max-image-preview:large, max-video-preview:-1\" \/>\n<link rel=\"canonical\" href=\"https:\/\/www.naturparkmagazin.de\/stechlin\/liebe-besucher-liebe-besucherinnen\/\" \/>\n<meta property=\"og:locale\" content=\"de_DE\" \/>\n<meta property=\"og:type\" content=\"article\" \/>\n<meta property=\"og:title\" content=\"Liebe Besucher, liebe Besucherinnen, - Naturpark Stechlin-Ruppiner Land\" \/>\n<meta property=\"og:description\" content=\"Sommerzeit ist Reisezeit! Interessante Landschaften wie die Stechlinseeregion werden gern besucht. Unser Naturpark ist jedoch nicht nur Ziel zahlreicher Touristen, sondern auch eine gute Adresse f\u00fcr Fachbesucher. So fanden u.a. im Juli die VIII. Landschafts\u00f6kologischen Exkursionstage der Mecklenburg-Vorpommerschen Landeslehrst\u00e4tte f\u00fcr Naturschutz bei uns statt. In diesem Rahmen konnten\u00a0wir mit dem Tr\u00e4ger des alternativen Nobelpreises, Prof.\" \/>\n<meta property=\"og:url\" content=\"https:\/\/www.naturparkmagazin.de\/stechlin\/liebe-besucher-liebe-besucherinnen\/\" \/>\n<meta property=\"og:site_name\" content=\"Naturpark Stechlin-Ruppiner Land\" \/>\n<meta property=\"article:published_time\" content=\"2014-07-18T08:15:00+00:00\" \/>\n<meta property=\"article:modified_time\" content=\"2014-07-28T12:35:00+00:00\" \/>\n<meta name=\"author\" content=\"marioschrumpf\" \/>\n<meta name=\"twitter:label1\" content=\"Verfasst von\" \/>\n\t<meta name=\"twitter:data1\" content=\"marioschrumpf\" \/>\n<script type=\"application\/ld+json\" class=\"yoast-schema-graph\">{\"@context\":\"https:\/\/schema.org\",\"@graph\":[{\"@type\":\"WebPage\",\"@id\":\"https:\/\/www.naturparkmagazin.de\/stechlin\/liebe-besucher-liebe-besucherinnen\/\",\"url\":\"https:\/\/www.naturparkmagazin.de\/stechlin\/liebe-besucher-liebe-besucherinnen\/\",\"name\":\"Liebe Besucher, liebe Besucherinnen, - Naturpark Stechlin-Ruppiner Land\",\"isPartOf\":{\"@id\":\"https:\/\/www.naturparkmagazin.de\/stechlin\/#website\"},\"datePublished\":\"2014-07-18T08:15:00+00:00\",\"dateModified\":\"2014-07-28T12:35:00+00:00\",\"author\":{\"@id\":\"https:\/\/www.naturparkmagazin.de\/stechlin\/#\/schema\/person\/3f0d93203df21c806dd63c76d9bb28bc\"},\"breadcrumb\":{\"@id\":\"https:\/\/www.naturparkmagazin.de\/stechlin\/liebe-besucher-liebe-besucherinnen\/#breadcrumb\"},\"inLanguage\":\"de\",\"potentialAction\":[{\"@type\":\"ReadAction\",\"target\":[\"https:\/\/www.naturparkmagazin.de\/stechlin\/liebe-besucher-liebe-besucherinnen\/\"]}]},{\"@type\":\"BreadcrumbList\",\"@id\":\"https:\/\/www.naturparkmagazin.de\/stechlin\/liebe-besucher-liebe-besucherinnen\/#breadcrumb\",\"itemListElement\":[{\"@type\":\"ListItem\",\"position\":1,\"name\":\"Home\",\"item\":\"https:\/\/www.naturparkmagazin.de\/stechlin\/\"},{\"@type\":\"ListItem\",\"position\":2,\"name\":\"Liebe Besucher, liebe Besucherinnen,\"}]},{\"@type\":\"WebSite\",\"@id\":\"https:\/\/www.naturparkmagazin.de\/stechlin\/#website\",\"url\":\"https:\/\/www.naturparkmagazin.de\/stechlin\/\",\"name\":\"Naturpark Stechlin-Ruppiner Land\",\"description\":\"\",\"potentialAction\":[{\"@type\":\"SearchAction\",\"target\":{\"@type\":\"EntryPoint\",\"urlTemplate\":\"https:\/\/www.naturparkmagazin.de\/stechlin\/?s={search_term_string}\"},\"query-input\":\"required name=search_term_string\"}],\"inLanguage\":\"de\"},{\"@type\":\"Person\",\"@id\":\"https:\/\/www.naturparkmagazin.de\/stechlin\/#\/schema\/person\/3f0d93203df21c806dd63c76d9bb28bc\",\"name\":\"marioschrumpf\",\"url\":\"https:\/\/www.naturparkmagazin.de\/stechlin\/author\/marioschrumpf\/\"}]}<\/script>\n<!-- \/ Yoast SEO plugin. -->","yoast_head_json":{"title":"Liebe Besucher, liebe Besucherinnen, - Naturpark Stechlin-Ruppiner Land","robots":{"index":"index","follow":"follow","max-snippet":"max-snippet:-1","max-image-preview":"max-image-preview:large","max-video-preview":"max-video-preview:-1"},"canonical":"https:\/\/www.naturparkmagazin.de\/stechlin\/liebe-besucher-liebe-besucherinnen\/","og_locale":"de_DE","og_type":"article","og_title":"Liebe Besucher, liebe Besucherinnen, - Naturpark Stechlin-Ruppiner Land","og_description":"Sommerzeit ist Reisezeit! Interessante Landschaften wie die Stechlinseeregion werden gern besucht. Unser Naturpark ist jedoch nicht nur Ziel zahlreicher Touristen, sondern auch eine gute Adresse f\u00fcr Fachbesucher. So fanden u.a. im Juli die VIII. Landschafts\u00f6kologischen Exkursionstage der Mecklenburg-Vorpommerschen Landeslehrst\u00e4tte f\u00fcr Naturschutz bei uns statt. In diesem Rahmen konnten\u00a0wir mit dem Tr\u00e4ger des alternativen Nobelpreises, Prof.","og_url":"https:\/\/www.naturparkmagazin.de\/stechlin\/liebe-besucher-liebe-besucherinnen\/","og_site_name":"Naturpark Stechlin-Ruppiner Land","article_published_time":"2014-07-18T08:15:00+00:00","article_modified_time":"2014-07-28T12:35:00+00:00","author":"marioschrumpf","twitter_misc":{"Verfasst von":"marioschrumpf"},"schema":{"@context":"https:\/\/schema.org","@graph":[{"@type":"WebPage","@id":"https:\/\/www.naturparkmagazin.de\/stechlin\/liebe-besucher-liebe-besucherinnen\/","url":"https:\/\/www.naturparkmagazin.de\/stechlin\/liebe-besucher-liebe-besucherinnen\/","name":"Liebe Besucher, liebe Besucherinnen, - Naturpark Stechlin-Ruppiner Land","isPartOf":{"@id":"https:\/\/www.naturparkmagazin.de\/stechlin\/#website"},"datePublished":"2014-07-18T08:15:00+00:00","dateModified":"2014-07-28T12:35:00+00:00","author":{"@id":"https:\/\/www.naturparkmagazin.de\/stechlin\/#\/schema\/person\/3f0d93203df21c806dd63c76d9bb28bc"},"breadcrumb":{"@id":"https:\/\/www.naturparkmagazin.de\/stechlin\/liebe-besucher-liebe-besucherinnen\/#breadcrumb"},"inLanguage":"de","potentialAction":[{"@type":"ReadAction","target":["https:\/\/www.naturparkmagazin.de\/stechlin\/liebe-besucher-liebe-besucherinnen\/"]}]},{"@type":"BreadcrumbList","@id":"https:\/\/www.naturparkmagazin.de\/stechlin\/liebe-besucher-liebe-besucherinnen\/#breadcrumb","itemListElement":[{"@type":"ListItem","position":1,"name":"Home","item":"https:\/\/www.naturparkmagazin.de\/stechlin\/"},{"@type":"ListItem","position":2,"name":"Liebe Besucher, liebe Besucherinnen,"}]},{"@type":"WebSite","@id":"https:\/\/www.naturparkmagazin.de\/stechlin\/#website","url":"https:\/\/www.naturparkmagazin.de\/stechlin\/","name":"Naturpark Stechlin-Ruppiner Land","description":"","potentialAction":[{"@type":"SearchAction","target":{"@type":"EntryPoint","urlTemplate":"https:\/\/www.naturparkmagazin.de\/stechlin\/?s={search_term_string}"},"query-input":"required name=search_term_string"}],"inLanguage":"de"},{"@type":"Person","@id":"https:\/\/www.naturparkmagazin.de\/stechlin\/#\/schema\/person\/3f0d93203df21c806dd63c76d9bb28bc","name":"marioschrumpf","url":"https:\/\/www.naturparkmagazin.de\/stechlin\/author\/marioschrumpf\/"}]}},"_links":{"self":[{"href":"https:\/\/www.naturparkmagazin.de\/stechlin\/wp-json\/wp\/v2\/posts\/1140"}],"collection":[{"href":"https:\/\/www.naturparkmagazin.de\/stechlin\/wp-json\/wp\/v2\/posts"}],"about":[{"href":"https:\/\/www.naturparkmagazin.de\/stechlin\/wp-json\/wp\/v2\/types\/post"}],"author":[{"embeddable":true,"href":"https:\/\/www.naturparkmagazin.de\/stechlin\/wp-json\/wp\/v2\/users\/39"}],"replies":[{"embeddable":true,"href":"https:\/\/www.naturparkmagazin.de\/stechlin\/wp-json\/wp\/v2\/comments?post=1140"}],"version-history":[{"count":4,"href":"https:\/\/www.naturparkmagazin.de\/stechlin\/wp-json\/wp\/v2\/posts\/1140\/revisions"}],"predecessor-version":[{"id":1213,"href":"https:\/\/www.naturparkmagazin.de\/stechlin\/wp-json\/wp\/v2\/posts\/1140\/revisions\/1213"}],"wp:attachment":[{"href":"https:\/\/www.naturparkmagazin.de\/stechlin\/wp-json\/wp\/v2\/media?parent=1140"}],"wp:term":[{"taxonomy":"category","embeddable":true,"href":"https:\/\/www.naturparkmagazin.de\/stechlin\/wp-json\/wp\/v2\/categories?post=1140"},{"taxonomy":"post_tag","embeddable":true,"href":"https:\/\/www.naturparkmagazin.de\/stechlin\/wp-json\/wp\/v2\/tags?post=1140"}],"curies":[{"name":"wp","href":"https:\/\/api.w.org\/{rel}","templated":true}]}}