{"id":1142,"date":"2014-07-18T10:39:55","date_gmt":"2014-07-18T08:39:55","guid":{"rendered":"http:\/\/www.naturparkmagazin.de\/stechlin\/?p=1142"},"modified":"2014-07-29T06:52:35","modified_gmt":"2014-07-29T04:52:35","slug":"landschaftsoekologische-exkursionstage-im-naturpark","status":"publish","type":"post","link":"https:\/\/www.naturparkmagazin.de\/stechlin\/landschaftsoekologische-exkursionstage-im-naturpark\/","title":{"rendered":"Landschafts\u00f6kologische Exkursionstage im Naturpark"},"content":{"rendered":"<div id=\"attachment_1145\" style=\"width: 510px\" class=\"wp-caption alignnone\"><a href=\"https:\/\/www.naturparkmagazin.de\/stechlin\/wp-content\/uploads\/sites\/38\/Prof.-Succow-sitzend-und-Prof.-Jescheke-rechts-daneben-referieren-am-Augusta-Blick.jpg\"><img aria-describedby=\"caption-attachment-1145\" decoding=\"async\" loading=\"lazy\" class=\"size-full wp-image-1145 \" alt=\"Prof. Succow (sitzend) und Prof. Jeschke (rechts daneben) referieren am Augusta-Blick\" src=\"https:\/\/www.naturparkmagazin.de\/stechlin\/wp-content\/uploads\/sites\/38\/Prof.-Succow-sitzend-und-Prof.-Jescheke-rechts-daneben-referieren-am-Augusta-Blick.jpg\" width=\"500\" height=\"375\" srcset=\"https:\/\/www.naturparkmagazin.de\/stechlin\/wp-content\/uploads\/sites\/38\/Prof.-Succow-sitzend-und-Prof.-Jescheke-rechts-daneben-referieren-am-Augusta-Blick.jpg 500w, https:\/\/www.naturparkmagazin.de\/stechlin\/wp-content\/uploads\/sites\/38\/Prof.-Succow-sitzend-und-Prof.-Jescheke-rechts-daneben-referieren-am-Augusta-Blick-300x225.jpg 300w, https:\/\/www.naturparkmagazin.de\/stechlin\/wp-content\/uploads\/sites\/38\/Prof.-Succow-sitzend-und-Prof.-Jescheke-rechts-daneben-referieren-am-Augusta-Blick-420x315.jpg 420w, https:\/\/www.naturparkmagazin.de\/stechlin\/wp-content\/uploads\/sites\/38\/Prof.-Succow-sitzend-und-Prof.-Jescheke-rechts-daneben-referieren-am-Augusta-Blick-180x135.jpg 180w, https:\/\/www.naturparkmagazin.de\/stechlin\/wp-content\/uploads\/sites\/38\/Prof.-Succow-sitzend-und-Prof.-Jescheke-rechts-daneben-referieren-am-Augusta-Blick-95x71.jpg 95w, https:\/\/www.naturparkmagazin.de\/stechlin\/wp-content\/uploads\/sites\/38\/Prof.-Succow-sitzend-und-Prof.-Jescheke-rechts-daneben-referieren-am-Augusta-Blick-200x150.jpg 200w\" sizes=\"(max-width: 500px) 100vw, 500px\" \/><\/a><p id=\"caption-attachment-1145\" class=\"wp-caption-text\">Prof. Succow (sitzend) und Prof. Jeschke (rechts daneben) referieren am Augusta-Blick<\/p><\/div>\n<div id=\"attachment_1146\" style=\"width: 510px\" class=\"wp-caption alignnone\"><a href=\"https:\/\/www.naturparkmagazin.de\/stechlin\/wp-content\/uploads\/sites\/38\/Vorstellung-des-eutrophen-Dagowsees.jpg\"><img aria-describedby=\"caption-attachment-1146\" decoding=\"async\" loading=\"lazy\" class=\"size-full wp-image-1146\" alt=\"Vorstellung des eutrophen Dagowsees\" src=\"https:\/\/www.naturparkmagazin.de\/stechlin\/wp-content\/uploads\/sites\/38\/Vorstellung-des-eutrophen-Dagowsees.jpg\" width=\"500\" height=\"375\" srcset=\"https:\/\/www.naturparkmagazin.de\/stechlin\/wp-content\/uploads\/sites\/38\/Vorstellung-des-eutrophen-Dagowsees.jpg 500w, https:\/\/www.naturparkmagazin.de\/stechlin\/wp-content\/uploads\/sites\/38\/Vorstellung-des-eutrophen-Dagowsees-300x225.jpg 300w, https:\/\/www.naturparkmagazin.de\/stechlin\/wp-content\/uploads\/sites\/38\/Vorstellung-des-eutrophen-Dagowsees-420x315.jpg 420w, https:\/\/www.naturparkmagazin.de\/stechlin\/wp-content\/uploads\/sites\/38\/Vorstellung-des-eutrophen-Dagowsees-180x135.jpg 180w, https:\/\/www.naturparkmagazin.de\/stechlin\/wp-content\/uploads\/sites\/38\/Vorstellung-des-eutrophen-Dagowsees-95x71.jpg 95w, https:\/\/www.naturparkmagazin.de\/stechlin\/wp-content\/uploads\/sites\/38\/Vorstellung-des-eutrophen-Dagowsees-200x150.jpg 200w\" sizes=\"(max-width: 500px) 100vw, 500px\" \/><\/a><p id=\"caption-attachment-1146\" class=\"wp-caption-text\">Vorstellung des eutrophen Dagowsees<\/p><\/div>\n<p>Vom 7.-8.7.2014 waren im Rahmen der VIII. Landschafts\u00f6kologischen Exkursionstage 30 Fachbesucher im Naturpark zu Gast. Ausrichter war die Landeslehrst\u00e4tte f\u00fcr Naturschutz und nachhaltige Entwicklung Mecklenburg-Vorpommern am Landesamt f\u00fcr Umwelt, Naturschutz und Geologie (LUNG). Als Referenten konnten mit Prof. Michael Succow und Prof. Lebrecht Jeschke zwei V\u00e4ter des Nationalparkprogramms der DDR begr\u00fc\u00dft werden.<\/p>\n","protected":false},"excerpt":{"rendered":"<p>Vom 7.-8.7.2014 waren im Rahmen der VIII. Landschafts\u00f6kologischen Exkursionstage 30 Fachbesucher im Naturpark zu Gast.<\/p>\n","protected":false},"author":39,"featured_media":1144,"comment_status":"open","ping_status":"open","sticky":false,"template":"","format":"standard","meta":[],"categories":[7],"tags":[],"yoast_head":"<!-- This site is optimized with the Yoast SEO plugin v19.10 - https:\/\/yoast.com\/wordpress\/plugins\/seo\/ -->\n<title>Landschafts\u00f6kologische Exkursionstage im Naturpark - Naturpark Stechlin-Ruppiner Land<\/title>\n<meta name=\"robots\" content=\"index, follow, max-snippet:-1, max-image-preview:large, max-video-preview:-1\" \/>\n<link rel=\"canonical\" href=\"https:\/\/www.naturparkmagazin.de\/stechlin\/landschaftsoekologische-exkursionstage-im-naturpark\/\" \/>\n<meta property=\"og:locale\" content=\"de_DE\" \/>\n<meta property=\"og:type\" content=\"article\" \/>\n<meta property=\"og:title\" content=\"Landschafts\u00f6kologische Exkursionstage im Naturpark - Naturpark Stechlin-Ruppiner Land\" \/>\n<meta property=\"og:description\" content=\"Vom 7.-8.7.2014 waren im Rahmen der VIII. Landschafts\u00f6kologischen Exkursionstage 30 Fachbesucher im Naturpark zu Gast.\" \/>\n<meta property=\"og:url\" content=\"https:\/\/www.naturparkmagazin.de\/stechlin\/landschaftsoekologische-exkursionstage-im-naturpark\/\" \/>\n<meta property=\"og:site_name\" content=\"Naturpark Stechlin-Ruppiner Land\" \/>\n<meta property=\"article:published_time\" content=\"2014-07-18T08:39:55+00:00\" \/>\n<meta property=\"article:modified_time\" content=\"2014-07-29T04:52:35+00:00\" \/>\n<meta property=\"og:image\" content=\"https:\/\/www.naturparkmagazin.de\/stechlin\/wp-content\/uploads\/sites\/38\/Die-W\u00e4ler-im-NSG-Stechlin-begeisterten-den-Tr\u00e4ger-des-alternativen-Nobelpreises-Prof.-Michael-Succow.jpg\" \/>\n\t<meta property=\"og:image:width\" content=\"500\" \/>\n\t<meta property=\"og:image:height\" content=\"375\" \/>\n\t<meta property=\"og:image:type\" content=\"image\/jpeg\" \/>\n<meta name=\"author\" content=\"marioschrumpf\" \/>\n<meta name=\"twitter:label1\" content=\"Verfasst von\" \/>\n\t<meta name=\"twitter:data1\" content=\"marioschrumpf\" \/>\n<script type=\"application\/ld+json\" class=\"yoast-schema-graph\">{\"@context\":\"https:\/\/schema.org\",\"@graph\":[{\"@type\":\"WebPage\",\"@id\":\"https:\/\/www.naturparkmagazin.de\/stechlin\/landschaftsoekologische-exkursionstage-im-naturpark\/\",\"url\":\"https:\/\/www.naturparkmagazin.de\/stechlin\/landschaftsoekologische-exkursionstage-im-naturpark\/\",\"name\":\"Landschafts\u00f6kologische Exkursionstage im Naturpark - Naturpark Stechlin-Ruppiner Land\",\"isPartOf\":{\"@id\":\"https:\/\/www.naturparkmagazin.de\/stechlin\/#website\"},\"datePublished\":\"2014-07-18T08:39:55+00:00\",\"dateModified\":\"2014-07-29T04:52:35+00:00\",\"author\":{\"@id\":\"https:\/\/www.naturparkmagazin.de\/stechlin\/#\/schema\/person\/3f0d93203df21c806dd63c76d9bb28bc\"},\"breadcrumb\":{\"@id\":\"https:\/\/www.naturparkmagazin.de\/stechlin\/landschaftsoekologische-exkursionstage-im-naturpark\/#breadcrumb\"},\"inLanguage\":\"de\",\"potentialAction\":[{\"@type\":\"ReadAction\",\"target\":[\"https:\/\/www.naturparkmagazin.de\/stechlin\/landschaftsoekologische-exkursionstage-im-naturpark\/\"]}]},{\"@type\":\"BreadcrumbList\",\"@id\":\"https:\/\/www.naturparkmagazin.de\/stechlin\/landschaftsoekologische-exkursionstage-im-naturpark\/#breadcrumb\",\"itemListElement\":[{\"@type\":\"ListItem\",\"position\":1,\"name\":\"Home\",\"item\":\"https:\/\/www.naturparkmagazin.de\/stechlin\/\"},{\"@type\":\"ListItem\",\"position\":2,\"name\":\"Landschafts\u00f6kologische Exkursionstage im Naturpark\"}]},{\"@type\":\"WebSite\",\"@id\":\"https:\/\/www.naturparkmagazin.de\/stechlin\/#website\",\"url\":\"https:\/\/www.naturparkmagazin.de\/stechlin\/\",\"name\":\"Naturpark Stechlin-Ruppiner Land\",\"description\":\"\",\"potentialAction\":[{\"@type\":\"SearchAction\",\"target\":{\"@type\":\"EntryPoint\",\"urlTemplate\":\"https:\/\/www.naturparkmagazin.de\/stechlin\/?s={search_term_string}\"},\"query-input\":\"required name=search_term_string\"}],\"inLanguage\":\"de\"},{\"@type\":\"Person\",\"@id\":\"https:\/\/www.naturparkmagazin.de\/stechlin\/#\/schema\/person\/3f0d93203df21c806dd63c76d9bb28bc\",\"name\":\"marioschrumpf\",\"url\":\"https:\/\/www.naturparkmagazin.de\/stechlin\/author\/marioschrumpf\/\"}]}<\/script>\n<!-- \/ Yoast SEO plugin. -->","yoast_head_json":{"title":"Landschafts\u00f6kologische Exkursionstage im Naturpark - Naturpark Stechlin-Ruppiner Land","robots":{"index":"index","follow":"follow","max-snippet":"max-snippet:-1","max-image-preview":"max-image-preview:large","max-video-preview":"max-video-preview:-1"},"canonical":"https:\/\/www.naturparkmagazin.de\/stechlin\/landschaftsoekologische-exkursionstage-im-naturpark\/","og_locale":"de_DE","og_type":"article","og_title":"Landschafts\u00f6kologische Exkursionstage im Naturpark - Naturpark Stechlin-Ruppiner Land","og_description":"Vom 7.-8.7.2014 waren im Rahmen der VIII. Landschafts\u00f6kologischen Exkursionstage 30 Fachbesucher im Naturpark zu Gast.","og_url":"https:\/\/www.naturparkmagazin.de\/stechlin\/landschaftsoekologische-exkursionstage-im-naturpark\/","og_site_name":"Naturpark Stechlin-Ruppiner Land","article_published_time":"2014-07-18T08:39:55+00:00","article_modified_time":"2014-07-29T04:52:35+00:00","og_image":[{"width":500,"height":375,"url":"https:\/\/www.naturparkmagazin.de\/stechlin\/wp-content\/uploads\/sites\/38\/Die-W\u00e4ler-im-NSG-Stechlin-begeisterten-den-Tr\u00e4ger-des-alternativen-Nobelpreises-Prof.-Michael-Succow.jpg","type":"image\/jpeg"}],"author":"marioschrumpf","twitter_misc":{"Verfasst von":"marioschrumpf"},"schema":{"@context":"https:\/\/schema.org","@graph":[{"@type":"WebPage","@id":"https:\/\/www.naturparkmagazin.de\/stechlin\/landschaftsoekologische-exkursionstage-im-naturpark\/","url":"https:\/\/www.naturparkmagazin.de\/stechlin\/landschaftsoekologische-exkursionstage-im-naturpark\/","name":"Landschafts\u00f6kologische Exkursionstage im Naturpark - Naturpark Stechlin-Ruppiner Land","isPartOf":{"@id":"https:\/\/www.naturparkmagazin.de\/stechlin\/#website"},"datePublished":"2014-07-18T08:39:55+00:00","dateModified":"2014-07-29T04:52:35+00:00","author":{"@id":"https:\/\/www.naturparkmagazin.de\/stechlin\/#\/schema\/person\/3f0d93203df21c806dd63c76d9bb28bc"},"breadcrumb":{"@id":"https:\/\/www.naturparkmagazin.de\/stechlin\/landschaftsoekologische-exkursionstage-im-naturpark\/#breadcrumb"},"inLanguage":"de","potentialAction":[{"@type":"ReadAction","target":["https:\/\/www.naturparkmagazin.de\/stechlin\/landschaftsoekologische-exkursionstage-im-naturpark\/"]}]},{"@type":"BreadcrumbList","@id":"https:\/\/www.naturparkmagazin.de\/stechlin\/landschaftsoekologische-exkursionstage-im-naturpark\/#breadcrumb","itemListElement":[{"@type":"ListItem","position":1,"name":"Home","item":"https:\/\/www.naturparkmagazin.de\/stechlin\/"},{"@type":"ListItem","position":2,"name":"Landschafts\u00f6kologische Exkursionstage im Naturpark"}]},{"@type":"WebSite","@id":"https:\/\/www.naturparkmagazin.de\/stechlin\/#website","url":"https:\/\/www.naturparkmagazin.de\/stechlin\/","name":"Naturpark Stechlin-Ruppiner Land","description":"","potentialAction":[{"@type":"SearchAction","target":{"@type":"EntryPoint","urlTemplate":"https:\/\/www.naturparkmagazin.de\/stechlin\/?s={search_term_string}"},"query-input":"required name=search_term_string"}],"inLanguage":"de"},{"@type":"Person","@id":"https:\/\/www.naturparkmagazin.de\/stechlin\/#\/schema\/person\/3f0d93203df21c806dd63c76d9bb28bc","name":"marioschrumpf","url":"https:\/\/www.naturparkmagazin.de\/stechlin\/author\/marioschrumpf\/"}]}},"_links":{"self":[{"href":"https:\/\/www.naturparkmagazin.de\/stechlin\/wp-json\/wp\/v2\/posts\/1142"}],"collection":[{"href":"https:\/\/www.naturparkmagazin.de\/stechlin\/wp-json\/wp\/v2\/posts"}],"about":[{"href":"https:\/\/www.naturparkmagazin.de\/stechlin\/wp-json\/wp\/v2\/types\/post"}],"author":[{"embeddable":true,"href":"https:\/\/www.naturparkmagazin.de\/stechlin\/wp-json\/wp\/v2\/users\/39"}],"replies":[{"embeddable":true,"href":"https:\/\/www.naturparkmagazin.de\/stechlin\/wp-json\/wp\/v2\/comments?post=1142"}],"version-history":[{"count":2,"href":"https:\/\/www.naturparkmagazin.de\/stechlin\/wp-json\/wp\/v2\/posts\/1142\/revisions"}],"predecessor-version":[{"id":1231,"href":"https:\/\/www.naturparkmagazin.de\/stechlin\/wp-json\/wp\/v2\/posts\/1142\/revisions\/1231"}],"wp:featuredmedia":[{"embeddable":true,"href":"https:\/\/www.naturparkmagazin.de\/stechlin\/wp-json\/wp\/v2\/media\/1144"}],"wp:attachment":[{"href":"https:\/\/www.naturparkmagazin.de\/stechlin\/wp-json\/wp\/v2\/media?parent=1142"}],"wp:term":[{"taxonomy":"category","embeddable":true,"href":"https:\/\/www.naturparkmagazin.de\/stechlin\/wp-json\/wp\/v2\/categories?post=1142"},{"taxonomy":"post_tag","embeddable":true,"href":"https:\/\/www.naturparkmagazin.de\/stechlin\/wp-json\/wp\/v2\/tags?post=1142"}],"curies":[{"name":"wp","href":"https:\/\/api.w.org\/{rel}","templated":true}]}}