{"id":11459,"date":"2022-01-19T18:00:53","date_gmt":"2022-01-19T17:00:53","guid":{"rendered":"https:\/\/www.naturparkmagazin.de\/stechlin\/?p=11459"},"modified":"2022-01-19T18:48:29","modified_gmt":"2022-01-19T17:48:29","slug":"caf-glasklar-oeffnet-ab-29-februar-wieder","status":"publish","type":"post","link":"https:\/\/www.naturparkmagazin.de\/stechlin\/caf-glasklar-oeffnet-ab-29-februar-wieder\/","title":{"rendered":"Caf\u00e9 Glasklar \u00f6ffnet wieder ab 28. Januar!"},"content":{"rendered":"<p>Im Caf\u00e9 &amp; Regionalladen geht es lichtvoll, bunt &amp; fr\u00f6hlich zu, das Team kocht W\u00e4rmendes &amp; Herzhaftes wie Suppe, Hirschgulasch und Gem\u00fcsequiche, b\u00e4ckt wahnsinnig leckere Kuchenkreationen und serviert Kaffeespezialit\u00e4ten und feine Wintergetr\u00e4nke, soviel Sie m\u00f6gen.<\/p>\n<div id=\"attachment_11478\" style=\"width: 310px\" class=\"wp-caption aligncenter\"><a href=\"https:\/\/www.naturparkmagazin.de\/stechlin\/wp-content\/uploads\/sites\/38\/laden2.jpg\"><img aria-describedby=\"caption-attachment-11478\" decoding=\"async\" loading=\"lazy\" class=\"size-thumbnail wp-image-11478\" src=\"https:\/\/www.naturparkmagazin.de\/stechlin\/wp-content\/uploads\/sites\/38\/laden2-300x180.jpg\" alt=\"Im Caf\u00e9 Glsklar bekommt man nicht nur Kaffee und Kuchen sondern auch Bio-Lebensmittel f\u00fcr den t\u00e4glichen Bedarf. \u00a9 Leo Tiede\" width=\"300\" height=\"180\" srcset=\"https:\/\/www.naturparkmagazin.de\/stechlin\/wp-content\/uploads\/sites\/38\/laden2-300x180.jpg 300w, https:\/\/www.naturparkmagazin.de\/stechlin\/wp-content\/uploads\/sites\/38\/laden2.jpg 500w, https:\/\/www.naturparkmagazin.de\/stechlin\/wp-content\/uploads\/sites\/38\/laden2-200x120.jpg 200w\" sizes=\"(max-width: 300px) 100vw, 300px\" \/><\/a><p id=\"caption-attachment-11478\" class=\"wp-caption-text\">Im Caf\u00e9 Glasklar bekommt man nicht nur Kaffee und Kuchen sondern auch Bio-Lebensmittel f\u00fcr den t\u00e4glichen Bedarf.\u00a9 Leo Tiede<\/p><\/div>\n<p>Samstag und Sonntag verw\u00f6hnen wir Sie am Grill mit k\u00f6stlicher Wildbratwurst &amp; Veggie-Wurst und schenken dazu w\u00e4rmenden Gl\u00fchwein &amp; Streuobstsaft ein, was an der Feuerschale besonders mundet.<\/p>\n<div id=\"attachment_11475\" style=\"width: 310px\" class=\"wp-caption aligncenter\"><a href=\"https:\/\/www.naturparkmagazin.de\/stechlin\/wp-content\/uploads\/sites\/38\/Center-au\u00dfen.jpg\"><img aria-describedby=\"caption-attachment-11475\" decoding=\"async\" loading=\"lazy\" class=\"size-thumbnail wp-image-11475\" src=\"https:\/\/www.naturparkmagazin.de\/stechlin\/wp-content\/uploads\/sites\/38\/Center-au\u00dfen-300x180.jpg\" alt=\"Das Stechlinseecenter in Neuglobsow, mit den Caf\u00e9 Glasklar, ist auch im Winter ein Treffpunkt. \u00a9 Leo Tiede\" width=\"300\" height=\"180\" srcset=\"https:\/\/www.naturparkmagazin.de\/stechlin\/wp-content\/uploads\/sites\/38\/Center-au\u00dfen-300x180.jpg 300w, https:\/\/www.naturparkmagazin.de\/stechlin\/wp-content\/uploads\/sites\/38\/Center-au\u00dfen.jpg 500w, https:\/\/www.naturparkmagazin.de\/stechlin\/wp-content\/uploads\/sites\/38\/Center-au\u00dfen-200x120.jpg 200w\" sizes=\"(max-width: 300px) 100vw, 300px\" \/><\/a><p id=\"caption-attachment-11475\" class=\"wp-caption-text\">Das Stechlinseecenter in Neuglobsow, mit dem Caf\u00e9 Glasklar, ist auch im Winter ein Treffpunkt.\u00a9 Leo Tiede<\/p><\/div>\n<p>Im Regionalladen &amp; im Winterland warten Lebensmitteln, Kunsthandwerk und allerlei regionale Spezialit\u00e4ten auf die G\u00e4ste.<\/p>\n<div id=\"attachment_11477\" style=\"width: 310px\" class=\"wp-caption aligncenter\"><a href=\"https:\/\/www.naturparkmagazin.de\/stechlin\/wp-content\/uploads\/sites\/38\/laden.jpg\"><img aria-describedby=\"caption-attachment-11477\" decoding=\"async\" loading=\"lazy\" class=\"size-thumbnail wp-image-11477\" src=\"https:\/\/www.naturparkmagazin.de\/stechlin\/wp-content\/uploads\/sites\/38\/laden-300x180.jpg\" alt=\"Der Regionalladen im Stechlinseecenter mit Produkten von hier. \u00a9 Leo Tiede\" width=\"300\" height=\"180\" srcset=\"https:\/\/www.naturparkmagazin.de\/stechlin\/wp-content\/uploads\/sites\/38\/laden-300x180.jpg 300w, https:\/\/www.naturparkmagazin.de\/stechlin\/wp-content\/uploads\/sites\/38\/laden.jpg 500w, https:\/\/www.naturparkmagazin.de\/stechlin\/wp-content\/uploads\/sites\/38\/laden-200x120.jpg 200w\" sizes=\"(max-width: 300px) 100vw, 300px\" \/><\/a><p id=\"caption-attachment-11477\" class=\"wp-caption-text\">Der Regionalladen im Stechlinseecenter mit Produkten von hier.\u00a9 Leo Tiede<\/p><\/div>\n<p>Genie\u00dfen Sie einen wunderbaren Tag mit Freunden &amp; Familie im Caf\u00e9 Glasklar.<\/p>\n<p>&nbsp;<\/p>\n<p><strong>\u00d6ffungszeiten f\u00fcr Februar und M\u00e4rz:<\/strong><\/p>\n<p>Samstag\/Sonntag, jeweils von 11:00 bis 17:00 Uhr<\/p>\n<p><span style=\"text-decoration: underline\">Kontakt:<\/span><\/p>\n<p>Stechlinseestra\u00dfe 17<\/p>\n<p>16775 Neuglobsow<\/p>\n<p>Tel.: 033082\/ 407 525<\/p>\n<p>Mail: info@cafeglasklar.de<\/p>\n<p>Webseite: <a href=\"https:\/\/cafeglasklar.de\/\" target=\"_blank\">https:\/\/cafeglasklar.de\/<\/a><\/p>\n","protected":false},"excerpt":{"rendered":"<p>Nach einem Monat Winterschlaf \u00f6ffnet das Caf\u00e9 Glasklar in Neuglobsow wieder seine Pforten.<\/p>\n","protected":false},"author":39,"featured_media":11476,"comment_status":"open","ping_status":"open","sticky":false,"template":"","format":"standard","meta":[],"categories":[11],"tags":[],"yoast_head":"<!-- This site is optimized with the Yoast SEO plugin v19.10 - https:\/\/yoast.com\/wordpress\/plugins\/seo\/ -->\n<title>Caf\u00e9 Glasklar \u00f6ffnet wieder ab 28. Januar! - Naturpark Stechlin-Ruppiner Land<\/title>\n<meta name=\"robots\" content=\"index, follow, max-snippet:-1, max-image-preview:large, max-video-preview:-1\" \/>\n<link rel=\"canonical\" href=\"https:\/\/www.naturparkmagazin.de\/stechlin\/caf-glasklar-oeffnet-ab-29-februar-wieder\/\" \/>\n<meta property=\"og:locale\" content=\"de_DE\" \/>\n<meta property=\"og:type\" content=\"article\" \/>\n<meta property=\"og:title\" content=\"Caf\u00e9 Glasklar \u00f6ffnet wieder ab 28. Januar! - Naturpark Stechlin-Ruppiner Land\" \/>\n<meta property=\"og:description\" content=\"Nach einem Monat Winterschlaf \u00f6ffnet das Caf\u00e9 Glasklar in Neuglobsow wieder seine Pforten.\" \/>\n<meta property=\"og:url\" content=\"https:\/\/www.naturparkmagazin.de\/stechlin\/caf-glasklar-oeffnet-ab-29-februar-wieder\/\" \/>\n<meta property=\"og:site_name\" content=\"Naturpark Stechlin-Ruppiner Land\" \/>\n<meta property=\"article:published_time\" content=\"2022-01-19T17:00:53+00:00\" \/>\n<meta property=\"article:modified_time\" content=\"2022-01-19T17:48:29+00:00\" \/>\n<meta property=\"og:image\" content=\"https:\/\/www.naturparkmagazin.de\/stechlin\/wp-content\/uploads\/sites\/38\/feuerkorb_a.jpg\" \/>\n\t<meta property=\"og:image:width\" content=\"200\" \/>\n\t<meta property=\"og:image:height\" content=\"200\" \/>\n\t<meta property=\"og:image:type\" content=\"image\/jpeg\" \/>\n<meta name=\"author\" content=\"marioschrumpf\" \/>\n<meta name=\"twitter:label1\" content=\"Verfasst von\" \/>\n\t<meta name=\"twitter:data1\" content=\"marioschrumpf\" \/>\n\t<meta name=\"twitter:label2\" content=\"Gesch\u00e4tzte Lesezeit\" \/>\n\t<meta name=\"twitter:data2\" content=\"1\u00a0Minute\" \/>\n<script type=\"application\/ld+json\" class=\"yoast-schema-graph\">{\"@context\":\"https:\/\/schema.org\",\"@graph\":[{\"@type\":\"WebPage\",\"@id\":\"https:\/\/www.naturparkmagazin.de\/stechlin\/caf-glasklar-oeffnet-ab-29-februar-wieder\/\",\"url\":\"https:\/\/www.naturparkmagazin.de\/stechlin\/caf-glasklar-oeffnet-ab-29-februar-wieder\/\",\"name\":\"Caf\u00e9 Glasklar \u00f6ffnet wieder ab 28. Januar! - Naturpark Stechlin-Ruppiner Land\",\"isPartOf\":{\"@id\":\"https:\/\/www.naturparkmagazin.de\/stechlin\/#website\"},\"datePublished\":\"2022-01-19T17:00:53+00:00\",\"dateModified\":\"2022-01-19T17:48:29+00:00\",\"author\":{\"@id\":\"https:\/\/www.naturparkmagazin.de\/stechlin\/#\/schema\/person\/3f0d93203df21c806dd63c76d9bb28bc\"},\"breadcrumb\":{\"@id\":\"https:\/\/www.naturparkmagazin.de\/stechlin\/caf-glasklar-oeffnet-ab-29-februar-wieder\/#breadcrumb\"},\"inLanguage\":\"de\",\"potentialAction\":[{\"@type\":\"ReadAction\",\"target\":[\"https:\/\/www.naturparkmagazin.de\/stechlin\/caf-glasklar-oeffnet-ab-29-februar-wieder\/\"]}]},{\"@type\":\"BreadcrumbList\",\"@id\":\"https:\/\/www.naturparkmagazin.de\/stechlin\/caf-glasklar-oeffnet-ab-29-februar-wieder\/#breadcrumb\",\"itemListElement\":[{\"@type\":\"ListItem\",\"position\":1,\"name\":\"Home\",\"item\":\"https:\/\/www.naturparkmagazin.de\/stechlin\/\"},{\"@type\":\"ListItem\",\"position\":2,\"name\":\"Caf\u00e9 Glasklar \u00f6ffnet wieder ab 28. Januar!\"}]},{\"@type\":\"WebSite\",\"@id\":\"https:\/\/www.naturparkmagazin.de\/stechlin\/#website\",\"url\":\"https:\/\/www.naturparkmagazin.de\/stechlin\/\",\"name\":\"Naturpark Stechlin-Ruppiner Land\",\"description\":\"\",\"potentialAction\":[{\"@type\":\"SearchAction\",\"target\":{\"@type\":\"EntryPoint\",\"urlTemplate\":\"https:\/\/www.naturparkmagazin.de\/stechlin\/?s={search_term_string}\"},\"query-input\":\"required name=search_term_string\"}],\"inLanguage\":\"de\"},{\"@type\":\"Person\",\"@id\":\"https:\/\/www.naturparkmagazin.de\/stechlin\/#\/schema\/person\/3f0d93203df21c806dd63c76d9bb28bc\",\"name\":\"marioschrumpf\",\"url\":\"https:\/\/www.naturparkmagazin.de\/stechlin\/author\/marioschrumpf\/\"}]}<\/script>\n<!-- \/ Yoast SEO plugin. -->","yoast_head_json":{"title":"Caf\u00e9 Glasklar \u00f6ffnet wieder ab 28. Januar! - Naturpark Stechlin-Ruppiner Land","robots":{"index":"index","follow":"follow","max-snippet":"max-snippet:-1","max-image-preview":"max-image-preview:large","max-video-preview":"max-video-preview:-1"},"canonical":"https:\/\/www.naturparkmagazin.de\/stechlin\/caf-glasklar-oeffnet-ab-29-februar-wieder\/","og_locale":"de_DE","og_type":"article","og_title":"Caf\u00e9 Glasklar \u00f6ffnet wieder ab 28. Januar! - Naturpark Stechlin-Ruppiner Land","og_description":"Nach einem Monat Winterschlaf \u00f6ffnet das Caf\u00e9 Glasklar in Neuglobsow wieder seine Pforten.","og_url":"https:\/\/www.naturparkmagazin.de\/stechlin\/caf-glasklar-oeffnet-ab-29-februar-wieder\/","og_site_name":"Naturpark Stechlin-Ruppiner Land","article_published_time":"2022-01-19T17:00:53+00:00","article_modified_time":"2022-01-19T17:48:29+00:00","og_image":[{"width":200,"height":200,"url":"https:\/\/www.naturparkmagazin.de\/stechlin\/wp-content\/uploads\/sites\/38\/feuerkorb_a.jpg","type":"image\/jpeg"}],"author":"marioschrumpf","twitter_misc":{"Verfasst von":"marioschrumpf","Gesch\u00e4tzte Lesezeit":"1\u00a0Minute"},"schema":{"@context":"https:\/\/schema.org","@graph":[{"@type":"WebPage","@id":"https:\/\/www.naturparkmagazin.de\/stechlin\/caf-glasklar-oeffnet-ab-29-februar-wieder\/","url":"https:\/\/www.naturparkmagazin.de\/stechlin\/caf-glasklar-oeffnet-ab-29-februar-wieder\/","name":"Caf\u00e9 Glasklar \u00f6ffnet wieder ab 28. Januar! - Naturpark Stechlin-Ruppiner Land","isPartOf":{"@id":"https:\/\/www.naturparkmagazin.de\/stechlin\/#website"},"datePublished":"2022-01-19T17:00:53+00:00","dateModified":"2022-01-19T17:48:29+00:00","author":{"@id":"https:\/\/www.naturparkmagazin.de\/stechlin\/#\/schema\/person\/3f0d93203df21c806dd63c76d9bb28bc"},"breadcrumb":{"@id":"https:\/\/www.naturparkmagazin.de\/stechlin\/caf-glasklar-oeffnet-ab-29-februar-wieder\/#breadcrumb"},"inLanguage":"de","potentialAction":[{"@type":"ReadAction","target":["https:\/\/www.naturparkmagazin.de\/stechlin\/caf-glasklar-oeffnet-ab-29-februar-wieder\/"]}]},{"@type":"BreadcrumbList","@id":"https:\/\/www.naturparkmagazin.de\/stechlin\/caf-glasklar-oeffnet-ab-29-februar-wieder\/#breadcrumb","itemListElement":[{"@type":"ListItem","position":1,"name":"Home","item":"https:\/\/www.naturparkmagazin.de\/stechlin\/"},{"@type":"ListItem","position":2,"name":"Caf\u00e9 Glasklar \u00f6ffnet wieder ab 28. Januar!"}]},{"@type":"WebSite","@id":"https:\/\/www.naturparkmagazin.de\/stechlin\/#website","url":"https:\/\/www.naturparkmagazin.de\/stechlin\/","name":"Naturpark Stechlin-Ruppiner Land","description":"","potentialAction":[{"@type":"SearchAction","target":{"@type":"EntryPoint","urlTemplate":"https:\/\/www.naturparkmagazin.de\/stechlin\/?s={search_term_string}"},"query-input":"required name=search_term_string"}],"inLanguage":"de"},{"@type":"Person","@id":"https:\/\/www.naturparkmagazin.de\/stechlin\/#\/schema\/person\/3f0d93203df21c806dd63c76d9bb28bc","name":"marioschrumpf","url":"https:\/\/www.naturparkmagazin.de\/stechlin\/author\/marioschrumpf\/"}]}},"_links":{"self":[{"href":"https:\/\/www.naturparkmagazin.de\/stechlin\/wp-json\/wp\/v2\/posts\/11459"}],"collection":[{"href":"https:\/\/www.naturparkmagazin.de\/stechlin\/wp-json\/wp\/v2\/posts"}],"about":[{"href":"https:\/\/www.naturparkmagazin.de\/stechlin\/wp-json\/wp\/v2\/types\/post"}],"author":[{"embeddable":true,"href":"https:\/\/www.naturparkmagazin.de\/stechlin\/wp-json\/wp\/v2\/users\/39"}],"replies":[{"embeddable":true,"href":"https:\/\/www.naturparkmagazin.de\/stechlin\/wp-json\/wp\/v2\/comments?post=11459"}],"version-history":[{"count":8,"href":"https:\/\/www.naturparkmagazin.de\/stechlin\/wp-json\/wp\/v2\/posts\/11459\/revisions"}],"predecessor-version":[{"id":11461,"href":"https:\/\/www.naturparkmagazin.de\/stechlin\/wp-json\/wp\/v2\/posts\/11459\/revisions\/11461"}],"wp:featuredmedia":[{"embeddable":true,"href":"https:\/\/www.naturparkmagazin.de\/stechlin\/wp-json\/wp\/v2\/media\/11476"}],"wp:attachment":[{"href":"https:\/\/www.naturparkmagazin.de\/stechlin\/wp-json\/wp\/v2\/media?parent=11459"}],"wp:term":[{"taxonomy":"category","embeddable":true,"href":"https:\/\/www.naturparkmagazin.de\/stechlin\/wp-json\/wp\/v2\/categories?post=11459"},{"taxonomy":"post_tag","embeddable":true,"href":"https:\/\/www.naturparkmagazin.de\/stechlin\/wp-json\/wp\/v2\/tags?post=11459"}],"curies":[{"name":"wp","href":"https:\/\/api.w.org\/{rel}","templated":true}]}}