{"id":1148,"date":"2014-07-18T10:52:31","date_gmt":"2014-07-18T08:52:31","guid":{"rendered":"http:\/\/www.naturparkmagazin.de\/stechlin\/?p=1148"},"modified":"2014-07-28T15:18:00","modified_gmt":"2014-07-28T13:18:00","slug":"13-internationales-kunstsymposium-im-naturpark-stechlin-ruppiner-land","status":"publish","type":"post","link":"https:\/\/www.naturparkmagazin.de\/stechlin\/13-internationales-kunstsymposium-im-naturpark-stechlin-ruppiner-land\/","title":{"rendered":"13. Internationales Kunstsymposium im Naturpark Stechlin-Ruppiner Land"},"content":{"rendered":"<div id=\"attachment_1164\" style=\"width: 190px\" class=\"wp-caption alignnone\"><a href=\"https:\/\/www.naturparkmagazin.de\/stechlin\/wp-content\/uploads\/sites\/38\/Kunstsymposium-2.jpg\"><img aria-describedby=\"caption-attachment-1164\" decoding=\"async\" loading=\"lazy\" class=\"size-full wp-image-1164\" alt=\"Skulptur\" src=\"https:\/\/www.naturparkmagazin.de\/stechlin\/wp-content\/uploads\/sites\/38\/Kunstsymposium-2.jpg\" width=\"180\" height=\"240\" srcset=\"https:\/\/www.naturparkmagazin.de\/stechlin\/wp-content\/uploads\/sites\/38\/Kunstsymposium-2.jpg 180w, https:\/\/www.naturparkmagazin.de\/stechlin\/wp-content\/uploads\/sites\/38\/Kunstsymposium-2-135x180.jpg 135w, https:\/\/www.naturparkmagazin.de\/stechlin\/wp-content\/uploads\/sites\/38\/Kunstsymposium-2-53x71.jpg 53w\" sizes=\"(max-width: 180px) 100vw, 180px\" \/><\/a><p id=\"caption-attachment-1164\" class=\"wp-caption-text\"><a href=\"https:\/\/www.naturparkmagazin.de\/stechlin\/wp-content\/uploads\/sites\/38\/Kunstsymposium-3.jpg\"><img decoding=\"async\" loading=\"lazy\" class=\"size-full wp-image-1165\" alt=\"Ausstellungser\u00f6ffnung\" src=\"https:\/\/www.naturparkmagazin.de\/stechlin\/wp-content\/uploads\/sites\/38\/Kunstsymposium-3.jpg\" width=\"300\" height=\"225\" srcset=\"https:\/\/www.naturparkmagazin.de\/stechlin\/wp-content\/uploads\/sites\/38\/Kunstsymposium-3.jpg 300w, https:\/\/www.naturparkmagazin.de\/stechlin\/wp-content\/uploads\/sites\/38\/Kunstsymposium-3-180x135.jpg 180w, https:\/\/www.naturparkmagazin.de\/stechlin\/wp-content\/uploads\/sites\/38\/Kunstsymposium-3-95x71.jpg 95w, https:\/\/www.naturparkmagazin.de\/stechlin\/wp-content\/uploads\/sites\/38\/Kunstsymposium-3-200x150.jpg 200w\" sizes=\"(max-width: 300px) 100vw, 300px\" \/><\/a> Skulptur<\/p><\/div>\n<dl class=\"wp-caption alignnone\" id=\"attachment_1165\" style=\"width: 310px\">\n<dt class=\"wp-caption-dt\">\u00a0<\/dt>\n<dd class=\"wp-caption-dd\">Ausstellungser\u00f6ffnung<\/dd>\n<\/dl>\n<p>Maler, Fotografen und Bildhauer aus Tschechien, der T\u00fcrkei, Polen und Deutschland waren im Rahmen des 13. Internationalen Kunstsymposiums im Naturpark Stechlin-Ruppiner Land vom 8.-18. Juli 2014 zu Gast in Kunsterspring und Menz.Die 8 K\u00fcnstler wenden sich dem aktuellen Thema &#8222;Biologische Vielfalt &#8211; Moorschutz &#8211; Klima&#8220; zu und arbeiten elf Tage gemeinsam auf dem Gel\u00e4nde der Waldarbeiterschule in der Ruppiner Schweiz im Naturpark. W\u00e4hrend die K\u00fcnstler das Thema im Workshop bildlich oder skulptural umsetzen, greifen Fachleute aus dem Naturpark und von der Stiftung NaturSchutzFonds Brandenburg in Begleitveranstaltungen Fragen des Moor- und Klimaschutzes inhaltlich auf. Im Rahmen eines Projekttages am Ende des Symposiums werden sich die K\u00fcnstler gemeinsam mit Kindern mit dem Thema &#8222;Moor&#8220; k\u00fcnstlerisch und spielerisch auseinandersetzen. Auf diese Weise sollen die Kinder f\u00fcr ein wichtiges \u00f6kologisches Thema sensibilisiert werden. Die Ergebnisse des Pleinairs werden w\u00e4hrend einer ganzj\u00e4hrigen Wanderausstellung in Szczecin, Potsdam, Berlin, Zehdenick, Gransee und Rheinsberg gezeigt. Die entstandenen Skulpturen bilden den Grundstock f\u00fcr den im Naturpark geplanten Internationalen Kunstwanderweg. Unterst\u00fctzt wird das Kunstsymposium mit F\u00f6rdermitteln aus dem EU-Life-Projekt Feuchtw\u00e4lder Brandenburg-NATURA 2000.<\/p>\n","protected":false},"excerpt":{"rendered":"<p>Maler, Fotografen und Bildhauer aus Tschechien, der T\u00fcrkei, Polen und Deutschland waren im Rahmen des 13. Internationalen Kunstsymposiums im Naturpark zu Gast.<\/p>\n","protected":false},"author":39,"featured_media":1143,"comment_status":"open","ping_status":"open","sticky":false,"template":"","format":"standard","meta":[],"categories":[7],"tags":[],"yoast_head":"<!-- This site is optimized with the Yoast SEO plugin v19.10 - https:\/\/yoast.com\/wordpress\/plugins\/seo\/ -->\n<title>13. Internationales Kunstsymposium im Naturpark Stechlin-Ruppiner Land - Naturpark Stechlin-Ruppiner Land<\/title>\n<meta name=\"robots\" content=\"index, follow, max-snippet:-1, max-image-preview:large, max-video-preview:-1\" \/>\n<link rel=\"canonical\" href=\"https:\/\/www.naturparkmagazin.de\/stechlin\/13-internationales-kunstsymposium-im-naturpark-stechlin-ruppiner-land\/\" \/>\n<meta property=\"og:locale\" content=\"de_DE\" \/>\n<meta property=\"og:type\" content=\"article\" \/>\n<meta property=\"og:title\" content=\"13. Internationales Kunstsymposium im Naturpark Stechlin-Ruppiner Land - Naturpark Stechlin-Ruppiner Land\" \/>\n<meta property=\"og:description\" content=\"Maler, Fotografen und Bildhauer aus Tschechien, der T\u00fcrkei, Polen und Deutschland waren im Rahmen des 13. Internationalen Kunstsymposiums im Naturpark zu Gast.\" \/>\n<meta property=\"og:url\" content=\"https:\/\/www.naturparkmagazin.de\/stechlin\/13-internationales-kunstsymposium-im-naturpark-stechlin-ruppiner-land\/\" \/>\n<meta property=\"og:site_name\" content=\"Naturpark Stechlin-Ruppiner Land\" \/>\n<meta property=\"article:published_time\" content=\"2014-07-18T08:52:31+00:00\" \/>\n<meta property=\"article:modified_time\" content=\"2014-07-28T13:18:00+00:00\" \/>\n<meta property=\"og:image\" content=\"https:\/\/www.naturparkmagazin.de\/stechlin\/wp-content\/uploads\/sites\/38\/Begr\u00fc\u00dfung-durch-den-amtierenden-Leiter-der-Waldarbeitsschule-Michael-Schade.jpg\" \/>\n\t<meta property=\"og:image:width\" content=\"500\" \/>\n\t<meta property=\"og:image:height\" content=\"375\" \/>\n\t<meta property=\"og:image:type\" content=\"image\/jpeg\" \/>\n<meta name=\"author\" content=\"marioschrumpf\" \/>\n<meta name=\"twitter:label1\" content=\"Verfasst von\" \/>\n\t<meta name=\"twitter:data1\" content=\"marioschrumpf\" \/>\n\t<meta name=\"twitter:label2\" content=\"Gesch\u00e4tzte Lesezeit\" \/>\n\t<meta name=\"twitter:data2\" content=\"1\u00a0Minute\" \/>\n<script type=\"application\/ld+json\" class=\"yoast-schema-graph\">{\"@context\":\"https:\/\/schema.org\",\"@graph\":[{\"@type\":\"WebPage\",\"@id\":\"https:\/\/www.naturparkmagazin.de\/stechlin\/13-internationales-kunstsymposium-im-naturpark-stechlin-ruppiner-land\/\",\"url\":\"https:\/\/www.naturparkmagazin.de\/stechlin\/13-internationales-kunstsymposium-im-naturpark-stechlin-ruppiner-land\/\",\"name\":\"13. Internationales Kunstsymposium im Naturpark Stechlin-Ruppiner Land - Naturpark Stechlin-Ruppiner Land\",\"isPartOf\":{\"@id\":\"https:\/\/www.naturparkmagazin.de\/stechlin\/#website\"},\"datePublished\":\"2014-07-18T08:52:31+00:00\",\"dateModified\":\"2014-07-28T13:18:00+00:00\",\"author\":{\"@id\":\"https:\/\/www.naturparkmagazin.de\/stechlin\/#\/schema\/person\/3f0d93203df21c806dd63c76d9bb28bc\"},\"breadcrumb\":{\"@id\":\"https:\/\/www.naturparkmagazin.de\/stechlin\/13-internationales-kunstsymposium-im-naturpark-stechlin-ruppiner-land\/#breadcrumb\"},\"inLanguage\":\"de\",\"potentialAction\":[{\"@type\":\"ReadAction\",\"target\":[\"https:\/\/www.naturparkmagazin.de\/stechlin\/13-internationales-kunstsymposium-im-naturpark-stechlin-ruppiner-land\/\"]}]},{\"@type\":\"BreadcrumbList\",\"@id\":\"https:\/\/www.naturparkmagazin.de\/stechlin\/13-internationales-kunstsymposium-im-naturpark-stechlin-ruppiner-land\/#breadcrumb\",\"itemListElement\":[{\"@type\":\"ListItem\",\"position\":1,\"name\":\"Home\",\"item\":\"https:\/\/www.naturparkmagazin.de\/stechlin\/\"},{\"@type\":\"ListItem\",\"position\":2,\"name\":\"13. Internationales Kunstsymposium im Naturpark Stechlin-Ruppiner Land\"}]},{\"@type\":\"WebSite\",\"@id\":\"https:\/\/www.naturparkmagazin.de\/stechlin\/#website\",\"url\":\"https:\/\/www.naturparkmagazin.de\/stechlin\/\",\"name\":\"Naturpark Stechlin-Ruppiner Land\",\"description\":\"\",\"potentialAction\":[{\"@type\":\"SearchAction\",\"target\":{\"@type\":\"EntryPoint\",\"urlTemplate\":\"https:\/\/www.naturparkmagazin.de\/stechlin\/?s={search_term_string}\"},\"query-input\":\"required name=search_term_string\"}],\"inLanguage\":\"de\"},{\"@type\":\"Person\",\"@id\":\"https:\/\/www.naturparkmagazin.de\/stechlin\/#\/schema\/person\/3f0d93203df21c806dd63c76d9bb28bc\",\"name\":\"marioschrumpf\",\"url\":\"https:\/\/www.naturparkmagazin.de\/stechlin\/author\/marioschrumpf\/\"}]}<\/script>\n<!-- \/ Yoast SEO plugin. -->","yoast_head_json":{"title":"13. Internationales Kunstsymposium im Naturpark Stechlin-Ruppiner Land - Naturpark Stechlin-Ruppiner Land","robots":{"index":"index","follow":"follow","max-snippet":"max-snippet:-1","max-image-preview":"max-image-preview:large","max-video-preview":"max-video-preview:-1"},"canonical":"https:\/\/www.naturparkmagazin.de\/stechlin\/13-internationales-kunstsymposium-im-naturpark-stechlin-ruppiner-land\/","og_locale":"de_DE","og_type":"article","og_title":"13. Internationales Kunstsymposium im Naturpark Stechlin-Ruppiner Land - Naturpark Stechlin-Ruppiner Land","og_description":"Maler, Fotografen und Bildhauer aus Tschechien, der T\u00fcrkei, Polen und Deutschland waren im Rahmen des 13. Internationalen Kunstsymposiums im Naturpark zu Gast.","og_url":"https:\/\/www.naturparkmagazin.de\/stechlin\/13-internationales-kunstsymposium-im-naturpark-stechlin-ruppiner-land\/","og_site_name":"Naturpark Stechlin-Ruppiner Land","article_published_time":"2014-07-18T08:52:31+00:00","article_modified_time":"2014-07-28T13:18:00+00:00","og_image":[{"width":500,"height":375,"url":"https:\/\/www.naturparkmagazin.de\/stechlin\/wp-content\/uploads\/sites\/38\/Begr\u00fc\u00dfung-durch-den-amtierenden-Leiter-der-Waldarbeitsschule-Michael-Schade.jpg","type":"image\/jpeg"}],"author":"marioschrumpf","twitter_misc":{"Verfasst von":"marioschrumpf","Gesch\u00e4tzte Lesezeit":"1\u00a0Minute"},"schema":{"@context":"https:\/\/schema.org","@graph":[{"@type":"WebPage","@id":"https:\/\/www.naturparkmagazin.de\/stechlin\/13-internationales-kunstsymposium-im-naturpark-stechlin-ruppiner-land\/","url":"https:\/\/www.naturparkmagazin.de\/stechlin\/13-internationales-kunstsymposium-im-naturpark-stechlin-ruppiner-land\/","name":"13. Internationales Kunstsymposium im Naturpark Stechlin-Ruppiner Land - Naturpark Stechlin-Ruppiner Land","isPartOf":{"@id":"https:\/\/www.naturparkmagazin.de\/stechlin\/#website"},"datePublished":"2014-07-18T08:52:31+00:00","dateModified":"2014-07-28T13:18:00+00:00","author":{"@id":"https:\/\/www.naturparkmagazin.de\/stechlin\/#\/schema\/person\/3f0d93203df21c806dd63c76d9bb28bc"},"breadcrumb":{"@id":"https:\/\/www.naturparkmagazin.de\/stechlin\/13-internationales-kunstsymposium-im-naturpark-stechlin-ruppiner-land\/#breadcrumb"},"inLanguage":"de","potentialAction":[{"@type":"ReadAction","target":["https:\/\/www.naturparkmagazin.de\/stechlin\/13-internationales-kunstsymposium-im-naturpark-stechlin-ruppiner-land\/"]}]},{"@type":"BreadcrumbList","@id":"https:\/\/www.naturparkmagazin.de\/stechlin\/13-internationales-kunstsymposium-im-naturpark-stechlin-ruppiner-land\/#breadcrumb","itemListElement":[{"@type":"ListItem","position":1,"name":"Home","item":"https:\/\/www.naturparkmagazin.de\/stechlin\/"},{"@type":"ListItem","position":2,"name":"13. Internationales Kunstsymposium im Naturpark Stechlin-Ruppiner Land"}]},{"@type":"WebSite","@id":"https:\/\/www.naturparkmagazin.de\/stechlin\/#website","url":"https:\/\/www.naturparkmagazin.de\/stechlin\/","name":"Naturpark Stechlin-Ruppiner Land","description":"","potentialAction":[{"@type":"SearchAction","target":{"@type":"EntryPoint","urlTemplate":"https:\/\/www.naturparkmagazin.de\/stechlin\/?s={search_term_string}"},"query-input":"required name=search_term_string"}],"inLanguage":"de"},{"@type":"Person","@id":"https:\/\/www.naturparkmagazin.de\/stechlin\/#\/schema\/person\/3f0d93203df21c806dd63c76d9bb28bc","name":"marioschrumpf","url":"https:\/\/www.naturparkmagazin.de\/stechlin\/author\/marioschrumpf\/"}]}},"_links":{"self":[{"href":"https:\/\/www.naturparkmagazin.de\/stechlin\/wp-json\/wp\/v2\/posts\/1148"}],"collection":[{"href":"https:\/\/www.naturparkmagazin.de\/stechlin\/wp-json\/wp\/v2\/posts"}],"about":[{"href":"https:\/\/www.naturparkmagazin.de\/stechlin\/wp-json\/wp\/v2\/types\/post"}],"author":[{"embeddable":true,"href":"https:\/\/www.naturparkmagazin.de\/stechlin\/wp-json\/wp\/v2\/users\/39"}],"replies":[{"embeddable":true,"href":"https:\/\/www.naturparkmagazin.de\/stechlin\/wp-json\/wp\/v2\/comments?post=1148"}],"version-history":[{"count":6,"href":"https:\/\/www.naturparkmagazin.de\/stechlin\/wp-json\/wp\/v2\/posts\/1148\/revisions"}],"predecessor-version":[{"id":1229,"href":"https:\/\/www.naturparkmagazin.de\/stechlin\/wp-json\/wp\/v2\/posts\/1148\/revisions\/1229"}],"wp:featuredmedia":[{"embeddable":true,"href":"https:\/\/www.naturparkmagazin.de\/stechlin\/wp-json\/wp\/v2\/media\/1143"}],"wp:attachment":[{"href":"https:\/\/www.naturparkmagazin.de\/stechlin\/wp-json\/wp\/v2\/media?parent=1148"}],"wp:term":[{"taxonomy":"category","embeddable":true,"href":"https:\/\/www.naturparkmagazin.de\/stechlin\/wp-json\/wp\/v2\/categories?post=1148"},{"taxonomy":"post_tag","embeddable":true,"href":"https:\/\/www.naturparkmagazin.de\/stechlin\/wp-json\/wp\/v2\/tags?post=1148"}],"curies":[{"name":"wp","href":"https:\/\/api.w.org\/{rel}","templated":true}]}}