{"id":11486,"date":"2022-01-19T18:00:39","date_gmt":"2022-01-19T17:00:39","guid":{"rendered":"https:\/\/www.naturparkmagazin.de\/stechlin\/?p=11486"},"modified":"2022-01-24T08:06:35","modified_gmt":"2022-01-24T07:06:35","slug":"foerderpreis-fuer-nachhaltiges-engagement","status":"publish","type":"post","link":"https:\/\/www.naturparkmagazin.de\/stechlin\/foerderpreis-fuer-nachhaltiges-engagement\/","title":{"rendered":"F\u00f6rderpreis f\u00fcr nachhaltiges Engagement &#8222;Nachhall 2022&#8220;"},"content":{"rendered":"<p>F\u00fcr die Rheinsberger Preussenquelle, Kooperationspartner des Naturparks, begann 2022 tats\u00e4chlich inspirierend, denn am 31. Dezember endete die Einreichungsfrist f\u00fcr unseren Nachhall-Wettbewerb und die Juror*innen konnten sich \u00fcber innovative und mitreissende Bewerbungen freuen. Insgesamt 14 einzigartige Projekte schafften es in den Kreis der Nominierten.<\/p>\n<p>Zwei Nachhall-Gewinner*innen k\u00f6nnen Sie jetzt mitbestimmen, denn am 15. Januar startete das Onlinevoting f\u00fcr die Publikumspreise. Lassen auch Sie sich von den Projekten inspirieren und w\u00e4hlen Sie Ihren Favoriten f\u00fcr den Nachhall 2022.<\/p>\n<p><a href=\"https:\/\/t75dbcedb.emailsys1a.net\/c\/3\/4863577\/3763\/0\/14231733\/663\/360983\/d531562077.html\" target=\"_blank\">Jetzt an der Online-Abstimmung teilnehmen!<\/a><\/p>\n<p>Bis zum Ende des vergangenen Jahres hatten engagierte Umweltsch\u00fctzer*innen, Projekte, Schulen, Kitas und Start ups aus Berlin und Brandenburg wieder die M\u00f6glichkeit, ihr nachhaltiges Engagement der \u00d6ffentlichkeit zu pr\u00e4sentieren, um in diesem Jahr pr\u00e4miert zu werden.<\/p>\n<p>Der Naturpark ist Partner des Wettbewerbes. Naturparkleiter Dr. Mario Schrumpf ist Mitglied der Fachjury.<\/p>\n<div id=\"attachment_11023\" style=\"width: 310px\" class=\"wp-caption aligncenter\"><a href=\"https:\/\/www.naturparkmagazin.de\/stechlin\/wp-content\/uploads\/sites\/38\/nachhall_1-2021.jpg\"><img aria-describedby=\"caption-attachment-11023\" decoding=\"async\" loading=\"lazy\" class=\"size-thumbnail wp-image-11023\" src=\"https:\/\/www.naturparkmagazin.de\/stechlin\/wp-content\/uploads\/sites\/38\/nachhall_1-2021-300x180.jpg\" alt=\"\u00a9 Foto: Rheinsberger Preussenquelle\" width=\"300\" height=\"180\" srcset=\"https:\/\/www.naturparkmagazin.de\/stechlin\/wp-content\/uploads\/sites\/38\/nachhall_1-2021-300x180.jpg 300w, https:\/\/www.naturparkmagazin.de\/stechlin\/wp-content\/uploads\/sites\/38\/nachhall_1-2021.jpg 500w, https:\/\/www.naturparkmagazin.de\/stechlin\/wp-content\/uploads\/sites\/38\/nachhall_1-2021-200x120.jpg 200w\" sizes=\"(max-width: 300px) 100vw, 300px\" \/><\/a><p id=\"caption-attachment-11023\" class=\"wp-caption-text\">\u00a9 Foto: Rheinsberger Preussenquelle<\/p><\/div>\n<p>Die erste Runde des Nachhall hat bewiesen: es gibt zahlreiche aktive und bemerkenswerte Initiativen, die sich f\u00fcr Umwelt-, Wasser- und Bodenschutz engagieren. Diese vielen nachhaltigen Projekte braucht es dringend. Denn wir alle, Verbraucher*innen und Unternehmen, m\u00fcssen f\u00fcr eine lebenswerte Zukunft gemeinsam nachhaltig handeln.<\/p>\n<p>Die Rheinsberger Preussenquelle m\u00f6chte damit andere zu mehr Nachhaltigkeit inspirieren und unterst\u00fctzt durch den Nachhall die kleinen, aber h\u00e4ufig sehr wichtigen Initiativen, die erfolgreich und innovativ in Berlin und Brandenburg f\u00fcr Umwelt- und Naturschutz wirken.<\/p>\n<div id=\"attachment_11022\" style=\"width: 250px\" class=\"wp-caption aligncenter\"><a href=\"https:\/\/www.naturparkmagazin.de\/stechlin\/wp-content\/uploads\/sites\/38\/nachhall2022.jpg\"><img aria-describedby=\"caption-attachment-11022\" decoding=\"async\" loading=\"lazy\" class=\"size-full wp-image-11022\" src=\"https:\/\/www.naturparkmagazin.de\/stechlin\/wp-content\/uploads\/sites\/38\/nachhall2022.jpg\" alt=\"\u00a9 Logo: Rheinsberger Preussenquelle\" width=\"240\" height=\"320\" srcset=\"https:\/\/www.naturparkmagazin.de\/stechlin\/wp-content\/uploads\/sites\/38\/nachhall2022.jpg 240w, https:\/\/www.naturparkmagazin.de\/stechlin\/wp-content\/uploads\/sites\/38\/nachhall2022-135x180.jpg 135w, https:\/\/www.naturparkmagazin.de\/stechlin\/wp-content\/uploads\/sites\/38\/nachhall2022-53x71.jpg 53w, https:\/\/www.naturparkmagazin.de\/stechlin\/wp-content\/uploads\/sites\/38\/nachhall2022-200x267.jpg 200w\" sizes=\"(max-width: 240px) 100vw, 240px\" \/><\/a><p id=\"caption-attachment-11022\" class=\"wp-caption-text\">\u00a9 Logo Nachhall 2022: Rheinsberger Preussenquelle<\/p><\/div>\n<p>Menschen, die nachhaltig denken und handeln, erhalten durch den Nachhall eine B\u00fchne und werden f\u00fcr ihr besonderes Engagement geehrt. Insgesamt werden f\u00fcnf Preise, jeweils mit 1.000 \u20ac dotiert, verliehen.<\/p>\n<p><a href=\"https:\/\/www.bleibt-natuerlich.de\/nachhall-2022\/\" target=\"_blank\">Zur Webseite mit den Projekteinreichungen geht es hier!<\/a><\/p>\n","protected":false},"excerpt":{"rendered":"<p>Die Rheinsberger Preussenquelle pr\u00e4miert zum zweiten Mal Projekte f\u00fcr nachhaltiges Engagement im Rahmen des Wettbewerbes &#8222;Nachhall 2022&#8220;.<\/p>\n","protected":false},"author":39,"featured_media":11582,"comment_status":"open","ping_status":"open","sticky":false,"template":"","format":"standard","meta":[],"categories":[7],"tags":[],"yoast_head":"<!-- This site is optimized with the Yoast SEO plugin v19.10 - https:\/\/yoast.com\/wordpress\/plugins\/seo\/ -->\n<title>F\u00f6rderpreis f\u00fcr nachhaltiges Engagement &quot;Nachhall 2022&quot; - Naturpark Stechlin-Ruppiner Land<\/title>\n<meta name=\"robots\" content=\"index, follow, max-snippet:-1, max-image-preview:large, max-video-preview:-1\" \/>\n<link rel=\"canonical\" href=\"https:\/\/www.naturparkmagazin.de\/stechlin\/foerderpreis-fuer-nachhaltiges-engagement\/\" \/>\n<meta property=\"og:locale\" content=\"de_DE\" \/>\n<meta property=\"og:type\" content=\"article\" \/>\n<meta property=\"og:title\" content=\"F\u00f6rderpreis f\u00fcr nachhaltiges Engagement &quot;Nachhall 2022&quot; - Naturpark Stechlin-Ruppiner Land\" \/>\n<meta property=\"og:description\" content=\"Die Rheinsberger Preussenquelle pr\u00e4miert zum zweiten Mal Projekte f\u00fcr nachhaltiges Engagement im Rahmen des Wettbewerbes &quot;Nachhall 2022&quot;.\" \/>\n<meta property=\"og:url\" content=\"https:\/\/www.naturparkmagazin.de\/stechlin\/foerderpreis-fuer-nachhaltiges-engagement\/\" \/>\n<meta property=\"og:site_name\" content=\"Naturpark Stechlin-Ruppiner Land\" \/>\n<meta property=\"article:published_time\" content=\"2022-01-19T17:00:39+00:00\" \/>\n<meta property=\"article:modified_time\" content=\"2022-01-24T07:06:35+00:00\" \/>\n<meta property=\"og:image\" content=\"https:\/\/www.naturparkmagazin.de\/stechlin\/wp-content\/uploads\/sites\/38\/logo_a.png\" \/>\n\t<meta property=\"og:image:width\" content=\"200\" \/>\n\t<meta property=\"og:image:height\" content=\"200\" \/>\n\t<meta property=\"og:image:type\" content=\"image\/png\" \/>\n<meta name=\"author\" content=\"marioschrumpf\" \/>\n<meta name=\"twitter:label1\" content=\"Verfasst von\" \/>\n\t<meta name=\"twitter:data1\" content=\"marioschrumpf\" \/>\n\t<meta name=\"twitter:label2\" content=\"Gesch\u00e4tzte Lesezeit\" \/>\n\t<meta name=\"twitter:data2\" content=\"1\u00a0Minute\" \/>\n<script type=\"application\/ld+json\" class=\"yoast-schema-graph\">{\"@context\":\"https:\/\/schema.org\",\"@graph\":[{\"@type\":\"WebPage\",\"@id\":\"https:\/\/www.naturparkmagazin.de\/stechlin\/foerderpreis-fuer-nachhaltiges-engagement\/\",\"url\":\"https:\/\/www.naturparkmagazin.de\/stechlin\/foerderpreis-fuer-nachhaltiges-engagement\/\",\"name\":\"F\u00f6rderpreis f\u00fcr nachhaltiges Engagement \\\"Nachhall 2022\\\" - Naturpark Stechlin-Ruppiner Land\",\"isPartOf\":{\"@id\":\"https:\/\/www.naturparkmagazin.de\/stechlin\/#website\"},\"datePublished\":\"2022-01-19T17:00:39+00:00\",\"dateModified\":\"2022-01-24T07:06:35+00:00\",\"author\":{\"@id\":\"https:\/\/www.naturparkmagazin.de\/stechlin\/#\/schema\/person\/3f0d93203df21c806dd63c76d9bb28bc\"},\"breadcrumb\":{\"@id\":\"https:\/\/www.naturparkmagazin.de\/stechlin\/foerderpreis-fuer-nachhaltiges-engagement\/#breadcrumb\"},\"inLanguage\":\"de\",\"potentialAction\":[{\"@type\":\"ReadAction\",\"target\":[\"https:\/\/www.naturparkmagazin.de\/stechlin\/foerderpreis-fuer-nachhaltiges-engagement\/\"]}]},{\"@type\":\"BreadcrumbList\",\"@id\":\"https:\/\/www.naturparkmagazin.de\/stechlin\/foerderpreis-fuer-nachhaltiges-engagement\/#breadcrumb\",\"itemListElement\":[{\"@type\":\"ListItem\",\"position\":1,\"name\":\"Home\",\"item\":\"https:\/\/www.naturparkmagazin.de\/stechlin\/\"},{\"@type\":\"ListItem\",\"position\":2,\"name\":\"F\u00f6rderpreis f\u00fcr nachhaltiges Engagement &#8222;Nachhall 2022&#8220;\"}]},{\"@type\":\"WebSite\",\"@id\":\"https:\/\/www.naturparkmagazin.de\/stechlin\/#website\",\"url\":\"https:\/\/www.naturparkmagazin.de\/stechlin\/\",\"name\":\"Naturpark Stechlin-Ruppiner Land\",\"description\":\"\",\"potentialAction\":[{\"@type\":\"SearchAction\",\"target\":{\"@type\":\"EntryPoint\",\"urlTemplate\":\"https:\/\/www.naturparkmagazin.de\/stechlin\/?s={search_term_string}\"},\"query-input\":\"required name=search_term_string\"}],\"inLanguage\":\"de\"},{\"@type\":\"Person\",\"@id\":\"https:\/\/www.naturparkmagazin.de\/stechlin\/#\/schema\/person\/3f0d93203df21c806dd63c76d9bb28bc\",\"name\":\"marioschrumpf\",\"url\":\"https:\/\/www.naturparkmagazin.de\/stechlin\/author\/marioschrumpf\/\"}]}<\/script>\n<!-- \/ Yoast SEO plugin. -->","yoast_head_json":{"title":"F\u00f6rderpreis f\u00fcr nachhaltiges Engagement \"Nachhall 2022\" - Naturpark Stechlin-Ruppiner Land","robots":{"index":"index","follow":"follow","max-snippet":"max-snippet:-1","max-image-preview":"max-image-preview:large","max-video-preview":"max-video-preview:-1"},"canonical":"https:\/\/www.naturparkmagazin.de\/stechlin\/foerderpreis-fuer-nachhaltiges-engagement\/","og_locale":"de_DE","og_type":"article","og_title":"F\u00f6rderpreis f\u00fcr nachhaltiges Engagement \"Nachhall 2022\" - Naturpark Stechlin-Ruppiner Land","og_description":"Die Rheinsberger Preussenquelle pr\u00e4miert zum zweiten Mal Projekte f\u00fcr nachhaltiges Engagement im Rahmen des Wettbewerbes \"Nachhall 2022\".","og_url":"https:\/\/www.naturparkmagazin.de\/stechlin\/foerderpreis-fuer-nachhaltiges-engagement\/","og_site_name":"Naturpark Stechlin-Ruppiner Land","article_published_time":"2022-01-19T17:00:39+00:00","article_modified_time":"2022-01-24T07:06:35+00:00","og_image":[{"width":200,"height":200,"url":"https:\/\/www.naturparkmagazin.de\/stechlin\/wp-content\/uploads\/sites\/38\/logo_a.png","type":"image\/png"}],"author":"marioschrumpf","twitter_misc":{"Verfasst von":"marioschrumpf","Gesch\u00e4tzte Lesezeit":"1\u00a0Minute"},"schema":{"@context":"https:\/\/schema.org","@graph":[{"@type":"WebPage","@id":"https:\/\/www.naturparkmagazin.de\/stechlin\/foerderpreis-fuer-nachhaltiges-engagement\/","url":"https:\/\/www.naturparkmagazin.de\/stechlin\/foerderpreis-fuer-nachhaltiges-engagement\/","name":"F\u00f6rderpreis f\u00fcr nachhaltiges Engagement \"Nachhall 2022\" - Naturpark Stechlin-Ruppiner Land","isPartOf":{"@id":"https:\/\/www.naturparkmagazin.de\/stechlin\/#website"},"datePublished":"2022-01-19T17:00:39+00:00","dateModified":"2022-01-24T07:06:35+00:00","author":{"@id":"https:\/\/www.naturparkmagazin.de\/stechlin\/#\/schema\/person\/3f0d93203df21c806dd63c76d9bb28bc"},"breadcrumb":{"@id":"https:\/\/www.naturparkmagazin.de\/stechlin\/foerderpreis-fuer-nachhaltiges-engagement\/#breadcrumb"},"inLanguage":"de","potentialAction":[{"@type":"ReadAction","target":["https:\/\/www.naturparkmagazin.de\/stechlin\/foerderpreis-fuer-nachhaltiges-engagement\/"]}]},{"@type":"BreadcrumbList","@id":"https:\/\/www.naturparkmagazin.de\/stechlin\/foerderpreis-fuer-nachhaltiges-engagement\/#breadcrumb","itemListElement":[{"@type":"ListItem","position":1,"name":"Home","item":"https:\/\/www.naturparkmagazin.de\/stechlin\/"},{"@type":"ListItem","position":2,"name":"F\u00f6rderpreis f\u00fcr nachhaltiges Engagement &#8222;Nachhall 2022&#8220;"}]},{"@type":"WebSite","@id":"https:\/\/www.naturparkmagazin.de\/stechlin\/#website","url":"https:\/\/www.naturparkmagazin.de\/stechlin\/","name":"Naturpark Stechlin-Ruppiner Land","description":"","potentialAction":[{"@type":"SearchAction","target":{"@type":"EntryPoint","urlTemplate":"https:\/\/www.naturparkmagazin.de\/stechlin\/?s={search_term_string}"},"query-input":"required name=search_term_string"}],"inLanguage":"de"},{"@type":"Person","@id":"https:\/\/www.naturparkmagazin.de\/stechlin\/#\/schema\/person\/3f0d93203df21c806dd63c76d9bb28bc","name":"marioschrumpf","url":"https:\/\/www.naturparkmagazin.de\/stechlin\/author\/marioschrumpf\/"}]}},"_links":{"self":[{"href":"https:\/\/www.naturparkmagazin.de\/stechlin\/wp-json\/wp\/v2\/posts\/11486"}],"collection":[{"href":"https:\/\/www.naturparkmagazin.de\/stechlin\/wp-json\/wp\/v2\/posts"}],"about":[{"href":"https:\/\/www.naturparkmagazin.de\/stechlin\/wp-json\/wp\/v2\/types\/post"}],"author":[{"embeddable":true,"href":"https:\/\/www.naturparkmagazin.de\/stechlin\/wp-json\/wp\/v2\/users\/39"}],"replies":[{"embeddable":true,"href":"https:\/\/www.naturparkmagazin.de\/stechlin\/wp-json\/wp\/v2\/comments?post=11486"}],"version-history":[{"count":9,"href":"https:\/\/www.naturparkmagazin.de\/stechlin\/wp-json\/wp\/v2\/posts\/11486\/revisions"}],"predecessor-version":[{"id":11489,"href":"https:\/\/www.naturparkmagazin.de\/stechlin\/wp-json\/wp\/v2\/posts\/11486\/revisions\/11489"}],"wp:featuredmedia":[{"embeddable":true,"href":"https:\/\/www.naturparkmagazin.de\/stechlin\/wp-json\/wp\/v2\/media\/11582"}],"wp:attachment":[{"href":"https:\/\/www.naturparkmagazin.de\/stechlin\/wp-json\/wp\/v2\/media?parent=11486"}],"wp:term":[{"taxonomy":"category","embeddable":true,"href":"https:\/\/www.naturparkmagazin.de\/stechlin\/wp-json\/wp\/v2\/categories?post=11486"},{"taxonomy":"post_tag","embeddable":true,"href":"https:\/\/www.naturparkmagazin.de\/stechlin\/wp-json\/wp\/v2\/tags?post=11486"}],"curies":[{"name":"wp","href":"https:\/\/api.w.org\/{rel}","templated":true}]}}