{"id":1150,"date":"2014-07-18T16:00:05","date_gmt":"2014-07-18T14:00:05","guid":{"rendered":"http:\/\/www.naturparkmagazin.de\/stechlin\/?p=1150"},"modified":"2014-07-29T08:32:03","modified_gmt":"2014-07-29T06:32:03","slug":"stechlinseefest-in-neuglobsow","status":"publish","type":"post","link":"https:\/\/www.naturparkmagazin.de\/stechlin\/stechlinseefest-in-neuglobsow\/","title":{"rendered":"Stechlinseefest in Neuglobsow"},"content":{"rendered":"<div id=\"attachment_972\" style=\"width: 510px\" class=\"wp-caption alignnone\"><a href=\"https:\/\/www.naturparkmagazin.de\/stechlin\/wp-content\/uploads\/sites\/38\/Glasmuseum.jpg\"><img aria-describedby=\"caption-attachment-972\" decoding=\"async\" loading=\"lazy\" class=\"size-full wp-image-972\" alt=\"Glasmuseum Neuglobsow\" src=\"https:\/\/www.naturparkmagazin.de\/stechlin\/wp-content\/uploads\/sites\/38\/Glasmuseum.jpg\" width=\"500\" height=\"340\" srcset=\"https:\/\/www.naturparkmagazin.de\/stechlin\/wp-content\/uploads\/sites\/38\/Glasmuseum.jpg 500w, https:\/\/www.naturparkmagazin.de\/stechlin\/wp-content\/uploads\/sites\/38\/Glasmuseum-300x204.jpg 300w, https:\/\/www.naturparkmagazin.de\/stechlin\/wp-content\/uploads\/sites\/38\/Glasmuseum-200x136.jpg 200w\" sizes=\"(max-width: 500px) 100vw, 500px\" \/><\/a><p id=\"caption-attachment-972\" class=\"wp-caption-text\">Glasmuseum Neuglobsow<\/p><\/div>\n<p>Am Samstag, den 2. August findet in Neuglobsow das Stechlinseefest statt. Im Glasmuseum wird der Glasbl\u00e4ser Rainer Schultrich zu Gast sein. Besucher k\u00f6nnen live erleben, wie vor der Flamme Glas geblasen wird. Um 11 Uhr findet eine Spezialf\u00fchrung durch das Glasmuseum und die Sonderausstellung statt.<\/p>\n","protected":false},"excerpt":{"rendered":"<p>Am Samstag, den 2. August findet in Neuglobsow das Stechlinseefest statt. Im Glasmuseum wird der Glasbl\u00e4ser Rainer Schultrich zu Gast sein. Besucher k\u00f6nnen live erleben, wie vor der Flamme Glas geblasen wird.<\/p>\n","protected":false},"author":39,"featured_media":972,"comment_status":"open","ping_status":"open","sticky":false,"template":"","format":"standard","meta":[],"categories":[11],"tags":[],"yoast_head":"<!-- This site is optimized with the Yoast SEO plugin v19.10 - https:\/\/yoast.com\/wordpress\/plugins\/seo\/ -->\n<title>Stechlinseefest in Neuglobsow - Naturpark Stechlin-Ruppiner Land<\/title>\n<meta name=\"robots\" content=\"index, follow, max-snippet:-1, max-image-preview:large, max-video-preview:-1\" \/>\n<link rel=\"canonical\" href=\"https:\/\/www.naturparkmagazin.de\/stechlin\/stechlinseefest-in-neuglobsow\/\" \/>\n<meta property=\"og:locale\" content=\"de_DE\" \/>\n<meta property=\"og:type\" content=\"article\" \/>\n<meta property=\"og:title\" content=\"Stechlinseefest in Neuglobsow - Naturpark Stechlin-Ruppiner Land\" \/>\n<meta property=\"og:description\" content=\"Am Samstag, den 2. August findet in Neuglobsow das Stechlinseefest statt. Im Glasmuseum wird der Glasbl\u00e4ser Rainer Schultrich zu Gast sein. Besucher k\u00f6nnen live erleben, wie vor der Flamme Glas geblasen wird.\" \/>\n<meta property=\"og:url\" content=\"https:\/\/www.naturparkmagazin.de\/stechlin\/stechlinseefest-in-neuglobsow\/\" \/>\n<meta property=\"og:site_name\" content=\"Naturpark Stechlin-Ruppiner Land\" \/>\n<meta property=\"article:published_time\" content=\"2014-07-18T14:00:05+00:00\" \/>\n<meta property=\"article:modified_time\" content=\"2014-07-29T06:32:03+00:00\" \/>\n<meta property=\"og:image\" content=\"https:\/\/www.naturparkmagazin.de\/stechlin\/wp-content\/uploads\/sites\/38\/Glasmuseum.jpg\" \/>\n\t<meta property=\"og:image:width\" content=\"500\" \/>\n\t<meta property=\"og:image:height\" content=\"340\" \/>\n\t<meta property=\"og:image:type\" content=\"image\/jpeg\" \/>\n<meta name=\"author\" content=\"marioschrumpf\" \/>\n<meta name=\"twitter:label1\" content=\"Verfasst von\" \/>\n\t<meta name=\"twitter:data1\" content=\"marioschrumpf\" \/>\n<script type=\"application\/ld+json\" class=\"yoast-schema-graph\">{\"@context\":\"https:\/\/schema.org\",\"@graph\":[{\"@type\":\"WebPage\",\"@id\":\"https:\/\/www.naturparkmagazin.de\/stechlin\/stechlinseefest-in-neuglobsow\/\",\"url\":\"https:\/\/www.naturparkmagazin.de\/stechlin\/stechlinseefest-in-neuglobsow\/\",\"name\":\"Stechlinseefest in Neuglobsow - Naturpark Stechlin-Ruppiner Land\",\"isPartOf\":{\"@id\":\"https:\/\/www.naturparkmagazin.de\/stechlin\/#website\"},\"datePublished\":\"2014-07-18T14:00:05+00:00\",\"dateModified\":\"2014-07-29T06:32:03+00:00\",\"author\":{\"@id\":\"https:\/\/www.naturparkmagazin.de\/stechlin\/#\/schema\/person\/3f0d93203df21c806dd63c76d9bb28bc\"},\"breadcrumb\":{\"@id\":\"https:\/\/www.naturparkmagazin.de\/stechlin\/stechlinseefest-in-neuglobsow\/#breadcrumb\"},\"inLanguage\":\"de\",\"potentialAction\":[{\"@type\":\"ReadAction\",\"target\":[\"https:\/\/www.naturparkmagazin.de\/stechlin\/stechlinseefest-in-neuglobsow\/\"]}]},{\"@type\":\"BreadcrumbList\",\"@id\":\"https:\/\/www.naturparkmagazin.de\/stechlin\/stechlinseefest-in-neuglobsow\/#breadcrumb\",\"itemListElement\":[{\"@type\":\"ListItem\",\"position\":1,\"name\":\"Home\",\"item\":\"https:\/\/www.naturparkmagazin.de\/stechlin\/\"},{\"@type\":\"ListItem\",\"position\":2,\"name\":\"Stechlinseefest in Neuglobsow\"}]},{\"@type\":\"WebSite\",\"@id\":\"https:\/\/www.naturparkmagazin.de\/stechlin\/#website\",\"url\":\"https:\/\/www.naturparkmagazin.de\/stechlin\/\",\"name\":\"Naturpark Stechlin-Ruppiner Land\",\"description\":\"\",\"potentialAction\":[{\"@type\":\"SearchAction\",\"target\":{\"@type\":\"EntryPoint\",\"urlTemplate\":\"https:\/\/www.naturparkmagazin.de\/stechlin\/?s={search_term_string}\"},\"query-input\":\"required name=search_term_string\"}],\"inLanguage\":\"de\"},{\"@type\":\"Person\",\"@id\":\"https:\/\/www.naturparkmagazin.de\/stechlin\/#\/schema\/person\/3f0d93203df21c806dd63c76d9bb28bc\",\"name\":\"marioschrumpf\",\"url\":\"https:\/\/www.naturparkmagazin.de\/stechlin\/author\/marioschrumpf\/\"}]}<\/script>\n<!-- \/ Yoast SEO plugin. -->","yoast_head_json":{"title":"Stechlinseefest in Neuglobsow - Naturpark Stechlin-Ruppiner Land","robots":{"index":"index","follow":"follow","max-snippet":"max-snippet:-1","max-image-preview":"max-image-preview:large","max-video-preview":"max-video-preview:-1"},"canonical":"https:\/\/www.naturparkmagazin.de\/stechlin\/stechlinseefest-in-neuglobsow\/","og_locale":"de_DE","og_type":"article","og_title":"Stechlinseefest in Neuglobsow - Naturpark Stechlin-Ruppiner Land","og_description":"Am Samstag, den 2. August findet in Neuglobsow das Stechlinseefest statt. Im Glasmuseum wird der Glasbl\u00e4ser Rainer Schultrich zu Gast sein. Besucher k\u00f6nnen live erleben, wie vor der Flamme Glas geblasen wird.","og_url":"https:\/\/www.naturparkmagazin.de\/stechlin\/stechlinseefest-in-neuglobsow\/","og_site_name":"Naturpark Stechlin-Ruppiner Land","article_published_time":"2014-07-18T14:00:05+00:00","article_modified_time":"2014-07-29T06:32:03+00:00","og_image":[{"width":500,"height":340,"url":"https:\/\/www.naturparkmagazin.de\/stechlin\/wp-content\/uploads\/sites\/38\/Glasmuseum.jpg","type":"image\/jpeg"}],"author":"marioschrumpf","twitter_misc":{"Verfasst von":"marioschrumpf"},"schema":{"@context":"https:\/\/schema.org","@graph":[{"@type":"WebPage","@id":"https:\/\/www.naturparkmagazin.de\/stechlin\/stechlinseefest-in-neuglobsow\/","url":"https:\/\/www.naturparkmagazin.de\/stechlin\/stechlinseefest-in-neuglobsow\/","name":"Stechlinseefest in Neuglobsow - Naturpark Stechlin-Ruppiner Land","isPartOf":{"@id":"https:\/\/www.naturparkmagazin.de\/stechlin\/#website"},"datePublished":"2014-07-18T14:00:05+00:00","dateModified":"2014-07-29T06:32:03+00:00","author":{"@id":"https:\/\/www.naturparkmagazin.de\/stechlin\/#\/schema\/person\/3f0d93203df21c806dd63c76d9bb28bc"},"breadcrumb":{"@id":"https:\/\/www.naturparkmagazin.de\/stechlin\/stechlinseefest-in-neuglobsow\/#breadcrumb"},"inLanguage":"de","potentialAction":[{"@type":"ReadAction","target":["https:\/\/www.naturparkmagazin.de\/stechlin\/stechlinseefest-in-neuglobsow\/"]}]},{"@type":"BreadcrumbList","@id":"https:\/\/www.naturparkmagazin.de\/stechlin\/stechlinseefest-in-neuglobsow\/#breadcrumb","itemListElement":[{"@type":"ListItem","position":1,"name":"Home","item":"https:\/\/www.naturparkmagazin.de\/stechlin\/"},{"@type":"ListItem","position":2,"name":"Stechlinseefest in Neuglobsow"}]},{"@type":"WebSite","@id":"https:\/\/www.naturparkmagazin.de\/stechlin\/#website","url":"https:\/\/www.naturparkmagazin.de\/stechlin\/","name":"Naturpark Stechlin-Ruppiner Land","description":"","potentialAction":[{"@type":"SearchAction","target":{"@type":"EntryPoint","urlTemplate":"https:\/\/www.naturparkmagazin.de\/stechlin\/?s={search_term_string}"},"query-input":"required name=search_term_string"}],"inLanguage":"de"},{"@type":"Person","@id":"https:\/\/www.naturparkmagazin.de\/stechlin\/#\/schema\/person\/3f0d93203df21c806dd63c76d9bb28bc","name":"marioschrumpf","url":"https:\/\/www.naturparkmagazin.de\/stechlin\/author\/marioschrumpf\/"}]}},"_links":{"self":[{"href":"https:\/\/www.naturparkmagazin.de\/stechlin\/wp-json\/wp\/v2\/posts\/1150"}],"collection":[{"href":"https:\/\/www.naturparkmagazin.de\/stechlin\/wp-json\/wp\/v2\/posts"}],"about":[{"href":"https:\/\/www.naturparkmagazin.de\/stechlin\/wp-json\/wp\/v2\/types\/post"}],"author":[{"embeddable":true,"href":"https:\/\/www.naturparkmagazin.de\/stechlin\/wp-json\/wp\/v2\/users\/39"}],"replies":[{"embeddable":true,"href":"https:\/\/www.naturparkmagazin.de\/stechlin\/wp-json\/wp\/v2\/comments?post=1150"}],"version-history":[{"count":5,"href":"https:\/\/www.naturparkmagazin.de\/stechlin\/wp-json\/wp\/v2\/posts\/1150\/revisions"}],"predecessor-version":[{"id":1240,"href":"https:\/\/www.naturparkmagazin.de\/stechlin\/wp-json\/wp\/v2\/posts\/1150\/revisions\/1240"}],"wp:featuredmedia":[{"embeddable":true,"href":"https:\/\/www.naturparkmagazin.de\/stechlin\/wp-json\/wp\/v2\/media\/972"}],"wp:attachment":[{"href":"https:\/\/www.naturparkmagazin.de\/stechlin\/wp-json\/wp\/v2\/media?parent=1150"}],"wp:term":[{"taxonomy":"category","embeddable":true,"href":"https:\/\/www.naturparkmagazin.de\/stechlin\/wp-json\/wp\/v2\/categories?post=1150"},{"taxonomy":"post_tag","embeddable":true,"href":"https:\/\/www.naturparkmagazin.de\/stechlin\/wp-json\/wp\/v2\/tags?post=1150"}],"curies":[{"name":"wp","href":"https:\/\/api.w.org\/{rel}","templated":true}]}}