{"id":11506,"date":"2023-01-18T16:07:07","date_gmt":"2023-01-18T15:07:07","guid":{"rendered":"https:\/\/www.naturparkmagazin.de\/stechlin\/?p=11506"},"modified":"2026-01-20T11:55:27","modified_gmt":"2026-01-20T10:55:27","slug":"schnittkurse-in-sewekow","status":"publish","type":"post","link":"https:\/\/www.naturparkmagazin.de\/stechlin\/schnittkurse-in-sewekow\/","title":{"rendered":"Obstbaum-Schnittkurs in Menz am 4. M\u00e4rz 2023"},"content":{"rendered":"<p>Am <strong>4. M\u00e4rz 2023<\/strong> von <strong>10:00 &#8211; 15:00 Uhr<\/strong> bietet der Obstbaumwart Marc Marquardt aus Heinrichsdorf gemeinsam mit dem Ranger Thomas Hahn in Menz einen Schnittkurs f\u00fcr Obstgeh\u00f6lze an.<\/p>\n<p>Das Interesse an alten, teilweise in Vergessenheit geratenen Obstsorten und deren Erhalt durch Baumpflanzungen im privaten sowie \u00f6ffentlichen Bereich steigt stetig und erlebt gerade eine neue Renaissance. Die erw\u00fcnschte Nachhaltigkeit solcher obstbaulichen Projekte kann nur durch das notwendige Know-how gew\u00e4hrleistet werden.<\/p>\n<div id=\"attachment_11282\" style=\"width: 210px\" class=\"wp-caption aligncenter\"><a href=\"https:\/\/www.naturparkmagazin.de\/stechlin\/wp-content\/uploads\/sites\/38\/aufmacher9.jpg\"><img aria-describedby=\"caption-attachment-11282\" decoding=\"async\" loading=\"lazy\" class=\"size-full wp-image-11282\" src=\"https:\/\/www.naturparkmagazin.de\/stechlin\/wp-content\/uploads\/sites\/38\/aufmacher9.jpg\" alt=\"\u00a9 Foto: Dr. Mario Schrumpf\" width=\"200\" height=\"200\" srcset=\"https:\/\/www.naturparkmagazin.de\/stechlin\/wp-content\/uploads\/sites\/38\/aufmacher9.jpg 200w, https:\/\/www.naturparkmagazin.de\/stechlin\/wp-content\/uploads\/sites\/38\/aufmacher9-30x30.jpg 30w\" sizes=\"(max-width: 200px) 100vw, 200px\" \/><\/a><p id=\"caption-attachment-11282\" class=\"wp-caption-text\">Bei der Pflanzung von Obsthochst\u00e4mmen muss einiges bedacht werden. \u00a9 Foto: Dr. Mario Schrumpf<\/p><\/div>\n<p><strong>Das Ziel:<\/strong> Vitale, gro\u00dfkronige und ertragreiche B\u00e4ume.<\/p>\n<p>Im Seminar werden grundlegende Kenntnisse zu j\u00e4hrlichen Schnittma\u00dfnahmen, aber auch zur Bodenverbesserung und Pflanzung vermittelt.<\/p>\n<div id=\"attachment_11132\" style=\"width: 210px\" class=\"wp-caption aligncenter\"><a href=\"https:\/\/www.naturparkmagazin.de\/stechlin\/wp-content\/uploads\/sites\/38\/preisverleihung-n-garten_a.jpg\"><img aria-describedby=\"caption-attachment-11132\" decoding=\"async\" loading=\"lazy\" class=\"size-full wp-image-11132\" src=\"https:\/\/www.naturparkmagazin.de\/stechlin\/wp-content\/uploads\/sites\/38\/preisverleihung-n-garten_a.jpg\" alt=\"\u00a9 Foto: Heiko Strobel\" width=\"200\" height=\"200\" srcset=\"https:\/\/www.naturparkmagazin.de\/stechlin\/wp-content\/uploads\/sites\/38\/preisverleihung-n-garten_a.jpg 200w, https:\/\/www.naturparkmagazin.de\/stechlin\/wp-content\/uploads\/sites\/38\/preisverleihung-n-garten_a-30x30.jpg 30w\" sizes=\"(max-width: 200px) 100vw, 200px\" \/><\/a><p id=\"caption-attachment-11132\" class=\"wp-caption-text\">Wer solche Fr\u00fcchte ernten will, muss seine Obstb\u00e4ume regelm\u00e4\u00dfig schneiden \u00a9 Foto: Heiko Strobel<\/p><\/div>\n<p><strong>Theoretischer Teil:<\/strong><\/p>\n<ul>\n<li>kurze Einf\u00fchrung in die Geschichte: des Apfelbaumes, der Streuobstwiese, der Pomologie<\/li>\n<li>Vorstellung des eigenen Streuobstprojektes Schwarmlandhof<\/li>\n<li>Welche B\u00f6den, welche Standorte sind f\u00fcr Apfelb\u00e4ume geeignet?<\/li>\n<li>Aufbau und Eigenschaften eines Apfelhochstammes<\/li>\n<li>Die Baumpflanzung &#8211; Werkzeuge und Hilfsmittel<\/li>\n<li>Warum und zu welchem Zeitpunkt wird ein Apfelbaum geschnitten?<\/li>\n<li>Der &#8222;\u00d6schbergschnitt&#8220; als ideale Methode f\u00fcr hochst\u00e4mmige Apfelb\u00e4ume?<\/li>\n<li>J\u00e4hrliche Schnitt- und Pflegema\u00dfnahmen ( Jugend(!!!)-, Ertrags- und Alterstadium)<\/li>\n<li>Wunden vermeiden\/Wundbehandlung<\/li>\n<\/ul>\n<p><strong>Im Anschluss:<\/strong> Obstbaumschnitt in der Praxis auf der Menzer Streuobstwiese<\/p>\n<p><strong>Zielgruppe:<\/strong> Kleing\u00e4rtnerInnen, StreuobstwiesenbesitzerInnen, Interessierte am Obstbau<\/p>\n<div id=\"attachment_11144\" style=\"width: 310px\" class=\"wp-caption aligncenter\"><a href=\"https:\/\/www.naturparkmagazin.de\/stechlin\/wp-content\/uploads\/sites\/38\/streuobstwiese.jpg\"><img aria-describedby=\"caption-attachment-11144\" decoding=\"async\" loading=\"lazy\" class=\"size-thumbnail wp-image-11144\" src=\"https:\/\/www.naturparkmagazin.de\/stechlin\/wp-content\/uploads\/sites\/38\/streuobstwiese-300x180.jpg\" alt=\"Obstgeh\u00f6lze hinter dem Hof von Marc Marquardt, hier ein Quittenbaum, dessen Fr\u00fcchte er auch inseiner Mosterei verarbeitet. \u00a9 Foto: Heiko Strobel\" width=\"300\" height=\"180\" srcset=\"https:\/\/www.naturparkmagazin.de\/stechlin\/wp-content\/uploads\/sites\/38\/streuobstwiese-300x180.jpg 300w, https:\/\/www.naturparkmagazin.de\/stechlin\/wp-content\/uploads\/sites\/38\/streuobstwiese.jpg 500w, https:\/\/www.naturparkmagazin.de\/stechlin\/wp-content\/uploads\/sites\/38\/streuobstwiese-200x120.jpg 200w\" sizes=\"(max-width: 300px) 100vw, 300px\" \/><\/a><p id=\"caption-attachment-11144\" class=\"wp-caption-text\">Obstgeh\u00f6lze auf dem Hof von Marc Marquardt, hier ein Quittenbaum, dessen Fr\u00fcchte er auch in seiner Mosterei verarbeitet.\u00a9 Foto: Heiko Strobel<\/p><\/div>\n<p>&nbsp;<\/p>\n<p><strong>Erforderliche Ausr\u00fcstung:<\/strong> Wetterfeste Kleidung, Arbeitshandschuhe, Werkzeug (falls vorhanden)<\/p>\n<p><strong>Kontakt &#8211; Anmeldung bitte bis 24.02.2023 (max. Teilnehmerzahl 15)\n<\/strong><\/p>\n<p>Heiko Strobel; Telefon: 033082 40714; E-Mail: heiko.strobel@lfu.brandenburg.de<\/p>\n<p><strong>Ort der Veranstaltung:<\/strong><\/p>\n<p>Regionalwerkstatt Stechlin,Friedensplatz 9, 16775 Stechlin OT Menz sowie auf der Menzer Streuobstwiese<\/p>\n","protected":false},"excerpt":{"rendered":"<p>Das Interesse an alten, teilweise in Vergessenheit geratenen Obstsorten und deren Erhalt durch Baumpflanzungen im privaten sowie \u00f6ffentlichen Bereich steigt stetig und erlebt gerade eine neue Renaissance.<\/p>\n","protected":false},"author":39,"featured_media":10942,"comment_status":"open","ping_status":"open","sticky":false,"template":"","format":"standard","meta":[],"categories":[11],"tags":[],"yoast_head":"<!-- This site is optimized with the Yoast SEO plugin v19.10 - https:\/\/yoast.com\/wordpress\/plugins\/seo\/ -->\n<title>Obstbaum-Schnittkurs in Menz am 4. M\u00e4rz 2023 - Naturpark Stechlin-Ruppiner Land<\/title>\n<meta name=\"robots\" content=\"index, follow, max-snippet:-1, max-image-preview:large, max-video-preview:-1\" \/>\n<link rel=\"canonical\" href=\"https:\/\/www.naturparkmagazin.de\/stechlin\/schnittkurse-in-sewekow\/\" \/>\n<meta property=\"og:locale\" content=\"de_DE\" \/>\n<meta property=\"og:type\" content=\"article\" \/>\n<meta property=\"og:title\" content=\"Obstbaum-Schnittkurs in Menz am 4. M\u00e4rz 2023 - Naturpark Stechlin-Ruppiner Land\" \/>\n<meta property=\"og:description\" content=\"Das Interesse an alten, teilweise in Vergessenheit geratenen Obstsorten und deren Erhalt durch Baumpflanzungen im privaten sowie \u00f6ffentlichen Bereich steigt stetig und erlebt gerade eine neue Renaissance.\" \/>\n<meta property=\"og:url\" content=\"https:\/\/www.naturparkmagazin.de\/stechlin\/schnittkurse-in-sewekow\/\" \/>\n<meta property=\"og:site_name\" content=\"Naturpark Stechlin-Ruppiner Land\" \/>\n<meta property=\"article:published_time\" content=\"2023-01-18T15:07:07+00:00\" \/>\n<meta property=\"article:modified_time\" content=\"2026-01-20T10:55:27+00:00\" \/>\n<meta property=\"og:image\" content=\"https:\/\/www.naturparkmagazin.de\/stechlin\/wp-content\/uploads\/sites\/38\/\u00e4pfel-sewekow.jpg\" \/>\n\t<meta property=\"og:image:width\" content=\"200\" \/>\n\t<meta property=\"og:image:height\" content=\"200\" \/>\n\t<meta property=\"og:image:type\" content=\"image\/jpeg\" \/>\n<meta name=\"author\" content=\"marioschrumpf\" \/>\n<meta name=\"twitter:label1\" content=\"Verfasst von\" \/>\n\t<meta name=\"twitter:data1\" content=\"marioschrumpf\" \/>\n\t<meta name=\"twitter:label2\" content=\"Gesch\u00e4tzte Lesezeit\" \/>\n\t<meta name=\"twitter:data2\" content=\"3\u00a0Minuten\" \/>\n<script type=\"application\/ld+json\" class=\"yoast-schema-graph\">{\"@context\":\"https:\/\/schema.org\",\"@graph\":[{\"@type\":\"WebPage\",\"@id\":\"https:\/\/www.naturparkmagazin.de\/stechlin\/schnittkurse-in-sewekow\/\",\"url\":\"https:\/\/www.naturparkmagazin.de\/stechlin\/schnittkurse-in-sewekow\/\",\"name\":\"Obstbaum-Schnittkurs in Menz am 4. M\u00e4rz 2023 - Naturpark Stechlin-Ruppiner Land\",\"isPartOf\":{\"@id\":\"https:\/\/www.naturparkmagazin.de\/stechlin\/#website\"},\"datePublished\":\"2023-01-18T15:07:07+00:00\",\"dateModified\":\"2026-01-20T10:55:27+00:00\",\"author\":{\"@id\":\"https:\/\/www.naturparkmagazin.de\/stechlin\/#\/schema\/person\/3f0d93203df21c806dd63c76d9bb28bc\"},\"breadcrumb\":{\"@id\":\"https:\/\/www.naturparkmagazin.de\/stechlin\/schnittkurse-in-sewekow\/#breadcrumb\"},\"inLanguage\":\"de\",\"potentialAction\":[{\"@type\":\"ReadAction\",\"target\":[\"https:\/\/www.naturparkmagazin.de\/stechlin\/schnittkurse-in-sewekow\/\"]}]},{\"@type\":\"BreadcrumbList\",\"@id\":\"https:\/\/www.naturparkmagazin.de\/stechlin\/schnittkurse-in-sewekow\/#breadcrumb\",\"itemListElement\":[{\"@type\":\"ListItem\",\"position\":1,\"name\":\"Home\",\"item\":\"https:\/\/www.naturparkmagazin.de\/stechlin\/\"},{\"@type\":\"ListItem\",\"position\":2,\"name\":\"Obstbaum-Schnittkurs in Menz am 4. M\u00e4rz 2023\"}]},{\"@type\":\"WebSite\",\"@id\":\"https:\/\/www.naturparkmagazin.de\/stechlin\/#website\",\"url\":\"https:\/\/www.naturparkmagazin.de\/stechlin\/\",\"name\":\"Naturpark Stechlin-Ruppiner Land\",\"description\":\"\",\"potentialAction\":[{\"@type\":\"SearchAction\",\"target\":{\"@type\":\"EntryPoint\",\"urlTemplate\":\"https:\/\/www.naturparkmagazin.de\/stechlin\/?s={search_term_string}\"},\"query-input\":\"required name=search_term_string\"}],\"inLanguage\":\"de\"},{\"@type\":\"Person\",\"@id\":\"https:\/\/www.naturparkmagazin.de\/stechlin\/#\/schema\/person\/3f0d93203df21c806dd63c76d9bb28bc\",\"name\":\"marioschrumpf\",\"url\":\"https:\/\/www.naturparkmagazin.de\/stechlin\/author\/marioschrumpf\/\"}]}<\/script>\n<!-- \/ Yoast SEO plugin. -->","yoast_head_json":{"title":"Obstbaum-Schnittkurs in Menz am 4. M\u00e4rz 2023 - Naturpark Stechlin-Ruppiner Land","robots":{"index":"index","follow":"follow","max-snippet":"max-snippet:-1","max-image-preview":"max-image-preview:large","max-video-preview":"max-video-preview:-1"},"canonical":"https:\/\/www.naturparkmagazin.de\/stechlin\/schnittkurse-in-sewekow\/","og_locale":"de_DE","og_type":"article","og_title":"Obstbaum-Schnittkurs in Menz am 4. M\u00e4rz 2023 - Naturpark Stechlin-Ruppiner Land","og_description":"Das Interesse an alten, teilweise in Vergessenheit geratenen Obstsorten und deren Erhalt durch Baumpflanzungen im privaten sowie \u00f6ffentlichen Bereich steigt stetig und erlebt gerade eine neue Renaissance.","og_url":"https:\/\/www.naturparkmagazin.de\/stechlin\/schnittkurse-in-sewekow\/","og_site_name":"Naturpark Stechlin-Ruppiner Land","article_published_time":"2023-01-18T15:07:07+00:00","article_modified_time":"2026-01-20T10:55:27+00:00","og_image":[{"width":200,"height":200,"url":"https:\/\/www.naturparkmagazin.de\/stechlin\/wp-content\/uploads\/sites\/38\/\u00e4pfel-sewekow.jpg","type":"image\/jpeg"}],"author":"marioschrumpf","twitter_misc":{"Verfasst von":"marioschrumpf","Gesch\u00e4tzte Lesezeit":"3\u00a0Minuten"},"schema":{"@context":"https:\/\/schema.org","@graph":[{"@type":"WebPage","@id":"https:\/\/www.naturparkmagazin.de\/stechlin\/schnittkurse-in-sewekow\/","url":"https:\/\/www.naturparkmagazin.de\/stechlin\/schnittkurse-in-sewekow\/","name":"Obstbaum-Schnittkurs in Menz am 4. M\u00e4rz 2023 - Naturpark Stechlin-Ruppiner Land","isPartOf":{"@id":"https:\/\/www.naturparkmagazin.de\/stechlin\/#website"},"datePublished":"2023-01-18T15:07:07+00:00","dateModified":"2026-01-20T10:55:27+00:00","author":{"@id":"https:\/\/www.naturparkmagazin.de\/stechlin\/#\/schema\/person\/3f0d93203df21c806dd63c76d9bb28bc"},"breadcrumb":{"@id":"https:\/\/www.naturparkmagazin.de\/stechlin\/schnittkurse-in-sewekow\/#breadcrumb"},"inLanguage":"de","potentialAction":[{"@type":"ReadAction","target":["https:\/\/www.naturparkmagazin.de\/stechlin\/schnittkurse-in-sewekow\/"]}]},{"@type":"BreadcrumbList","@id":"https:\/\/www.naturparkmagazin.de\/stechlin\/schnittkurse-in-sewekow\/#breadcrumb","itemListElement":[{"@type":"ListItem","position":1,"name":"Home","item":"https:\/\/www.naturparkmagazin.de\/stechlin\/"},{"@type":"ListItem","position":2,"name":"Obstbaum-Schnittkurs in Menz am 4. M\u00e4rz 2023"}]},{"@type":"WebSite","@id":"https:\/\/www.naturparkmagazin.de\/stechlin\/#website","url":"https:\/\/www.naturparkmagazin.de\/stechlin\/","name":"Naturpark Stechlin-Ruppiner Land","description":"","potentialAction":[{"@type":"SearchAction","target":{"@type":"EntryPoint","urlTemplate":"https:\/\/www.naturparkmagazin.de\/stechlin\/?s={search_term_string}"},"query-input":"required name=search_term_string"}],"inLanguage":"de"},{"@type":"Person","@id":"https:\/\/www.naturparkmagazin.de\/stechlin\/#\/schema\/person\/3f0d93203df21c806dd63c76d9bb28bc","name":"marioschrumpf","url":"https:\/\/www.naturparkmagazin.de\/stechlin\/author\/marioschrumpf\/"}]}},"_links":{"self":[{"href":"https:\/\/www.naturparkmagazin.de\/stechlin\/wp-json\/wp\/v2\/posts\/11506"}],"collection":[{"href":"https:\/\/www.naturparkmagazin.de\/stechlin\/wp-json\/wp\/v2\/posts"}],"about":[{"href":"https:\/\/www.naturparkmagazin.de\/stechlin\/wp-json\/wp\/v2\/types\/post"}],"author":[{"embeddable":true,"href":"https:\/\/www.naturparkmagazin.de\/stechlin\/wp-json\/wp\/v2\/users\/39"}],"replies":[{"embeddable":true,"href":"https:\/\/www.naturparkmagazin.de\/stechlin\/wp-json\/wp\/v2\/comments?post=11506"}],"version-history":[{"count":12,"href":"https:\/\/www.naturparkmagazin.de\/stechlin\/wp-json\/wp\/v2\/posts\/11506\/revisions"}],"predecessor-version":[{"id":18731,"href":"https:\/\/www.naturparkmagazin.de\/stechlin\/wp-json\/wp\/v2\/posts\/11506\/revisions\/18731"}],"wp:featuredmedia":[{"embeddable":true,"href":"https:\/\/www.naturparkmagazin.de\/stechlin\/wp-json\/wp\/v2\/media\/10942"}],"wp:attachment":[{"href":"https:\/\/www.naturparkmagazin.de\/stechlin\/wp-json\/wp\/v2\/media?parent=11506"}],"wp:term":[{"taxonomy":"category","embeddable":true,"href":"https:\/\/www.naturparkmagazin.de\/stechlin\/wp-json\/wp\/v2\/categories?post=11506"},{"taxonomy":"post_tag","embeddable":true,"href":"https:\/\/www.naturparkmagazin.de\/stechlin\/wp-json\/wp\/v2\/tags?post=11506"}],"curies":[{"name":"wp","href":"https:\/\/api.w.org\/{rel}","templated":true}]}}