{"id":11508,"date":"2022-01-19T18:00:12","date_gmt":"2022-01-19T17:00:12","guid":{"rendered":"https:\/\/www.naturparkmagazin.de\/stechlin\/?p=11508"},"modified":"2022-01-24T12:02:20","modified_gmt":"2022-01-24T11:02:20","slug":"heimat-natur-2","status":"publish","type":"post","link":"https:\/\/www.naturparkmagazin.de\/stechlin\/heimat-natur-2\/","title":{"rendered":"Heimat Natur &#8211; ein Film von Jan Haft"},"content":{"rendered":"<p>Heimat ist da, wo wir aufwachsen oder uns dauerhaft niederlassen. Und diese Heimat ist stets auch von Natur gepr\u00e4gt. Diese ver\u00e4ndert und gestaltet der Mensch heute mehr als jedes Naturgesetz. HEIMAT NATUR ist eine bildgewaltige Reise durch die Natur unserer Heimat, von den Gipfeln der Alpen bis an die K\u00fcsten und in die Tiefen von Nord- und Ostsee.<\/p>\n<div id=\"attachment_11514\" style=\"width: 310px\" class=\"wp-caption aligncenter\"><a href=\"https:\/\/www.naturparkmagazin.de\/stechlin\/wp-content\/uploads\/sites\/38\/HeimatNatur.jpg\"><img aria-describedby=\"caption-attachment-11514\" decoding=\"async\" loading=\"lazy\" class=\"size-thumbnail wp-image-11514\" src=\"https:\/\/www.naturparkmagazin.de\/stechlin\/wp-content\/uploads\/sites\/38\/HeimatNatur-300x424.jpg\" alt=\"\u00a9 Kino Astoria (Wittstock\/Dosse)\" width=\"300\" height=\"424\" srcset=\"https:\/\/www.naturparkmagazin.de\/stechlin\/wp-content\/uploads\/sites\/38\/HeimatNatur.jpg 300w, https:\/\/www.naturparkmagazin.de\/stechlin\/wp-content\/uploads\/sites\/38\/HeimatNatur-200x283.jpg 200w\" sizes=\"(max-width: 300px) 100vw, 300px\" \/><\/a><p id=\"caption-attachment-11514\" class=\"wp-caption-text\">\u00a9 Kino Astoria (Wittstock\/Dosse)<\/p><\/div>\n<p>Dazwischen liegt ein filmischer Streifzug durch dampfende W\u00e4lder, flirrende Moore, \u00fcber rosabl\u00fchende Heiden und die bunte Kulturlandschaft rings um unsere D\u00f6rfer und St\u00e4dte. In au\u00dfergew\u00f6hnlichen Bildern zeigt Jan Haft diese Natur von ihrer sch\u00f6nsten Seite und untersucht dabei den Zustand der heimischen Lebensr\u00e4ume.<\/p>\n<p>Zeitlupen- und Zeitrafferaufnahmen sowie intime Aufnahmen von wohlvertrauten und unbekannten Arten, manche zum ersten Mal gefilmt, machen den Film zu einem cineastischen Naturerlebnis f\u00fcr die ganze Familie.<\/p>\n<p>Drehort ist u.a. die Kyritz Ruppiner Heide in unserem Naturpark.<\/p>\n<p>Im Anschluss an den Film erz\u00e4hlt der Regisseur und weltbekannte Naturfilmer &#8211; Jan Haft vom Filmemachen in der Natur und beantwortet Fragen aus dem Publikum. Gef\u00f6rdert wurde der Film von der Heinz Sielmann Stiftung. Sie betreut im S\u00fcden des ehemaligen \u201eBombodroms\u201c rund 4000 Hektar Nationale-Naturerbe-Fl\u00e4che und k\u00fcmmert sich um die naturschutzfachlichen Belange.<\/p>\n<div id=\"attachment_11515\" style=\"width: 310px\" class=\"wp-caption aligncenter\"><a href=\"https:\/\/www.naturparkmagazin.de\/stechlin\/wp-content\/uploads\/sites\/38\/Jan-Haft.jpg\"><img aria-describedby=\"caption-attachment-11515\" decoding=\"async\" loading=\"lazy\" class=\"size-thumbnail wp-image-11515\" src=\"https:\/\/www.naturparkmagazin.de\/stechlin\/wp-content\/uploads\/sites\/38\/Jan-Haft-300x180.jpg\" alt=\"\u00a9 Kino Astoria (Wittstock\/Dosse)\" width=\"300\" height=\"180\" srcset=\"https:\/\/www.naturparkmagazin.de\/stechlin\/wp-content\/uploads\/sites\/38\/Jan-Haft-300x180.jpg 300w, https:\/\/www.naturparkmagazin.de\/stechlin\/wp-content\/uploads\/sites\/38\/Jan-Haft.jpg 500w, https:\/\/www.naturparkmagazin.de\/stechlin\/wp-content\/uploads\/sites\/38\/Jan-Haft-200x120.jpg 200w\" sizes=\"(max-width: 300px) 100vw, 300px\" \/><\/a><p id=\"caption-attachment-11515\" class=\"wp-caption-text\">Jan Haft \u00a9 Kino Astoria (Wittstock\/Dosse)<\/p><\/div>\n<p><strong>Termin:<\/strong> 30.1.2022, 16 Uhr<\/p>\n<p><strong>Ort:<\/strong> Kino Astoria Wittstock\/Dosse<\/p>\n<p>Ab 16.00 Uhr gibt es einen Kuchenbasar. Die B\u00fccherquelle Wittstock\/Dosse bietet B\u00fccher von Jan Haft im Foyer an.<\/p>\n<p>Eintritt: 10 \u20ac, Sch\u00fcler 8 \u20ac. Der Vorverkauf l\u00e4uft.<\/p>\n<p><a href=\"http:\/\/www.kino-astoria.de\" target=\"_blank\">www.kino-astoria.de<\/a><\/p>\n","protected":false},"excerpt":{"rendered":"<p>Am 30.1.2022 l\u00e4dt der Verein Freiraum Wittstock-Ruppiner Heide e. V.  ins Wittstocker Kino Astoria zur Vorstellung des Filmes &#8222;Heimat Natur&#8220; mit Filmemacher Jan Haft ein.<\/p>\n","protected":false},"author":39,"featured_media":11516,"comment_status":"open","ping_status":"open","sticky":false,"template":"","format":"standard","meta":[],"categories":[11],"tags":[],"yoast_head":"<!-- This site is optimized with the Yoast SEO plugin v19.10 - https:\/\/yoast.com\/wordpress\/plugins\/seo\/ -->\n<title>Heimat Natur - ein Film von Jan Haft - Naturpark Stechlin-Ruppiner Land<\/title>\n<meta name=\"robots\" content=\"index, follow, max-snippet:-1, max-image-preview:large, max-video-preview:-1\" \/>\n<link rel=\"canonical\" href=\"https:\/\/www.naturparkmagazin.de\/stechlin\/heimat-natur-2\/\" \/>\n<meta property=\"og:locale\" content=\"de_DE\" \/>\n<meta property=\"og:type\" content=\"article\" \/>\n<meta property=\"og:title\" content=\"Heimat Natur - ein Film von Jan Haft - Naturpark Stechlin-Ruppiner Land\" \/>\n<meta property=\"og:description\" content=\"Am 30.1.2022 l\u00e4dt der Verein Freiraum Wittstock-Ruppiner Heide e. V. ins Wittstocker Kino Astoria zur Vorstellung des Filmes &quot;Heimat Natur&quot; mit Filmemacher Jan Haft ein.\" \/>\n<meta property=\"og:url\" content=\"https:\/\/www.naturparkmagazin.de\/stechlin\/heimat-natur-2\/\" \/>\n<meta property=\"og:site_name\" content=\"Naturpark Stechlin-Ruppiner Land\" \/>\n<meta property=\"article:published_time\" content=\"2022-01-19T17:00:12+00:00\" \/>\n<meta property=\"article:modified_time\" content=\"2022-01-24T11:02:20+00:00\" \/>\n<meta property=\"og:image\" content=\"https:\/\/www.naturparkmagazin.de\/stechlin\/wp-content\/uploads\/sites\/38\/Jan-Haft_a.jpg\" \/>\n\t<meta property=\"og:image:width\" content=\"200\" \/>\n\t<meta property=\"og:image:height\" content=\"200\" \/>\n\t<meta property=\"og:image:type\" content=\"image\/jpeg\" \/>\n<meta name=\"author\" content=\"marioschrumpf\" \/>\n<meta name=\"twitter:label1\" content=\"Verfasst von\" \/>\n\t<meta name=\"twitter:data1\" content=\"marioschrumpf\" \/>\n\t<meta name=\"twitter:label2\" content=\"Gesch\u00e4tzte Lesezeit\" \/>\n\t<meta name=\"twitter:data2\" content=\"1\u00a0Minute\" \/>\n<script type=\"application\/ld+json\" class=\"yoast-schema-graph\">{\"@context\":\"https:\/\/schema.org\",\"@graph\":[{\"@type\":\"WebPage\",\"@id\":\"https:\/\/www.naturparkmagazin.de\/stechlin\/heimat-natur-2\/\",\"url\":\"https:\/\/www.naturparkmagazin.de\/stechlin\/heimat-natur-2\/\",\"name\":\"Heimat Natur - ein Film von Jan Haft - Naturpark Stechlin-Ruppiner Land\",\"isPartOf\":{\"@id\":\"https:\/\/www.naturparkmagazin.de\/stechlin\/#website\"},\"datePublished\":\"2022-01-19T17:00:12+00:00\",\"dateModified\":\"2022-01-24T11:02:20+00:00\",\"author\":{\"@id\":\"https:\/\/www.naturparkmagazin.de\/stechlin\/#\/schema\/person\/3f0d93203df21c806dd63c76d9bb28bc\"},\"breadcrumb\":{\"@id\":\"https:\/\/www.naturparkmagazin.de\/stechlin\/heimat-natur-2\/#breadcrumb\"},\"inLanguage\":\"de\",\"potentialAction\":[{\"@type\":\"ReadAction\",\"target\":[\"https:\/\/www.naturparkmagazin.de\/stechlin\/heimat-natur-2\/\"]}]},{\"@type\":\"BreadcrumbList\",\"@id\":\"https:\/\/www.naturparkmagazin.de\/stechlin\/heimat-natur-2\/#breadcrumb\",\"itemListElement\":[{\"@type\":\"ListItem\",\"position\":1,\"name\":\"Home\",\"item\":\"https:\/\/www.naturparkmagazin.de\/stechlin\/\"},{\"@type\":\"ListItem\",\"position\":2,\"name\":\"Heimat Natur &#8211; ein Film von Jan Haft\"}]},{\"@type\":\"WebSite\",\"@id\":\"https:\/\/www.naturparkmagazin.de\/stechlin\/#website\",\"url\":\"https:\/\/www.naturparkmagazin.de\/stechlin\/\",\"name\":\"Naturpark Stechlin-Ruppiner Land\",\"description\":\"\",\"potentialAction\":[{\"@type\":\"SearchAction\",\"target\":{\"@type\":\"EntryPoint\",\"urlTemplate\":\"https:\/\/www.naturparkmagazin.de\/stechlin\/?s={search_term_string}\"},\"query-input\":\"required name=search_term_string\"}],\"inLanguage\":\"de\"},{\"@type\":\"Person\",\"@id\":\"https:\/\/www.naturparkmagazin.de\/stechlin\/#\/schema\/person\/3f0d93203df21c806dd63c76d9bb28bc\",\"name\":\"marioschrumpf\",\"url\":\"https:\/\/www.naturparkmagazin.de\/stechlin\/author\/marioschrumpf\/\"}]}<\/script>\n<!-- \/ Yoast SEO plugin. -->","yoast_head_json":{"title":"Heimat Natur - ein Film von Jan Haft - Naturpark Stechlin-Ruppiner Land","robots":{"index":"index","follow":"follow","max-snippet":"max-snippet:-1","max-image-preview":"max-image-preview:large","max-video-preview":"max-video-preview:-1"},"canonical":"https:\/\/www.naturparkmagazin.de\/stechlin\/heimat-natur-2\/","og_locale":"de_DE","og_type":"article","og_title":"Heimat Natur - ein Film von Jan Haft - Naturpark Stechlin-Ruppiner Land","og_description":"Am 30.1.2022 l\u00e4dt der Verein Freiraum Wittstock-Ruppiner Heide e. V. ins Wittstocker Kino Astoria zur Vorstellung des Filmes \"Heimat Natur\" mit Filmemacher Jan Haft ein.","og_url":"https:\/\/www.naturparkmagazin.de\/stechlin\/heimat-natur-2\/","og_site_name":"Naturpark Stechlin-Ruppiner Land","article_published_time":"2022-01-19T17:00:12+00:00","article_modified_time":"2022-01-24T11:02:20+00:00","og_image":[{"width":200,"height":200,"url":"https:\/\/www.naturparkmagazin.de\/stechlin\/wp-content\/uploads\/sites\/38\/Jan-Haft_a.jpg","type":"image\/jpeg"}],"author":"marioschrumpf","twitter_misc":{"Verfasst von":"marioschrumpf","Gesch\u00e4tzte Lesezeit":"1\u00a0Minute"},"schema":{"@context":"https:\/\/schema.org","@graph":[{"@type":"WebPage","@id":"https:\/\/www.naturparkmagazin.de\/stechlin\/heimat-natur-2\/","url":"https:\/\/www.naturparkmagazin.de\/stechlin\/heimat-natur-2\/","name":"Heimat Natur - ein Film von Jan Haft - Naturpark Stechlin-Ruppiner Land","isPartOf":{"@id":"https:\/\/www.naturparkmagazin.de\/stechlin\/#website"},"datePublished":"2022-01-19T17:00:12+00:00","dateModified":"2022-01-24T11:02:20+00:00","author":{"@id":"https:\/\/www.naturparkmagazin.de\/stechlin\/#\/schema\/person\/3f0d93203df21c806dd63c76d9bb28bc"},"breadcrumb":{"@id":"https:\/\/www.naturparkmagazin.de\/stechlin\/heimat-natur-2\/#breadcrumb"},"inLanguage":"de","potentialAction":[{"@type":"ReadAction","target":["https:\/\/www.naturparkmagazin.de\/stechlin\/heimat-natur-2\/"]}]},{"@type":"BreadcrumbList","@id":"https:\/\/www.naturparkmagazin.de\/stechlin\/heimat-natur-2\/#breadcrumb","itemListElement":[{"@type":"ListItem","position":1,"name":"Home","item":"https:\/\/www.naturparkmagazin.de\/stechlin\/"},{"@type":"ListItem","position":2,"name":"Heimat Natur &#8211; ein Film von Jan Haft"}]},{"@type":"WebSite","@id":"https:\/\/www.naturparkmagazin.de\/stechlin\/#website","url":"https:\/\/www.naturparkmagazin.de\/stechlin\/","name":"Naturpark Stechlin-Ruppiner Land","description":"","potentialAction":[{"@type":"SearchAction","target":{"@type":"EntryPoint","urlTemplate":"https:\/\/www.naturparkmagazin.de\/stechlin\/?s={search_term_string}"},"query-input":"required name=search_term_string"}],"inLanguage":"de"},{"@type":"Person","@id":"https:\/\/www.naturparkmagazin.de\/stechlin\/#\/schema\/person\/3f0d93203df21c806dd63c76d9bb28bc","name":"marioschrumpf","url":"https:\/\/www.naturparkmagazin.de\/stechlin\/author\/marioschrumpf\/"}]}},"_links":{"self":[{"href":"https:\/\/www.naturparkmagazin.de\/stechlin\/wp-json\/wp\/v2\/posts\/11508"}],"collection":[{"href":"https:\/\/www.naturparkmagazin.de\/stechlin\/wp-json\/wp\/v2\/posts"}],"about":[{"href":"https:\/\/www.naturparkmagazin.de\/stechlin\/wp-json\/wp\/v2\/types\/post"}],"author":[{"embeddable":true,"href":"https:\/\/www.naturparkmagazin.de\/stechlin\/wp-json\/wp\/v2\/users\/39"}],"replies":[{"embeddable":true,"href":"https:\/\/www.naturparkmagazin.de\/stechlin\/wp-json\/wp\/v2\/comments?post=11508"}],"version-history":[{"count":8,"href":"https:\/\/www.naturparkmagazin.de\/stechlin\/wp-json\/wp\/v2\/posts\/11508\/revisions"}],"predecessor-version":[{"id":11597,"href":"https:\/\/www.naturparkmagazin.de\/stechlin\/wp-json\/wp\/v2\/posts\/11508\/revisions\/11597"}],"wp:featuredmedia":[{"embeddable":true,"href":"https:\/\/www.naturparkmagazin.de\/stechlin\/wp-json\/wp\/v2\/media\/11516"}],"wp:attachment":[{"href":"https:\/\/www.naturparkmagazin.de\/stechlin\/wp-json\/wp\/v2\/media?parent=11508"}],"wp:term":[{"taxonomy":"category","embeddable":true,"href":"https:\/\/www.naturparkmagazin.de\/stechlin\/wp-json\/wp\/v2\/categories?post=11508"},{"taxonomy":"post_tag","embeddable":true,"href":"https:\/\/www.naturparkmagazin.de\/stechlin\/wp-json\/wp\/v2\/tags?post=11508"}],"curies":[{"name":"wp","href":"https:\/\/api.w.org\/{rel}","templated":true}]}}