{"id":11521,"date":"2022-01-19T18:00:33","date_gmt":"2022-01-19T17:00:33","guid":{"rendered":"https:\/\/www.naturparkmagazin.de\/stechlin\/?p=11521"},"modified":"2022-01-21T14:19:08","modified_gmt":"2022-01-21T13:19:08","slug":"amt-temnitz-hat-foerderbescheid-fuer-kleingewaesser-revitalisierung-erhalten","status":"publish","type":"post","link":"https:\/\/www.naturparkmagazin.de\/stechlin\/amt-temnitz-hat-foerderbescheid-fuer-kleingewaesser-revitalisierung-erhalten\/","title":{"rendered":"Amt Temnitz hat F\u00f6rderbescheid f\u00fcr Kleingew\u00e4sser-Revitalisierung erhalten"},"content":{"rendered":"<p>Amtsdirektor Thomas Kresse:<\/p>\n<p>\u201e<em>Wir freuen uns, dass wir ein weiteres Mal Mittel vom NaturSchutzFonds Brandenburg erhalten haben. Mit dieser 100%igen F\u00f6rderung k\u00f6nnen wir eine wichtige Aufgabe im Naturschutz umsetzen.<\/em>&#8220;<\/p>\n<p>F\u00fcr die Revitalisierung von zwei Kleingew\u00e4ssern in der Gemarkung Netzeband, Gemeinde Temnitzquell stellt die Umweltstiftung des Landes <strong>73.000 \u20ac<\/strong> bereit.<\/p>\n<p>Die <strong>Schafw\u00e4sche<\/strong> und <strong>Butschak\u00b4s Wasserloch<\/strong> sollen Ende August\/Anfang September ausgebaggert werden. Die Baudauer betr\u00e4gt maximal 4 Wochen. Die Betreuung erfolgt durch die Firma Agrar- und Umweltplanung Hermann Wiesing.<\/p>\n<div id=\"attachment_11523\" style=\"width: 310px\" class=\"wp-caption aligncenter\"><a href=\"https:\/\/www.naturparkmagazin.de\/stechlin\/wp-content\/uploads\/sites\/38\/bild-1.jpg\"><img aria-describedby=\"caption-attachment-11523\" decoding=\"async\" loading=\"lazy\" class=\"size-thumbnail wp-image-11523\" src=\"https:\/\/www.naturparkmagazin.de\/stechlin\/wp-content\/uploads\/sites\/38\/bild-1-300x180.jpg\" alt=\"\u00a9 Pressemitteilung Amt Temnitz\" width=\"300\" height=\"180\" srcset=\"https:\/\/www.naturparkmagazin.de\/stechlin\/wp-content\/uploads\/sites\/38\/bild-1-300x180.jpg 300w, https:\/\/www.naturparkmagazin.de\/stechlin\/wp-content\/uploads\/sites\/38\/bild-1.jpg 500w, https:\/\/www.naturparkmagazin.de\/stechlin\/wp-content\/uploads\/sites\/38\/bild-1-200x120.jpg 200w\" sizes=\"(max-width: 300px) 100vw, 300px\" \/><\/a><p id=\"caption-attachment-11523\" class=\"wp-caption-text\">\u00a0Die Schafw\u00e4sche im Luftbild \u00a9 Pressemitteilung Amt Temnitz<\/p><\/div>\n<p>Anlass f\u00fcr dieses Projektes ist die Tatsache, dass nahezu alle verbliebenen Kleingew\u00e4sser &lt; 1 ha Gr\u00f6\u00dfe im Gebiet der Ruppiner Platte sich in einem ackerbaulich intensiv genutzten Umfeld befinden. In den 60 &#8211; 80er Jahren des letzten Jahrhunderts f\u00fchrten Meliorations-Ma\u00dfnahmen zu deutlichen Schichten- und Grundwasserabsenkungen. Die Hydroregime der Stillgew\u00e4sser sind entsprechend gesch\u00e4digt.<\/p>\n<div id=\"attachment_11524\" style=\"width: 310px\" class=\"wp-caption aligncenter\"><a href=\"https:\/\/www.naturparkmagazin.de\/stechlin\/wp-content\/uploads\/sites\/38\/bild-2.jpg\"><img aria-describedby=\"caption-attachment-11524\" decoding=\"async\" loading=\"lazy\" class=\"size-thumbnail wp-image-11524\" src=\"https:\/\/www.naturparkmagazin.de\/stechlin\/wp-content\/uploads\/sites\/38\/bild-2-300x180.jpg\" alt=\"\u00a9 Pressemitteilung Amt Temnitz\" width=\"300\" height=\"180\" srcset=\"https:\/\/www.naturparkmagazin.de\/stechlin\/wp-content\/uploads\/sites\/38\/bild-2-300x180.jpg 300w, https:\/\/www.naturparkmagazin.de\/stechlin\/wp-content\/uploads\/sites\/38\/bild-2.jpg 500w, https:\/\/www.naturparkmagazin.de\/stechlin\/wp-content\/uploads\/sites\/38\/bild-2-200x120.jpg 200w\" sizes=\"(max-width: 300px) 100vw, 300px\" \/><\/a><p id=\"caption-attachment-11524\" class=\"wp-caption-text\">\u00a0Das Kleingew\u00e4sser ist voll\u00f6st\u00e4ndig verlandet \u00a9 Pressemitteilung Amt Temnitz<\/p><\/div>\n<p>&nbsp;<\/p>\n<p>Dazu kommen immer ausgedehntere Trockenperioden als Folge des Klimawandels, die die Schichten- und Grundwassersituation der ohnehin auf Niederschl\u00e4ge angewiesenen Gew\u00e4sser im mineralischen Umfeld weiter stark belasten. Grundhaftes Austrocknen der Kleingew\u00e4sser im Sommerhalbjahr ist immer h\u00e4ufiger die Folge. Zu dem schlechten Erhaltungszustand der Kleingew\u00e4sser kommt eine zunehmende Verlandung und Devastierung. Neben Laubeintr\u00e4gen aus randst\u00e4ndigen Geh\u00f6lzen kommt es vor allem zu N\u00e4hrstoffeintr\u00e4gen durch Erd- und Stoffverlagerungen aus dem ungesch\u00fctzten landwirtschaftlichen Umfeld, eingetragen durch Wind- und Wassererosion.<\/p>\n<div id=\"attachment_11526\" style=\"width: 310px\" class=\"wp-caption aligncenter\"><a href=\"https:\/\/www.naturparkmagazin.de\/stechlin\/wp-content\/uploads\/sites\/38\/bild-3.jpg\"><img aria-describedby=\"caption-attachment-11526\" decoding=\"async\" loading=\"lazy\" class=\"size-thumbnail wp-image-11526\" src=\"https:\/\/www.naturparkmagazin.de\/stechlin\/wp-content\/uploads\/sites\/38\/bild-3-300x180.jpg\" alt=\"\u00a9 Pressemitteilung Amt Temnitz\" width=\"300\" height=\"180\" srcset=\"https:\/\/www.naturparkmagazin.de\/stechlin\/wp-content\/uploads\/sites\/38\/bild-3-300x180.jpg 300w, https:\/\/www.naturparkmagazin.de\/stechlin\/wp-content\/uploads\/sites\/38\/bild-3.jpg 500w, https:\/\/www.naturparkmagazin.de\/stechlin\/wp-content\/uploads\/sites\/38\/bild-3-200x120.jpg 200w\" sizes=\"(max-width: 300px) 100vw, 300px\" \/><\/a><p id=\"caption-attachment-11526\" class=\"wp-caption-text\">Innerhalb der blau umrandeten Fl\u00e4che soll in Butschak&#8217;s Wasserloch wieder eine offene Wasserfl\u00e4che entstehen \u00a9 Pressemitteilung Amt Temnitz<\/p><\/div>\n<p>Dadurch gehen die Kleingew\u00e4sser als Lebensr\u00e4ume f\u00fcr <strong>Fr\u00f6sche, Kr\u00f6ten und Lurche<\/strong> verloren. Diese bundesweit gef\u00e4hrdeten Artengruppen sind die <strong>Verlierer des Klimawandels<\/strong>. Mit der geplanten Revitalisierung erhalten sie ihren Lebensraum zur\u00fcck.<\/p>\n","protected":false},"excerpt":{"rendered":"<p>Die Schafw\u00e4sche und Butschak\u00b4s Wasserloch in Netzeband in der Gemeinde Temnitzquell sollen Ende August\/Anfang September ausgebaggert werden.<\/p>\n","protected":false},"author":39,"featured_media":11525,"comment_status":"open","ping_status":"open","sticky":false,"template":"","format":"standard","meta":[],"categories":[7],"tags":[],"yoast_head":"<!-- This site is optimized with the Yoast SEO plugin v19.10 - https:\/\/yoast.com\/wordpress\/plugins\/seo\/ -->\n<title>Amt Temnitz hat F\u00f6rderbescheid f\u00fcr Kleingew\u00e4sser-Revitalisierung erhalten - Naturpark Stechlin-Ruppiner Land<\/title>\n<meta name=\"robots\" content=\"index, follow, max-snippet:-1, max-image-preview:large, max-video-preview:-1\" \/>\n<link rel=\"canonical\" href=\"https:\/\/www.naturparkmagazin.de\/stechlin\/amt-temnitz-hat-foerderbescheid-fuer-kleingewaesser-revitalisierung-erhalten\/\" \/>\n<meta property=\"og:locale\" content=\"de_DE\" \/>\n<meta property=\"og:type\" content=\"article\" \/>\n<meta property=\"og:title\" content=\"Amt Temnitz hat F\u00f6rderbescheid f\u00fcr Kleingew\u00e4sser-Revitalisierung erhalten - Naturpark Stechlin-Ruppiner Land\" \/>\n<meta property=\"og:description\" content=\"Die Schafw\u00e4sche und Butschak\u00b4s Wasserloch in Netzeband in der Gemeinde Temnitzquell sollen Ende August\/Anfang September ausgebaggert werden.\" \/>\n<meta property=\"og:url\" content=\"https:\/\/www.naturparkmagazin.de\/stechlin\/amt-temnitz-hat-foerderbescheid-fuer-kleingewaesser-revitalisierung-erhalten\/\" \/>\n<meta property=\"og:site_name\" content=\"Naturpark Stechlin-Ruppiner Land\" \/>\n<meta property=\"article:published_time\" content=\"2022-01-19T17:00:33+00:00\" \/>\n<meta property=\"article:modified_time\" content=\"2022-01-21T13:19:08+00:00\" \/>\n<meta property=\"og:image\" content=\"https:\/\/www.naturparkmagazin.de\/stechlin\/wp-content\/uploads\/sites\/38\/bild-2_a.jpg\" \/>\n\t<meta property=\"og:image:width\" content=\"200\" \/>\n\t<meta property=\"og:image:height\" content=\"200\" \/>\n\t<meta property=\"og:image:type\" content=\"image\/jpeg\" \/>\n<meta name=\"author\" content=\"marioschrumpf\" \/>\n<meta name=\"twitter:label1\" content=\"Verfasst von\" \/>\n\t<meta name=\"twitter:data1\" content=\"marioschrumpf\" \/>\n\t<meta name=\"twitter:label2\" content=\"Gesch\u00e4tzte Lesezeit\" \/>\n\t<meta name=\"twitter:data2\" content=\"2\u00a0Minuten\" \/>\n<script type=\"application\/ld+json\" class=\"yoast-schema-graph\">{\"@context\":\"https:\/\/schema.org\",\"@graph\":[{\"@type\":\"WebPage\",\"@id\":\"https:\/\/www.naturparkmagazin.de\/stechlin\/amt-temnitz-hat-foerderbescheid-fuer-kleingewaesser-revitalisierung-erhalten\/\",\"url\":\"https:\/\/www.naturparkmagazin.de\/stechlin\/amt-temnitz-hat-foerderbescheid-fuer-kleingewaesser-revitalisierung-erhalten\/\",\"name\":\"Amt Temnitz hat F\u00f6rderbescheid f\u00fcr Kleingew\u00e4sser-Revitalisierung erhalten - Naturpark Stechlin-Ruppiner Land\",\"isPartOf\":{\"@id\":\"https:\/\/www.naturparkmagazin.de\/stechlin\/#website\"},\"datePublished\":\"2022-01-19T17:00:33+00:00\",\"dateModified\":\"2022-01-21T13:19:08+00:00\",\"author\":{\"@id\":\"https:\/\/www.naturparkmagazin.de\/stechlin\/#\/schema\/person\/3f0d93203df21c806dd63c76d9bb28bc\"},\"breadcrumb\":{\"@id\":\"https:\/\/www.naturparkmagazin.de\/stechlin\/amt-temnitz-hat-foerderbescheid-fuer-kleingewaesser-revitalisierung-erhalten\/#breadcrumb\"},\"inLanguage\":\"de\",\"potentialAction\":[{\"@type\":\"ReadAction\",\"target\":[\"https:\/\/www.naturparkmagazin.de\/stechlin\/amt-temnitz-hat-foerderbescheid-fuer-kleingewaesser-revitalisierung-erhalten\/\"]}]},{\"@type\":\"BreadcrumbList\",\"@id\":\"https:\/\/www.naturparkmagazin.de\/stechlin\/amt-temnitz-hat-foerderbescheid-fuer-kleingewaesser-revitalisierung-erhalten\/#breadcrumb\",\"itemListElement\":[{\"@type\":\"ListItem\",\"position\":1,\"name\":\"Home\",\"item\":\"https:\/\/www.naturparkmagazin.de\/stechlin\/\"},{\"@type\":\"ListItem\",\"position\":2,\"name\":\"Amt Temnitz hat F\u00f6rderbescheid f\u00fcr Kleingew\u00e4sser-Revitalisierung erhalten\"}]},{\"@type\":\"WebSite\",\"@id\":\"https:\/\/www.naturparkmagazin.de\/stechlin\/#website\",\"url\":\"https:\/\/www.naturparkmagazin.de\/stechlin\/\",\"name\":\"Naturpark Stechlin-Ruppiner Land\",\"description\":\"\",\"potentialAction\":[{\"@type\":\"SearchAction\",\"target\":{\"@type\":\"EntryPoint\",\"urlTemplate\":\"https:\/\/www.naturparkmagazin.de\/stechlin\/?s={search_term_string}\"},\"query-input\":\"required name=search_term_string\"}],\"inLanguage\":\"de\"},{\"@type\":\"Person\",\"@id\":\"https:\/\/www.naturparkmagazin.de\/stechlin\/#\/schema\/person\/3f0d93203df21c806dd63c76d9bb28bc\",\"name\":\"marioschrumpf\",\"url\":\"https:\/\/www.naturparkmagazin.de\/stechlin\/author\/marioschrumpf\/\"}]}<\/script>\n<!-- \/ Yoast SEO plugin. -->","yoast_head_json":{"title":"Amt Temnitz hat F\u00f6rderbescheid f\u00fcr Kleingew\u00e4sser-Revitalisierung erhalten - Naturpark Stechlin-Ruppiner Land","robots":{"index":"index","follow":"follow","max-snippet":"max-snippet:-1","max-image-preview":"max-image-preview:large","max-video-preview":"max-video-preview:-1"},"canonical":"https:\/\/www.naturparkmagazin.de\/stechlin\/amt-temnitz-hat-foerderbescheid-fuer-kleingewaesser-revitalisierung-erhalten\/","og_locale":"de_DE","og_type":"article","og_title":"Amt Temnitz hat F\u00f6rderbescheid f\u00fcr Kleingew\u00e4sser-Revitalisierung erhalten - Naturpark Stechlin-Ruppiner Land","og_description":"Die Schafw\u00e4sche und Butschak\u00b4s Wasserloch in Netzeband in der Gemeinde Temnitzquell sollen Ende August\/Anfang September ausgebaggert werden.","og_url":"https:\/\/www.naturparkmagazin.de\/stechlin\/amt-temnitz-hat-foerderbescheid-fuer-kleingewaesser-revitalisierung-erhalten\/","og_site_name":"Naturpark Stechlin-Ruppiner Land","article_published_time":"2022-01-19T17:00:33+00:00","article_modified_time":"2022-01-21T13:19:08+00:00","og_image":[{"width":200,"height":200,"url":"https:\/\/www.naturparkmagazin.de\/stechlin\/wp-content\/uploads\/sites\/38\/bild-2_a.jpg","type":"image\/jpeg"}],"author":"marioschrumpf","twitter_misc":{"Verfasst von":"marioschrumpf","Gesch\u00e4tzte Lesezeit":"2\u00a0Minuten"},"schema":{"@context":"https:\/\/schema.org","@graph":[{"@type":"WebPage","@id":"https:\/\/www.naturparkmagazin.de\/stechlin\/amt-temnitz-hat-foerderbescheid-fuer-kleingewaesser-revitalisierung-erhalten\/","url":"https:\/\/www.naturparkmagazin.de\/stechlin\/amt-temnitz-hat-foerderbescheid-fuer-kleingewaesser-revitalisierung-erhalten\/","name":"Amt Temnitz hat F\u00f6rderbescheid f\u00fcr Kleingew\u00e4sser-Revitalisierung erhalten - Naturpark Stechlin-Ruppiner Land","isPartOf":{"@id":"https:\/\/www.naturparkmagazin.de\/stechlin\/#website"},"datePublished":"2022-01-19T17:00:33+00:00","dateModified":"2022-01-21T13:19:08+00:00","author":{"@id":"https:\/\/www.naturparkmagazin.de\/stechlin\/#\/schema\/person\/3f0d93203df21c806dd63c76d9bb28bc"},"breadcrumb":{"@id":"https:\/\/www.naturparkmagazin.de\/stechlin\/amt-temnitz-hat-foerderbescheid-fuer-kleingewaesser-revitalisierung-erhalten\/#breadcrumb"},"inLanguage":"de","potentialAction":[{"@type":"ReadAction","target":["https:\/\/www.naturparkmagazin.de\/stechlin\/amt-temnitz-hat-foerderbescheid-fuer-kleingewaesser-revitalisierung-erhalten\/"]}]},{"@type":"BreadcrumbList","@id":"https:\/\/www.naturparkmagazin.de\/stechlin\/amt-temnitz-hat-foerderbescheid-fuer-kleingewaesser-revitalisierung-erhalten\/#breadcrumb","itemListElement":[{"@type":"ListItem","position":1,"name":"Home","item":"https:\/\/www.naturparkmagazin.de\/stechlin\/"},{"@type":"ListItem","position":2,"name":"Amt Temnitz hat F\u00f6rderbescheid f\u00fcr Kleingew\u00e4sser-Revitalisierung erhalten"}]},{"@type":"WebSite","@id":"https:\/\/www.naturparkmagazin.de\/stechlin\/#website","url":"https:\/\/www.naturparkmagazin.de\/stechlin\/","name":"Naturpark Stechlin-Ruppiner Land","description":"","potentialAction":[{"@type":"SearchAction","target":{"@type":"EntryPoint","urlTemplate":"https:\/\/www.naturparkmagazin.de\/stechlin\/?s={search_term_string}"},"query-input":"required name=search_term_string"}],"inLanguage":"de"},{"@type":"Person","@id":"https:\/\/www.naturparkmagazin.de\/stechlin\/#\/schema\/person\/3f0d93203df21c806dd63c76d9bb28bc","name":"marioschrumpf","url":"https:\/\/www.naturparkmagazin.de\/stechlin\/author\/marioschrumpf\/"}]}},"_links":{"self":[{"href":"https:\/\/www.naturparkmagazin.de\/stechlin\/wp-json\/wp\/v2\/posts\/11521"}],"collection":[{"href":"https:\/\/www.naturparkmagazin.de\/stechlin\/wp-json\/wp\/v2\/posts"}],"about":[{"href":"https:\/\/www.naturparkmagazin.de\/stechlin\/wp-json\/wp\/v2\/types\/post"}],"author":[{"embeddable":true,"href":"https:\/\/www.naturparkmagazin.de\/stechlin\/wp-json\/wp\/v2\/users\/39"}],"replies":[{"embeddable":true,"href":"https:\/\/www.naturparkmagazin.de\/stechlin\/wp-json\/wp\/v2\/comments?post=11521"}],"version-history":[{"count":4,"href":"https:\/\/www.naturparkmagazin.de\/stechlin\/wp-json\/wp\/v2\/posts\/11521\/revisions"}],"predecessor-version":[{"id":11527,"href":"https:\/\/www.naturparkmagazin.de\/stechlin\/wp-json\/wp\/v2\/posts\/11521\/revisions\/11527"}],"wp:featuredmedia":[{"embeddable":true,"href":"https:\/\/www.naturparkmagazin.de\/stechlin\/wp-json\/wp\/v2\/media\/11525"}],"wp:attachment":[{"href":"https:\/\/www.naturparkmagazin.de\/stechlin\/wp-json\/wp\/v2\/media?parent=11521"}],"wp:term":[{"taxonomy":"category","embeddable":true,"href":"https:\/\/www.naturparkmagazin.de\/stechlin\/wp-json\/wp\/v2\/categories?post=11521"},{"taxonomy":"post_tag","embeddable":true,"href":"https:\/\/www.naturparkmagazin.de\/stechlin\/wp-json\/wp\/v2\/tags?post=11521"}],"curies":[{"name":"wp","href":"https:\/\/api.w.org\/{rel}","templated":true}]}}