{"id":1156,"date":"2014-07-18T14:00:19","date_gmt":"2014-07-18T12:00:19","guid":{"rendered":"http:\/\/www.naturparkmagazin.de\/stechlin\/?p=1156"},"modified":"2014-07-28T15:11:48","modified_gmt":"2014-07-28T13:11:48","slug":"mit-allen-sinnen-geniessen-2","status":"publish","type":"post","link":"https:\/\/www.naturparkmagazin.de\/stechlin\/mit-allen-sinnen-geniessen-2\/","title":{"rendered":"Mit allen Sinnen genie\u00dfen"},"content":{"rendered":"<p><a href=\"https:\/\/www.naturparkmagazin.de\/stechlin\/wp-content\/uploads\/sites\/38\/k-Kr\u00e4uterf\u00fchrung.jpg\"><img decoding=\"async\" loading=\"lazy\" class=\"alignnone size-medium wp-image-60\" alt=\"Kr\u00e4uterf\u00fchrung\" src=\"https:\/\/www.naturparkmagazin.de\/stechlin\/wp-content\/uploads\/sites\/38\/k-Kr\u00e4uterf\u00fchrung-620x408.jpg\" width=\"620\" height=\"408\" \/><\/a><\/p>\n<p>Bei einer F\u00fchrung durch den Sinnesgarten erfahren Sie vieles \u00fcber Anwendungen und Verwendung der Kr\u00e4uter, anschlie\u00dfend bereiten wir \u00d6l und Essig, mit frischen Kr\u00e4utern aus dem Garten.<\/p>\n<p><strong>Treff:<\/strong> 6. August und 20. August 2014, 11 Uhr, NaturParkHaus Stechlin in Menz<\/p>\n<p><strong>Dauer:<\/strong> ca. 2 Stunden<\/p>\n<p><strong>Kosten:<\/strong> Kr\u00e4uterf\u00fchrung 1 EURO; Materialkosten f\u00fcr \u00d6l und Essig<\/p>\n<p>weitere Infos unter 033082\/51210<\/p>\n<p>&nbsp;<\/p>\n","protected":false},"excerpt":{"rendered":"<p>Bei einer F\u00fchrung durch den Sinnesgarten erfahren Sie vieles \u00fcber Anwendungen und Verwendung der Kr\u00e4uter, anschlie\u00dfend bereiten wir \u00d6l und Essig, mit frischen Kr\u00e4utern aus dem Garten.<\/p>\n","protected":false},"author":39,"featured_media":1157,"comment_status":"open","ping_status":"open","sticky":false,"template":"","format":"standard","meta":[],"categories":[11],"tags":[],"yoast_head":"<!-- This site is optimized with the Yoast SEO plugin v19.10 - https:\/\/yoast.com\/wordpress\/plugins\/seo\/ -->\n<title>Mit allen Sinnen genie\u00dfen - Naturpark Stechlin-Ruppiner Land<\/title>\n<meta name=\"robots\" content=\"index, follow, max-snippet:-1, max-image-preview:large, max-video-preview:-1\" \/>\n<link rel=\"canonical\" href=\"https:\/\/www.naturparkmagazin.de\/stechlin\/mit-allen-sinnen-geniessen-2\/\" \/>\n<meta property=\"og:locale\" content=\"de_DE\" \/>\n<meta property=\"og:type\" content=\"article\" \/>\n<meta property=\"og:title\" content=\"Mit allen Sinnen genie\u00dfen - Naturpark Stechlin-Ruppiner Land\" \/>\n<meta property=\"og:description\" content=\"Bei einer F\u00fchrung durch den Sinnesgarten erfahren Sie vieles \u00fcber Anwendungen und Verwendung der Kr\u00e4uter, anschlie\u00dfend bereiten wir \u00d6l und Essig, mit frischen Kr\u00e4utern aus dem Garten.\" \/>\n<meta property=\"og:url\" content=\"https:\/\/www.naturparkmagazin.de\/stechlin\/mit-allen-sinnen-geniessen-2\/\" \/>\n<meta property=\"og:site_name\" content=\"Naturpark Stechlin-Ruppiner Land\" \/>\n<meta property=\"article:published_time\" content=\"2014-07-18T12:00:19+00:00\" \/>\n<meta property=\"article:modified_time\" content=\"2014-07-28T13:11:48+00:00\" \/>\n<meta property=\"og:image\" content=\"https:\/\/www.naturparkmagazin.de\/stechlin\/wp-content\/uploads\/sites\/38\/NaturParkHaus-Stechlin.jpg\" \/>\n\t<meta property=\"og:image:width\" content=\"500\" \/>\n\t<meta property=\"og:image:height\" content=\"375\" \/>\n\t<meta property=\"og:image:type\" content=\"image\/jpeg\" \/>\n<meta name=\"author\" content=\"marioschrumpf\" \/>\n<meta name=\"twitter:label1\" content=\"Verfasst von\" \/>\n\t<meta name=\"twitter:data1\" content=\"marioschrumpf\" \/>\n<script type=\"application\/ld+json\" class=\"yoast-schema-graph\">{\"@context\":\"https:\/\/schema.org\",\"@graph\":[{\"@type\":\"WebPage\",\"@id\":\"https:\/\/www.naturparkmagazin.de\/stechlin\/mit-allen-sinnen-geniessen-2\/\",\"url\":\"https:\/\/www.naturparkmagazin.de\/stechlin\/mit-allen-sinnen-geniessen-2\/\",\"name\":\"Mit allen Sinnen genie\u00dfen - Naturpark Stechlin-Ruppiner Land\",\"isPartOf\":{\"@id\":\"https:\/\/www.naturparkmagazin.de\/stechlin\/#website\"},\"datePublished\":\"2014-07-18T12:00:19+00:00\",\"dateModified\":\"2014-07-28T13:11:48+00:00\",\"author\":{\"@id\":\"https:\/\/www.naturparkmagazin.de\/stechlin\/#\/schema\/person\/3f0d93203df21c806dd63c76d9bb28bc\"},\"breadcrumb\":{\"@id\":\"https:\/\/www.naturparkmagazin.de\/stechlin\/mit-allen-sinnen-geniessen-2\/#breadcrumb\"},\"inLanguage\":\"de\",\"potentialAction\":[{\"@type\":\"ReadAction\",\"target\":[\"https:\/\/www.naturparkmagazin.de\/stechlin\/mit-allen-sinnen-geniessen-2\/\"]}]},{\"@type\":\"BreadcrumbList\",\"@id\":\"https:\/\/www.naturparkmagazin.de\/stechlin\/mit-allen-sinnen-geniessen-2\/#breadcrumb\",\"itemListElement\":[{\"@type\":\"ListItem\",\"position\":1,\"name\":\"Home\",\"item\":\"https:\/\/www.naturparkmagazin.de\/stechlin\/\"},{\"@type\":\"ListItem\",\"position\":2,\"name\":\"Mit allen Sinnen genie\u00dfen\"}]},{\"@type\":\"WebSite\",\"@id\":\"https:\/\/www.naturparkmagazin.de\/stechlin\/#website\",\"url\":\"https:\/\/www.naturparkmagazin.de\/stechlin\/\",\"name\":\"Naturpark Stechlin-Ruppiner Land\",\"description\":\"\",\"potentialAction\":[{\"@type\":\"SearchAction\",\"target\":{\"@type\":\"EntryPoint\",\"urlTemplate\":\"https:\/\/www.naturparkmagazin.de\/stechlin\/?s={search_term_string}\"},\"query-input\":\"required name=search_term_string\"}],\"inLanguage\":\"de\"},{\"@type\":\"Person\",\"@id\":\"https:\/\/www.naturparkmagazin.de\/stechlin\/#\/schema\/person\/3f0d93203df21c806dd63c76d9bb28bc\",\"name\":\"marioschrumpf\",\"url\":\"https:\/\/www.naturparkmagazin.de\/stechlin\/author\/marioschrumpf\/\"}]}<\/script>\n<!-- \/ Yoast SEO plugin. -->","yoast_head_json":{"title":"Mit allen Sinnen genie\u00dfen - Naturpark Stechlin-Ruppiner Land","robots":{"index":"index","follow":"follow","max-snippet":"max-snippet:-1","max-image-preview":"max-image-preview:large","max-video-preview":"max-video-preview:-1"},"canonical":"https:\/\/www.naturparkmagazin.de\/stechlin\/mit-allen-sinnen-geniessen-2\/","og_locale":"de_DE","og_type":"article","og_title":"Mit allen Sinnen genie\u00dfen - Naturpark Stechlin-Ruppiner Land","og_description":"Bei einer F\u00fchrung durch den Sinnesgarten erfahren Sie vieles \u00fcber Anwendungen und Verwendung der Kr\u00e4uter, anschlie\u00dfend bereiten wir \u00d6l und Essig, mit frischen Kr\u00e4utern aus dem Garten.","og_url":"https:\/\/www.naturparkmagazin.de\/stechlin\/mit-allen-sinnen-geniessen-2\/","og_site_name":"Naturpark Stechlin-Ruppiner Land","article_published_time":"2014-07-18T12:00:19+00:00","article_modified_time":"2014-07-28T13:11:48+00:00","og_image":[{"width":500,"height":375,"url":"https:\/\/www.naturparkmagazin.de\/stechlin\/wp-content\/uploads\/sites\/38\/NaturParkHaus-Stechlin.jpg","type":"image\/jpeg"}],"author":"marioschrumpf","twitter_misc":{"Verfasst von":"marioschrumpf"},"schema":{"@context":"https:\/\/schema.org","@graph":[{"@type":"WebPage","@id":"https:\/\/www.naturparkmagazin.de\/stechlin\/mit-allen-sinnen-geniessen-2\/","url":"https:\/\/www.naturparkmagazin.de\/stechlin\/mit-allen-sinnen-geniessen-2\/","name":"Mit allen Sinnen genie\u00dfen - Naturpark Stechlin-Ruppiner Land","isPartOf":{"@id":"https:\/\/www.naturparkmagazin.de\/stechlin\/#website"},"datePublished":"2014-07-18T12:00:19+00:00","dateModified":"2014-07-28T13:11:48+00:00","author":{"@id":"https:\/\/www.naturparkmagazin.de\/stechlin\/#\/schema\/person\/3f0d93203df21c806dd63c76d9bb28bc"},"breadcrumb":{"@id":"https:\/\/www.naturparkmagazin.de\/stechlin\/mit-allen-sinnen-geniessen-2\/#breadcrumb"},"inLanguage":"de","potentialAction":[{"@type":"ReadAction","target":["https:\/\/www.naturparkmagazin.de\/stechlin\/mit-allen-sinnen-geniessen-2\/"]}]},{"@type":"BreadcrumbList","@id":"https:\/\/www.naturparkmagazin.de\/stechlin\/mit-allen-sinnen-geniessen-2\/#breadcrumb","itemListElement":[{"@type":"ListItem","position":1,"name":"Home","item":"https:\/\/www.naturparkmagazin.de\/stechlin\/"},{"@type":"ListItem","position":2,"name":"Mit allen Sinnen genie\u00dfen"}]},{"@type":"WebSite","@id":"https:\/\/www.naturparkmagazin.de\/stechlin\/#website","url":"https:\/\/www.naturparkmagazin.de\/stechlin\/","name":"Naturpark Stechlin-Ruppiner Land","description":"","potentialAction":[{"@type":"SearchAction","target":{"@type":"EntryPoint","urlTemplate":"https:\/\/www.naturparkmagazin.de\/stechlin\/?s={search_term_string}"},"query-input":"required name=search_term_string"}],"inLanguage":"de"},{"@type":"Person","@id":"https:\/\/www.naturparkmagazin.de\/stechlin\/#\/schema\/person\/3f0d93203df21c806dd63c76d9bb28bc","name":"marioschrumpf","url":"https:\/\/www.naturparkmagazin.de\/stechlin\/author\/marioschrumpf\/"}]}},"_links":{"self":[{"href":"https:\/\/www.naturparkmagazin.de\/stechlin\/wp-json\/wp\/v2\/posts\/1156"}],"collection":[{"href":"https:\/\/www.naturparkmagazin.de\/stechlin\/wp-json\/wp\/v2\/posts"}],"about":[{"href":"https:\/\/www.naturparkmagazin.de\/stechlin\/wp-json\/wp\/v2\/types\/post"}],"author":[{"embeddable":true,"href":"https:\/\/www.naturparkmagazin.de\/stechlin\/wp-json\/wp\/v2\/users\/39"}],"replies":[{"embeddable":true,"href":"https:\/\/www.naturparkmagazin.de\/stechlin\/wp-json\/wp\/v2\/comments?post=1156"}],"version-history":[{"count":7,"href":"https:\/\/www.naturparkmagazin.de\/stechlin\/wp-json\/wp\/v2\/posts\/1156\/revisions"}],"predecessor-version":[{"id":1227,"href":"https:\/\/www.naturparkmagazin.de\/stechlin\/wp-json\/wp\/v2\/posts\/1156\/revisions\/1227"}],"wp:featuredmedia":[{"embeddable":true,"href":"https:\/\/www.naturparkmagazin.de\/stechlin\/wp-json\/wp\/v2\/media\/1157"}],"wp:attachment":[{"href":"https:\/\/www.naturparkmagazin.de\/stechlin\/wp-json\/wp\/v2\/media?parent=1156"}],"wp:term":[{"taxonomy":"category","embeddable":true,"href":"https:\/\/www.naturparkmagazin.de\/stechlin\/wp-json\/wp\/v2\/categories?post=1156"},{"taxonomy":"post_tag","embeddable":true,"href":"https:\/\/www.naturparkmagazin.de\/stechlin\/wp-json\/wp\/v2\/tags?post=1156"}],"curies":[{"name":"wp","href":"https:\/\/api.w.org\/{rel}","templated":true}]}}