{"id":11579,"date":"2022-01-19T18:00:26","date_gmt":"2022-01-19T17:00:26","guid":{"rendered":"https:\/\/www.naturparkmagazin.de\/stechlin\/?p=11579"},"modified":"2022-01-24T09:06:31","modified_gmt":"2022-01-24T08:06:31","slug":"multimedia-schau-baikal-das-blaue-auge-der-erde","status":"publish","type":"post","link":"https:\/\/www.naturparkmagazin.de\/stechlin\/multimedia-schau-baikal-das-blaue-auge-der-erde\/","title":{"rendered":"Multimedia-Schau  \u201eBAIKAL- Das blaue Auge der Erde\u201c"},"content":{"rendered":"<p>Im S\u00fcden Sibiriens, nur etwa 200 km n\u00f6rdlich der Grenze zur Mongolei, liegt der tiefste S\u00fc\u00dfwassersee der Welt \u2013 der BAIKAL. Der 635 km lange und 1630 m tiefe BAIKAL beinhaltet 20% des gesamten S\u00fc\u00dfwassers auf der Erde. Die geografische Isolation dieser Wasserinsel f\u00fchrte zur Herausbildung einer einzigartigen Tier- und Pflanzenwelt.<\/p>\n<div id=\"attachment_11584\" style=\"width: 310px\" class=\"wp-caption aligncenter\"><a href=\"https:\/\/www.naturparkmagazin.de\/stechlin\/wp-content\/uploads\/sites\/38\/Einzelrobbe.jpg\"><img aria-describedby=\"caption-attachment-11584\" decoding=\"async\" loading=\"lazy\" class=\"size-thumbnail wp-image-11584\" src=\"https:\/\/www.naturparkmagazin.de\/stechlin\/wp-content\/uploads\/sites\/38\/Einzelrobbe-300x180.jpg\" alt=\"\u00a9 Michael Feierabend\" width=\"300\" height=\"180\" srcset=\"https:\/\/www.naturparkmagazin.de\/stechlin\/wp-content\/uploads\/sites\/38\/Einzelrobbe-300x180.jpg 300w, https:\/\/www.naturparkmagazin.de\/stechlin\/wp-content\/uploads\/sites\/38\/Einzelrobbe.jpg 500w, https:\/\/www.naturparkmagazin.de\/stechlin\/wp-content\/uploads\/sites\/38\/Einzelrobbe-200x120.jpg 200w\" sizes=\"(max-width: 300px) 100vw, 300px\" \/><\/a><p id=\"caption-attachment-11584\" class=\"wp-caption-text\">Baikalrobbe \u00a9 Michael Feierabend<\/p><\/div>\n<p>Im Umfeld des Sees befinden sich vor atemberaubender Kulisse uralte heilige St\u00e4tten, an denen Schamanen bis in heutige Zeit ihre \u00fcberlieferten Riten feiern. Irkutsk, das Paris von Sibirien, bietet mit ihrem \u00fcppigen M\u00e4rkten, den historischen Stadtvierteln, Ausstellungen und Museen eine f\u00fcr viele Besucher \u00fcberraschende kulturelle Vielfalt.<\/p>\n<div id=\"attachment_11587\" style=\"width: 310px\" class=\"wp-caption aligncenter\"><a href=\"https:\/\/www.naturparkmagazin.de\/stechlin\/wp-content\/uploads\/sites\/38\/S\u00fc\u00dfwasserschwamm.jpg\"><img aria-describedby=\"caption-attachment-11587\" decoding=\"async\" loading=\"lazy\" class=\"size-thumbnail wp-image-11587\" src=\"https:\/\/www.naturparkmagazin.de\/stechlin\/wp-content\/uploads\/sites\/38\/S\u00fc\u00dfwasserschwamm-300x500.jpg\" alt=\"\u00a9 Michael Feierabend\" width=\"300\" height=\"500\" srcset=\"https:\/\/www.naturparkmagazin.de\/stechlin\/wp-content\/uploads\/sites\/38\/S\u00fc\u00dfwasserschwamm.jpg 300w, https:\/\/www.naturparkmagazin.de\/stechlin\/wp-content\/uploads\/sites\/38\/S\u00fc\u00dfwasserschwamm-200x333.jpg 200w\" sizes=\"(max-width: 300px) 100vw, 300px\" \/><\/a><p id=\"caption-attachment-11587\" class=\"wp-caption-text\">Unterwasserimpressionen \u00a9 Michael Feierabend<\/p><\/div>\n<p>Mit der Multimedia-Schau werden wir alle entscheidenden Orte rund um den Baikal besuchen, begegnen Schamanen und Altgl\u00e4ubigen und tauchen ein in die einzigartige Unterwasserwelt.<\/p>\n<div id=\"attachment_11583\" style=\"width: 310px\" class=\"wp-caption aligncenter\"><a href=\"https:\/\/www.naturparkmagazin.de\/stechlin\/wp-content\/uploads\/sites\/38\/Auf-dem-Plateau.jpg\"><img aria-describedby=\"caption-attachment-11583\" decoding=\"async\" loading=\"lazy\" class=\"size-thumbnail wp-image-11583\" src=\"https:\/\/www.naturparkmagazin.de\/stechlin\/wp-content\/uploads\/sites\/38\/Auf-dem-Plateau-300x180.jpg\" alt=\"\u00a9 Michael Feierabend\" width=\"300\" height=\"180\" srcset=\"https:\/\/www.naturparkmagazin.de\/stechlin\/wp-content\/uploads\/sites\/38\/Auf-dem-Plateau-300x180.jpg 300w, https:\/\/www.naturparkmagazin.de\/stechlin\/wp-content\/uploads\/sites\/38\/Auf-dem-Plateau.jpg 500w, https:\/\/www.naturparkmagazin.de\/stechlin\/wp-content\/uploads\/sites\/38\/Auf-dem-Plateau-200x120.jpg 200w\" sizes=\"(max-width: 300px) 100vw, 300px\" \/><\/a><p id=\"caption-attachment-11583\" class=\"wp-caption-text\">Unterwegs auf dem Grund des Baikals \u00a9 Michael Feierabend<\/p><\/div>\n<p>Mit dem Kleinbus fahren wir bis zur Nordspitze der Insel Olchon auf dem zugefrorenen Baikal und erleben dabei die bizarren Eisformationen an den Felsw\u00e4nden.<\/p>\n<p>&nbsp;<\/p>\n<p><strong>Termin:<\/strong> 24. Februar 2022<\/p>\n<p><strong>Ort:<\/strong> Remise Rheinsberg<\/p>\n<p><strong>Referent:<\/strong> Michael Feierabend<\/p>\n<p><strong>Kosten:<\/strong> 5 \u20ac<\/p>\n<p>&nbsp;<\/p>\n<div id=\"attachment_11586\" style=\"width: 310px\" class=\"wp-caption aligncenter\"><a href=\"https:\/\/www.naturparkmagazin.de\/stechlin\/wp-content\/uploads\/sites\/38\/Plakat-A4-Baikal.jpg\"><img aria-describedby=\"caption-attachment-11586\" decoding=\"async\" loading=\"lazy\" class=\"size-thumbnail wp-image-11586\" src=\"https:\/\/www.naturparkmagazin.de\/stechlin\/wp-content\/uploads\/sites\/38\/Plakat-A4-Baikal-300x425.jpg\" alt=\"\u00a9 Michael Feierabend\" width=\"300\" height=\"425\" srcset=\"https:\/\/www.naturparkmagazin.de\/stechlin\/wp-content\/uploads\/sites\/38\/Plakat-A4-Baikal.jpg 300w, https:\/\/www.naturparkmagazin.de\/stechlin\/wp-content\/uploads\/sites\/38\/Plakat-A4-Baikal-200x283.jpg 200w\" sizes=\"(max-width: 300px) 100vw, 300px\" \/><\/a><p id=\"caption-attachment-11586\" class=\"wp-caption-text\">\u00a9 Michael Feierabend<\/p><\/div>\n","protected":false},"excerpt":{"rendered":"<p>Im S\u00fcden Sibiriens, nur etwa 200 km n\u00f6rdlich der Grenze zur Mongolei, liegt der tiefste S\u00fc\u00dfwassersee der Welt \u2013 der BAIKAL.<\/p>\n","protected":false},"author":39,"featured_media":11585,"comment_status":"open","ping_status":"open","sticky":false,"template":"","format":"standard","meta":[],"categories":[11],"tags":[],"yoast_head":"<!-- This site is optimized with the Yoast SEO plugin v19.10 - https:\/\/yoast.com\/wordpress\/plugins\/seo\/ -->\n<title>Multimedia-Schau \u201eBAIKAL- Das blaue Auge der Erde\u201c - Naturpark Stechlin-Ruppiner Land<\/title>\n<meta name=\"robots\" content=\"index, follow, max-snippet:-1, max-image-preview:large, max-video-preview:-1\" \/>\n<link rel=\"canonical\" href=\"https:\/\/www.naturparkmagazin.de\/stechlin\/multimedia-schau-baikal-das-blaue-auge-der-erde\/\" \/>\n<meta property=\"og:locale\" content=\"de_DE\" \/>\n<meta property=\"og:type\" content=\"article\" \/>\n<meta property=\"og:title\" content=\"Multimedia-Schau \u201eBAIKAL- Das blaue Auge der Erde\u201c - Naturpark Stechlin-Ruppiner Land\" \/>\n<meta property=\"og:description\" content=\"Im S\u00fcden Sibiriens, nur etwa 200 km n\u00f6rdlich der Grenze zur Mongolei, liegt der tiefste S\u00fc\u00dfwassersee der Welt \u2013 der BAIKAL.\" \/>\n<meta property=\"og:url\" content=\"https:\/\/www.naturparkmagazin.de\/stechlin\/multimedia-schau-baikal-das-blaue-auge-der-erde\/\" \/>\n<meta property=\"og:site_name\" content=\"Naturpark Stechlin-Ruppiner Land\" \/>\n<meta property=\"article:published_time\" content=\"2022-01-19T17:00:26+00:00\" \/>\n<meta property=\"article:modified_time\" content=\"2022-01-24T08:06:31+00:00\" \/>\n<meta property=\"og:image\" content=\"https:\/\/www.naturparkmagazin.de\/stechlin\/wp-content\/uploads\/sites\/38\/Einzelrobbe_a.jpg\" \/>\n\t<meta property=\"og:image:width\" content=\"200\" \/>\n\t<meta property=\"og:image:height\" content=\"200\" \/>\n\t<meta property=\"og:image:type\" content=\"image\/jpeg\" \/>\n<meta name=\"author\" content=\"marioschrumpf\" \/>\n<meta name=\"twitter:label1\" content=\"Verfasst von\" \/>\n\t<meta name=\"twitter:data1\" content=\"marioschrumpf\" \/>\n\t<meta name=\"twitter:label2\" content=\"Gesch\u00e4tzte Lesezeit\" \/>\n\t<meta name=\"twitter:data2\" content=\"1\u00a0Minute\" \/>\n<script type=\"application\/ld+json\" class=\"yoast-schema-graph\">{\"@context\":\"https:\/\/schema.org\",\"@graph\":[{\"@type\":\"WebPage\",\"@id\":\"https:\/\/www.naturparkmagazin.de\/stechlin\/multimedia-schau-baikal-das-blaue-auge-der-erde\/\",\"url\":\"https:\/\/www.naturparkmagazin.de\/stechlin\/multimedia-schau-baikal-das-blaue-auge-der-erde\/\",\"name\":\"Multimedia-Schau \u201eBAIKAL- Das blaue Auge der Erde\u201c - Naturpark Stechlin-Ruppiner Land\",\"isPartOf\":{\"@id\":\"https:\/\/www.naturparkmagazin.de\/stechlin\/#website\"},\"datePublished\":\"2022-01-19T17:00:26+00:00\",\"dateModified\":\"2022-01-24T08:06:31+00:00\",\"author\":{\"@id\":\"https:\/\/www.naturparkmagazin.de\/stechlin\/#\/schema\/person\/3f0d93203df21c806dd63c76d9bb28bc\"},\"breadcrumb\":{\"@id\":\"https:\/\/www.naturparkmagazin.de\/stechlin\/multimedia-schau-baikal-das-blaue-auge-der-erde\/#breadcrumb\"},\"inLanguage\":\"de\",\"potentialAction\":[{\"@type\":\"ReadAction\",\"target\":[\"https:\/\/www.naturparkmagazin.de\/stechlin\/multimedia-schau-baikal-das-blaue-auge-der-erde\/\"]}]},{\"@type\":\"BreadcrumbList\",\"@id\":\"https:\/\/www.naturparkmagazin.de\/stechlin\/multimedia-schau-baikal-das-blaue-auge-der-erde\/#breadcrumb\",\"itemListElement\":[{\"@type\":\"ListItem\",\"position\":1,\"name\":\"Home\",\"item\":\"https:\/\/www.naturparkmagazin.de\/stechlin\/\"},{\"@type\":\"ListItem\",\"position\":2,\"name\":\"Multimedia-Schau \u201eBAIKAL- Das blaue Auge der Erde\u201c\"}]},{\"@type\":\"WebSite\",\"@id\":\"https:\/\/www.naturparkmagazin.de\/stechlin\/#website\",\"url\":\"https:\/\/www.naturparkmagazin.de\/stechlin\/\",\"name\":\"Naturpark Stechlin-Ruppiner Land\",\"description\":\"\",\"potentialAction\":[{\"@type\":\"SearchAction\",\"target\":{\"@type\":\"EntryPoint\",\"urlTemplate\":\"https:\/\/www.naturparkmagazin.de\/stechlin\/?s={search_term_string}\"},\"query-input\":\"required name=search_term_string\"}],\"inLanguage\":\"de\"},{\"@type\":\"Person\",\"@id\":\"https:\/\/www.naturparkmagazin.de\/stechlin\/#\/schema\/person\/3f0d93203df21c806dd63c76d9bb28bc\",\"name\":\"marioschrumpf\",\"url\":\"https:\/\/www.naturparkmagazin.de\/stechlin\/author\/marioschrumpf\/\"}]}<\/script>\n<!-- \/ Yoast SEO plugin. -->","yoast_head_json":{"title":"Multimedia-Schau \u201eBAIKAL- Das blaue Auge der Erde\u201c - Naturpark Stechlin-Ruppiner Land","robots":{"index":"index","follow":"follow","max-snippet":"max-snippet:-1","max-image-preview":"max-image-preview:large","max-video-preview":"max-video-preview:-1"},"canonical":"https:\/\/www.naturparkmagazin.de\/stechlin\/multimedia-schau-baikal-das-blaue-auge-der-erde\/","og_locale":"de_DE","og_type":"article","og_title":"Multimedia-Schau \u201eBAIKAL- Das blaue Auge der Erde\u201c - Naturpark Stechlin-Ruppiner Land","og_description":"Im S\u00fcden Sibiriens, nur etwa 200 km n\u00f6rdlich der Grenze zur Mongolei, liegt der tiefste S\u00fc\u00dfwassersee der Welt \u2013 der BAIKAL.","og_url":"https:\/\/www.naturparkmagazin.de\/stechlin\/multimedia-schau-baikal-das-blaue-auge-der-erde\/","og_site_name":"Naturpark Stechlin-Ruppiner Land","article_published_time":"2022-01-19T17:00:26+00:00","article_modified_time":"2022-01-24T08:06:31+00:00","og_image":[{"width":200,"height":200,"url":"https:\/\/www.naturparkmagazin.de\/stechlin\/wp-content\/uploads\/sites\/38\/Einzelrobbe_a.jpg","type":"image\/jpeg"}],"author":"marioschrumpf","twitter_misc":{"Verfasst von":"marioschrumpf","Gesch\u00e4tzte Lesezeit":"1\u00a0Minute"},"schema":{"@context":"https:\/\/schema.org","@graph":[{"@type":"WebPage","@id":"https:\/\/www.naturparkmagazin.de\/stechlin\/multimedia-schau-baikal-das-blaue-auge-der-erde\/","url":"https:\/\/www.naturparkmagazin.de\/stechlin\/multimedia-schau-baikal-das-blaue-auge-der-erde\/","name":"Multimedia-Schau \u201eBAIKAL- Das blaue Auge der Erde\u201c - Naturpark Stechlin-Ruppiner Land","isPartOf":{"@id":"https:\/\/www.naturparkmagazin.de\/stechlin\/#website"},"datePublished":"2022-01-19T17:00:26+00:00","dateModified":"2022-01-24T08:06:31+00:00","author":{"@id":"https:\/\/www.naturparkmagazin.de\/stechlin\/#\/schema\/person\/3f0d93203df21c806dd63c76d9bb28bc"},"breadcrumb":{"@id":"https:\/\/www.naturparkmagazin.de\/stechlin\/multimedia-schau-baikal-das-blaue-auge-der-erde\/#breadcrumb"},"inLanguage":"de","potentialAction":[{"@type":"ReadAction","target":["https:\/\/www.naturparkmagazin.de\/stechlin\/multimedia-schau-baikal-das-blaue-auge-der-erde\/"]}]},{"@type":"BreadcrumbList","@id":"https:\/\/www.naturparkmagazin.de\/stechlin\/multimedia-schau-baikal-das-blaue-auge-der-erde\/#breadcrumb","itemListElement":[{"@type":"ListItem","position":1,"name":"Home","item":"https:\/\/www.naturparkmagazin.de\/stechlin\/"},{"@type":"ListItem","position":2,"name":"Multimedia-Schau \u201eBAIKAL- Das blaue Auge der Erde\u201c"}]},{"@type":"WebSite","@id":"https:\/\/www.naturparkmagazin.de\/stechlin\/#website","url":"https:\/\/www.naturparkmagazin.de\/stechlin\/","name":"Naturpark Stechlin-Ruppiner Land","description":"","potentialAction":[{"@type":"SearchAction","target":{"@type":"EntryPoint","urlTemplate":"https:\/\/www.naturparkmagazin.de\/stechlin\/?s={search_term_string}"},"query-input":"required name=search_term_string"}],"inLanguage":"de"},{"@type":"Person","@id":"https:\/\/www.naturparkmagazin.de\/stechlin\/#\/schema\/person\/3f0d93203df21c806dd63c76d9bb28bc","name":"marioschrumpf","url":"https:\/\/www.naturparkmagazin.de\/stechlin\/author\/marioschrumpf\/"}]}},"_links":{"self":[{"href":"https:\/\/www.naturparkmagazin.de\/stechlin\/wp-json\/wp\/v2\/posts\/11579"}],"collection":[{"href":"https:\/\/www.naturparkmagazin.de\/stechlin\/wp-json\/wp\/v2\/posts"}],"about":[{"href":"https:\/\/www.naturparkmagazin.de\/stechlin\/wp-json\/wp\/v2\/types\/post"}],"author":[{"embeddable":true,"href":"https:\/\/www.naturparkmagazin.de\/stechlin\/wp-json\/wp\/v2\/users\/39"}],"replies":[{"embeddable":true,"href":"https:\/\/www.naturparkmagazin.de\/stechlin\/wp-json\/wp\/v2\/comments?post=11579"}],"version-history":[{"count":4,"href":"https:\/\/www.naturparkmagazin.de\/stechlin\/wp-json\/wp\/v2\/posts\/11579\/revisions"}],"predecessor-version":[{"id":11594,"href":"https:\/\/www.naturparkmagazin.de\/stechlin\/wp-json\/wp\/v2\/posts\/11579\/revisions\/11594"}],"wp:featuredmedia":[{"embeddable":true,"href":"https:\/\/www.naturparkmagazin.de\/stechlin\/wp-json\/wp\/v2\/media\/11585"}],"wp:attachment":[{"href":"https:\/\/www.naturparkmagazin.de\/stechlin\/wp-json\/wp\/v2\/media?parent=11579"}],"wp:term":[{"taxonomy":"category","embeddable":true,"href":"https:\/\/www.naturparkmagazin.de\/stechlin\/wp-json\/wp\/v2\/categories?post=11579"},{"taxonomy":"post_tag","embeddable":true,"href":"https:\/\/www.naturparkmagazin.de\/stechlin\/wp-json\/wp\/v2\/tags?post=11579"}],"curies":[{"name":"wp","href":"https:\/\/api.w.org\/{rel}","templated":true}]}}