{"id":116,"date":"2013-08-27T14:18:17","date_gmt":"2013-08-27T12:18:17","guid":{"rendered":"http:\/\/www.naturparkmagazin.de\/stechlin\/?p=116"},"modified":"2013-09-02T16:17:30","modified_gmt":"2013-09-02T14:17:30","slug":"tag-des-offenen-denkmals","status":"publish","type":"post","link":"https:\/\/www.naturparkmagazin.de\/stechlin\/tag-des-offenen-denkmals\/","title":{"rendered":"Tag des offenen Denkmals in Zernikow"},"content":{"rendered":"<p><em>Thema 2013: &#8222;Jenseits des Guten und Sch\u00f6nen: Unbequeme Denkmale?&#8220;<\/em><\/p>\n<p>Achim von Arnim, der Dichter der Romantik besuchte des \u00f6fteren seine Gro\u00dfmutter, die Frau von Labes in Zernikow. Achim von Arnim stand sp\u00e4ter in engem Kontakt mit den Gebr\u00fcdern Grimm. Sie sammelten alte Volkslieder f\u00fcr &#8222;Des knaben Wunderhorn&#8220; und Arnim gab gesammelte M\u00e4rchen und Sagen an die Grimms weiter. Er war es auch, der sie ermunterte diese M\u00e4rchensammlung bei dem Berliner Verleger Georg Andreas Reimer herauszubringen.<\/p>\n<p>Es ist das Nat\u00fcrliche und Urspr\u00fcngliche, das Menschen seit Generationen an M\u00e4rchen und Sagen fesselt.<\/p>\n<p><span style=\"text-decoration: underline\"><strong>Helmuth Borth liest als Herausgeber aus seinem Buch &#8222;Grimms M\u00e4rchen aus Berlin und Brandenburg&#8220;<\/strong><\/span><\/p>\n<p>Der Neubrandenburger wird auch auf die Beziehung Achims von Arnim zu den Gebr\u00fcdern Grimm eingehen, so gibt es neben den M\u00e4rchen auch zwei Kapitel die hei\u00dfen &#8222;Die Arnims, die Grimms und die Uckermark&#8220; und &#8222;Stammlinie der -M\u00e4rchenarnims-&#8222;.<\/p>\n<p>Das Buch ist in der edition federchen im Steffen Verlag erschienen<\/p>\n<p>Die Kirchengemeinde Zernikow l\u00e4dt zu dieser Lesung herzlich ein!<\/p>\n<p><strong>Termin:<\/strong> Sonntag, 8. September<\/p>\n<p><strong>Treff:<\/strong> 16.00 Uhr, Kirche Zernikow<\/p>\n<p><strong>Veranstalter:<\/strong> Evang. Kirche Zernikow<\/p>\n<p><strong>Kontakt:<\/strong> Pfarrer i.R. Reinhard Dalchow, 0170\/4125324<\/p>\n<p>&nbsp;<\/p>\n<p><strong><span style=\"text-decoration: underline\">F\u00fchrungen auf Gut Zernikow<\/span><\/strong><\/p>\n<p><strong>Termin:<\/strong> 10-16 Uhr<\/p>\n<p><strong>Treff:<\/strong> Gut Zernikow<\/p>\n<p><strong>Kontakt:<\/strong> B\u00e4rbel Backwitz, zertifizierte Natur- und Landschaftf\u00fchrerin des Naturparks, Tel.: 033082\/49025<\/p>\n","protected":false},"excerpt":{"rendered":"<p>Thema 2013: &#8222;Jenseits des Guten und Sch\u00f6nen: Unbequeme Denkmale?&#8220; Achim von Arnim, der Dichter der Romantik besuchte des \u00f6fteren seine Gro\u00dfmutter, die Frau von Labes in Zernikow. Achim von Arnim stand sp\u00e4ter in engem Kontakt mit den Gebr\u00fcdern Grimm. Sie sammelten alte Volkslieder f\u00fcr &#8222;Des knaben Wunderhorn&#8220; und Arnim gab gesammelte M\u00e4rchen und Sagen an<\/p>\n","protected":false},"author":39,"featured_media":117,"comment_status":"open","ping_status":"open","sticky":false,"template":"","format":"standard","meta":[],"categories":[11],"tags":[],"yoast_head":"<!-- This site is optimized with the Yoast SEO plugin v19.10 - https:\/\/yoast.com\/wordpress\/plugins\/seo\/ -->\n<title>Tag des offenen Denkmals in Zernikow - Naturpark Stechlin-Ruppiner Land<\/title>\n<meta name=\"robots\" content=\"index, follow, max-snippet:-1, max-image-preview:large, max-video-preview:-1\" \/>\n<link rel=\"canonical\" href=\"https:\/\/www.naturparkmagazin.de\/stechlin\/tag-des-offenen-denkmals\/\" \/>\n<meta property=\"og:locale\" content=\"de_DE\" \/>\n<meta property=\"og:type\" content=\"article\" \/>\n<meta property=\"og:title\" content=\"Tag des offenen Denkmals in Zernikow - Naturpark Stechlin-Ruppiner Land\" \/>\n<meta property=\"og:description\" content=\"Thema 2013: &#8222;Jenseits des Guten und Sch\u00f6nen: Unbequeme Denkmale?&#8220; Achim von Arnim, der Dichter der Romantik besuchte des \u00f6fteren seine Gro\u00dfmutter, die Frau von Labes in Zernikow. Achim von Arnim stand sp\u00e4ter in engem Kontakt mit den Gebr\u00fcdern Grimm. Sie sammelten alte Volkslieder f\u00fcr &#8222;Des knaben Wunderhorn&#8220; und Arnim gab gesammelte M\u00e4rchen und Sagen an\" \/>\n<meta property=\"og:url\" content=\"https:\/\/www.naturparkmagazin.de\/stechlin\/tag-des-offenen-denkmals\/\" \/>\n<meta property=\"og:site_name\" content=\"Naturpark Stechlin-Ruppiner Land\" \/>\n<meta property=\"article:published_time\" content=\"2013-08-27T12:18:17+00:00\" \/>\n<meta property=\"article:modified_time\" content=\"2013-09-02T14:17:30+00:00\" \/>\n<meta property=\"og:image\" content=\"https:\/\/www.naturparkmagazin.de\/stechlin\/wp-content\/uploads\/sites\/38\/k-DSC_00091.jpg\" \/>\n\t<meta property=\"og:image:width\" content=\"1936\" \/>\n\t<meta property=\"og:image:height\" content=\"1296\" \/>\n\t<meta property=\"og:image:type\" content=\"image\/jpeg\" \/>\n<meta name=\"author\" content=\"marioschrumpf\" \/>\n<meta name=\"twitter:label1\" content=\"Verfasst von\" \/>\n\t<meta name=\"twitter:data1\" content=\"marioschrumpf\" \/>\n\t<meta name=\"twitter:label2\" content=\"Gesch\u00e4tzte Lesezeit\" \/>\n\t<meta name=\"twitter:data2\" content=\"1\u00a0Minute\" \/>\n<script type=\"application\/ld+json\" class=\"yoast-schema-graph\">{\"@context\":\"https:\/\/schema.org\",\"@graph\":[{\"@type\":\"WebPage\",\"@id\":\"https:\/\/www.naturparkmagazin.de\/stechlin\/tag-des-offenen-denkmals\/\",\"url\":\"https:\/\/www.naturparkmagazin.de\/stechlin\/tag-des-offenen-denkmals\/\",\"name\":\"Tag des offenen Denkmals in Zernikow - Naturpark Stechlin-Ruppiner Land\",\"isPartOf\":{\"@id\":\"https:\/\/www.naturparkmagazin.de\/stechlin\/#website\"},\"datePublished\":\"2013-08-27T12:18:17+00:00\",\"dateModified\":\"2013-09-02T14:17:30+00:00\",\"author\":{\"@id\":\"https:\/\/www.naturparkmagazin.de\/stechlin\/#\/schema\/person\/3f0d93203df21c806dd63c76d9bb28bc\"},\"breadcrumb\":{\"@id\":\"https:\/\/www.naturparkmagazin.de\/stechlin\/tag-des-offenen-denkmals\/#breadcrumb\"},\"inLanguage\":\"de\",\"potentialAction\":[{\"@type\":\"ReadAction\",\"target\":[\"https:\/\/www.naturparkmagazin.de\/stechlin\/tag-des-offenen-denkmals\/\"]}]},{\"@type\":\"BreadcrumbList\",\"@id\":\"https:\/\/www.naturparkmagazin.de\/stechlin\/tag-des-offenen-denkmals\/#breadcrumb\",\"itemListElement\":[{\"@type\":\"ListItem\",\"position\":1,\"name\":\"Home\",\"item\":\"https:\/\/www.naturparkmagazin.de\/stechlin\/\"},{\"@type\":\"ListItem\",\"position\":2,\"name\":\"Tag des offenen Denkmals in Zernikow\"}]},{\"@type\":\"WebSite\",\"@id\":\"https:\/\/www.naturparkmagazin.de\/stechlin\/#website\",\"url\":\"https:\/\/www.naturparkmagazin.de\/stechlin\/\",\"name\":\"Naturpark Stechlin-Ruppiner Land\",\"description\":\"\",\"potentialAction\":[{\"@type\":\"SearchAction\",\"target\":{\"@type\":\"EntryPoint\",\"urlTemplate\":\"https:\/\/www.naturparkmagazin.de\/stechlin\/?s={search_term_string}\"},\"query-input\":\"required name=search_term_string\"}],\"inLanguage\":\"de\"},{\"@type\":\"Person\",\"@id\":\"https:\/\/www.naturparkmagazin.de\/stechlin\/#\/schema\/person\/3f0d93203df21c806dd63c76d9bb28bc\",\"name\":\"marioschrumpf\",\"url\":\"https:\/\/www.naturparkmagazin.de\/stechlin\/author\/marioschrumpf\/\"}]}<\/script>\n<!-- \/ Yoast SEO plugin. -->","yoast_head_json":{"title":"Tag des offenen Denkmals in Zernikow - Naturpark Stechlin-Ruppiner Land","robots":{"index":"index","follow":"follow","max-snippet":"max-snippet:-1","max-image-preview":"max-image-preview:large","max-video-preview":"max-video-preview:-1"},"canonical":"https:\/\/www.naturparkmagazin.de\/stechlin\/tag-des-offenen-denkmals\/","og_locale":"de_DE","og_type":"article","og_title":"Tag des offenen Denkmals in Zernikow - Naturpark Stechlin-Ruppiner Land","og_description":"Thema 2013: &#8222;Jenseits des Guten und Sch\u00f6nen: Unbequeme Denkmale?&#8220; Achim von Arnim, der Dichter der Romantik besuchte des \u00f6fteren seine Gro\u00dfmutter, die Frau von Labes in Zernikow. Achim von Arnim stand sp\u00e4ter in engem Kontakt mit den Gebr\u00fcdern Grimm. Sie sammelten alte Volkslieder f\u00fcr &#8222;Des knaben Wunderhorn&#8220; und Arnim gab gesammelte M\u00e4rchen und Sagen an","og_url":"https:\/\/www.naturparkmagazin.de\/stechlin\/tag-des-offenen-denkmals\/","og_site_name":"Naturpark Stechlin-Ruppiner Land","article_published_time":"2013-08-27T12:18:17+00:00","article_modified_time":"2013-09-02T14:17:30+00:00","og_image":[{"width":1936,"height":1296,"url":"https:\/\/www.naturparkmagazin.de\/stechlin\/wp-content\/uploads\/sites\/38\/k-DSC_00091.jpg","type":"image\/jpeg"}],"author":"marioschrumpf","twitter_misc":{"Verfasst von":"marioschrumpf","Gesch\u00e4tzte Lesezeit":"1\u00a0Minute"},"schema":{"@context":"https:\/\/schema.org","@graph":[{"@type":"WebPage","@id":"https:\/\/www.naturparkmagazin.de\/stechlin\/tag-des-offenen-denkmals\/","url":"https:\/\/www.naturparkmagazin.de\/stechlin\/tag-des-offenen-denkmals\/","name":"Tag des offenen Denkmals in Zernikow - Naturpark Stechlin-Ruppiner Land","isPartOf":{"@id":"https:\/\/www.naturparkmagazin.de\/stechlin\/#website"},"datePublished":"2013-08-27T12:18:17+00:00","dateModified":"2013-09-02T14:17:30+00:00","author":{"@id":"https:\/\/www.naturparkmagazin.de\/stechlin\/#\/schema\/person\/3f0d93203df21c806dd63c76d9bb28bc"},"breadcrumb":{"@id":"https:\/\/www.naturparkmagazin.de\/stechlin\/tag-des-offenen-denkmals\/#breadcrumb"},"inLanguage":"de","potentialAction":[{"@type":"ReadAction","target":["https:\/\/www.naturparkmagazin.de\/stechlin\/tag-des-offenen-denkmals\/"]}]},{"@type":"BreadcrumbList","@id":"https:\/\/www.naturparkmagazin.de\/stechlin\/tag-des-offenen-denkmals\/#breadcrumb","itemListElement":[{"@type":"ListItem","position":1,"name":"Home","item":"https:\/\/www.naturparkmagazin.de\/stechlin\/"},{"@type":"ListItem","position":2,"name":"Tag des offenen Denkmals in Zernikow"}]},{"@type":"WebSite","@id":"https:\/\/www.naturparkmagazin.de\/stechlin\/#website","url":"https:\/\/www.naturparkmagazin.de\/stechlin\/","name":"Naturpark Stechlin-Ruppiner Land","description":"","potentialAction":[{"@type":"SearchAction","target":{"@type":"EntryPoint","urlTemplate":"https:\/\/www.naturparkmagazin.de\/stechlin\/?s={search_term_string}"},"query-input":"required name=search_term_string"}],"inLanguage":"de"},{"@type":"Person","@id":"https:\/\/www.naturparkmagazin.de\/stechlin\/#\/schema\/person\/3f0d93203df21c806dd63c76d9bb28bc","name":"marioschrumpf","url":"https:\/\/www.naturparkmagazin.de\/stechlin\/author\/marioschrumpf\/"}]}},"_links":{"self":[{"href":"https:\/\/www.naturparkmagazin.de\/stechlin\/wp-json\/wp\/v2\/posts\/116"}],"collection":[{"href":"https:\/\/www.naturparkmagazin.de\/stechlin\/wp-json\/wp\/v2\/posts"}],"about":[{"href":"https:\/\/www.naturparkmagazin.de\/stechlin\/wp-json\/wp\/v2\/types\/post"}],"author":[{"embeddable":true,"href":"https:\/\/www.naturparkmagazin.de\/stechlin\/wp-json\/wp\/v2\/users\/39"}],"replies":[{"embeddable":true,"href":"https:\/\/www.naturparkmagazin.de\/stechlin\/wp-json\/wp\/v2\/comments?post=116"}],"version-history":[{"count":4,"href":"https:\/\/www.naturparkmagazin.de\/stechlin\/wp-json\/wp\/v2\/posts\/116\/revisions"}],"predecessor-version":[{"id":171,"href":"https:\/\/www.naturparkmagazin.de\/stechlin\/wp-json\/wp\/v2\/posts\/116\/revisions\/171"}],"wp:featuredmedia":[{"embeddable":true,"href":"https:\/\/www.naturparkmagazin.de\/stechlin\/wp-json\/wp\/v2\/media\/117"}],"wp:attachment":[{"href":"https:\/\/www.naturparkmagazin.de\/stechlin\/wp-json\/wp\/v2\/media?parent=116"}],"wp:term":[{"taxonomy":"category","embeddable":true,"href":"https:\/\/www.naturparkmagazin.de\/stechlin\/wp-json\/wp\/v2\/categories?post=116"},{"taxonomy":"post_tag","embeddable":true,"href":"https:\/\/www.naturparkmagazin.de\/stechlin\/wp-json\/wp\/v2\/tags?post=116"}],"curies":[{"name":"wp","href":"https:\/\/api.w.org\/{rel}","templated":true}]}}