{"id":11616,"date":"2022-02-16T15:00:45","date_gmt":"2022-02-16T14:00:45","guid":{"rendered":"https:\/\/www.naturparkmagazin.de\/stechlin\/?p=11616"},"modified":"2022-02-18T10:11:39","modified_gmt":"2022-02-18T09:11:39","slug":"brandenburger-naturschutzpreis-wird-ausgelobt","status":"publish","type":"post","link":"https:\/\/www.naturparkmagazin.de\/stechlin\/brandenburger-naturschutzpreis-wird-ausgelobt\/","title":{"rendered":"Brandenburger Naturschutzpreis wird ausgelobt!"},"content":{"rendered":"<p>Die Stiftung NaturSchutzFonds Brandenburg lobt den Brandenburger Naturschutzpreis 2022 aus. Bis zum 29. April 2022 k\u00f6nnen Vorschl\u00e4ge oder Bewerbungen bei der Gesch\u00e4ftsstelle der Stiftung eingereicht werden.<\/p>\n<p>Die Auszeichnung ist mit einem Preisgeld in H\u00f6he von insgesamt 4.000 Euro dotiert und kann geteilt werden.<\/p>\n<div id=\"attachment_11285\" style=\"width: 310px\" class=\"wp-caption aligncenter\"><a href=\"https:\/\/www.naturparkmagazin.de\/stechlin\/wp-content\/uploads\/sites\/38\/w\u00e4ssern.jpg\"><img aria-describedby=\"caption-attachment-11285\" decoding=\"async\" loading=\"lazy\" class=\"size-thumbnail wp-image-11285\" src=\"https:\/\/www.naturparkmagazin.de\/stechlin\/wp-content\/uploads\/sites\/38\/w\u00e4ssern-300x180.jpg\" alt=\"Zum Schluss wurden die Obstb\u00e4ume angegossen. \u00a9 Foto: Dr. Mario Schrumpf\" width=\"300\" height=\"180\" srcset=\"https:\/\/www.naturparkmagazin.de\/stechlin\/wp-content\/uploads\/sites\/38\/w\u00e4ssern-300x180.jpg 300w, https:\/\/www.naturparkmagazin.de\/stechlin\/wp-content\/uploads\/sites\/38\/w\u00e4ssern.jpg 500w, https:\/\/www.naturparkmagazin.de\/stechlin\/wp-content\/uploads\/sites\/38\/w\u00e4ssern-200x120.jpg 200w\" sizes=\"(max-width: 300px) 100vw, 300px\" \/><\/a><p id=\"caption-attachment-11285\" class=\"wp-caption-text\">Der Brandenburger Naturschutz lebt vom Engagement vieler ehenamtlicher Natursch\u00fctzer vor Ort.\u00a9 Foto: Dr. Mario Schrumpf<\/p><\/div>\n<p>Mit dem Naturschutzpreis ehrt die Stiftung NaturSchutzFonds Brandenburg jedes Jahr richtungsweisende Leistungen im Bereich des aktiven, praktischen Naturschutzes, der nachhaltigen Landnutzung oder auch eine vorbildliche \u00d6ffentlichkeitsarbeit und Umweltbildung. Dar\u00fcber hinaus pr\u00e4miert die Stiftung auch wissenschaftliche, planerische oder wirtschaftliche Leistungen.<\/p>\n<p>Brandenburgs Umweltminister Axel Vogel: \u201e<em>Ohne den bemerkenswerten und vielfach ehrenamtlichen Einsatz f\u00fcr Natur und Umwelt w\u00e4ren sehr viele Projekte und Erfolge im Naturschutz nicht denkbar. Durch die Auszeichnung mit dem Brandenburger Naturschutzpreis, aber auh jede und jeden, eine Bewerbung oder einen Vorschlag f\u00fcr den Preis einzureichen<\/em>\u201c.<\/p>\n<p>Minister Axel Vogel hat zu Jahresbeginn den Stiftungsratsvorsitz der Landesstiftung von der ins Bundes-Landwirtschaftsministerium nach Berlin gewechselten Silvia Bender \u00fcbernommen.<\/p>\n<p>2021 war mit Knut Kucznik ein Br\u00fcckenbauer zwischen Naturschutz und Landnutzung ausgezeichnet worden. Kucznik denkt Bewirtschaftung und Naturschutz zusammen und entwickelt Beweidungskonzepte ausdr\u00fccklich zum Schutz von Lebensr\u00e4umen und Arten. So profitieren von der Beweidung nasser Moorfl\u00e4chen um Altlandsberg mit Wasserb\u00fcffeln gleich drei stark bedrohte FFH-Schmetterlingsarten: der Helle und Dunkle Wiesenknopfameisenbl\u00e4uling sowie der Gro\u00dfe Feuerfalter.<\/p>\n<p>&nbsp;<\/p>\n<div id=\"attachment_10960\" style=\"width: 310px\" class=\"wp-caption aligncenter\"><a href=\"https:\/\/www.naturparkmagazin.de\/stechlin\/wp-content\/uploads\/sites\/38\/cheforganisator.jpg\"><img aria-describedby=\"caption-attachment-10960\" decoding=\"async\" loading=\"lazy\" class=\"size-thumbnail wp-image-10960\" src=\"https:\/\/www.naturparkmagazin.de\/stechlin\/wp-content\/uploads\/sites\/38\/cheforganisator-300x180.jpg\" alt=\"Cheforganisator Olaf Wolff \u00a9 Olaf Wolff\" width=\"300\" height=\"180\" srcset=\"https:\/\/www.naturparkmagazin.de\/stechlin\/wp-content\/uploads\/sites\/38\/cheforganisator-300x180.jpg 300w, https:\/\/www.naturparkmagazin.de\/stechlin\/wp-content\/uploads\/sites\/38\/cheforganisator.jpg 500w, https:\/\/www.naturparkmagazin.de\/stechlin\/wp-content\/uploads\/sites\/38\/cheforganisator-200x120.jpg 200w\" sizes=\"(max-width: 300px) 100vw, 300px\" \/><\/a><p id=\"caption-attachment-10960\" class=\"wp-caption-text\">Beim ehrenamtlich organisierten Temnitzer Heidelauf werden bereits die J\u00fcngsten f\u00fcr die Sch\u00f6nheit der Kyritz-Ruppiner Heide im Rahmen der Bildung f\u00fcr nachhaltige Entwicklung sensibilisiert.\u00a9 Olaf Wolff<\/p><\/div>\n<p>F\u00fcr den Brandenburger Naturschutzpreis k\u00f6nnen einzelne Personen, Verb\u00e4nde, Vereine, oder Unternehmen sowie Schulklassen, Kindergruppen oder Arbeitsgemeinschaften vorgeschlagen werden bzw. sich selbst bewerben. Der Preis richtet sich auch an Menschen, die nicht in Brandenburg leben, sich aber in besonderem Ma\u00dfe um den Schutz von Natur und Landschaft zwischen Elbe und Oder verdient gemacht haben.<\/p>\n<p>Bewerbungsformular, Auswahlkriterien und weitere Informationen unter: <a href=\"https:\/\/www.naturschutzfonds.de\/ueber-uns\/naturschutzpreis\/\" target=\"_blank\">www.natur-schutzfonds.de\/ueber-uns\/naturschutzpreis\/<\/a><\/p>\n","protected":false},"excerpt":{"rendered":"<p>Bis zum 29. April 2022 k\u00f6nnen Vorschl\u00e4ge f\u00fcr den Naturschutzpreis 2022 bei der Stiftung NaturSchutzFonds eingereicht werden.<\/p>\n","protected":false},"author":39,"featured_media":11278,"comment_status":"open","ping_status":"open","sticky":false,"template":"","format":"standard","meta":[],"categories":[7],"tags":[],"yoast_head":"<!-- This site is optimized with the Yoast SEO plugin v19.10 - https:\/\/yoast.com\/wordpress\/plugins\/seo\/ -->\n<title>Brandenburger Naturschutzpreis wird ausgelobt! - Naturpark Stechlin-Ruppiner Land<\/title>\n<meta name=\"robots\" content=\"index, follow, max-snippet:-1, max-image-preview:large, max-video-preview:-1\" \/>\n<link rel=\"canonical\" href=\"https:\/\/www.naturparkmagazin.de\/stechlin\/brandenburger-naturschutzpreis-wird-ausgelobt\/\" \/>\n<meta property=\"og:locale\" content=\"de_DE\" \/>\n<meta property=\"og:type\" content=\"article\" \/>\n<meta property=\"og:title\" content=\"Brandenburger Naturschutzpreis wird ausgelobt! - Naturpark Stechlin-Ruppiner Land\" \/>\n<meta property=\"og:description\" content=\"Bis zum 29. April 2022 k\u00f6nnen Vorschl\u00e4ge f\u00fcr den Naturschutzpreis 2022 bei der Stiftung NaturSchutzFonds eingereicht werden.\" \/>\n<meta property=\"og:url\" content=\"https:\/\/www.naturparkmagazin.de\/stechlin\/brandenburger-naturschutzpreis-wird-ausgelobt\/\" \/>\n<meta property=\"og:site_name\" content=\"Naturpark Stechlin-Ruppiner Land\" \/>\n<meta property=\"article:published_time\" content=\"2022-02-16T14:00:45+00:00\" \/>\n<meta property=\"article:modified_time\" content=\"2022-02-18T09:11:39+00:00\" \/>\n<meta property=\"og:image\" content=\"https:\/\/www.naturparkmagazin.de\/stechlin\/wp-content\/uploads\/sites\/38\/aufmacher8.jpg\" \/>\n\t<meta property=\"og:image:width\" content=\"200\" \/>\n\t<meta property=\"og:image:height\" content=\"200\" \/>\n\t<meta property=\"og:image:type\" content=\"image\/jpeg\" \/>\n<meta name=\"author\" content=\"marioschrumpf\" \/>\n<meta name=\"twitter:label1\" content=\"Verfasst von\" \/>\n\t<meta name=\"twitter:data1\" content=\"marioschrumpf\" \/>\n\t<meta name=\"twitter:label2\" content=\"Gesch\u00e4tzte Lesezeit\" \/>\n\t<meta name=\"twitter:data2\" content=\"2\u00a0Minuten\" \/>\n<script type=\"application\/ld+json\" class=\"yoast-schema-graph\">{\"@context\":\"https:\/\/schema.org\",\"@graph\":[{\"@type\":\"WebPage\",\"@id\":\"https:\/\/www.naturparkmagazin.de\/stechlin\/brandenburger-naturschutzpreis-wird-ausgelobt\/\",\"url\":\"https:\/\/www.naturparkmagazin.de\/stechlin\/brandenburger-naturschutzpreis-wird-ausgelobt\/\",\"name\":\"Brandenburger Naturschutzpreis wird ausgelobt! - Naturpark Stechlin-Ruppiner Land\",\"isPartOf\":{\"@id\":\"https:\/\/www.naturparkmagazin.de\/stechlin\/#website\"},\"datePublished\":\"2022-02-16T14:00:45+00:00\",\"dateModified\":\"2022-02-18T09:11:39+00:00\",\"author\":{\"@id\":\"https:\/\/www.naturparkmagazin.de\/stechlin\/#\/schema\/person\/3f0d93203df21c806dd63c76d9bb28bc\"},\"breadcrumb\":{\"@id\":\"https:\/\/www.naturparkmagazin.de\/stechlin\/brandenburger-naturschutzpreis-wird-ausgelobt\/#breadcrumb\"},\"inLanguage\":\"de\",\"potentialAction\":[{\"@type\":\"ReadAction\",\"target\":[\"https:\/\/www.naturparkmagazin.de\/stechlin\/brandenburger-naturschutzpreis-wird-ausgelobt\/\"]}]},{\"@type\":\"BreadcrumbList\",\"@id\":\"https:\/\/www.naturparkmagazin.de\/stechlin\/brandenburger-naturschutzpreis-wird-ausgelobt\/#breadcrumb\",\"itemListElement\":[{\"@type\":\"ListItem\",\"position\":1,\"name\":\"Home\",\"item\":\"https:\/\/www.naturparkmagazin.de\/stechlin\/\"},{\"@type\":\"ListItem\",\"position\":2,\"name\":\"Brandenburger Naturschutzpreis wird ausgelobt!\"}]},{\"@type\":\"WebSite\",\"@id\":\"https:\/\/www.naturparkmagazin.de\/stechlin\/#website\",\"url\":\"https:\/\/www.naturparkmagazin.de\/stechlin\/\",\"name\":\"Naturpark Stechlin-Ruppiner Land\",\"description\":\"\",\"potentialAction\":[{\"@type\":\"SearchAction\",\"target\":{\"@type\":\"EntryPoint\",\"urlTemplate\":\"https:\/\/www.naturparkmagazin.de\/stechlin\/?s={search_term_string}\"},\"query-input\":\"required name=search_term_string\"}],\"inLanguage\":\"de\"},{\"@type\":\"Person\",\"@id\":\"https:\/\/www.naturparkmagazin.de\/stechlin\/#\/schema\/person\/3f0d93203df21c806dd63c76d9bb28bc\",\"name\":\"marioschrumpf\",\"url\":\"https:\/\/www.naturparkmagazin.de\/stechlin\/author\/marioschrumpf\/\"}]}<\/script>\n<!-- \/ Yoast SEO plugin. -->","yoast_head_json":{"title":"Brandenburger Naturschutzpreis wird ausgelobt! - Naturpark Stechlin-Ruppiner Land","robots":{"index":"index","follow":"follow","max-snippet":"max-snippet:-1","max-image-preview":"max-image-preview:large","max-video-preview":"max-video-preview:-1"},"canonical":"https:\/\/www.naturparkmagazin.de\/stechlin\/brandenburger-naturschutzpreis-wird-ausgelobt\/","og_locale":"de_DE","og_type":"article","og_title":"Brandenburger Naturschutzpreis wird ausgelobt! - Naturpark Stechlin-Ruppiner Land","og_description":"Bis zum 29. April 2022 k\u00f6nnen Vorschl\u00e4ge f\u00fcr den Naturschutzpreis 2022 bei der Stiftung NaturSchutzFonds eingereicht werden.","og_url":"https:\/\/www.naturparkmagazin.de\/stechlin\/brandenburger-naturschutzpreis-wird-ausgelobt\/","og_site_name":"Naturpark Stechlin-Ruppiner Land","article_published_time":"2022-02-16T14:00:45+00:00","article_modified_time":"2022-02-18T09:11:39+00:00","og_image":[{"width":200,"height":200,"url":"https:\/\/www.naturparkmagazin.de\/stechlin\/wp-content\/uploads\/sites\/38\/aufmacher8.jpg","type":"image\/jpeg"}],"author":"marioschrumpf","twitter_misc":{"Verfasst von":"marioschrumpf","Gesch\u00e4tzte Lesezeit":"2\u00a0Minuten"},"schema":{"@context":"https:\/\/schema.org","@graph":[{"@type":"WebPage","@id":"https:\/\/www.naturparkmagazin.de\/stechlin\/brandenburger-naturschutzpreis-wird-ausgelobt\/","url":"https:\/\/www.naturparkmagazin.de\/stechlin\/brandenburger-naturschutzpreis-wird-ausgelobt\/","name":"Brandenburger Naturschutzpreis wird ausgelobt! - Naturpark Stechlin-Ruppiner Land","isPartOf":{"@id":"https:\/\/www.naturparkmagazin.de\/stechlin\/#website"},"datePublished":"2022-02-16T14:00:45+00:00","dateModified":"2022-02-18T09:11:39+00:00","author":{"@id":"https:\/\/www.naturparkmagazin.de\/stechlin\/#\/schema\/person\/3f0d93203df21c806dd63c76d9bb28bc"},"breadcrumb":{"@id":"https:\/\/www.naturparkmagazin.de\/stechlin\/brandenburger-naturschutzpreis-wird-ausgelobt\/#breadcrumb"},"inLanguage":"de","potentialAction":[{"@type":"ReadAction","target":["https:\/\/www.naturparkmagazin.de\/stechlin\/brandenburger-naturschutzpreis-wird-ausgelobt\/"]}]},{"@type":"BreadcrumbList","@id":"https:\/\/www.naturparkmagazin.de\/stechlin\/brandenburger-naturschutzpreis-wird-ausgelobt\/#breadcrumb","itemListElement":[{"@type":"ListItem","position":1,"name":"Home","item":"https:\/\/www.naturparkmagazin.de\/stechlin\/"},{"@type":"ListItem","position":2,"name":"Brandenburger Naturschutzpreis wird ausgelobt!"}]},{"@type":"WebSite","@id":"https:\/\/www.naturparkmagazin.de\/stechlin\/#website","url":"https:\/\/www.naturparkmagazin.de\/stechlin\/","name":"Naturpark Stechlin-Ruppiner Land","description":"","potentialAction":[{"@type":"SearchAction","target":{"@type":"EntryPoint","urlTemplate":"https:\/\/www.naturparkmagazin.de\/stechlin\/?s={search_term_string}"},"query-input":"required name=search_term_string"}],"inLanguage":"de"},{"@type":"Person","@id":"https:\/\/www.naturparkmagazin.de\/stechlin\/#\/schema\/person\/3f0d93203df21c806dd63c76d9bb28bc","name":"marioschrumpf","url":"https:\/\/www.naturparkmagazin.de\/stechlin\/author\/marioschrumpf\/"}]}},"_links":{"self":[{"href":"https:\/\/www.naturparkmagazin.de\/stechlin\/wp-json\/wp\/v2\/posts\/11616"}],"collection":[{"href":"https:\/\/www.naturparkmagazin.de\/stechlin\/wp-json\/wp\/v2\/posts"}],"about":[{"href":"https:\/\/www.naturparkmagazin.de\/stechlin\/wp-json\/wp\/v2\/types\/post"}],"author":[{"embeddable":true,"href":"https:\/\/www.naturparkmagazin.de\/stechlin\/wp-json\/wp\/v2\/users\/39"}],"replies":[{"embeddable":true,"href":"https:\/\/www.naturparkmagazin.de\/stechlin\/wp-json\/wp\/v2\/comments?post=11616"}],"version-history":[{"count":5,"href":"https:\/\/www.naturparkmagazin.de\/stechlin\/wp-json\/wp\/v2\/posts\/11616\/revisions"}],"predecessor-version":[{"id":11687,"href":"https:\/\/www.naturparkmagazin.de\/stechlin\/wp-json\/wp\/v2\/posts\/11616\/revisions\/11687"}],"wp:featuredmedia":[{"embeddable":true,"href":"https:\/\/www.naturparkmagazin.de\/stechlin\/wp-json\/wp\/v2\/media\/11278"}],"wp:attachment":[{"href":"https:\/\/www.naturparkmagazin.de\/stechlin\/wp-json\/wp\/v2\/media?parent=11616"}],"wp:term":[{"taxonomy":"category","embeddable":true,"href":"https:\/\/www.naturparkmagazin.de\/stechlin\/wp-json\/wp\/v2\/categories?post=11616"},{"taxonomy":"post_tag","embeddable":true,"href":"https:\/\/www.naturparkmagazin.de\/stechlin\/wp-json\/wp\/v2\/tags?post=11616"}],"curies":[{"name":"wp","href":"https:\/\/api.w.org\/{rel}","templated":true}]}}