{"id":11618,"date":"2022-04-13T15:00:07","date_gmt":"2022-04-13T13:00:07","guid":{"rendered":"https:\/\/www.naturparkmagazin.de\/stechlin\/?p=11618"},"modified":"2025-07-25T14:42:56","modified_gmt":"2025-07-25T12:42:56","slug":"so-viel-anfang-war-nie-notizen-aus-der-ostdeutschen-provinz-lesung-unter-apfelbaeumen-mit-christhard-laepple","status":"publish","type":"post","link":"https:\/\/www.naturparkmagazin.de\/stechlin\/so-viel-anfang-war-nie-notizen-aus-der-ostdeutschen-provinz-lesung-unter-apfelbaeumen-mit-christhard-laepple\/","title":{"rendered":"&#8222;So viel Anfang war nie &#8211; Notizen aus der ostdeutschen Provinz&#8220; &#8211; Lesung unter Apfelb\u00e4umen mit Christhard L\u00e4pple (2022)"},"content":{"rendered":"<p>Christhard L\u00e4pple war u.a. 10 Jahre lang stellv. Redaktionsleiter und zwei Jahre Redaktionsleiter der ZDF-Kultursendung aspekte. Er wurde 2018 f\u00fcr seine Arbeit f\u00fcr die 3sat-Kulturzeit mit dem Hans-Joachim-Friedrichs-Preis ausgezeichnet.<\/p>\n<div id=\"attachment_11668\" style=\"width: 310px\" class=\"wp-caption aligncenter\"><a href=\"https:\/\/www.naturparkmagazin.de\/stechlin\/wp-content\/uploads\/sites\/38\/3636_13_Christhard_LaI\u02c6pple_Portraits_30.04.13_Mike-Minehan_k-2048x1011.jpg\"><img aria-describedby=\"caption-attachment-11668\" decoding=\"async\" loading=\"lazy\" class=\"size-thumbnail wp-image-11668\" src=\"https:\/\/www.naturparkmagazin.de\/stechlin\/wp-content\/uploads\/sites\/38\/3636_13_Christhard_LaI\u02c6pple_Portraits_30.04.13_Mike-Minehan_k-2048x1011-300x180.jpg\" alt=\"\u00a9 Dorfverein Menz e.V.\" width=\"300\" height=\"180\" srcset=\"https:\/\/www.naturparkmagazin.de\/stechlin\/wp-content\/uploads\/sites\/38\/3636_13_Christhard_LaI\u02c6pple_Portraits_30.04.13_Mike-Minehan_k-2048x1011-300x180.jpg 300w, https:\/\/www.naturparkmagazin.de\/stechlin\/wp-content\/uploads\/sites\/38\/3636_13_Christhard_LaI\u02c6pple_Portraits_30.04.13_Mike-Minehan_k-2048x1011.jpg 500w, https:\/\/www.naturparkmagazin.de\/stechlin\/wp-content\/uploads\/sites\/38\/3636_13_Christhard_LaI\u02c6pple_Portraits_30.04.13_Mike-Minehan_k-2048x1011-200x120.jpg 200w\" sizes=\"(max-width: 300px) 100vw, 300px\" \/><\/a><p id=\"caption-attachment-11668\" class=\"wp-caption-text\">\u00a9 Dorfverein Menz e.V.<\/p><\/div>\n<p>Mit Christhard L\u00e4pple liest erstmals ein Publizist auf der Menzer Streuobstwiese, der nicht nur dem eigenen Werk verpflichtet ist, sondern dessen berufliche Aufgabe es war und ist, \u00fcber die kulturellen Werke und Entwicklungen andere K\u00fcnstler und Autoren zu berichten. So wird sich sicherlich nach der Lesung ein spannendes Gespr\u00e4ch nicht nur \u00fcber seinen Roman, sondern dar\u00fcber hinaus \u00fcber die Nachwendezeit, \u00fcber Kultur auf dem Lande und \u00fcber Dorfkultur entwickeln.<\/p>\n<p>Ein kleines Dorf in der N\u00e4he von Berlin, das eigentlich jedes Dorf sein k\u00f6nnte. Ein Mikrokosmos menschlicher Befindlichkeiten. \u00dcber die Jahrhunderte hat es allerlei Menschen kommen und gehen gesehen: Kreative und Gl\u00fccksritter. Gewinner und Verlierer. Pessimisten und Vision\u00e4re. Alteingesessene und Berliner Gro\u00dfstadtmenschen, die in der unber\u00fchrten Natur ihr Gl\u00fcck suchen. Einwohner, die Verlorenes erhalten wollen. Zugezogene, die Altes neu erfinden wollen. Und zwar um jeden Preis.<\/p>\n<div id=\"attachment_11670\" style=\"width: 310px\" class=\"wp-caption aligncenter\"><a href=\"https:\/\/www.naturparkmagazin.de\/stechlin\/wp-content\/uploads\/sites\/38\/Laepple_Buch_klein-642x1024.jpg\"><img aria-describedby=\"caption-attachment-11670\" decoding=\"async\" loading=\"lazy\" class=\"size-thumbnail wp-image-11670\" src=\"https:\/\/www.naturparkmagazin.de\/stechlin\/wp-content\/uploads\/sites\/38\/Laepple_Buch_klein-642x1024-300x500.jpg\" alt=\"\u00a9 Dorfverein Menz e.V.\" width=\"300\" height=\"500\" srcset=\"https:\/\/www.naturparkmagazin.de\/stechlin\/wp-content\/uploads\/sites\/38\/Laepple_Buch_klein-642x1024.jpg 300w, https:\/\/www.naturparkmagazin.de\/stechlin\/wp-content\/uploads\/sites\/38\/Laepple_Buch_klein-642x1024-200x333.jpg 200w\" sizes=\"(max-width: 300px) 100vw, 300px\" \/><\/a><p id=\"caption-attachment-11670\" class=\"wp-caption-text\">\u00a9 Dorfverein Menz e.V.<\/p><\/div>\n<p>Vorlage f\u00fcr den Roman ist das f\u00fcr seine Kultur bekannte Dorf Netzeband in der Gemeinde Temnitzquell am Rande unseres Naturparks.<\/p>\n<p><strong>Wie immer: Eintritt frei!<\/strong><\/p>\n<p>Ein B\u00fcchertisch zum Erwerb des Buches mit anschlie\u00dfender M\u00f6glichkeit zum Signieren durch den Autor ist wie immer vorhanden.<\/p>\n<p>Bei Regen oder Sturm wird der Veranstaltungsort kurzfristig in den Saal der Regionalwerkstatt Stechlin verlegt.<\/p>\n<p>Und nat\u00fcrlich wird den Vorgaben der brandenburgischen Corona-Verordnung gefolgt!<\/p>\n<p><a href=\"https:\/\/dorfverein-menz.de\/event\/preview-lesung-unter-apfelbaeumen-christhard-laepple\/\" target=\"_blank\" rel=\"noopener\">Hier geht\u00b4s zur Webseite des Dorfvereins Menz!<\/a><\/p>\n","protected":false},"excerpt":{"rendered":"<p>Der Dorfverein Menz e.V. freut sich unter hoffentlich bl\u00fchenden Apfelb\u00e4umen den Publizisten, Redakteur, Journalisten, Kunstkenner und Autor Christhard L\u00e4pple auf der Streuobstwiese begr\u00fc\u00dfen zu d\u00fcrfen.<\/p>\n","protected":false},"author":39,"featured_media":11669,"comment_status":"open","ping_status":"open","sticky":false,"template":"","format":"standard","meta":[],"categories":[11],"tags":[],"yoast_head":"<!-- This site is optimized with the Yoast SEO plugin v19.10 - https:\/\/yoast.com\/wordpress\/plugins\/seo\/ -->\n<title>&quot;So viel Anfang war nie - Notizen aus der ostdeutschen Provinz&quot; - Lesung unter Apfelb\u00e4umen mit Christhard L\u00e4pple (2022) - Naturpark Stechlin-Ruppiner Land<\/title>\n<meta name=\"robots\" content=\"index, follow, max-snippet:-1, max-image-preview:large, max-video-preview:-1\" \/>\n<link rel=\"canonical\" href=\"https:\/\/www.naturparkmagazin.de\/stechlin\/so-viel-anfang-war-nie-notizen-aus-der-ostdeutschen-provinz-lesung-unter-apfelbaeumen-mit-christhard-laepple\/\" \/>\n<meta property=\"og:locale\" content=\"de_DE\" \/>\n<meta property=\"og:type\" content=\"article\" \/>\n<meta property=\"og:title\" content=\"&quot;So viel Anfang war nie - Notizen aus der ostdeutschen Provinz&quot; - Lesung unter Apfelb\u00e4umen mit Christhard L\u00e4pple (2022) - Naturpark Stechlin-Ruppiner Land\" \/>\n<meta property=\"og:description\" content=\"Der Dorfverein Menz e.V. freut sich unter hoffentlich bl\u00fchenden Apfelb\u00e4umen den Publizisten, Redakteur, Journalisten, Kunstkenner und Autor Christhard L\u00e4pple auf der Streuobstwiese begr\u00fc\u00dfen zu d\u00fcrfen.\" \/>\n<meta property=\"og:url\" content=\"https:\/\/www.naturparkmagazin.de\/stechlin\/so-viel-anfang-war-nie-notizen-aus-der-ostdeutschen-provinz-lesung-unter-apfelbaeumen-mit-christhard-laepple\/\" \/>\n<meta property=\"og:site_name\" content=\"Naturpark Stechlin-Ruppiner Land\" \/>\n<meta property=\"article:published_time\" content=\"2022-04-13T13:00:07+00:00\" \/>\n<meta property=\"article:modified_time\" content=\"2025-07-25T12:42:56+00:00\" \/>\n<meta property=\"og:image\" content=\"https:\/\/www.naturparkmagazin.de\/stechlin\/wp-content\/uploads\/sites\/38\/3636_13_Christhard_LaI\u02c6pple_Portraits_30.04.13_Mike-Minehan_k-2048x1011_a.jpg\" \/>\n\t<meta property=\"og:image:width\" content=\"200\" \/>\n\t<meta property=\"og:image:height\" content=\"200\" \/>\n\t<meta property=\"og:image:type\" content=\"image\/jpeg\" \/>\n<meta name=\"author\" content=\"marioschrumpf\" \/>\n<meta name=\"twitter:label1\" content=\"Verfasst von\" \/>\n\t<meta name=\"twitter:data1\" content=\"marioschrumpf\" \/>\n\t<meta name=\"twitter:label2\" content=\"Gesch\u00e4tzte Lesezeit\" \/>\n\t<meta name=\"twitter:data2\" content=\"2\u00a0Minuten\" \/>\n<script type=\"application\/ld+json\" class=\"yoast-schema-graph\">{\"@context\":\"https:\/\/schema.org\",\"@graph\":[{\"@type\":\"WebPage\",\"@id\":\"https:\/\/www.naturparkmagazin.de\/stechlin\/so-viel-anfang-war-nie-notizen-aus-der-ostdeutschen-provinz-lesung-unter-apfelbaeumen-mit-christhard-laepple\/\",\"url\":\"https:\/\/www.naturparkmagazin.de\/stechlin\/so-viel-anfang-war-nie-notizen-aus-der-ostdeutschen-provinz-lesung-unter-apfelbaeumen-mit-christhard-laepple\/\",\"name\":\"\\\"So viel Anfang war nie - Notizen aus der ostdeutschen Provinz\\\" - Lesung unter Apfelb\u00e4umen mit Christhard L\u00e4pple (2022) - Naturpark Stechlin-Ruppiner Land\",\"isPartOf\":{\"@id\":\"https:\/\/www.naturparkmagazin.de\/stechlin\/#website\"},\"datePublished\":\"2022-04-13T13:00:07+00:00\",\"dateModified\":\"2025-07-25T12:42:56+00:00\",\"author\":{\"@id\":\"https:\/\/www.naturparkmagazin.de\/stechlin\/#\/schema\/person\/3f0d93203df21c806dd63c76d9bb28bc\"},\"breadcrumb\":{\"@id\":\"https:\/\/www.naturparkmagazin.de\/stechlin\/so-viel-anfang-war-nie-notizen-aus-der-ostdeutschen-provinz-lesung-unter-apfelbaeumen-mit-christhard-laepple\/#breadcrumb\"},\"inLanguage\":\"de\",\"potentialAction\":[{\"@type\":\"ReadAction\",\"target\":[\"https:\/\/www.naturparkmagazin.de\/stechlin\/so-viel-anfang-war-nie-notizen-aus-der-ostdeutschen-provinz-lesung-unter-apfelbaeumen-mit-christhard-laepple\/\"]}]},{\"@type\":\"BreadcrumbList\",\"@id\":\"https:\/\/www.naturparkmagazin.de\/stechlin\/so-viel-anfang-war-nie-notizen-aus-der-ostdeutschen-provinz-lesung-unter-apfelbaeumen-mit-christhard-laepple\/#breadcrumb\",\"itemListElement\":[{\"@type\":\"ListItem\",\"position\":1,\"name\":\"Home\",\"item\":\"https:\/\/www.naturparkmagazin.de\/stechlin\/\"},{\"@type\":\"ListItem\",\"position\":2,\"name\":\"&#8222;So viel Anfang war nie &#8211; Notizen aus der ostdeutschen Provinz&#8220; &#8211; Lesung unter Apfelb\u00e4umen mit Christhard L\u00e4pple (2022)\"}]},{\"@type\":\"WebSite\",\"@id\":\"https:\/\/www.naturparkmagazin.de\/stechlin\/#website\",\"url\":\"https:\/\/www.naturparkmagazin.de\/stechlin\/\",\"name\":\"Naturpark Stechlin-Ruppiner Land\",\"description\":\"\",\"potentialAction\":[{\"@type\":\"SearchAction\",\"target\":{\"@type\":\"EntryPoint\",\"urlTemplate\":\"https:\/\/www.naturparkmagazin.de\/stechlin\/?s={search_term_string}\"},\"query-input\":\"required name=search_term_string\"}],\"inLanguage\":\"de\"},{\"@type\":\"Person\",\"@id\":\"https:\/\/www.naturparkmagazin.de\/stechlin\/#\/schema\/person\/3f0d93203df21c806dd63c76d9bb28bc\",\"name\":\"marioschrumpf\",\"url\":\"https:\/\/www.naturparkmagazin.de\/stechlin\/author\/marioschrumpf\/\"}]}<\/script>\n<!-- \/ Yoast SEO plugin. -->","yoast_head_json":{"title":"\"So viel Anfang war nie - Notizen aus der ostdeutschen Provinz\" - Lesung unter Apfelb\u00e4umen mit Christhard L\u00e4pple (2022) - Naturpark Stechlin-Ruppiner Land","robots":{"index":"index","follow":"follow","max-snippet":"max-snippet:-1","max-image-preview":"max-image-preview:large","max-video-preview":"max-video-preview:-1"},"canonical":"https:\/\/www.naturparkmagazin.de\/stechlin\/so-viel-anfang-war-nie-notizen-aus-der-ostdeutschen-provinz-lesung-unter-apfelbaeumen-mit-christhard-laepple\/","og_locale":"de_DE","og_type":"article","og_title":"\"So viel Anfang war nie - Notizen aus der ostdeutschen Provinz\" - Lesung unter Apfelb\u00e4umen mit Christhard L\u00e4pple (2022) - Naturpark Stechlin-Ruppiner Land","og_description":"Der Dorfverein Menz e.V. freut sich unter hoffentlich bl\u00fchenden Apfelb\u00e4umen den Publizisten, Redakteur, Journalisten, Kunstkenner und Autor Christhard L\u00e4pple auf der Streuobstwiese begr\u00fc\u00dfen zu d\u00fcrfen.","og_url":"https:\/\/www.naturparkmagazin.de\/stechlin\/so-viel-anfang-war-nie-notizen-aus-der-ostdeutschen-provinz-lesung-unter-apfelbaeumen-mit-christhard-laepple\/","og_site_name":"Naturpark Stechlin-Ruppiner Land","article_published_time":"2022-04-13T13:00:07+00:00","article_modified_time":"2025-07-25T12:42:56+00:00","og_image":[{"width":200,"height":200,"url":"https:\/\/www.naturparkmagazin.de\/stechlin\/wp-content\/uploads\/sites\/38\/3636_13_Christhard_LaI\u02c6pple_Portraits_30.04.13_Mike-Minehan_k-2048x1011_a.jpg","type":"image\/jpeg"}],"author":"marioschrumpf","twitter_misc":{"Verfasst von":"marioschrumpf","Gesch\u00e4tzte Lesezeit":"2\u00a0Minuten"},"schema":{"@context":"https:\/\/schema.org","@graph":[{"@type":"WebPage","@id":"https:\/\/www.naturparkmagazin.de\/stechlin\/so-viel-anfang-war-nie-notizen-aus-der-ostdeutschen-provinz-lesung-unter-apfelbaeumen-mit-christhard-laepple\/","url":"https:\/\/www.naturparkmagazin.de\/stechlin\/so-viel-anfang-war-nie-notizen-aus-der-ostdeutschen-provinz-lesung-unter-apfelbaeumen-mit-christhard-laepple\/","name":"\"So viel Anfang war nie - Notizen aus der ostdeutschen Provinz\" - Lesung unter Apfelb\u00e4umen mit Christhard L\u00e4pple (2022) - Naturpark Stechlin-Ruppiner Land","isPartOf":{"@id":"https:\/\/www.naturparkmagazin.de\/stechlin\/#website"},"datePublished":"2022-04-13T13:00:07+00:00","dateModified":"2025-07-25T12:42:56+00:00","author":{"@id":"https:\/\/www.naturparkmagazin.de\/stechlin\/#\/schema\/person\/3f0d93203df21c806dd63c76d9bb28bc"},"breadcrumb":{"@id":"https:\/\/www.naturparkmagazin.de\/stechlin\/so-viel-anfang-war-nie-notizen-aus-der-ostdeutschen-provinz-lesung-unter-apfelbaeumen-mit-christhard-laepple\/#breadcrumb"},"inLanguage":"de","potentialAction":[{"@type":"ReadAction","target":["https:\/\/www.naturparkmagazin.de\/stechlin\/so-viel-anfang-war-nie-notizen-aus-der-ostdeutschen-provinz-lesung-unter-apfelbaeumen-mit-christhard-laepple\/"]}]},{"@type":"BreadcrumbList","@id":"https:\/\/www.naturparkmagazin.de\/stechlin\/so-viel-anfang-war-nie-notizen-aus-der-ostdeutschen-provinz-lesung-unter-apfelbaeumen-mit-christhard-laepple\/#breadcrumb","itemListElement":[{"@type":"ListItem","position":1,"name":"Home","item":"https:\/\/www.naturparkmagazin.de\/stechlin\/"},{"@type":"ListItem","position":2,"name":"&#8222;So viel Anfang war nie &#8211; Notizen aus der ostdeutschen Provinz&#8220; &#8211; Lesung unter Apfelb\u00e4umen mit Christhard L\u00e4pple (2022)"}]},{"@type":"WebSite","@id":"https:\/\/www.naturparkmagazin.de\/stechlin\/#website","url":"https:\/\/www.naturparkmagazin.de\/stechlin\/","name":"Naturpark Stechlin-Ruppiner Land","description":"","potentialAction":[{"@type":"SearchAction","target":{"@type":"EntryPoint","urlTemplate":"https:\/\/www.naturparkmagazin.de\/stechlin\/?s={search_term_string}"},"query-input":"required name=search_term_string"}],"inLanguage":"de"},{"@type":"Person","@id":"https:\/\/www.naturparkmagazin.de\/stechlin\/#\/schema\/person\/3f0d93203df21c806dd63c76d9bb28bc","name":"marioschrumpf","url":"https:\/\/www.naturparkmagazin.de\/stechlin\/author\/marioschrumpf\/"}]}},"_links":{"self":[{"href":"https:\/\/www.naturparkmagazin.de\/stechlin\/wp-json\/wp\/v2\/posts\/11618"}],"collection":[{"href":"https:\/\/www.naturparkmagazin.de\/stechlin\/wp-json\/wp\/v2\/posts"}],"about":[{"href":"https:\/\/www.naturparkmagazin.de\/stechlin\/wp-json\/wp\/v2\/types\/post"}],"author":[{"embeddable":true,"href":"https:\/\/www.naturparkmagazin.de\/stechlin\/wp-json\/wp\/v2\/users\/39"}],"replies":[{"embeddable":true,"href":"https:\/\/www.naturparkmagazin.de\/stechlin\/wp-json\/wp\/v2\/comments?post=11618"}],"version-history":[{"count":5,"href":"https:\/\/www.naturparkmagazin.de\/stechlin\/wp-json\/wp\/v2\/posts\/11618\/revisions"}],"predecessor-version":[{"id":17745,"href":"https:\/\/www.naturparkmagazin.de\/stechlin\/wp-json\/wp\/v2\/posts\/11618\/revisions\/17745"}],"wp:featuredmedia":[{"embeddable":true,"href":"https:\/\/www.naturparkmagazin.de\/stechlin\/wp-json\/wp\/v2\/media\/11669"}],"wp:attachment":[{"href":"https:\/\/www.naturparkmagazin.de\/stechlin\/wp-json\/wp\/v2\/media?parent=11618"}],"wp:term":[{"taxonomy":"category","embeddable":true,"href":"https:\/\/www.naturparkmagazin.de\/stechlin\/wp-json\/wp\/v2\/categories?post=11618"},{"taxonomy":"post_tag","embeddable":true,"href":"https:\/\/www.naturparkmagazin.de\/stechlin\/wp-json\/wp\/v2\/tags?post=11618"}],"curies":[{"name":"wp","href":"https:\/\/api.w.org\/{rel}","templated":true}]}}