{"id":11620,"date":"2022-06-16T16:00:29","date_gmt":"2022-06-16T14:00:29","guid":{"rendered":"https:\/\/www.naturparkmagazin.de\/stechlin\/?p=11620"},"modified":"2022-07-01T08:41:58","modified_gmt":"2022-07-01T06:41:58","slug":"lesung-unter-apfelbaeumen-mit-angelika-kluessendorf-und-torsten-schulz","status":"publish","type":"post","link":"https:\/\/www.naturparkmagazin.de\/stechlin\/lesung-unter-apfelbaeumen-mit-angelika-kluessendorf-und-torsten-schulz\/","title":{"rendered":"Lesung unter Apfelb\u00e4umen mit Angelika Kl\u00fcssendorf und Torsten Schulz am 24. Juli"},"content":{"rendered":"<p>Erstmalig begr\u00fc\u00dft <strong>am 24. Juli (15:00-17:00 Uhr)<\/strong> der Dorfverein Menz e.V. auf der Menzer Streuobstwiese ein Schriftsteller-Ehepaar. Und beide Schriftsteller lesen aus ihren aktuellen B\u00fcchern. Wir freuen uns auf diesen au\u00dfergew\u00f6hnlichen literarischen Nachmittag mit der mehrmals f\u00fcr den deutschen Buchpreis nominierten Angelika Kl\u00fcssendorf sowie dem Professor an der Filmuniversit\u00e4t Babelsberg Konrad Wolf, dem Schriftsteller und Drehbuchautor Torsten Schulz.<\/p>\n<div id=\"attachment_11671\" style=\"width: 310px\" class=\"wp-caption aligncenter\"><a href=\"https:\/\/www.naturparkmagazin.de\/stechlin\/wp-content\/uploads\/sites\/38\/kluessendorf-t.schulz_k-2048x1069.jpg\"><img aria-describedby=\"caption-attachment-11671\" decoding=\"async\" loading=\"lazy\" class=\"size-thumbnail wp-image-11671\" src=\"https:\/\/www.naturparkmagazin.de\/stechlin\/wp-content\/uploads\/sites\/38\/kluessendorf-t.schulz_k-2048x1069-300x180.jpg\" alt=\"\u00a9 Dorfverein Menz e.V.\" width=\"300\" height=\"180\" srcset=\"https:\/\/www.naturparkmagazin.de\/stechlin\/wp-content\/uploads\/sites\/38\/kluessendorf-t.schulz_k-2048x1069-300x180.jpg 300w, https:\/\/www.naturparkmagazin.de\/stechlin\/wp-content\/uploads\/sites\/38\/kluessendorf-t.schulz_k-2048x1069.jpg 500w, https:\/\/www.naturparkmagazin.de\/stechlin\/wp-content\/uploads\/sites\/38\/kluessendorf-t.schulz_k-2048x1069-200x120.jpg 200w\" sizes=\"(max-width: 300px) 100vw, 300px\" \/><\/a><p id=\"caption-attachment-11671\" class=\"wp-caption-text\">\u00a9 Dorfverein Menz e.V.<\/p><\/div>\n<p>Vielleicht wird es neben Antworten auf Fragen zu den B\u00fcchern und den Autoren auch Einblicke in die sch\u00f6pferische T\u00e4tigkeit einer Schriftstellerin und eines Schriftstellers unter einem norddeutschen Dach erm\u00f6glichen.<\/p>\n<p><strong>Angelika Kl\u00fcssendorf<\/strong>, geboren 1958 in Ahrensburg, lebte von 1961 bis zu ihrer \u00dcbersiedlung 1985 in Leipzig; heute wohnt sie auf dem Land in Mecklenburg. Sie ver\u00f6ffentlichte mehrere Erz\u00e4hlb\u00e4nde und Romane und die von Kritik und Lesepublikum begeistert aufgenommene Roman-Trilogie \u201eDas M\u00e4dchen\u201c, \u201eApril\u201c und \u201eJahre sp\u00e4ter\u201c, deren Einzeltitel alle f\u00fcr den Deutschen Buchpreis nominiert waren und zweimal auch auf der Shortlist standen. Zuletzt wurde sie mit dem Marie Luise Kaschnitz-Preis* (2019) ausgezeichnet.<\/p>\n<p>Eine gro\u00dfe Schriftstellerin mit dem Mut zur Wahrhaftigkeit.<\/p>\n<p><em><strong>Vierunddrei\u00dfigster September<\/strong><\/em><\/p>\n<p>Ein hintersinniges Meisterwerk \u00fcber eine Zeit der Wut, Melancholie und Z\u00e4rtlichkeit<\/p>\n<p>Ein Dorf in Ostdeutschland: Walter, ein zorniger Mann, erschlagen in der Silvesternacht von Hilde, der eigenen Frau. Nur kurz vor seinem Ende war er pl\u00f6tzlich sanft und ihr zugewandt. Dann ein Friedhof: Die Toten studieren die Lebenden. Walter wird zum Chronisten, sieht sich dazu verdammt, die Schicksale im Dorf festzuhalten. Und er fragt nach dem Warum. Was war der Grund f\u00fcr Hildes Tat? Geschah es aus Hass oder aus Barmherzigkeit?<\/p>\n<p>\u201eVierunddrei\u00dfigster September\u201c wird zum Dorfroman einer anderen, neuen Art, er kommt den Menschen schmerzend nah. Aus Angelika Kl\u00fcssendorfs Sprache strahlt eine mitrei\u00dfende Kraft, sie ist pr\u00e4zise und voll tiefschwarzer Komik. Ein hintersinniges Meisterwerk \u00fcber eine Zeit der Wut, Melancholie und Z\u00e4rtlichkeit.<\/p>\n<div id=\"attachment_11665\" style=\"width: 310px\" class=\"wp-caption aligncenter\"><a href=\"https:\/\/www.naturparkmagazin.de\/stechlin\/wp-content\/uploads\/sites\/38\/Buchtitel-Kluessendorf-624x1024.jpg\"><img aria-describedby=\"caption-attachment-11665\" decoding=\"async\" loading=\"lazy\" class=\"size-thumbnail wp-image-11665\" src=\"https:\/\/www.naturparkmagazin.de\/stechlin\/wp-content\/uploads\/sites\/38\/Buchtitel-Kluessendorf-624x1024-300x500.jpg\" alt=\"\u00a9 Dorfverein Menz e.V.\" width=\"300\" height=\"500\" srcset=\"https:\/\/www.naturparkmagazin.de\/stechlin\/wp-content\/uploads\/sites\/38\/Buchtitel-Kluessendorf-624x1024.jpg 300w, https:\/\/www.naturparkmagazin.de\/stechlin\/wp-content\/uploads\/sites\/38\/Buchtitel-Kluessendorf-624x1024-200x333.jpg 200w\" sizes=\"(max-width: 300px) 100vw, 300px\" \/><\/a><p id=\"caption-attachment-11665\" class=\"wp-caption-text\">\u00a9 Dorfverein Menz e.V.<\/p><\/div>\n<p><strong>Torsten Schulz<\/strong>, Jahrgang 1959, wuchs in einer Arbeiterfamilie in Friedrichshain, studierte Film- und Fernsehwissenschaften an der HFF Babelsberg. Er liest bereits zum zweiten Mal in Menz.<\/p>\n<p>Er ist Autor preisgekr\u00f6nter Spielfilme und Regisseur von Dokumentarfilmen. Sein Deb\u00fctroman \u00bbBoxhagener Platz\u00ab wurde in mehrere Sprachen \u00fcbersetzt und f\u00fcrs Kino verfilmt. Die H\u00f6rspieladaption erhielt diverse Preise. Seitdem erschienen von ihm der Erz\u00e4hlungsband \u00bbRevolution und Filzl\u00e4use\u00ab sowie die Romane \u00bbNilowsky\u00ab und \u00bbSkandinavisches Viertel\u00ab. Torsten Schulz lebt in Mecklenburg.<\/p>\n<p>Torsten Schulz lehrt als Professor an der Filmuniversit\u00e4t Babelsberg Konrad Wolf Praktische Dramaturgie.<\/p>\n<p><em><strong>\u00d6l und Bienen<\/strong><\/em><\/p>\n<p>Der neue Roman von Torsten Schulz: schr\u00e4g, aberwitzig, hintergr\u00fcndig.<\/p>\n<p>Den M\u00e4nnern der Familie Wutzner liegt das Aufsp\u00fcren von Erd\u00f6l in den Genen. Kaum stapfen sie durch die Havell\u00e4ndische Heide, schon scheint unter ihren F\u00fc\u00dfen der Boden zu vibrieren. Dumm nur, dass das sprudelnde schwarze Gold jedes Mal wieder versiegt, wenn man es aus dem Boden holen will.<\/p>\n<p>Als der Staat in den 20er Jahren die Siedlung Beutenberge errichtete, glaubten die Bewohner noch an die verhei\u00dfungsvollen Erd\u00f6lquellen. Doch inzwischen ist man in der Realit\u00e4t angekommen, und Lothar Ihm, dem letzten Nachfahren der Wutznerschen Dynastie, bleibt nichts Besseres \u00fcbrig, als mit seinen DDR-Kumpanen Blutblase und Kr\u00fccke im hauseigenen Garten dem Bier zuzusprechen und zu der aus dem Westen eingeschmuggelten Musik ausdrucksvoll mit dem Kopf zu nicken.<\/p>\n<p>Bis eines Tages ein Schwarm Frauen anr\u00fcckt und Schluss ist mit der friedlichen m\u00e4nnlichen Existenz zwischen Alkohol und Rockmusik.<\/p>\n<p>Ersterscheinung Februar 2022<\/p>\n<div id=\"attachment_11666\" style=\"width: 310px\" class=\"wp-caption aligncenter\"><a href=\"https:\/\/www.naturparkmagazin.de\/stechlin\/wp-content\/uploads\/sites\/38\/Oel_und_Bienen-Buchtitel-619x1024.jpg\"><img aria-describedby=\"caption-attachment-11666\" decoding=\"async\" loading=\"lazy\" class=\"size-thumbnail wp-image-11666\" src=\"https:\/\/www.naturparkmagazin.de\/stechlin\/wp-content\/uploads\/sites\/38\/Oel_und_Bienen-Buchtitel-619x1024-300x500.jpg\" alt=\"\u00a9 Dorfverein Menz e.V.\" width=\"300\" height=\"500\" srcset=\"https:\/\/www.naturparkmagazin.de\/stechlin\/wp-content\/uploads\/sites\/38\/Oel_und_Bienen-Buchtitel-619x1024.jpg 300w, https:\/\/www.naturparkmagazin.de\/stechlin\/wp-content\/uploads\/sites\/38\/Oel_und_Bienen-Buchtitel-619x1024-200x333.jpg 200w\" sizes=\"(max-width: 300px) 100vw, 300px\" \/><\/a><p id=\"caption-attachment-11666\" class=\"wp-caption-text\">\u00a9 Dorfverein Menz e.V.<\/p><\/div>\n<p><a href=\"https:\/\/dorfverein-menz.de\/event\/lesung-unter-apfelbaeumen-mit-angelika-kluessendorf-und-torsten-schulz\/\" target=\"_blank\">Hier geht\u00b4s zur Webseite des Dorfvereins Menz!<\/a><\/p>\n<p>&nbsp;<\/p>\n","protected":false},"excerpt":{"rendered":"<p>Erstmalig begr\u00fc\u00dft am 24. Juli (15:00-17:00) der Dorfverein Menz e.V. auf der Menzer Streuobstwiese ein Schriftsteller-Ehepaar. Und beide Schriftsteller lesen aus ihren aktuellen B\u00fcchern.<\/p>\n","protected":false},"author":39,"featured_media":11667,"comment_status":"open","ping_status":"open","sticky":false,"template":"","format":"standard","meta":[],"categories":[11],"tags":[],"yoast_head":"<!-- This site is optimized with the Yoast SEO plugin v19.10 - https:\/\/yoast.com\/wordpress\/plugins\/seo\/ -->\n<title>Lesung unter Apfelb\u00e4umen mit Angelika Kl\u00fcssendorf und Torsten Schulz am 24. Juli - Naturpark Stechlin-Ruppiner Land<\/title>\n<meta name=\"robots\" content=\"index, follow, max-snippet:-1, max-image-preview:large, max-video-preview:-1\" \/>\n<link rel=\"canonical\" href=\"https:\/\/www.naturparkmagazin.de\/stechlin\/lesung-unter-apfelbaeumen-mit-angelika-kluessendorf-und-torsten-schulz\/\" \/>\n<meta property=\"og:locale\" content=\"de_DE\" \/>\n<meta property=\"og:type\" content=\"article\" \/>\n<meta property=\"og:title\" content=\"Lesung unter Apfelb\u00e4umen mit Angelika Kl\u00fcssendorf und Torsten Schulz am 24. Juli - Naturpark Stechlin-Ruppiner Land\" \/>\n<meta property=\"og:description\" content=\"Erstmalig begr\u00fc\u00dft am 24. Juli (15:00-17:00) der Dorfverein Menz e.V. auf der Menzer Streuobstwiese ein Schriftsteller-Ehepaar. Und beide Schriftsteller lesen aus ihren aktuellen B\u00fcchern.\" \/>\n<meta property=\"og:url\" content=\"https:\/\/www.naturparkmagazin.de\/stechlin\/lesung-unter-apfelbaeumen-mit-angelika-kluessendorf-und-torsten-schulz\/\" \/>\n<meta property=\"og:site_name\" content=\"Naturpark Stechlin-Ruppiner Land\" \/>\n<meta property=\"article:published_time\" content=\"2022-06-16T14:00:29+00:00\" \/>\n<meta property=\"article:modified_time\" content=\"2022-07-01T06:41:58+00:00\" \/>\n<meta property=\"og:image\" content=\"https:\/\/www.naturparkmagazin.de\/stechlin\/wp-content\/uploads\/sites\/38\/a.jpg\" \/>\n\t<meta property=\"og:image:width\" content=\"200\" \/>\n\t<meta property=\"og:image:height\" content=\"200\" \/>\n\t<meta property=\"og:image:type\" content=\"image\/jpeg\" \/>\n<meta name=\"author\" content=\"marioschrumpf\" \/>\n<meta name=\"twitter:label1\" content=\"Verfasst von\" \/>\n\t<meta name=\"twitter:data1\" content=\"marioschrumpf\" \/>\n\t<meta name=\"twitter:label2\" content=\"Gesch\u00e4tzte Lesezeit\" \/>\n\t<meta name=\"twitter:data2\" content=\"3\u00a0Minuten\" \/>\n<script type=\"application\/ld+json\" class=\"yoast-schema-graph\">{\"@context\":\"https:\/\/schema.org\",\"@graph\":[{\"@type\":\"WebPage\",\"@id\":\"https:\/\/www.naturparkmagazin.de\/stechlin\/lesung-unter-apfelbaeumen-mit-angelika-kluessendorf-und-torsten-schulz\/\",\"url\":\"https:\/\/www.naturparkmagazin.de\/stechlin\/lesung-unter-apfelbaeumen-mit-angelika-kluessendorf-und-torsten-schulz\/\",\"name\":\"Lesung unter Apfelb\u00e4umen mit Angelika Kl\u00fcssendorf und Torsten Schulz am 24. Juli - Naturpark Stechlin-Ruppiner Land\",\"isPartOf\":{\"@id\":\"https:\/\/www.naturparkmagazin.de\/stechlin\/#website\"},\"datePublished\":\"2022-06-16T14:00:29+00:00\",\"dateModified\":\"2022-07-01T06:41:58+00:00\",\"author\":{\"@id\":\"https:\/\/www.naturparkmagazin.de\/stechlin\/#\/schema\/person\/3f0d93203df21c806dd63c76d9bb28bc\"},\"breadcrumb\":{\"@id\":\"https:\/\/www.naturparkmagazin.de\/stechlin\/lesung-unter-apfelbaeumen-mit-angelika-kluessendorf-und-torsten-schulz\/#breadcrumb\"},\"inLanguage\":\"de\",\"potentialAction\":[{\"@type\":\"ReadAction\",\"target\":[\"https:\/\/www.naturparkmagazin.de\/stechlin\/lesung-unter-apfelbaeumen-mit-angelika-kluessendorf-und-torsten-schulz\/\"]}]},{\"@type\":\"BreadcrumbList\",\"@id\":\"https:\/\/www.naturparkmagazin.de\/stechlin\/lesung-unter-apfelbaeumen-mit-angelika-kluessendorf-und-torsten-schulz\/#breadcrumb\",\"itemListElement\":[{\"@type\":\"ListItem\",\"position\":1,\"name\":\"Home\",\"item\":\"https:\/\/www.naturparkmagazin.de\/stechlin\/\"},{\"@type\":\"ListItem\",\"position\":2,\"name\":\"Lesung unter Apfelb\u00e4umen mit Angelika Kl\u00fcssendorf und Torsten Schulz am 24. Juli\"}]},{\"@type\":\"WebSite\",\"@id\":\"https:\/\/www.naturparkmagazin.de\/stechlin\/#website\",\"url\":\"https:\/\/www.naturparkmagazin.de\/stechlin\/\",\"name\":\"Naturpark Stechlin-Ruppiner Land\",\"description\":\"\",\"potentialAction\":[{\"@type\":\"SearchAction\",\"target\":{\"@type\":\"EntryPoint\",\"urlTemplate\":\"https:\/\/www.naturparkmagazin.de\/stechlin\/?s={search_term_string}\"},\"query-input\":\"required name=search_term_string\"}],\"inLanguage\":\"de\"},{\"@type\":\"Person\",\"@id\":\"https:\/\/www.naturparkmagazin.de\/stechlin\/#\/schema\/person\/3f0d93203df21c806dd63c76d9bb28bc\",\"name\":\"marioschrumpf\",\"url\":\"https:\/\/www.naturparkmagazin.de\/stechlin\/author\/marioschrumpf\/\"}]}<\/script>\n<!-- \/ Yoast SEO plugin. -->","yoast_head_json":{"title":"Lesung unter Apfelb\u00e4umen mit Angelika Kl\u00fcssendorf und Torsten Schulz am 24. Juli - Naturpark Stechlin-Ruppiner Land","robots":{"index":"index","follow":"follow","max-snippet":"max-snippet:-1","max-image-preview":"max-image-preview:large","max-video-preview":"max-video-preview:-1"},"canonical":"https:\/\/www.naturparkmagazin.de\/stechlin\/lesung-unter-apfelbaeumen-mit-angelika-kluessendorf-und-torsten-schulz\/","og_locale":"de_DE","og_type":"article","og_title":"Lesung unter Apfelb\u00e4umen mit Angelika Kl\u00fcssendorf und Torsten Schulz am 24. Juli - Naturpark Stechlin-Ruppiner Land","og_description":"Erstmalig begr\u00fc\u00dft am 24. Juli (15:00-17:00) der Dorfverein Menz e.V. auf der Menzer Streuobstwiese ein Schriftsteller-Ehepaar. Und beide Schriftsteller lesen aus ihren aktuellen B\u00fcchern.","og_url":"https:\/\/www.naturparkmagazin.de\/stechlin\/lesung-unter-apfelbaeumen-mit-angelika-kluessendorf-und-torsten-schulz\/","og_site_name":"Naturpark Stechlin-Ruppiner Land","article_published_time":"2022-06-16T14:00:29+00:00","article_modified_time":"2022-07-01T06:41:58+00:00","og_image":[{"width":200,"height":200,"url":"https:\/\/www.naturparkmagazin.de\/stechlin\/wp-content\/uploads\/sites\/38\/a.jpg","type":"image\/jpeg"}],"author":"marioschrumpf","twitter_misc":{"Verfasst von":"marioschrumpf","Gesch\u00e4tzte Lesezeit":"3\u00a0Minuten"},"schema":{"@context":"https:\/\/schema.org","@graph":[{"@type":"WebPage","@id":"https:\/\/www.naturparkmagazin.de\/stechlin\/lesung-unter-apfelbaeumen-mit-angelika-kluessendorf-und-torsten-schulz\/","url":"https:\/\/www.naturparkmagazin.de\/stechlin\/lesung-unter-apfelbaeumen-mit-angelika-kluessendorf-und-torsten-schulz\/","name":"Lesung unter Apfelb\u00e4umen mit Angelika Kl\u00fcssendorf und Torsten Schulz am 24. Juli - Naturpark Stechlin-Ruppiner Land","isPartOf":{"@id":"https:\/\/www.naturparkmagazin.de\/stechlin\/#website"},"datePublished":"2022-06-16T14:00:29+00:00","dateModified":"2022-07-01T06:41:58+00:00","author":{"@id":"https:\/\/www.naturparkmagazin.de\/stechlin\/#\/schema\/person\/3f0d93203df21c806dd63c76d9bb28bc"},"breadcrumb":{"@id":"https:\/\/www.naturparkmagazin.de\/stechlin\/lesung-unter-apfelbaeumen-mit-angelika-kluessendorf-und-torsten-schulz\/#breadcrumb"},"inLanguage":"de","potentialAction":[{"@type":"ReadAction","target":["https:\/\/www.naturparkmagazin.de\/stechlin\/lesung-unter-apfelbaeumen-mit-angelika-kluessendorf-und-torsten-schulz\/"]}]},{"@type":"BreadcrumbList","@id":"https:\/\/www.naturparkmagazin.de\/stechlin\/lesung-unter-apfelbaeumen-mit-angelika-kluessendorf-und-torsten-schulz\/#breadcrumb","itemListElement":[{"@type":"ListItem","position":1,"name":"Home","item":"https:\/\/www.naturparkmagazin.de\/stechlin\/"},{"@type":"ListItem","position":2,"name":"Lesung unter Apfelb\u00e4umen mit Angelika Kl\u00fcssendorf und Torsten Schulz am 24. Juli"}]},{"@type":"WebSite","@id":"https:\/\/www.naturparkmagazin.de\/stechlin\/#website","url":"https:\/\/www.naturparkmagazin.de\/stechlin\/","name":"Naturpark Stechlin-Ruppiner Land","description":"","potentialAction":[{"@type":"SearchAction","target":{"@type":"EntryPoint","urlTemplate":"https:\/\/www.naturparkmagazin.de\/stechlin\/?s={search_term_string}"},"query-input":"required name=search_term_string"}],"inLanguage":"de"},{"@type":"Person","@id":"https:\/\/www.naturparkmagazin.de\/stechlin\/#\/schema\/person\/3f0d93203df21c806dd63c76d9bb28bc","name":"marioschrumpf","url":"https:\/\/www.naturparkmagazin.de\/stechlin\/author\/marioschrumpf\/"}]}},"_links":{"self":[{"href":"https:\/\/www.naturparkmagazin.de\/stechlin\/wp-json\/wp\/v2\/posts\/11620"}],"collection":[{"href":"https:\/\/www.naturparkmagazin.de\/stechlin\/wp-json\/wp\/v2\/posts"}],"about":[{"href":"https:\/\/www.naturparkmagazin.de\/stechlin\/wp-json\/wp\/v2\/types\/post"}],"author":[{"embeddable":true,"href":"https:\/\/www.naturparkmagazin.de\/stechlin\/wp-json\/wp\/v2\/users\/39"}],"replies":[{"embeddable":true,"href":"https:\/\/www.naturparkmagazin.de\/stechlin\/wp-json\/wp\/v2\/comments?post=11620"}],"version-history":[{"count":7,"href":"https:\/\/www.naturparkmagazin.de\/stechlin\/wp-json\/wp\/v2\/posts\/11620\/revisions"}],"predecessor-version":[{"id":12306,"href":"https:\/\/www.naturparkmagazin.de\/stechlin\/wp-json\/wp\/v2\/posts\/11620\/revisions\/12306"}],"wp:featuredmedia":[{"embeddable":true,"href":"https:\/\/www.naturparkmagazin.de\/stechlin\/wp-json\/wp\/v2\/media\/11667"}],"wp:attachment":[{"href":"https:\/\/www.naturparkmagazin.de\/stechlin\/wp-json\/wp\/v2\/media?parent=11620"}],"wp:term":[{"taxonomy":"category","embeddable":true,"href":"https:\/\/www.naturparkmagazin.de\/stechlin\/wp-json\/wp\/v2\/categories?post=11620"},{"taxonomy":"post_tag","embeddable":true,"href":"https:\/\/www.naturparkmagazin.de\/stechlin\/wp-json\/wp\/v2\/tags?post=11620"}],"curies":[{"name":"wp","href":"https:\/\/api.w.org\/{rel}","templated":true}]}}