{"id":11623,"date":"2022-02-16T15:00:55","date_gmt":"2022-02-16T14:00:55","guid":{"rendered":"https:\/\/www.naturparkmagazin.de\/stechlin\/?p=11623"},"modified":"2022-02-18T09:52:07","modified_gmt":"2022-02-18T08:52:07","slug":"erfolgsgeschichte-regio-kiste","status":"publish","type":"post","link":"https:\/\/www.naturparkmagazin.de\/stechlin\/erfolgsgeschichte-regio-kiste\/","title":{"rendered":"Erfolgsgeschichte REGiO-Kiste"},"content":{"rendered":"<p>Ihre Beliebtheit ist ungebrochen: Die REGiO-Kiste erfreut sich weiterhin gro\u00dfer Nachfrage im Mittelzentrum Gransee-Zehdenick-F\u00fcrstenberg\/Havel. Vorgestellt wurde die Idee erstmals 2011 auf der Internationalen Gr\u00fcnen Woche in Berlin. Seitdem ist sie aus den Regalen bei Petra F\u00e4hnrich im &#8222;Zum Guten Tropfen&#8220; in Gransee nicht mehr wegzudenken.<\/p>\n<div id=\"attachment_11646\" style=\"width: 310px\" class=\"wp-caption aligncenter\"><a href=\"https:\/\/www.naturparkmagazin.de\/stechlin\/wp-content\/uploads\/sites\/38\/REGiO-Kiste_3.jpg\"><img aria-describedby=\"caption-attachment-11646\" decoding=\"async\" loading=\"lazy\" class=\"size-thumbnail wp-image-11646\" src=\"https:\/\/www.naturparkmagazin.de\/stechlin\/wp-content\/uploads\/sites\/38\/REGiO-Kiste_3-300x180.jpg\" alt=\"K\u00f6stlichkeiten aus der Brandenburgischen Seenplatte in der REGiO-Kiste der Regionalen Entwicklungsgesellschaft Oberhavel-Nord mbH, fotografiert am 12. Juni 2021 in der Tourist-Information F\u00fcrstenberg.  \u00a9 Foto: Andr\u00e9 Wirsig f\u00fcr die REGIO-Nord mbH\" width=\"300\" height=\"180\" srcset=\"https:\/\/www.naturparkmagazin.de\/stechlin\/wp-content\/uploads\/sites\/38\/REGiO-Kiste_3-300x180.jpg 300w, https:\/\/www.naturparkmagazin.de\/stechlin\/wp-content\/uploads\/sites\/38\/REGiO-Kiste_3.jpg 500w, https:\/\/www.naturparkmagazin.de\/stechlin\/wp-content\/uploads\/sites\/38\/REGiO-Kiste_3-200x120.jpg 200w\" sizes=\"(max-width: 300px) 100vw, 300px\" \/><\/a><p id=\"caption-attachment-11646\" class=\"wp-caption-text\">K\u00f6stlichkeiten aus der Brandenburgischen Seenplatte in der REGiO-Kiste der Regionalen Entwicklungsgesellschaft Oberhavel-Nord mbH, fotografiert am 12. Juni 2021 in der Tourist-Information F\u00fcrstenberg.\u00a9 Foto: Andr\u00e9 Wirsig f\u00fcr die REGIO-Nord mbH<\/p><\/div>\n<p>950 Kisten (das macht insgesamt 10.250 Produkte aus, einzeln oder in den Kisten verpackt) gingen im vergangenen Jahr \u00fcber die Ladentheke, nur 50 weniger als im Jahr zuvor. Besucher und Bewohner halten ihren regionalen Erzeugern die Treue, auch in der Corona-Pandemie. Regional einkaufen gewinnt dabei immer mehr an Bedeutung. Zu wissen, wo und wie Produkte vor Ort entstehen, ist der Kundschaft wichtig. Deftiges schl\u00e4gt dabei im Norden Oberhavels S\u00fc\u00dfes. Wurst gehe immer, sagt Petra F\u00e4hnrich. Fleischerzeugnisse landen so etwa in fast jeder Kiste und sind sehr gefragt, vor allem die der Landfleischerei M\u00fcller aus Mildenberg. Die Erzeugnisse vom Apfelhof W\u00e4hnert lassen sich ebenso gut verkaufen.<\/p>\n<p>Neu im Sortiment seit 2021 ist der Eierlik\u00f6r von Colette Pawelczak aus Gutengermendorf, der sich inzwischen zum absoluten Verkaufsschlager entwickelt hat. 219 Flaschen konnte Petra F\u00e4hnrich davon verkaufen, die selbst gro\u00dfer Fan des Getr\u00e4nks ist. &#8222;<em>Ich probiere vorab, was ich als Produkte ins Sortiment aufnehme.<\/em>&#8220; Der Eierlik\u00f6r habe sie beim ersten Tropfen \u00fcberzeugt.<\/p>\n<p>Seit 2020 werden die REGiO-Kisten auch im Regionalladen der Tourist-Information in F\u00fcrstenberg\/Havel verkauft. Vor allem die Chutneys und Senfso\u00dfen des Delikatessenkontor Gransee sind beliebt, aber auch Honig, Wurst und Spirituosen. &#8222;<em>Ein guter Tropfen ist nie verkehrt<\/em>&#8222;, findet Touristb\u00fcro-Leiterin Gabriele Sacher.<\/p>\n<div id=\"attachment_11138\" style=\"width: 310px\" class=\"wp-caption aligncenter\"><a href=\"https:\/\/www.naturparkmagazin.de\/stechlin\/wp-content\/uploads\/sites\/38\/most.jpg\"><img aria-describedby=\"caption-attachment-11138\" decoding=\"async\" loading=\"lazy\" class=\"size-thumbnail wp-image-11138\" src=\"https:\/\/www.naturparkmagazin.de\/stechlin\/wp-content\/uploads\/sites\/38\/most-300x180.jpg\" alt=\"Das fertige Produkt - Apfelsaft vom eigenen Baum. \u00a9 Foto: Heiko Strobel\" width=\"300\" height=\"180\" srcset=\"https:\/\/www.naturparkmagazin.de\/stechlin\/wp-content\/uploads\/sites\/38\/most-300x180.jpg 300w, https:\/\/www.naturparkmagazin.de\/stechlin\/wp-content\/uploads\/sites\/38\/most.jpg 500w, https:\/\/www.naturparkmagazin.de\/stechlin\/wp-content\/uploads\/sites\/38\/most-200x120.jpg 200w\" sizes=\"(max-width: 300px) 100vw, 300px\" \/><\/a><p id=\"caption-attachment-11138\" class=\"wp-caption-text\">Direktsaft gepresst aus \u00c4pfeln im Naturpark geh\u00f6rt zu den regionalen Spezialit\u00e4ten.\u00a9 Foto: Heiko Strobel<\/p><\/div>\n","protected":false},"excerpt":{"rendered":"<p>Ihre Beliebtheit ist ungebrochen: Die REGiO-Kiste erfreut sich weiterhin gro\u00dfer Nachfrage im Mittelzentrum Gransee-Zehdenick-F\u00fcrstenberg\/Havel. <\/p>\n","protected":false},"author":39,"featured_media":11614,"comment_status":"open","ping_status":"open","sticky":false,"template":"","format":"standard","meta":[],"categories":[7],"tags":[],"yoast_head":"<!-- This site is optimized with the Yoast SEO plugin v19.10 - https:\/\/yoast.com\/wordpress\/plugins\/seo\/ -->\n<title>Erfolgsgeschichte REGiO-Kiste - Naturpark Stechlin-Ruppiner Land<\/title>\n<meta name=\"robots\" content=\"index, follow, max-snippet:-1, max-image-preview:large, max-video-preview:-1\" \/>\n<link rel=\"canonical\" href=\"https:\/\/www.naturparkmagazin.de\/stechlin\/erfolgsgeschichte-regio-kiste\/\" \/>\n<meta property=\"og:locale\" content=\"de_DE\" \/>\n<meta property=\"og:type\" content=\"article\" \/>\n<meta property=\"og:title\" content=\"Erfolgsgeschichte REGiO-Kiste - Naturpark Stechlin-Ruppiner Land\" \/>\n<meta property=\"og:description\" content=\"Ihre Beliebtheit ist ungebrochen: Die REGiO-Kiste erfreut sich weiterhin gro\u00dfer Nachfrage im Mittelzentrum Gransee-Zehdenick-F\u00fcrstenberg\/Havel.\" \/>\n<meta property=\"og:url\" content=\"https:\/\/www.naturparkmagazin.de\/stechlin\/erfolgsgeschichte-regio-kiste\/\" \/>\n<meta property=\"og:site_name\" content=\"Naturpark Stechlin-Ruppiner Land\" \/>\n<meta property=\"article:published_time\" content=\"2022-02-16T14:00:55+00:00\" \/>\n<meta property=\"article:modified_time\" content=\"2022-02-18T08:52:07+00:00\" \/>\n<meta property=\"og:image\" content=\"https:\/\/www.naturparkmagazin.de\/stechlin\/wp-content\/uploads\/sites\/38\/REGIOKiste_Lust-aufK\u00f6stlichkeiten.jpg\" \/>\n\t<meta property=\"og:image:width\" content=\"200\" \/>\n\t<meta property=\"og:image:height\" content=\"200\" \/>\n\t<meta property=\"og:image:type\" content=\"image\/jpeg\" \/>\n<meta name=\"author\" content=\"marioschrumpf\" \/>\n<meta name=\"twitter:label1\" content=\"Verfasst von\" \/>\n\t<meta name=\"twitter:data1\" content=\"marioschrumpf\" \/>\n\t<meta name=\"twitter:label2\" content=\"Gesch\u00e4tzte Lesezeit\" \/>\n\t<meta name=\"twitter:data2\" content=\"2\u00a0Minuten\" \/>\n<script type=\"application\/ld+json\" class=\"yoast-schema-graph\">{\"@context\":\"https:\/\/schema.org\",\"@graph\":[{\"@type\":\"WebPage\",\"@id\":\"https:\/\/www.naturparkmagazin.de\/stechlin\/erfolgsgeschichte-regio-kiste\/\",\"url\":\"https:\/\/www.naturparkmagazin.de\/stechlin\/erfolgsgeschichte-regio-kiste\/\",\"name\":\"Erfolgsgeschichte REGiO-Kiste - Naturpark Stechlin-Ruppiner Land\",\"isPartOf\":{\"@id\":\"https:\/\/www.naturparkmagazin.de\/stechlin\/#website\"},\"datePublished\":\"2022-02-16T14:00:55+00:00\",\"dateModified\":\"2022-02-18T08:52:07+00:00\",\"author\":{\"@id\":\"https:\/\/www.naturparkmagazin.de\/stechlin\/#\/schema\/person\/3f0d93203df21c806dd63c76d9bb28bc\"},\"breadcrumb\":{\"@id\":\"https:\/\/www.naturparkmagazin.de\/stechlin\/erfolgsgeschichte-regio-kiste\/#breadcrumb\"},\"inLanguage\":\"de\",\"potentialAction\":[{\"@type\":\"ReadAction\",\"target\":[\"https:\/\/www.naturparkmagazin.de\/stechlin\/erfolgsgeschichte-regio-kiste\/\"]}]},{\"@type\":\"BreadcrumbList\",\"@id\":\"https:\/\/www.naturparkmagazin.de\/stechlin\/erfolgsgeschichte-regio-kiste\/#breadcrumb\",\"itemListElement\":[{\"@type\":\"ListItem\",\"position\":1,\"name\":\"Home\",\"item\":\"https:\/\/www.naturparkmagazin.de\/stechlin\/\"},{\"@type\":\"ListItem\",\"position\":2,\"name\":\"Erfolgsgeschichte REGiO-Kiste\"}]},{\"@type\":\"WebSite\",\"@id\":\"https:\/\/www.naturparkmagazin.de\/stechlin\/#website\",\"url\":\"https:\/\/www.naturparkmagazin.de\/stechlin\/\",\"name\":\"Naturpark Stechlin-Ruppiner Land\",\"description\":\"\",\"potentialAction\":[{\"@type\":\"SearchAction\",\"target\":{\"@type\":\"EntryPoint\",\"urlTemplate\":\"https:\/\/www.naturparkmagazin.de\/stechlin\/?s={search_term_string}\"},\"query-input\":\"required name=search_term_string\"}],\"inLanguage\":\"de\"},{\"@type\":\"Person\",\"@id\":\"https:\/\/www.naturparkmagazin.de\/stechlin\/#\/schema\/person\/3f0d93203df21c806dd63c76d9bb28bc\",\"name\":\"marioschrumpf\",\"url\":\"https:\/\/www.naturparkmagazin.de\/stechlin\/author\/marioschrumpf\/\"}]}<\/script>\n<!-- \/ Yoast SEO plugin. -->","yoast_head_json":{"title":"Erfolgsgeschichte REGiO-Kiste - Naturpark Stechlin-Ruppiner Land","robots":{"index":"index","follow":"follow","max-snippet":"max-snippet:-1","max-image-preview":"max-image-preview:large","max-video-preview":"max-video-preview:-1"},"canonical":"https:\/\/www.naturparkmagazin.de\/stechlin\/erfolgsgeschichte-regio-kiste\/","og_locale":"de_DE","og_type":"article","og_title":"Erfolgsgeschichte REGiO-Kiste - Naturpark Stechlin-Ruppiner Land","og_description":"Ihre Beliebtheit ist ungebrochen: Die REGiO-Kiste erfreut sich weiterhin gro\u00dfer Nachfrage im Mittelzentrum Gransee-Zehdenick-F\u00fcrstenberg\/Havel.","og_url":"https:\/\/www.naturparkmagazin.de\/stechlin\/erfolgsgeschichte-regio-kiste\/","og_site_name":"Naturpark Stechlin-Ruppiner Land","article_published_time":"2022-02-16T14:00:55+00:00","article_modified_time":"2022-02-18T08:52:07+00:00","og_image":[{"width":200,"height":200,"url":"https:\/\/www.naturparkmagazin.de\/stechlin\/wp-content\/uploads\/sites\/38\/REGIOKiste_Lust-aufK\u00f6stlichkeiten.jpg","type":"image\/jpeg"}],"author":"marioschrumpf","twitter_misc":{"Verfasst von":"marioschrumpf","Gesch\u00e4tzte Lesezeit":"2\u00a0Minuten"},"schema":{"@context":"https:\/\/schema.org","@graph":[{"@type":"WebPage","@id":"https:\/\/www.naturparkmagazin.de\/stechlin\/erfolgsgeschichte-regio-kiste\/","url":"https:\/\/www.naturparkmagazin.de\/stechlin\/erfolgsgeschichte-regio-kiste\/","name":"Erfolgsgeschichte REGiO-Kiste - Naturpark Stechlin-Ruppiner Land","isPartOf":{"@id":"https:\/\/www.naturparkmagazin.de\/stechlin\/#website"},"datePublished":"2022-02-16T14:00:55+00:00","dateModified":"2022-02-18T08:52:07+00:00","author":{"@id":"https:\/\/www.naturparkmagazin.de\/stechlin\/#\/schema\/person\/3f0d93203df21c806dd63c76d9bb28bc"},"breadcrumb":{"@id":"https:\/\/www.naturparkmagazin.de\/stechlin\/erfolgsgeschichte-regio-kiste\/#breadcrumb"},"inLanguage":"de","potentialAction":[{"@type":"ReadAction","target":["https:\/\/www.naturparkmagazin.de\/stechlin\/erfolgsgeschichte-regio-kiste\/"]}]},{"@type":"BreadcrumbList","@id":"https:\/\/www.naturparkmagazin.de\/stechlin\/erfolgsgeschichte-regio-kiste\/#breadcrumb","itemListElement":[{"@type":"ListItem","position":1,"name":"Home","item":"https:\/\/www.naturparkmagazin.de\/stechlin\/"},{"@type":"ListItem","position":2,"name":"Erfolgsgeschichte REGiO-Kiste"}]},{"@type":"WebSite","@id":"https:\/\/www.naturparkmagazin.de\/stechlin\/#website","url":"https:\/\/www.naturparkmagazin.de\/stechlin\/","name":"Naturpark Stechlin-Ruppiner Land","description":"","potentialAction":[{"@type":"SearchAction","target":{"@type":"EntryPoint","urlTemplate":"https:\/\/www.naturparkmagazin.de\/stechlin\/?s={search_term_string}"},"query-input":"required name=search_term_string"}],"inLanguage":"de"},{"@type":"Person","@id":"https:\/\/www.naturparkmagazin.de\/stechlin\/#\/schema\/person\/3f0d93203df21c806dd63c76d9bb28bc","name":"marioschrumpf","url":"https:\/\/www.naturparkmagazin.de\/stechlin\/author\/marioschrumpf\/"}]}},"_links":{"self":[{"href":"https:\/\/www.naturparkmagazin.de\/stechlin\/wp-json\/wp\/v2\/posts\/11623"}],"collection":[{"href":"https:\/\/www.naturparkmagazin.de\/stechlin\/wp-json\/wp\/v2\/posts"}],"about":[{"href":"https:\/\/www.naturparkmagazin.de\/stechlin\/wp-json\/wp\/v2\/types\/post"}],"author":[{"embeddable":true,"href":"https:\/\/www.naturparkmagazin.de\/stechlin\/wp-json\/wp\/v2\/users\/39"}],"replies":[{"embeddable":true,"href":"https:\/\/www.naturparkmagazin.de\/stechlin\/wp-json\/wp\/v2\/comments?post=11623"}],"version-history":[{"count":5,"href":"https:\/\/www.naturparkmagazin.de\/stechlin\/wp-json\/wp\/v2\/posts\/11623\/revisions"}],"predecessor-version":[{"id":11682,"href":"https:\/\/www.naturparkmagazin.de\/stechlin\/wp-json\/wp\/v2\/posts\/11623\/revisions\/11682"}],"wp:featuredmedia":[{"embeddable":true,"href":"https:\/\/www.naturparkmagazin.de\/stechlin\/wp-json\/wp\/v2\/media\/11614"}],"wp:attachment":[{"href":"https:\/\/www.naturparkmagazin.de\/stechlin\/wp-json\/wp\/v2\/media?parent=11623"}],"wp:term":[{"taxonomy":"category","embeddable":true,"href":"https:\/\/www.naturparkmagazin.de\/stechlin\/wp-json\/wp\/v2\/categories?post=11623"},{"taxonomy":"post_tag","embeddable":true,"href":"https:\/\/www.naturparkmagazin.de\/stechlin\/wp-json\/wp\/v2\/tags?post=11623"}],"curies":[{"name":"wp","href":"https:\/\/api.w.org\/{rel}","templated":true}]}}