{"id":11627,"date":"2022-02-16T15:00:10","date_gmt":"2022-02-16T14:00:10","guid":{"rendered":"https:\/\/www.naturparkmagazin.de\/stechlin\/?p=11627"},"modified":"2022-02-21T16:26:43","modified_gmt":"2022-02-21T15:26:43","slug":"erlebnis-vielfalt-streuobst-ist-in-aller-munde","status":"publish","type":"post","link":"https:\/\/www.naturparkmagazin.de\/stechlin\/erlebnis-vielfalt-streuobst-ist-in-aller-munde\/","title":{"rendered":"Erlebnis Vielfalt &#8211; Streuobst ist in aller Munde!"},"content":{"rendered":"<p>Die Streuobstwiese ist in diesem Jahr das zentrale Thema der \u00d6ffentlichkeitsarbeit f\u00fcr die Naturwacht Brandenburg. Einige der 15 Naturwachtgruppen in Brandenburg pflegen seit Jahren Streuobstwiesen und Obstbaumalleen in den Brandenburger Naturlandschaften.<\/p>\n<p>Herr oder Frau Wikepedia sagen: auf einer Streuobstwiese stehen verstreut hochst\u00e4mmige Obstb\u00e4ume. Diese B\u00e4ume sind unterschiedlichen Alters und sie setzen sich aus unterschiedlichen Arten und Sorten zusammen.<\/p>\n<div id=\"attachment_10942\" style=\"width: 210px\" class=\"wp-caption aligncenter\"><a href=\"https:\/\/www.naturparkmagazin.de\/stechlin\/wp-content\/uploads\/sites\/38\/\u00e4pfel-sewekow.jpg\"><img aria-describedby=\"caption-attachment-10942\" decoding=\"async\" loading=\"lazy\" class=\"size-full wp-image-10942\" src=\"https:\/\/www.naturparkmagazin.de\/stechlin\/wp-content\/uploads\/sites\/38\/\u00e4pfel-sewekow.jpg\" alt=\"\u00a9 Dr. Mario Schrumpf\" width=\"200\" height=\"200\" srcset=\"https:\/\/www.naturparkmagazin.de\/stechlin\/wp-content\/uploads\/sites\/38\/\u00e4pfel-sewekow.jpg 200w, https:\/\/www.naturparkmagazin.de\/stechlin\/wp-content\/uploads\/sites\/38\/\u00e4pfel-sewekow-30x30.jpg 30w\" sizes=\"(max-width: 200px) 100vw, 200px\" \/><\/a><p id=\"caption-attachment-10942\" class=\"wp-caption-text\">Die Menzer Streuobstwiese wird von der AG Junge Naturforscher an der Naturparkschule Menz betreut. \u00a9 Dr. Mario Schrumpf<\/p><\/div>\n<p>F\u00fcr uns Ranger im Land Brandenburg sind sie belebende und gliedernde Landschaftsbestandteile. Die Kombination aus extensiv genutztem Gr\u00fcnland und offenen Geh\u00f6lzstrukturen bietet einer gro\u00dfen Artenvielfalt einen Lebensraum. Insekten, V\u00f6gel und Kleins\u00e4uger finden hier ebenso ein artgerechtes Umfeld wie Amphibien, Reptilien und viele Pflanzen, die h\u00e4ufig auf Nischen in unserer vielfach ausger\u00e4umten Agrarlandschaft angewiesen sind.<\/p>\n<p>Streuobstwiesen sind wichtig f\u00fcr den Erhalt alter Kulturlandschaften und Obstsorten.<\/p>\n<div id=\"attachment_11653\" style=\"width: 310px\" class=\"wp-caption aligncenter\"><a href=\"https:\/\/www.naturparkmagazin.de\/stechlin\/wp-content\/uploads\/sites\/38\/streuobstwiese1.jpg\"><img aria-describedby=\"caption-attachment-11653\" decoding=\"async\" loading=\"lazy\" class=\"size-thumbnail wp-image-11653\" src=\"https:\/\/www.naturparkmagazin.de\/stechlin\/wp-content\/uploads\/sites\/38\/streuobstwiese1-300x179.jpg\" alt=\"\u00a9 Naturwacht Brandenburg\" width=\"300\" height=\"179\" srcset=\"https:\/\/www.naturparkmagazin.de\/stechlin\/wp-content\/uploads\/sites\/38\/streuobstwiese1-300x179.jpg 300w, https:\/\/www.naturparkmagazin.de\/stechlin\/wp-content\/uploads\/sites\/38\/streuobstwiese1.jpg 500w, https:\/\/www.naturparkmagazin.de\/stechlin\/wp-content\/uploads\/sites\/38\/streuobstwiese1-200x120.jpg 200w\" sizes=\"(max-width: 300px) 100vw, 300px\" \/><\/a><p id=\"caption-attachment-11653\" class=\"wp-caption-text\">Aus \u00c4pfeln von Streuobstwiesen l\u00e4\u00dft sich k\u00f6stlicher Apfelsaft zaubern .\u00a9 Naturwacht Brandenburg<\/p><\/div>\n<p>L\u00e4ngst hat es sich herumgesprochen, dass die Fr\u00fcchte alter Obstb\u00e4ume zwar nicht durch Makellosigkeit gl\u00e4nzen, wohl aber durch ihren Geschmack. Sie macht nicht der Einheitsbrei aus s\u00fc\u00df und saftig aus, ihre Aromen und die Konsistenz des Fruchtfleisches sind sehr differenziert. Alte Apfelsorten sind oft auch f\u00fcr Allergiker besser vertr\u00e4glich.<\/p>\n<p>Um auch Kinder f\u00fcr den artenreichen Lebensraum Streuobstwiese und nat\u00fcrlich auch f\u00fcr den Verzehr von heimischem Obst zu begeistern, haben einige Rangergruppen Programme f\u00fcr Kinder und Jugendliche erarbeitet, die sich mit dem Thema auseinandersetzen.<\/p>\n<p>Die Programme entstanden im Rahmen des Projektes \u201eErlebnis Vielfalt\u201c. Es handelt sich dabei um ein au\u00dferschulisches Projekt der Bildung f\u00fcr nachhaltige Entwicklung (BNE) der Naturwacht Brandenburg. Zusammengefasst wurden die einzelnen Programme, die alle auf der Spur der biologischen Vielfalt sind, in einem Ordner. Alle Programme sind zur unbedingten Nachahmung gedacht. Jedes Programm wurde aufgegliedert nach Zielen, Inhalten und Methoden (ZIM-Tabellen), sprich sie wurden im \u00fcbertragenen Sinne mit einer &#8222;Gebrauchsanweisung&#8220; versehen.<\/p>\n<p>Weitere Informationen finden Sie <a href=\"https:\/\/www.naturschutzfonds.de\/natur-schuetzen\/naturwacht-brandenburg\/bildung-fuer-nachhaltige-entwicklung\" target=\"_blank\">hier<\/a>.<\/p>\n<p>&nbsp;<\/p>\n<p>Anke Rudnik<\/p>\n<p>Rangerin im Naturpark<\/p>\n","protected":false},"excerpt":{"rendered":"<p>Die Streuobstwiese ist in diesem Jahr das zentrale Thema der \u00d6ffentlichkeitsarbeit f\u00fcr die Naturwacht Brandenburg. <\/p>\n","protected":false},"author":39,"featured_media":11652,"comment_status":"open","ping_status":"open","sticky":false,"template":"","format":"standard","meta":[],"categories":[7],"tags":[],"yoast_head":"<!-- This site is optimized with the Yoast SEO plugin v19.10 - https:\/\/yoast.com\/wordpress\/plugins\/seo\/ -->\n<title>Erlebnis Vielfalt - Streuobst ist in aller Munde! - Naturpark Stechlin-Ruppiner Land<\/title>\n<meta name=\"robots\" content=\"index, follow, max-snippet:-1, max-image-preview:large, max-video-preview:-1\" \/>\n<link rel=\"canonical\" href=\"https:\/\/www.naturparkmagazin.de\/stechlin\/erlebnis-vielfalt-streuobst-ist-in-aller-munde\/\" \/>\n<meta property=\"og:locale\" content=\"de_DE\" \/>\n<meta property=\"og:type\" content=\"article\" \/>\n<meta property=\"og:title\" content=\"Erlebnis Vielfalt - Streuobst ist in aller Munde! - Naturpark Stechlin-Ruppiner Land\" \/>\n<meta property=\"og:description\" content=\"Die Streuobstwiese ist in diesem Jahr das zentrale Thema der \u00d6ffentlichkeitsarbeit f\u00fcr die Naturwacht Brandenburg.\" \/>\n<meta property=\"og:url\" content=\"https:\/\/www.naturparkmagazin.de\/stechlin\/erlebnis-vielfalt-streuobst-ist-in-aller-munde\/\" \/>\n<meta property=\"og:site_name\" content=\"Naturpark Stechlin-Ruppiner Land\" \/>\n<meta property=\"article:published_time\" content=\"2022-02-16T14:00:10+00:00\" \/>\n<meta property=\"article:modified_time\" content=\"2022-02-21T15:26:43+00:00\" \/>\n<meta property=\"og:image\" content=\"https:\/\/www.naturparkmagazin.de\/stechlin\/wp-content\/uploads\/sites\/38\/Bildungsangebote_ErlebnisVielfalt_10_2021_a.jpg\" \/>\n\t<meta property=\"og:image:width\" content=\"200\" \/>\n\t<meta property=\"og:image:height\" content=\"200\" \/>\n\t<meta property=\"og:image:type\" content=\"image\/jpeg\" \/>\n<meta name=\"author\" content=\"marioschrumpf\" \/>\n<meta name=\"twitter:label1\" content=\"Verfasst von\" \/>\n\t<meta name=\"twitter:data1\" content=\"marioschrumpf\" \/>\n\t<meta name=\"twitter:label2\" content=\"Gesch\u00e4tzte Lesezeit\" \/>\n\t<meta name=\"twitter:data2\" content=\"2\u00a0Minuten\" \/>\n<script type=\"application\/ld+json\" class=\"yoast-schema-graph\">{\"@context\":\"https:\/\/schema.org\",\"@graph\":[{\"@type\":\"WebPage\",\"@id\":\"https:\/\/www.naturparkmagazin.de\/stechlin\/erlebnis-vielfalt-streuobst-ist-in-aller-munde\/\",\"url\":\"https:\/\/www.naturparkmagazin.de\/stechlin\/erlebnis-vielfalt-streuobst-ist-in-aller-munde\/\",\"name\":\"Erlebnis Vielfalt - Streuobst ist in aller Munde! - Naturpark Stechlin-Ruppiner Land\",\"isPartOf\":{\"@id\":\"https:\/\/www.naturparkmagazin.de\/stechlin\/#website\"},\"datePublished\":\"2022-02-16T14:00:10+00:00\",\"dateModified\":\"2022-02-21T15:26:43+00:00\",\"author\":{\"@id\":\"https:\/\/www.naturparkmagazin.de\/stechlin\/#\/schema\/person\/3f0d93203df21c806dd63c76d9bb28bc\"},\"breadcrumb\":{\"@id\":\"https:\/\/www.naturparkmagazin.de\/stechlin\/erlebnis-vielfalt-streuobst-ist-in-aller-munde\/#breadcrumb\"},\"inLanguage\":\"de\",\"potentialAction\":[{\"@type\":\"ReadAction\",\"target\":[\"https:\/\/www.naturparkmagazin.de\/stechlin\/erlebnis-vielfalt-streuobst-ist-in-aller-munde\/\"]}]},{\"@type\":\"BreadcrumbList\",\"@id\":\"https:\/\/www.naturparkmagazin.de\/stechlin\/erlebnis-vielfalt-streuobst-ist-in-aller-munde\/#breadcrumb\",\"itemListElement\":[{\"@type\":\"ListItem\",\"position\":1,\"name\":\"Home\",\"item\":\"https:\/\/www.naturparkmagazin.de\/stechlin\/\"},{\"@type\":\"ListItem\",\"position\":2,\"name\":\"Erlebnis Vielfalt &#8211; Streuobst ist in aller Munde!\"}]},{\"@type\":\"WebSite\",\"@id\":\"https:\/\/www.naturparkmagazin.de\/stechlin\/#website\",\"url\":\"https:\/\/www.naturparkmagazin.de\/stechlin\/\",\"name\":\"Naturpark Stechlin-Ruppiner Land\",\"description\":\"\",\"potentialAction\":[{\"@type\":\"SearchAction\",\"target\":{\"@type\":\"EntryPoint\",\"urlTemplate\":\"https:\/\/www.naturparkmagazin.de\/stechlin\/?s={search_term_string}\"},\"query-input\":\"required name=search_term_string\"}],\"inLanguage\":\"de\"},{\"@type\":\"Person\",\"@id\":\"https:\/\/www.naturparkmagazin.de\/stechlin\/#\/schema\/person\/3f0d93203df21c806dd63c76d9bb28bc\",\"name\":\"marioschrumpf\",\"url\":\"https:\/\/www.naturparkmagazin.de\/stechlin\/author\/marioschrumpf\/\"}]}<\/script>\n<!-- \/ Yoast SEO plugin. -->","yoast_head_json":{"title":"Erlebnis Vielfalt - Streuobst ist in aller Munde! - Naturpark Stechlin-Ruppiner Land","robots":{"index":"index","follow":"follow","max-snippet":"max-snippet:-1","max-image-preview":"max-image-preview:large","max-video-preview":"max-video-preview:-1"},"canonical":"https:\/\/www.naturparkmagazin.de\/stechlin\/erlebnis-vielfalt-streuobst-ist-in-aller-munde\/","og_locale":"de_DE","og_type":"article","og_title":"Erlebnis Vielfalt - Streuobst ist in aller Munde! - Naturpark Stechlin-Ruppiner Land","og_description":"Die Streuobstwiese ist in diesem Jahr das zentrale Thema der \u00d6ffentlichkeitsarbeit f\u00fcr die Naturwacht Brandenburg.","og_url":"https:\/\/www.naturparkmagazin.de\/stechlin\/erlebnis-vielfalt-streuobst-ist-in-aller-munde\/","og_site_name":"Naturpark Stechlin-Ruppiner Land","article_published_time":"2022-02-16T14:00:10+00:00","article_modified_time":"2022-02-21T15:26:43+00:00","og_image":[{"width":200,"height":200,"url":"https:\/\/www.naturparkmagazin.de\/stechlin\/wp-content\/uploads\/sites\/38\/Bildungsangebote_ErlebnisVielfalt_10_2021_a.jpg","type":"image\/jpeg"}],"author":"marioschrumpf","twitter_misc":{"Verfasst von":"marioschrumpf","Gesch\u00e4tzte Lesezeit":"2\u00a0Minuten"},"schema":{"@context":"https:\/\/schema.org","@graph":[{"@type":"WebPage","@id":"https:\/\/www.naturparkmagazin.de\/stechlin\/erlebnis-vielfalt-streuobst-ist-in-aller-munde\/","url":"https:\/\/www.naturparkmagazin.de\/stechlin\/erlebnis-vielfalt-streuobst-ist-in-aller-munde\/","name":"Erlebnis Vielfalt - Streuobst ist in aller Munde! - Naturpark Stechlin-Ruppiner Land","isPartOf":{"@id":"https:\/\/www.naturparkmagazin.de\/stechlin\/#website"},"datePublished":"2022-02-16T14:00:10+00:00","dateModified":"2022-02-21T15:26:43+00:00","author":{"@id":"https:\/\/www.naturparkmagazin.de\/stechlin\/#\/schema\/person\/3f0d93203df21c806dd63c76d9bb28bc"},"breadcrumb":{"@id":"https:\/\/www.naturparkmagazin.de\/stechlin\/erlebnis-vielfalt-streuobst-ist-in-aller-munde\/#breadcrumb"},"inLanguage":"de","potentialAction":[{"@type":"ReadAction","target":["https:\/\/www.naturparkmagazin.de\/stechlin\/erlebnis-vielfalt-streuobst-ist-in-aller-munde\/"]}]},{"@type":"BreadcrumbList","@id":"https:\/\/www.naturparkmagazin.de\/stechlin\/erlebnis-vielfalt-streuobst-ist-in-aller-munde\/#breadcrumb","itemListElement":[{"@type":"ListItem","position":1,"name":"Home","item":"https:\/\/www.naturparkmagazin.de\/stechlin\/"},{"@type":"ListItem","position":2,"name":"Erlebnis Vielfalt &#8211; Streuobst ist in aller Munde!"}]},{"@type":"WebSite","@id":"https:\/\/www.naturparkmagazin.de\/stechlin\/#website","url":"https:\/\/www.naturparkmagazin.de\/stechlin\/","name":"Naturpark Stechlin-Ruppiner Land","description":"","potentialAction":[{"@type":"SearchAction","target":{"@type":"EntryPoint","urlTemplate":"https:\/\/www.naturparkmagazin.de\/stechlin\/?s={search_term_string}"},"query-input":"required name=search_term_string"}],"inLanguage":"de"},{"@type":"Person","@id":"https:\/\/www.naturparkmagazin.de\/stechlin\/#\/schema\/person\/3f0d93203df21c806dd63c76d9bb28bc","name":"marioschrumpf","url":"https:\/\/www.naturparkmagazin.de\/stechlin\/author\/marioschrumpf\/"}]}},"_links":{"self":[{"href":"https:\/\/www.naturparkmagazin.de\/stechlin\/wp-json\/wp\/v2\/posts\/11627"}],"collection":[{"href":"https:\/\/www.naturparkmagazin.de\/stechlin\/wp-json\/wp\/v2\/posts"}],"about":[{"href":"https:\/\/www.naturparkmagazin.de\/stechlin\/wp-json\/wp\/v2\/types\/post"}],"author":[{"embeddable":true,"href":"https:\/\/www.naturparkmagazin.de\/stechlin\/wp-json\/wp\/v2\/users\/39"}],"replies":[{"embeddable":true,"href":"https:\/\/www.naturparkmagazin.de\/stechlin\/wp-json\/wp\/v2\/comments?post=11627"}],"version-history":[{"count":5,"href":"https:\/\/www.naturparkmagazin.de\/stechlin\/wp-json\/wp\/v2\/posts\/11627\/revisions"}],"predecessor-version":[{"id":11742,"href":"https:\/\/www.naturparkmagazin.de\/stechlin\/wp-json\/wp\/v2\/posts\/11627\/revisions\/11742"}],"wp:featuredmedia":[{"embeddable":true,"href":"https:\/\/www.naturparkmagazin.de\/stechlin\/wp-json\/wp\/v2\/media\/11652"}],"wp:attachment":[{"href":"https:\/\/www.naturparkmagazin.de\/stechlin\/wp-json\/wp\/v2\/media?parent=11627"}],"wp:term":[{"taxonomy":"category","embeddable":true,"href":"https:\/\/www.naturparkmagazin.de\/stechlin\/wp-json\/wp\/v2\/categories?post=11627"},{"taxonomy":"post_tag","embeddable":true,"href":"https:\/\/www.naturparkmagazin.de\/stechlin\/wp-json\/wp\/v2\/tags?post=11627"}],"curies":[{"name":"wp","href":"https:\/\/api.w.org\/{rel}","templated":true}]}}