{"id":11629,"date":"2022-02-16T15:00:34","date_gmt":"2022-02-16T14:00:34","guid":{"rendered":"https:\/\/www.naturparkmagazin.de\/stechlin\/?p=11629"},"modified":"2022-02-21T10:42:09","modified_gmt":"2022-02-21T09:42:09","slug":"tagung-zum-wirtschaftsfaktor-bodenfruchtbarkeit","status":"publish","type":"post","link":"https:\/\/www.naturparkmagazin.de\/stechlin\/tagung-zum-wirtschaftsfaktor-bodenfruchtbarkeit\/","title":{"rendered":"Tagung zum Wirtschaftsfaktor Bodenfruchtbarkeit"},"content":{"rendered":"<p>Der Kreisbauernverband Ostprignitz-Ruppin und der Landschaftspflegeverband Prignitz-Ruppiner Land laden am <strong>24.3. von 10-14 Uhr<\/strong> zur digitalen <strong>Informationsveranstaltung \u201eWirtschaftsfaktor Bodenfruchtbarkeit\u201c<\/strong> ein.<\/p>\n<div id=\"attachment_11012\" style=\"width: 310px\" class=\"wp-caption aligncenter\"><a href=\"https:\/\/www.naturparkmagazin.de\/stechlin\/wp-content\/uploads\/sites\/38\/ger\u00e4t.jpg\"><img aria-describedby=\"caption-attachment-11012\" decoding=\"async\" loading=\"lazy\" class=\"wp-image-11012 size-thumbnail\" src=\"https:\/\/www.naturparkmagazin.de\/stechlin\/wp-content\/uploads\/sites\/38\/ger\u00e4t-300x500.jpg\" alt=\"Vorf\u00fchrung des Bodenanalyseger\u00e4tes durch Jan Plaki vom LPV \u00a9 Foto: Dr. Mario Schrumpf\" width=\"300\" height=\"500\" srcset=\"https:\/\/www.naturparkmagazin.de\/stechlin\/wp-content\/uploads\/sites\/38\/ger\u00e4t.jpg 300w, https:\/\/www.naturparkmagazin.de\/stechlin\/wp-content\/uploads\/sites\/38\/ger\u00e4t-200x333.jpg 200w\" sizes=\"(max-width: 300px) 100vw, 300px\" \/><\/a><p id=\"caption-attachment-11012\" class=\"wp-caption-text\">Aktuell h\u00e4lt moderne Technik, wie dieser &#8222;Spaten&#8220; zur Bestimmung verschiedener Parameter der Bodenfruchtbarkeit, Einzug in die Landwirtschaft. Vorf\u00fchrung des Bodenanalyseger\u00e4tes durch Jan Paki vom LPV, w\u00e4hrend eines Feldtages in 2021. \u00a9 Foto: Dr. Mario Schrumpf<\/p><\/div>\n<p>Die Bodenfruchtbarkeit ist in der Landwirtschaft von zentraler Bedeutung, sie ist Ausgangspunkt aller wirtschaftlichen und ackerbaulichen \u00dcberlegungen.<\/p>\n<p>Ein wichtiger Parameter f\u00fcr die Bodenfruchtbarkeit ist der Humusgehalt und die damit verbundene Speicherung von Kohlendioxid. Hiermit verbunden k\u00f6nnten sich neue Gesch\u00e4ftsmodelle f\u00fcr Landwirtschaftsbetriebe er\u00f6ffnen.<\/p>\n<div id=\"attachment_11689\" style=\"width: 310px\" class=\"wp-caption aligncenter\"><a href=\"https:\/\/www.naturparkmagazin.de\/stechlin\/wp-content\/uploads\/sites\/38\/acker-lpv.jpg\"><img aria-describedby=\"caption-attachment-11689\" decoding=\"async\" loading=\"lazy\" class=\"size-thumbnail wp-image-11689\" src=\"https:\/\/www.naturparkmagazin.de\/stechlin\/wp-content\/uploads\/sites\/38\/acker-lpv-300x180.jpg\" alt=\"\u00a9 Landschaftspflegeverband Prignitz-Ruppiner Land e.V.\" width=\"300\" height=\"180\" srcset=\"https:\/\/www.naturparkmagazin.de\/stechlin\/wp-content\/uploads\/sites\/38\/acker-lpv-300x180.jpg 300w, https:\/\/www.naturparkmagazin.de\/stechlin\/wp-content\/uploads\/sites\/38\/acker-lpv.jpg 500w, https:\/\/www.naturparkmagazin.de\/stechlin\/wp-content\/uploads\/sites\/38\/acker-lpv-200x120.jpg 200w\" sizes=\"(max-width: 300px) 100vw, 300px\" \/><\/a><p id=\"caption-attachment-11689\" class=\"wp-caption-text\">Entscheidend f\u00fcr die gute Zusammenarbeit zwischen Landwirtschaft und Naturschutz ist der direkte Austausch mit Praktikern vor Ort. \u00a9 Landschaftspflegeverband Prignitz-Ruppiner Land e.V.<\/p><\/div>\n<p>&nbsp;<\/p>\n<p><span style=\"text-decoration: underline\"><strong>Programm:<\/strong><\/span><\/p>\n<p>Herr Dr. Poeplau, Th\u00fcnen-Institut: \u201e<em>Humusaufbau als CO2-Senke &#8211; Was ist m\u00f6glich und sinnvoll in Deutschland?<\/em>\u201c<\/p>\n<p>Herr Cropp, under_cover GbR: \u201e<em>Anbausysteme zur Steigerung der Bodenfruchtbarkeit<\/em>\u201c<\/p>\n<p>Herr Abler, CarboCert GmbH: \u201e<em>F\u00f6rderung regionaler Projekte durch CO2-Kompensation<\/em>\u201c<\/p>\n<p>Herr Hilger, Rheinsberger Preussenquelle GmbH: \u201e<em>CO2-Kompensation in der Praxis<\/em>\u201c<\/p>\n<p>&nbsp;<\/p>\n<p>Wir bitten wir um <strong>Anmeldung bis zum 23.03.2020 unter<\/strong> folgender der e-mail: <strong>j.schenk@lpv-prignitz-ruppin.de<\/strong><\/p>\n<p>Nach der Anmeldung erhalten Sie die Zugangsdaten.<\/p>\n<p><a href=\"http:\/\/neu.lpv-prignitz-ruppin.de\/lpv-prignitz-ruppiner-land-termine\/tagung-wirtschaftsfaktor-bodenfruchtbarkeit.html\" target=\"_blank\">Hier geht\u00b4s zum Beitrag auf der Webseite des LPV!<\/a><\/p>\n<p><a href=\"http:\/\/neu.lpv-prignitz-ruppin.de\/lpv-prignitz-ruppiner-land-termine\/tagung-wirtschaftsfaktor-bodenfruchtbarkeit.html?file=files\/theme\/Redaktion\/Projekte\/LPV-Netzwerk\/Anh%C3%A4nge\/Einladung_Tagung-WF-Bodenfruchtbarkeit_2022.pdf\" target=\"_blank\">Hier kann das Tagungsprogramm heruntergeladen werden (pdf, 0,8 MB)!<\/a><\/p>\n","protected":false},"excerpt":{"rendered":"<p>Der Kreisbauernverband Ostprignitz-Ruppin und der Landschaftspflegeverband Prignitz-Ruppiner Land laden am 24.3. von 10-14 Uhr zur digitalen Informationsveranstaltung \u201eWirtschaftsfaktor Bodenfruchtbarkeit\u201c ein.<\/p>\n","protected":false},"author":39,"featured_media":9604,"comment_status":"open","ping_status":"open","sticky":false,"template":"","format":"standard","meta":[],"categories":[11],"tags":[],"yoast_head":"<!-- This site is optimized with the Yoast SEO plugin v19.10 - https:\/\/yoast.com\/wordpress\/plugins\/seo\/ -->\n<title>Tagung zum Wirtschaftsfaktor Bodenfruchtbarkeit - Naturpark Stechlin-Ruppiner Land<\/title>\n<meta name=\"robots\" content=\"index, follow, max-snippet:-1, max-image-preview:large, max-video-preview:-1\" \/>\n<link rel=\"canonical\" href=\"https:\/\/www.naturparkmagazin.de\/stechlin\/tagung-zum-wirtschaftsfaktor-bodenfruchtbarkeit\/\" \/>\n<meta property=\"og:locale\" content=\"de_DE\" \/>\n<meta property=\"og:type\" content=\"article\" \/>\n<meta property=\"og:title\" content=\"Tagung zum Wirtschaftsfaktor Bodenfruchtbarkeit - Naturpark Stechlin-Ruppiner Land\" \/>\n<meta property=\"og:description\" content=\"Der Kreisbauernverband Ostprignitz-Ruppin und der Landschaftspflegeverband Prignitz-Ruppiner Land laden am 24.3. von 10-14 Uhr zur digitalen Informationsveranstaltung \u201eWirtschaftsfaktor Bodenfruchtbarkeit\u201c ein.\" \/>\n<meta property=\"og:url\" content=\"https:\/\/www.naturparkmagazin.de\/stechlin\/tagung-zum-wirtschaftsfaktor-bodenfruchtbarkeit\/\" \/>\n<meta property=\"og:site_name\" content=\"Naturpark Stechlin-Ruppiner Land\" \/>\n<meta property=\"article:published_time\" content=\"2022-02-16T14:00:34+00:00\" \/>\n<meta property=\"article:modified_time\" content=\"2022-02-21T09:42:09+00:00\" \/>\n<meta property=\"og:image\" content=\"https:\/\/www.naturparkmagazin.de\/stechlin\/wp-content\/uploads\/sites\/38\/2.feldtag_aufh\u00e4nger.jpg\" \/>\n\t<meta property=\"og:image:width\" content=\"200\" \/>\n\t<meta property=\"og:image:height\" content=\"200\" \/>\n\t<meta property=\"og:image:type\" content=\"image\/jpeg\" \/>\n<meta name=\"author\" content=\"marioschrumpf\" \/>\n<meta name=\"twitter:label1\" content=\"Verfasst von\" \/>\n\t<meta name=\"twitter:data1\" content=\"marioschrumpf\" \/>\n\t<meta name=\"twitter:label2\" content=\"Gesch\u00e4tzte Lesezeit\" \/>\n\t<meta name=\"twitter:data2\" content=\"1\u00a0Minute\" \/>\n<script type=\"application\/ld+json\" class=\"yoast-schema-graph\">{\"@context\":\"https:\/\/schema.org\",\"@graph\":[{\"@type\":\"WebPage\",\"@id\":\"https:\/\/www.naturparkmagazin.de\/stechlin\/tagung-zum-wirtschaftsfaktor-bodenfruchtbarkeit\/\",\"url\":\"https:\/\/www.naturparkmagazin.de\/stechlin\/tagung-zum-wirtschaftsfaktor-bodenfruchtbarkeit\/\",\"name\":\"Tagung zum Wirtschaftsfaktor Bodenfruchtbarkeit - Naturpark Stechlin-Ruppiner Land\",\"isPartOf\":{\"@id\":\"https:\/\/www.naturparkmagazin.de\/stechlin\/#website\"},\"datePublished\":\"2022-02-16T14:00:34+00:00\",\"dateModified\":\"2022-02-21T09:42:09+00:00\",\"author\":{\"@id\":\"https:\/\/www.naturparkmagazin.de\/stechlin\/#\/schema\/person\/3f0d93203df21c806dd63c76d9bb28bc\"},\"breadcrumb\":{\"@id\":\"https:\/\/www.naturparkmagazin.de\/stechlin\/tagung-zum-wirtschaftsfaktor-bodenfruchtbarkeit\/#breadcrumb\"},\"inLanguage\":\"de\",\"potentialAction\":[{\"@type\":\"ReadAction\",\"target\":[\"https:\/\/www.naturparkmagazin.de\/stechlin\/tagung-zum-wirtschaftsfaktor-bodenfruchtbarkeit\/\"]}]},{\"@type\":\"BreadcrumbList\",\"@id\":\"https:\/\/www.naturparkmagazin.de\/stechlin\/tagung-zum-wirtschaftsfaktor-bodenfruchtbarkeit\/#breadcrumb\",\"itemListElement\":[{\"@type\":\"ListItem\",\"position\":1,\"name\":\"Home\",\"item\":\"https:\/\/www.naturparkmagazin.de\/stechlin\/\"},{\"@type\":\"ListItem\",\"position\":2,\"name\":\"Tagung zum Wirtschaftsfaktor Bodenfruchtbarkeit\"}]},{\"@type\":\"WebSite\",\"@id\":\"https:\/\/www.naturparkmagazin.de\/stechlin\/#website\",\"url\":\"https:\/\/www.naturparkmagazin.de\/stechlin\/\",\"name\":\"Naturpark Stechlin-Ruppiner Land\",\"description\":\"\",\"potentialAction\":[{\"@type\":\"SearchAction\",\"target\":{\"@type\":\"EntryPoint\",\"urlTemplate\":\"https:\/\/www.naturparkmagazin.de\/stechlin\/?s={search_term_string}\"},\"query-input\":\"required name=search_term_string\"}],\"inLanguage\":\"de\"},{\"@type\":\"Person\",\"@id\":\"https:\/\/www.naturparkmagazin.de\/stechlin\/#\/schema\/person\/3f0d93203df21c806dd63c76d9bb28bc\",\"name\":\"marioschrumpf\",\"url\":\"https:\/\/www.naturparkmagazin.de\/stechlin\/author\/marioschrumpf\/\"}]}<\/script>\n<!-- \/ Yoast SEO plugin. -->","yoast_head_json":{"title":"Tagung zum Wirtschaftsfaktor Bodenfruchtbarkeit - Naturpark Stechlin-Ruppiner Land","robots":{"index":"index","follow":"follow","max-snippet":"max-snippet:-1","max-image-preview":"max-image-preview:large","max-video-preview":"max-video-preview:-1"},"canonical":"https:\/\/www.naturparkmagazin.de\/stechlin\/tagung-zum-wirtschaftsfaktor-bodenfruchtbarkeit\/","og_locale":"de_DE","og_type":"article","og_title":"Tagung zum Wirtschaftsfaktor Bodenfruchtbarkeit - Naturpark Stechlin-Ruppiner Land","og_description":"Der Kreisbauernverband Ostprignitz-Ruppin und der Landschaftspflegeverband Prignitz-Ruppiner Land laden am 24.3. von 10-14 Uhr zur digitalen Informationsveranstaltung \u201eWirtschaftsfaktor Bodenfruchtbarkeit\u201c ein.","og_url":"https:\/\/www.naturparkmagazin.de\/stechlin\/tagung-zum-wirtschaftsfaktor-bodenfruchtbarkeit\/","og_site_name":"Naturpark Stechlin-Ruppiner Land","article_published_time":"2022-02-16T14:00:34+00:00","article_modified_time":"2022-02-21T09:42:09+00:00","og_image":[{"width":200,"height":200,"url":"https:\/\/www.naturparkmagazin.de\/stechlin\/wp-content\/uploads\/sites\/38\/2.feldtag_aufh\u00e4nger.jpg","type":"image\/jpeg"}],"author":"marioschrumpf","twitter_misc":{"Verfasst von":"marioschrumpf","Gesch\u00e4tzte Lesezeit":"1\u00a0Minute"},"schema":{"@context":"https:\/\/schema.org","@graph":[{"@type":"WebPage","@id":"https:\/\/www.naturparkmagazin.de\/stechlin\/tagung-zum-wirtschaftsfaktor-bodenfruchtbarkeit\/","url":"https:\/\/www.naturparkmagazin.de\/stechlin\/tagung-zum-wirtschaftsfaktor-bodenfruchtbarkeit\/","name":"Tagung zum Wirtschaftsfaktor Bodenfruchtbarkeit - Naturpark Stechlin-Ruppiner Land","isPartOf":{"@id":"https:\/\/www.naturparkmagazin.de\/stechlin\/#website"},"datePublished":"2022-02-16T14:00:34+00:00","dateModified":"2022-02-21T09:42:09+00:00","author":{"@id":"https:\/\/www.naturparkmagazin.de\/stechlin\/#\/schema\/person\/3f0d93203df21c806dd63c76d9bb28bc"},"breadcrumb":{"@id":"https:\/\/www.naturparkmagazin.de\/stechlin\/tagung-zum-wirtschaftsfaktor-bodenfruchtbarkeit\/#breadcrumb"},"inLanguage":"de","potentialAction":[{"@type":"ReadAction","target":["https:\/\/www.naturparkmagazin.de\/stechlin\/tagung-zum-wirtschaftsfaktor-bodenfruchtbarkeit\/"]}]},{"@type":"BreadcrumbList","@id":"https:\/\/www.naturparkmagazin.de\/stechlin\/tagung-zum-wirtschaftsfaktor-bodenfruchtbarkeit\/#breadcrumb","itemListElement":[{"@type":"ListItem","position":1,"name":"Home","item":"https:\/\/www.naturparkmagazin.de\/stechlin\/"},{"@type":"ListItem","position":2,"name":"Tagung zum Wirtschaftsfaktor Bodenfruchtbarkeit"}]},{"@type":"WebSite","@id":"https:\/\/www.naturparkmagazin.de\/stechlin\/#website","url":"https:\/\/www.naturparkmagazin.de\/stechlin\/","name":"Naturpark Stechlin-Ruppiner Land","description":"","potentialAction":[{"@type":"SearchAction","target":{"@type":"EntryPoint","urlTemplate":"https:\/\/www.naturparkmagazin.de\/stechlin\/?s={search_term_string}"},"query-input":"required name=search_term_string"}],"inLanguage":"de"},{"@type":"Person","@id":"https:\/\/www.naturparkmagazin.de\/stechlin\/#\/schema\/person\/3f0d93203df21c806dd63c76d9bb28bc","name":"marioschrumpf","url":"https:\/\/www.naturparkmagazin.de\/stechlin\/author\/marioschrumpf\/"}]}},"_links":{"self":[{"href":"https:\/\/www.naturparkmagazin.de\/stechlin\/wp-json\/wp\/v2\/posts\/11629"}],"collection":[{"href":"https:\/\/www.naturparkmagazin.de\/stechlin\/wp-json\/wp\/v2\/posts"}],"about":[{"href":"https:\/\/www.naturparkmagazin.de\/stechlin\/wp-json\/wp\/v2\/types\/post"}],"author":[{"embeddable":true,"href":"https:\/\/www.naturparkmagazin.de\/stechlin\/wp-json\/wp\/v2\/users\/39"}],"replies":[{"embeddable":true,"href":"https:\/\/www.naturparkmagazin.de\/stechlin\/wp-json\/wp\/v2\/comments?post=11629"}],"version-history":[{"count":9,"href":"https:\/\/www.naturparkmagazin.de\/stechlin\/wp-json\/wp\/v2\/posts\/11629\/revisions"}],"predecessor-version":[{"id":11696,"href":"https:\/\/www.naturparkmagazin.de\/stechlin\/wp-json\/wp\/v2\/posts\/11629\/revisions\/11696"}],"wp:featuredmedia":[{"embeddable":true,"href":"https:\/\/www.naturparkmagazin.de\/stechlin\/wp-json\/wp\/v2\/media\/9604"}],"wp:attachment":[{"href":"https:\/\/www.naturparkmagazin.de\/stechlin\/wp-json\/wp\/v2\/media?parent=11629"}],"wp:term":[{"taxonomy":"category","embeddable":true,"href":"https:\/\/www.naturparkmagazin.de\/stechlin\/wp-json\/wp\/v2\/categories?post=11629"},{"taxonomy":"post_tag","embeddable":true,"href":"https:\/\/www.naturparkmagazin.de\/stechlin\/wp-json\/wp\/v2\/tags?post=11629"}],"curies":[{"name":"wp","href":"https:\/\/api.w.org\/{rel}","templated":true}]}}