{"id":11631,"date":"2022-02-16T15:00:57","date_gmt":"2022-02-16T14:00:57","guid":{"rendered":"https:\/\/www.naturparkmagazin.de\/stechlin\/?p=11631"},"modified":"2022-02-18T14:02:02","modified_gmt":"2022-02-18T13:02:02","slug":"robert-franck-stellte-brutbericht-greifvoegel-2021-vor","status":"publish","type":"post","link":"https:\/\/www.naturparkmagazin.de\/stechlin\/robert-franck-stellte-brutbericht-greifvoegel-2021-vor\/","title":{"rendered":"Robert Franck stellte Brutbericht Greifv\u00f6gel 2021 vor"},"content":{"rendered":"<div id=\"attachment_11640\" style=\"width: 310px\" class=\"wp-caption aligncenter\"><a href=\"https:\/\/www.naturparkmagazin.de\/stechlin\/wp-content\/uploads\/sites\/38\/Robert-Franck-mit-Bericht.jpg\"><img aria-describedby=\"caption-attachment-11640\" decoding=\"async\" loading=\"lazy\" class=\"size-thumbnail wp-image-11640\" src=\"https:\/\/www.naturparkmagazin.de\/stechlin\/wp-content\/uploads\/sites\/38\/Robert-Franck-mit-Bericht-300x500.jpg\" alt=\"\u00a9 Foto: Dr. Mario Schrumpf\" width=\"300\" height=\"500\" srcset=\"https:\/\/www.naturparkmagazin.de\/stechlin\/wp-content\/uploads\/sites\/38\/Robert-Franck-mit-Bericht.jpg 300w, https:\/\/www.naturparkmagazin.de\/stechlin\/wp-content\/uploads\/sites\/38\/Robert-Franck-mit-Bericht-200x333.jpg 200w\" sizes=\"(max-width: 300px) 100vw, 300px\" \/><\/a><p id=\"caption-attachment-11640\" class=\"wp-caption-text\">\u00a9 Foto: Dr. Mario Schrumpf<\/p><\/div>\n<p>Der ehrenamtliche Horstbetreuer Robert Franck stellte im Februar der Presse den Bericht 2021 \u00fcber den Bruterfolg der Greifv\u00f6gel im Naturpark Stechlin-Ruppiner Land vor. Bereits seit drei Jahren fast er im Auftrag der Naturparkverwaltung die von vier Horstbetreuern im Naturparkgebiet erhobenen Daten f\u00fcr Seeadler, Fischadler, Wanderfalke, Schwarzstorch und Schreiadler zusammen.<\/p>\n<p>Beim <strong>Seeadler<\/strong> sind im letzten Jahr nur 3 Jungtiere fl\u00fcgge geworden bei insgesamt 4 Brutpaaren. 2019 waren es noch 7 Junge bei 7 Brutpaaren, 2020 3 Junge bei 6 Brutpaaren.<\/p>\n<p>Der Naturpark Stechlin-Ruppiner Seenland liegt im Areal der gr\u00f6\u00dften Brutdichte des <strong>Fischadlers<\/strong> in Mitteleuropa. Aufgrund der fehlenden \u00dcberh\u00e4lterb\u00e4ume in unseren Waldgebieten nutzt der Fischadler vorrangig Gittermasten von \u00dcberlandstromleitungen als Horststandorte. Der Fischadler bevorzugt Brutpl\u00e4tze, die \u00fcber die Gipfel der umgebenden B\u00e4ume hinausragen. 14 Brutpaare haben in 2021 insgesamt 31 Jungtiere aufgezogen. 2019 waren es 30, 2019 sogar 38.<\/p>\n<div id=\"attachment_10180\" style=\"width: 310px\" class=\"wp-caption aligncenter\"><a href=\"https:\/\/www.naturparkmagazin.de\/stechlin\/wp-content\/uploads\/sites\/38\/DSC_0009_500x300.jpg\"><img aria-describedby=\"caption-attachment-10180\" decoding=\"async\" loading=\"lazy\" class=\"size-thumbnail wp-image-10180\" src=\"https:\/\/www.naturparkmagazin.de\/stechlin\/wp-content\/uploads\/sites\/38\/DSC_0009_500x300-300x180.jpg\" alt=\"Die positive Bestandsermittlung des Fischadlers in Maturpark ist auch dem Engagement der Horstbetreuer zu verdanken.\" width=\"300\" height=\"180\" srcset=\"https:\/\/www.naturparkmagazin.de\/stechlin\/wp-content\/uploads\/sites\/38\/DSC_0009_500x300-300x180.jpg 300w, https:\/\/www.naturparkmagazin.de\/stechlin\/wp-content\/uploads\/sites\/38\/DSC_0009_500x300.jpg 500w, https:\/\/www.naturparkmagazin.de\/stechlin\/wp-content\/uploads\/sites\/38\/DSC_0009_500x300-200x120.jpg 200w\" sizes=\"(max-width: 300px) 100vw, 300px\" \/><\/a><p id=\"caption-attachment-10180\" class=\"wp-caption-text\">Die positive Bestandsermittlung des Fischadlers in Naturpark ist auch dem Engagement der Horstbetreuer zu verdanken.<\/p><\/div>\n<p>Beim <strong>Wanderfalken<\/strong> hat sich die hohe Anzahl der im letzten Jahr aufgezogenen Jungtiere auch in 2021 fortgesetzt. W\u00e4hrend in 2019 9 Brutpaare nur 12 Junge hatten, waren es 2020 10 Brutpaare mit insgesamt 24 Jungen. Im letzten Jahr haben 8 Brutpaare 21 Jungtiere aufgezogen.<\/p>\n<div id=\"attachment_11727\" style=\"width: 310px\" class=\"wp-caption aligncenter\"><a href=\"https:\/\/www.naturparkmagazin.de\/stechlin\/wp-content\/uploads\/sites\/38\/junger-wanderfalke.jpg\"><img aria-describedby=\"caption-attachment-11727\" decoding=\"async\" loading=\"lazy\" class=\"size-thumbnail wp-image-11727\" src=\"https:\/\/www.naturparkmagazin.de\/stechlin\/wp-content\/uploads\/sites\/38\/junger-wanderfalke-300x500.jpg\" alt=\"Junger Wanderfalke \u00a9 Robert Franck\" width=\"300\" height=\"500\" srcset=\"https:\/\/www.naturparkmagazin.de\/stechlin\/wp-content\/uploads\/sites\/38\/junger-wanderfalke.jpg 300w, https:\/\/www.naturparkmagazin.de\/stechlin\/wp-content\/uploads\/sites\/38\/junger-wanderfalke-200x333.jpg 200w\" sizes=\"(max-width: 300px) 100vw, 300px\" \/><\/a><p id=\"caption-attachment-11727\" class=\"wp-caption-text\">Junger Wanderfalke kurz nach der Beringung.\u00a9 Robert Franck<\/p><\/div>\n<p>Das an der s\u00fcdlichen Grenze des Naturparks br\u00fctende <strong>Schreiadler<\/strong>paar hat auch in diesem Jahr wieder einen Horst au\u00dferhalb des Naturparks genutzt und wurde deshalb nicht in der Statistik des Naturparks erfasst. Schreiadler sind daf\u00fcr bekannt, unter mehreren Wechselhorsten zu w\u00e4hlen.<\/p>\n<p>Das seit 2008 im Naturpark br\u00fctende <strong>Schwarzstorch<\/strong>paar hat im letzten Jahr 3 Junge gro\u00dfgezogen. 2020 waren es 4, 2019 nur 3.<\/p>\n<div id=\"attachment_11728\" style=\"width: 310px\" class=\"wp-caption aligncenter\"><a href=\"https:\/\/www.naturparkmagazin.de\/stechlin\/wp-content\/uploads\/sites\/38\/schwarzstorch1.jpg\"><img aria-describedby=\"caption-attachment-11728\" decoding=\"async\" loading=\"lazy\" class=\"size-thumbnail wp-image-11728\" src=\"https:\/\/www.naturparkmagazin.de\/stechlin\/wp-content\/uploads\/sites\/38\/schwarzstorch1-300x180.jpg\" alt=\"Schwarzstorch \u00a9 Robert Franck\" width=\"300\" height=\"180\" srcset=\"https:\/\/www.naturparkmagazin.de\/stechlin\/wp-content\/uploads\/sites\/38\/schwarzstorch1-300x180.jpg 300w, https:\/\/www.naturparkmagazin.de\/stechlin\/wp-content\/uploads\/sites\/38\/schwarzstorch1.jpg 500w, https:\/\/www.naturparkmagazin.de\/stechlin\/wp-content\/uploads\/sites\/38\/schwarzstorch1-200x120.jpg 200w\" sizes=\"(max-width: 300px) 100vw, 300px\" \/><\/a><p id=\"caption-attachment-11728\" class=\"wp-caption-text\">Schwarzstorch bei der Nahrungssuche\u00a9 Robert Franck<\/p><\/div>\n<p><strong>Besucher des Naturparks werden gebeten, bei Wanderungen in der Natur ausreichend Abstand zu Greifvogelhorsten zu halten.<\/strong> <strong>Die Tiere sind besondere w\u00e4hrend der Brutphase st\u00f6rungsempfindlich. Kommen Menschen zu nah an die Horste heran, verlassen sie die Gelege. Eier k\u00fchlen aus oder werden von Konkurrenten, wie z.B. Rabenv\u00f6geln gefressen und damit der Bruterfolg gef\u00e4hrdet. Auffliegende, rufende Alttiere sind ein sicheres Zeichen daf\u00fcr, dass man zu nah an einen Horst geraten ist. H\u00f6chste Zeit den R\u00fcckzug anzutreten!<\/strong><\/p>\n<p>Ein herzliches Dankesch\u00f6n an die ehrenamtlichen Horstbetreuer Henry Lange aus Neuruppin, Bernd Ewert aus Zechlinerh\u00fctte und Robert Franck aus Zechow sowie Paul S\u00f6mmer aus Himmelpfort, Mitarbeiter der Staatlichen Vogelschutzwarte f\u00fcr die Betreuung der Horste und die Erfassung sowie Bereitstellung der Daten.<\/p>\n","protected":false},"excerpt":{"rendered":"<p>Der ehrenamtliche Horstbetreuer Robert Franck stellte im Februar der Presse den Bericht 2021 \u00fcber den Bruterfolg der Greifv\u00f6gel im Naturpark Stechlin-Ruppiner Land vor.<\/p>\n","protected":false},"author":39,"featured_media":11641,"comment_status":"open","ping_status":"open","sticky":false,"template":"","format":"standard","meta":[],"categories":[7],"tags":[],"yoast_head":"<!-- This site is optimized with the Yoast SEO plugin v19.10 - https:\/\/yoast.com\/wordpress\/plugins\/seo\/ -->\n<title>Robert Franck stellte Brutbericht Greifv\u00f6gel 2021 vor - Naturpark Stechlin-Ruppiner Land<\/title>\n<meta name=\"robots\" content=\"index, follow, max-snippet:-1, max-image-preview:large, max-video-preview:-1\" \/>\n<link rel=\"canonical\" href=\"https:\/\/www.naturparkmagazin.de\/stechlin\/robert-franck-stellte-brutbericht-greifvoegel-2021-vor\/\" \/>\n<meta property=\"og:locale\" content=\"de_DE\" \/>\n<meta property=\"og:type\" content=\"article\" \/>\n<meta property=\"og:title\" content=\"Robert Franck stellte Brutbericht Greifv\u00f6gel 2021 vor - Naturpark Stechlin-Ruppiner Land\" \/>\n<meta property=\"og:description\" content=\"Der ehrenamtliche Horstbetreuer Robert Franck stellte im Februar der Presse den Bericht 2021 \u00fcber den Bruterfolg der Greifv\u00f6gel im Naturpark Stechlin-Ruppiner Land vor.\" \/>\n<meta property=\"og:url\" content=\"https:\/\/www.naturparkmagazin.de\/stechlin\/robert-franck-stellte-brutbericht-greifvoegel-2021-vor\/\" \/>\n<meta property=\"og:site_name\" content=\"Naturpark Stechlin-Ruppiner Land\" \/>\n<meta property=\"article:published_time\" content=\"2022-02-16T14:00:57+00:00\" \/>\n<meta property=\"article:modified_time\" content=\"2022-02-18T13:02:02+00:00\" \/>\n<meta property=\"og:image\" content=\"https:\/\/www.naturparkmagazin.de\/stechlin\/wp-content\/uploads\/sites\/38\/Robert-Franck-mit-Fischadler_a.jpg\" \/>\n\t<meta property=\"og:image:width\" content=\"200\" \/>\n\t<meta property=\"og:image:height\" content=\"200\" \/>\n\t<meta property=\"og:image:type\" content=\"image\/jpeg\" \/>\n<meta name=\"author\" content=\"marioschrumpf\" \/>\n<meta name=\"twitter:label1\" content=\"Verfasst von\" \/>\n\t<meta name=\"twitter:data1\" content=\"marioschrumpf\" \/>\n\t<meta name=\"twitter:label2\" content=\"Gesch\u00e4tzte Lesezeit\" \/>\n\t<meta name=\"twitter:data2\" content=\"2\u00a0Minuten\" \/>\n<script type=\"application\/ld+json\" class=\"yoast-schema-graph\">{\"@context\":\"https:\/\/schema.org\",\"@graph\":[{\"@type\":\"WebPage\",\"@id\":\"https:\/\/www.naturparkmagazin.de\/stechlin\/robert-franck-stellte-brutbericht-greifvoegel-2021-vor\/\",\"url\":\"https:\/\/www.naturparkmagazin.de\/stechlin\/robert-franck-stellte-brutbericht-greifvoegel-2021-vor\/\",\"name\":\"Robert Franck stellte Brutbericht Greifv\u00f6gel 2021 vor - Naturpark Stechlin-Ruppiner Land\",\"isPartOf\":{\"@id\":\"https:\/\/www.naturparkmagazin.de\/stechlin\/#website\"},\"datePublished\":\"2022-02-16T14:00:57+00:00\",\"dateModified\":\"2022-02-18T13:02:02+00:00\",\"author\":{\"@id\":\"https:\/\/www.naturparkmagazin.de\/stechlin\/#\/schema\/person\/3f0d93203df21c806dd63c76d9bb28bc\"},\"breadcrumb\":{\"@id\":\"https:\/\/www.naturparkmagazin.de\/stechlin\/robert-franck-stellte-brutbericht-greifvoegel-2021-vor\/#breadcrumb\"},\"inLanguage\":\"de\",\"potentialAction\":[{\"@type\":\"ReadAction\",\"target\":[\"https:\/\/www.naturparkmagazin.de\/stechlin\/robert-franck-stellte-brutbericht-greifvoegel-2021-vor\/\"]}]},{\"@type\":\"BreadcrumbList\",\"@id\":\"https:\/\/www.naturparkmagazin.de\/stechlin\/robert-franck-stellte-brutbericht-greifvoegel-2021-vor\/#breadcrumb\",\"itemListElement\":[{\"@type\":\"ListItem\",\"position\":1,\"name\":\"Home\",\"item\":\"https:\/\/www.naturparkmagazin.de\/stechlin\/\"},{\"@type\":\"ListItem\",\"position\":2,\"name\":\"Robert Franck stellte Brutbericht Greifv\u00f6gel 2021 vor\"}]},{\"@type\":\"WebSite\",\"@id\":\"https:\/\/www.naturparkmagazin.de\/stechlin\/#website\",\"url\":\"https:\/\/www.naturparkmagazin.de\/stechlin\/\",\"name\":\"Naturpark Stechlin-Ruppiner Land\",\"description\":\"\",\"potentialAction\":[{\"@type\":\"SearchAction\",\"target\":{\"@type\":\"EntryPoint\",\"urlTemplate\":\"https:\/\/www.naturparkmagazin.de\/stechlin\/?s={search_term_string}\"},\"query-input\":\"required name=search_term_string\"}],\"inLanguage\":\"de\"},{\"@type\":\"Person\",\"@id\":\"https:\/\/www.naturparkmagazin.de\/stechlin\/#\/schema\/person\/3f0d93203df21c806dd63c76d9bb28bc\",\"name\":\"marioschrumpf\",\"url\":\"https:\/\/www.naturparkmagazin.de\/stechlin\/author\/marioschrumpf\/\"}]}<\/script>\n<!-- \/ Yoast SEO plugin. -->","yoast_head_json":{"title":"Robert Franck stellte Brutbericht Greifv\u00f6gel 2021 vor - Naturpark Stechlin-Ruppiner Land","robots":{"index":"index","follow":"follow","max-snippet":"max-snippet:-1","max-image-preview":"max-image-preview:large","max-video-preview":"max-video-preview:-1"},"canonical":"https:\/\/www.naturparkmagazin.de\/stechlin\/robert-franck-stellte-brutbericht-greifvoegel-2021-vor\/","og_locale":"de_DE","og_type":"article","og_title":"Robert Franck stellte Brutbericht Greifv\u00f6gel 2021 vor - Naturpark Stechlin-Ruppiner Land","og_description":"Der ehrenamtliche Horstbetreuer Robert Franck stellte im Februar der Presse den Bericht 2021 \u00fcber den Bruterfolg der Greifv\u00f6gel im Naturpark Stechlin-Ruppiner Land vor.","og_url":"https:\/\/www.naturparkmagazin.de\/stechlin\/robert-franck-stellte-brutbericht-greifvoegel-2021-vor\/","og_site_name":"Naturpark Stechlin-Ruppiner Land","article_published_time":"2022-02-16T14:00:57+00:00","article_modified_time":"2022-02-18T13:02:02+00:00","og_image":[{"width":200,"height":200,"url":"https:\/\/www.naturparkmagazin.de\/stechlin\/wp-content\/uploads\/sites\/38\/Robert-Franck-mit-Fischadler_a.jpg","type":"image\/jpeg"}],"author":"marioschrumpf","twitter_misc":{"Verfasst von":"marioschrumpf","Gesch\u00e4tzte Lesezeit":"2\u00a0Minuten"},"schema":{"@context":"https:\/\/schema.org","@graph":[{"@type":"WebPage","@id":"https:\/\/www.naturparkmagazin.de\/stechlin\/robert-franck-stellte-brutbericht-greifvoegel-2021-vor\/","url":"https:\/\/www.naturparkmagazin.de\/stechlin\/robert-franck-stellte-brutbericht-greifvoegel-2021-vor\/","name":"Robert Franck stellte Brutbericht Greifv\u00f6gel 2021 vor - Naturpark Stechlin-Ruppiner Land","isPartOf":{"@id":"https:\/\/www.naturparkmagazin.de\/stechlin\/#website"},"datePublished":"2022-02-16T14:00:57+00:00","dateModified":"2022-02-18T13:02:02+00:00","author":{"@id":"https:\/\/www.naturparkmagazin.de\/stechlin\/#\/schema\/person\/3f0d93203df21c806dd63c76d9bb28bc"},"breadcrumb":{"@id":"https:\/\/www.naturparkmagazin.de\/stechlin\/robert-franck-stellte-brutbericht-greifvoegel-2021-vor\/#breadcrumb"},"inLanguage":"de","potentialAction":[{"@type":"ReadAction","target":["https:\/\/www.naturparkmagazin.de\/stechlin\/robert-franck-stellte-brutbericht-greifvoegel-2021-vor\/"]}]},{"@type":"BreadcrumbList","@id":"https:\/\/www.naturparkmagazin.de\/stechlin\/robert-franck-stellte-brutbericht-greifvoegel-2021-vor\/#breadcrumb","itemListElement":[{"@type":"ListItem","position":1,"name":"Home","item":"https:\/\/www.naturparkmagazin.de\/stechlin\/"},{"@type":"ListItem","position":2,"name":"Robert Franck stellte Brutbericht Greifv\u00f6gel 2021 vor"}]},{"@type":"WebSite","@id":"https:\/\/www.naturparkmagazin.de\/stechlin\/#website","url":"https:\/\/www.naturparkmagazin.de\/stechlin\/","name":"Naturpark Stechlin-Ruppiner Land","description":"","potentialAction":[{"@type":"SearchAction","target":{"@type":"EntryPoint","urlTemplate":"https:\/\/www.naturparkmagazin.de\/stechlin\/?s={search_term_string}"},"query-input":"required name=search_term_string"}],"inLanguage":"de"},{"@type":"Person","@id":"https:\/\/www.naturparkmagazin.de\/stechlin\/#\/schema\/person\/3f0d93203df21c806dd63c76d9bb28bc","name":"marioschrumpf","url":"https:\/\/www.naturparkmagazin.de\/stechlin\/author\/marioschrumpf\/"}]}},"_links":{"self":[{"href":"https:\/\/www.naturparkmagazin.de\/stechlin\/wp-json\/wp\/v2\/posts\/11631"}],"collection":[{"href":"https:\/\/www.naturparkmagazin.de\/stechlin\/wp-json\/wp\/v2\/posts"}],"about":[{"href":"https:\/\/www.naturparkmagazin.de\/stechlin\/wp-json\/wp\/v2\/types\/post"}],"author":[{"embeddable":true,"href":"https:\/\/www.naturparkmagazin.de\/stechlin\/wp-json\/wp\/v2\/users\/39"}],"replies":[{"embeddable":true,"href":"https:\/\/www.naturparkmagazin.de\/stechlin\/wp-json\/wp\/v2\/comments?post=11631"}],"version-history":[{"count":7,"href":"https:\/\/www.naturparkmagazin.de\/stechlin\/wp-json\/wp\/v2\/posts\/11631\/revisions"}],"predecessor-version":[{"id":11737,"href":"https:\/\/www.naturparkmagazin.de\/stechlin\/wp-json\/wp\/v2\/posts\/11631\/revisions\/11737"}],"wp:featuredmedia":[{"embeddable":true,"href":"https:\/\/www.naturparkmagazin.de\/stechlin\/wp-json\/wp\/v2\/media\/11641"}],"wp:attachment":[{"href":"https:\/\/www.naturparkmagazin.de\/stechlin\/wp-json\/wp\/v2\/media?parent=11631"}],"wp:term":[{"taxonomy":"category","embeddable":true,"href":"https:\/\/www.naturparkmagazin.de\/stechlin\/wp-json\/wp\/v2\/categories?post=11631"},{"taxonomy":"post_tag","embeddable":true,"href":"https:\/\/www.naturparkmagazin.de\/stechlin\/wp-json\/wp\/v2\/tags?post=11631"}],"curies":[{"name":"wp","href":"https:\/\/api.w.org\/{rel}","templated":true}]}}